{"id":774,"date":"2008-04-17T03:56:21","date_gmt":"2008-04-17T03:56:21","guid":{"rendered":"http:\/\/blogs.thesocialmedia.com\/leblogmoto\/2008\/04\/17\/24-heures-du-2\/"},"modified":"2012-07-11T15:37:18","modified_gmt":"2012-07-11T15:37:18","slug":"24-heures-du-2","status":"publish","type":"post","link":"https:\/\/blogs.thesocialmedia.com\/leblogmoto\/2008\/04\/17\/24-heures-du-2\/","title":{"rendered":"24 Heures du Mans: Ducati Endurance Racing Team"},"content":{"rendered":"<p><a href=\"http:\/\/blogs.thesocialmedia.com\/leblogmoto\/files\/2012\/07\/ducati_98.jpg\"><img loading=\"lazy\" decoding=\"async\" width=\"470\" height=\"353\"  src=\"http:\/\/www.leblogmoto.com\/images\/2008\/04\/16\/ducati_98.jpg\" alt=\"Ducati_98\" style=\"margin: 0px 5px 5px 0px;float: left\" \/><\/a>Cette Ducati 1098 R court en cat\u00e9gorie Open et est engag\u00e9e au sein d&rsquo;une m\u00eame structure par deux concessions, Ducati Chambourcy et Zone Rouge 18&#8230; <\/p>\n<p><a href=\"http:\/\/blogs.thesocialmedia.com\/leblogmoto\/files\/2012\/07\/ducati_endurance_racing_team.jpg\"><img loading=\"lazy\" decoding=\"async\" width=\"470\" height=\"313\"  src=\"http:\/\/www.leblogmoto.com\/images\/2008\/04\/16\/ducati_endurance_racing_team.jpg\" alt=\"Ducati_endurance_racing_team\" style=\"margin: 0px 5px 5px 0px;float: left\" \/><\/a> Fred PROTAT, Thierry MULOT et Aur\u00e9lien BANTIGNY sont charg\u00e9s de l&rsquo;enmener au bout de la course.<\/p>\n<div style=\"width: 480px;text-align: center\"><embed width=\"480\" height=\"360\" src=\"http:\/\/w248.photobucket.com\/pbwidget.swf?pbwurl=http:\/\/w248.photobucket.com\/albums\/gg180\/ebipbip\/DUCATI ENDURANCE RACING TEAM\/3bd41d04.pbw\" type=\"application\/x-shockwave-flash\"><\/embed><a target=\"_blank\" href=\"http:\/\/s248.photobucket.com\/albums\/gg180\/ebipbip\/DUCATI%20ENDURANCE%20RACING%20TEAM\/?action=view&amp;current=3bd41d04.pbw\"><\/a><\/div>\n<p>Tout comme BMW l&rsquo;\u00e9quipe souhaite finir dans les 15 premiers. <\/p>\n<p>Fin mars, cette 1098 R a connu sa premi\u00e8re victoire dans le championnat Protwin avec Fred Protat \u00e0 son guidon&#8230;<\/p>\n<div><object width=\"420\" height=\"357\"><param value=\"http:\/\/www.dailymotion.com\/swf\/x53qao&amp;v3=1&amp;related=1\" name=\"movie\" \/><param value=\"true\" name=\"allowFullScreen\" \/><param value=\"always\" name=\"allowScriptAccess\" \/><embed width=\"420\" height=\"357\" type=\"application\/x-shockwave-flash\" src=\"http:\/\/www.dailymotion.com\/swf\/x53qao&amp;v3=1&amp;related=1\"><\/embed><\/object><br \/><strong><\/strong><\/div>\n<p>Retrouvez toutes leurs infos sur le site<strong> http:\/\/ducati-endurance.new.fr<\/strong><\/p>\n","protected":false},"excerpt":{"rendered":"<p>Cette Ducati 1098 R court en cat\u00e9gorie Open et est engag\u00e9e au sein d&rsquo;une m\u00eame structure par deux concessions, Ducati Chambourcy et Zone Rouge 18&#8230; Fred PROTAT, Thierry MULOT et Aur\u00e9lien BANTIGNY sont charg\u00e9s de l&rsquo;enmener au bout de la course. Tout comme BMW l&rsquo;\u00e9quipe souhaite finir dans les 15 premiers. Fin mars, cette 1098 [&hellip;]<\/p>\n","protected":false},"author":323,"featured_media":0,"comment_status":"open","ping_status":"open","sticky":false,"template":"","format":"standard","meta":{"footnotes":""},"categories":[41,32,12],"tags":[],"class_list":["post-774","post","type-post","status-publish","format-standard","hentry","category-ducati","category-sport-moto","category-videos"],"yoast_head":"<!-- This site is optimized with the Yoast SEO plugin v26.0 - https:\/\/yoast.com\/wordpress\/plugins\/seo\/ -->\n<title>24 Heures du Mans: Ducati Endurance Racing Team - leblogmoto.com<\/title>\n<meta name=\"robots\" content=\"index, follow, max-snippet:-1, max-image-preview:large, max-video-preview:-1\" \/>\n<link rel=\"canonical\" href=\"https:\/\/blogs.thesocialmedia.com\/leblogmoto\/2008\/04\/17\/24-heures-du-2\/\" \/>\n<meta name=\"twitter:card\" content=\"summary_large_image\" \/>\n<meta name=\"twitter:title\" content=\"24 Heures du Mans: Ducati Endurance Racing Team - leblogmoto.com\" \/>\n<meta name=\"twitter:description\" content=\"Cette Ducati 1098 R court en cat\u00e9gorie Open et est engag\u00e9e au sein d&rsquo;une m\u00eame structure par deux concessions, Ducati Chambourcy et Zone Rouge 18&#8230; Fred PROTAT, Thierry MULOT et Aur\u00e9lien BANTIGNY sont charg\u00e9s de l&rsquo;enmener au bout de la course. Tout comme BMW l&rsquo;\u00e9quipe souhaite finir dans les 15 premiers. Fin mars, cette 1098 [&hellip;]\" \/>\n<meta name=\"twitter:image\" content=\"http:\/\/www.leblogmoto.com\/images\/2008\/04\/16\/ducati_98.jpg\" \/>\n<meta name=\"twitter:label1\" content=\"\u00c9crit par\" \/>\n\t<meta name=\"twitter:data1\" content=\"albin le guyader\" \/>\n<script type=\"application\/ld+json\" class=\"yoast-schema-graph\">{\"@context\":\"https:\/\/schema.org\",\"@graph\":[{\"@type\":\"WebPage\",\"@id\":\"https:\/\/blogs.thesocialmedia.com\/leblogmoto\/2008\/04\/17\/24-heures-du-2\/\",\"url\":\"https:\/\/blogs.thesocialmedia.com\/leblogmoto\/2008\/04\/17\/24-heures-du-2\/\",\"name\":\"24 Heures du Mans: Ducati Endurance Racing Team - leblogmoto.com\",\"isPartOf\":{\"@id\":\"https:\/\/blogs.thesocialmedia.com\/leblogmoto\/#website\"},\"primaryImageOfPage\":{\"@id\":\"https:\/\/blogs.thesocialmedia.com\/leblogmoto\/2008\/04\/17\/24-heures-du-2\/#primaryimage\"},\"image\":{\"@id\":\"https:\/\/blogs.thesocialmedia.com\/leblogmoto\/2008\/04\/17\/24-heures-du-2\/#primaryimage\"},\"thumbnailUrl\":\"http:\/\/www.leblogmoto.com\/images\/2008\/04\/16\/ducati_98.jpg\",\"datePublished\":\"2008-04-17T03:56:21+00:00\",\"dateModified\":\"2012-07-11T15:37:18+00:00\",\"author\":{\"@id\":\"https:\/\/blogs.thesocialmedia.com\/leblogmoto\/#\/schema\/person\/b496d27c898c29a39678e2425cafb9ae\"},\"breadcrumb\":{\"@id\":\"https:\/\/blogs.thesocialmedia.com\/leblogmoto\/2008\/04\/17\/24-heures-du-2\/#breadcrumb\"},\"inLanguage\":\"fr-FR\",\"potentialAction\":[{\"@type\":\"ReadAction\",\"target\":[\"https:\/\/blogs.thesocialmedia.com\/leblogmoto\/2008\/04\/17\/24-heures-du-2\/\"]}]},{\"@type\":\"ImageObject\",\"inLanguage\":\"fr-FR\",\"@id\":\"https:\/\/blogs.thesocialmedia.com\/leblogmoto\/2008\/04\/17\/24-heures-du-2\/#primaryimage\",\"url\":\"http:\/\/www.leblogmoto.com\/images\/2008\/04\/16\/ducati_98.jpg\",\"contentUrl\":\"http:\/\/www.leblogmoto.com\/images\/2008\/04\/16\/ducati_98.jpg\"},{\"@type\":\"BreadcrumbList\",\"@id\":\"https:\/\/blogs.thesocialmedia.com\/leblogmoto\/2008\/04\/17\/24-heures-du-2\/#breadcrumb\",\"itemListElement\":[{\"@type\":\"ListItem\",\"position\":1,\"name\":\"Accueil\",\"item\":\"https:\/\/blogs.thesocialmedia.com\/leblogmoto\/\"},{\"@type\":\"ListItem\",\"position\":2,\"name\":\"24 Heures du Mans: Ducati Endurance Racing Team\"}]},{\"@type\":\"WebSite\",\"@id\":\"https:\/\/blogs.thesocialmedia.com\/leblogmoto\/#website\",\"url\":\"https:\/\/blogs.thesocialmedia.com\/leblogmoto\/\",\"name\":\"leblogmoto\",\"description\":\"Toute l&#039;actualit\u00e9 des 2 roues\",\"potentialAction\":[{\"@type\":\"SearchAction\",\"target\":{\"@type\":\"EntryPoint\",\"urlTemplate\":\"https:\/\/blogs.thesocialmedia.com\/leblogmoto\/?s={search_term_string}\"},\"query-input\":{\"@type\":\"PropertyValueSpecification\",\"valueRequired\":true,\"valueName\":\"search_term_string\"}}],\"inLanguage\":\"fr-FR\"},{\"@type\":\"Person\",\"@id\":\"https:\/\/blogs.thesocialmedia.com\/leblogmoto\/#\/schema\/person\/b496d27c898c29a39678e2425cafb9ae\",\"name\":\"albin le guyader\",\"image\":{\"@type\":\"ImageObject\",\"inLanguage\":\"fr-FR\",\"@id\":\"https:\/\/blogs.thesocialmedia.com\/leblogmoto\/#\/schema\/person\/image\/\",\"url\":\"https:\/\/secure.gravatar.com\/avatar\/?s=96&d=mm&r=g\",\"contentUrl\":\"https:\/\/secure.gravatar.com\/avatar\/?s=96&d=mm&r=g\",\"caption\":\"albin le guyader\"},\"url\":\"https:\/\/blogs.thesocialmedia.com\/leblogmoto\/author\/albin-le-guyader\/\"}]}<\/script>\n<!-- \/ Yoast SEO plugin. -->","yoast_head_json":{"title":"24 Heures du Mans: Ducati Endurance Racing Team - leblogmoto.com","robots":{"index":"index","follow":"follow","max-snippet":"max-snippet:-1","max-image-preview":"max-image-preview:large","max-video-preview":"max-video-preview:-1"},"canonical":"https:\/\/blogs.thesocialmedia.com\/leblogmoto\/2008\/04\/17\/24-heures-du-2\/","twitter_card":"summary_large_image","twitter_title":"24 Heures du Mans: Ducati Endurance Racing Team - leblogmoto.com","twitter_description":"Cette Ducati 1098 R court en cat\u00e9gorie Open et est engag\u00e9e au sein d&rsquo;une m\u00eame structure par deux concessions, Ducati Chambourcy et Zone Rouge 18&#8230; Fred PROTAT, Thierry MULOT et Aur\u00e9lien BANTIGNY sont charg\u00e9s de l&rsquo;enmener au bout de la course. Tout comme BMW l&rsquo;\u00e9quipe souhaite finir dans les 15 premiers. Fin mars, cette 1098 [&hellip;]","twitter_image":"http:\/\/www.leblogmoto.com\/images\/2008\/04\/16\/ducati_98.jpg","twitter_misc":{"\u00c9crit par":"albin le guyader"},"schema":{"@context":"https:\/\/schema.org","@graph":[{"@type":"WebPage","@id":"https:\/\/blogs.thesocialmedia.com\/leblogmoto\/2008\/04\/17\/24-heures-du-2\/","url":"https:\/\/blogs.thesocialmedia.com\/leblogmoto\/2008\/04\/17\/24-heures-du-2\/","name":"24 Heures du Mans: Ducati Endurance Racing Team - leblogmoto.com","isPartOf":{"@id":"https:\/\/blogs.thesocialmedia.com\/leblogmoto\/#website"},"primaryImageOfPage":{"@id":"https:\/\/blogs.thesocialmedia.com\/leblogmoto\/2008\/04\/17\/24-heures-du-2\/#primaryimage"},"image":{"@id":"https:\/\/blogs.thesocialmedia.com\/leblogmoto\/2008\/04\/17\/24-heures-du-2\/#primaryimage"},"thumbnailUrl":"http:\/\/www.leblogmoto.com\/images\/2008\/04\/16\/ducati_98.jpg","datePublished":"2008-04-17T03:56:21+00:00","dateModified":"2012-07-11T15:37:18+00:00","author":{"@id":"https:\/\/blogs.thesocialmedia.com\/leblogmoto\/#\/schema\/person\/b496d27c898c29a39678e2425cafb9ae"},"breadcrumb":{"@id":"https:\/\/blogs.thesocialmedia.com\/leblogmoto\/2008\/04\/17\/24-heures-du-2\/#breadcrumb"},"inLanguage":"fr-FR","potentialAction":[{"@type":"ReadAction","target":["https:\/\/blogs.thesocialmedia.com\/leblogmoto\/2008\/04\/17\/24-heures-du-2\/"]}]},{"@type":"ImageObject","inLanguage":"fr-FR","@id":"https:\/\/blogs.thesocialmedia.com\/leblogmoto\/2008\/04\/17\/24-heures-du-2\/#primaryimage","url":"http:\/\/www.leblogmoto.com\/images\/2008\/04\/16\/ducati_98.jpg","contentUrl":"http:\/\/www.leblogmoto.com\/images\/2008\/04\/16\/ducati_98.jpg"},{"@type":"BreadcrumbList","@id":"https:\/\/blogs.thesocialmedia.com\/leblogmoto\/2008\/04\/17\/24-heures-du-2\/#breadcrumb","itemListElement":[{"@type":"ListItem","position":1,"name":"Accueil","item":"https:\/\/blogs.thesocialmedia.com\/leblogmoto\/"},{"@type":"ListItem","position":2,"name":"24 Heures du Mans: Ducati Endurance Racing Team"}]},{"@type":"WebSite","@id":"https:\/\/blogs.thesocialmedia.com\/leblogmoto\/#website","url":"https:\/\/blogs.thesocialmedia.com\/leblogmoto\/","name":"leblogmoto","description":"Toute l&#039;actualit\u00e9 des 2 roues","potentialAction":[{"@type":"SearchAction","target":{"@type":"EntryPoint","urlTemplate":"https:\/\/blogs.thesocialmedia.com\/leblogmoto\/?s={search_term_string}"},"query-input":{"@type":"PropertyValueSpecification","valueRequired":true,"valueName":"search_term_string"}}],"inLanguage":"fr-FR"},{"@type":"Person","@id":"https:\/\/blogs.thesocialmedia.com\/leblogmoto\/#\/schema\/person\/b496d27c898c29a39678e2425cafb9ae","name":"albin le guyader","image":{"@type":"ImageObject","inLanguage":"fr-FR","@id":"https:\/\/blogs.thesocialmedia.com\/leblogmoto\/#\/schema\/person\/image\/","url":"https:\/\/secure.gravatar.com\/avatar\/?s=96&d=mm&r=g","contentUrl":"https:\/\/secure.gravatar.com\/avatar\/?s=96&d=mm&r=g","caption":"albin le guyader"},"url":"https:\/\/blogs.thesocialmedia.com\/leblogmoto\/author\/albin-le-guyader\/"}]}},"_links":{"self":[{"href":"https:\/\/blogs.thesocialmedia.com\/leblogmoto\/wp-json\/wp\/v2\/posts\/774","targetHints":{"allow":["GET"]}}],"collection":[{"href":"https:\/\/blogs.thesocialmedia.com\/leblogmoto\/wp-json\/wp\/v2\/posts"}],"about":[{"href":"https:\/\/blogs.thesocialmedia.com\/leblogmoto\/wp-json\/wp\/v2\/types\/post"}],"author":[{"embeddable":true,"href":"https:\/\/blogs.thesocialmedia.com\/leblogmoto\/wp-json\/wp\/v2\/users\/323"}],"replies":[{"embeddable":true,"href":"https:\/\/blogs.thesocialmedia.com\/leblogmoto\/wp-json\/wp\/v2\/comments?post=774"}],"version-history":[{"count":2,"href":"https:\/\/blogs.thesocialmedia.com\/leblogmoto\/wp-json\/wp\/v2\/posts\/774\/revisions"}],"predecessor-version":[{"id":10436,"href":"https:\/\/blogs.thesocialmedia.com\/leblogmoto\/wp-json\/wp\/v2\/posts\/774\/revisions\/10436"}],"wp:attachment":[{"href":"https:\/\/blogs.thesocialmedia.com\/leblogmoto\/wp-json\/wp\/v2\/media?parent=774"}],"wp:term":[{"taxonomy":"category","embeddable":true,"href":"https:\/\/blogs.thesocialmedia.com\/leblogmoto\/wp-json\/wp\/v2\/categories?post=774"},{"taxonomy":"post_tag","embeddable":true,"href":"https:\/\/blogs.thesocialmedia.com\/leblogmoto\/wp-json\/wp\/v2\/tags?post=774"}],"curies":[{"name":"wp","href":"https:\/\/api.w.org\/{rel}","templated":true}]}}