{"id":779,"date":"2008-04-16T18:11:05","date_gmt":"2008-04-16T18:11:05","guid":{"rendered":"http:\/\/blogs.thesocialmedia.com\/leblogmoto\/2008\/04\/16\/bmw-motorrad-mo\/"},"modified":"2012-07-11T15:37:01","modified_gmt":"2012-07-11T15:37:01","slug":"bmw-motorrad-mo","status":"publish","type":"post","link":"https:\/\/blogs.thesocialmedia.com\/leblogmoto\/2008\/04\/16\/bmw-motorrad-mo\/","title":{"rendered":"BMW Motorrad Motorsport aux 24h du Mans"},"content":{"rendered":"<p><a href=\"http:\/\/blogs.thesocialmedia.com\/leblogmoto\/files\/2012\/07\/bmwmotorradhp2.jpg\"><img loading=\"lazy\" decoding=\"async\" width=\"470\" height=\"314\"  src=\"http:\/\/www.leblogmoto.com\/images\/2008\/04\/16\/bmwmotorradhp2.jpg\" alt=\"Bmwmotorradhp2\" style=\"margin: 0px 5px 5px 0px;float: left\" \/><\/a>Arm\u00e9s des nouvelles <a href=\"http:\/\/www.bmw-motorrad.com.fr\/fr\/fr\/index.html\">HP2<\/a>, le team <a href=\"http:\/\/www.bmw-motorrad.com.fr\/fr\/fr\/index.html\">BMW Motorrad<\/a> Motorsport s&rsquo;alignera au d\u00e9part des 24h du Mans, d\u00e9but des six dates du championnat d&rsquo;endurance.<\/p>\n<p>Class\u00e9 16\u00e8me apr\u00e8s 776 tours alors qu&rsquo;ils \u00e9taient sur une <a href=\"http:\/\/www.bmw-motorrad.com.fr\/fr\/fr\/index.html\">R1200S<\/a> modifi\u00e9e , l&rsquo;an dernier marquait le retour \u00e0 la comp\u00e9tition du team bavarois.<br \/>Cette ann\u00e9e, la nouvelle (n\u00b017) sera conduite par Stephen Mertens , S\u00e9bastien Le Grelle et l&rsquo;allemand Rico Penzkofer. Tandis que l&rsquo;anglais Richard Cooper, l&rsquo;espagnol Jos\u00e9-Luis Nion et l&rsquo;am\u00e9ricain Brian Parriott seront eux sur la n\u00b071.<br \/>Bref, un team sur lequel il faudra garder un oeil&#8230;<\/p>\n","protected":false},"excerpt":{"rendered":"<p>Arm\u00e9s des nouvelles HP2, le team BMW Motorrad Motorsport s&rsquo;alignera au d\u00e9part des 24h du Mans, d\u00e9but des six dates du championnat d&rsquo;endurance. Class\u00e9 16\u00e8me apr\u00e8s 776 tours alors qu&rsquo;ils \u00e9taient sur une R1200S modifi\u00e9e , l&rsquo;an dernier marquait le retour \u00e0 la comp\u00e9tition du team bavarois.Cette ann\u00e9e, la nouvelle (n\u00b017) sera conduite par Stephen [&hellip;]<\/p>\n","protected":false},"author":329,"featured_media":0,"comment_status":"open","ping_status":"open","sticky":false,"template":"","format":"standard","meta":{"footnotes":""},"categories":[7],"tags":[],"class_list":["post-779","post","type-post","status-publish","format-standard","hentry","category-bmw"],"yoast_head":"<!-- This site is optimized with the Yoast SEO plugin v26.0 - https:\/\/yoast.com\/wordpress\/plugins\/seo\/ -->\n<title>BMW Motorrad Motorsport aux 24h du Mans - leblogmoto.com<\/title>\n<meta name=\"robots\" content=\"index, follow, max-snippet:-1, max-image-preview:large, max-video-preview:-1\" \/>\n<link rel=\"canonical\" href=\"https:\/\/blogs.thesocialmedia.com\/leblogmoto\/2008\/04\/16\/bmw-motorrad-mo\/\" \/>\n<meta name=\"twitter:card\" content=\"summary_large_image\" \/>\n<meta name=\"twitter:title\" content=\"BMW Motorrad Motorsport aux 24h du Mans - leblogmoto.com\" \/>\n<meta name=\"twitter:description\" content=\"Arm\u00e9s des nouvelles HP2, le team BMW Motorrad Motorsport s&rsquo;alignera au d\u00e9part des 24h du Mans, d\u00e9but des six dates du championnat d&rsquo;endurance. Class\u00e9 16\u00e8me apr\u00e8s 776 tours alors qu&rsquo;ils \u00e9taient sur une R1200S modifi\u00e9e , l&rsquo;an dernier marquait le retour \u00e0 la comp\u00e9tition du team bavarois.Cette ann\u00e9e, la nouvelle (n\u00b017) sera conduite par Stephen [&hellip;]\" \/>\n<meta name=\"twitter:image\" content=\"http:\/\/www.leblogmoto.com\/images\/2008\/04\/16\/bmwmotorradhp2.jpg\" \/>\n<meta name=\"twitter:label1\" content=\"\u00c9crit par\" \/>\n\t<meta name=\"twitter:data1\" content=\"gregory boucaud\" \/>\n<script type=\"application\/ld+json\" class=\"yoast-schema-graph\">{\"@context\":\"https:\/\/schema.org\",\"@graph\":[{\"@type\":\"WebPage\",\"@id\":\"https:\/\/blogs.thesocialmedia.com\/leblogmoto\/2008\/04\/16\/bmw-motorrad-mo\/\",\"url\":\"https:\/\/blogs.thesocialmedia.com\/leblogmoto\/2008\/04\/16\/bmw-motorrad-mo\/\",\"name\":\"BMW Motorrad Motorsport aux 24h du Mans - leblogmoto.com\",\"isPartOf\":{\"@id\":\"https:\/\/blogs.thesocialmedia.com\/leblogmoto\/#website\"},\"primaryImageOfPage\":{\"@id\":\"https:\/\/blogs.thesocialmedia.com\/leblogmoto\/2008\/04\/16\/bmw-motorrad-mo\/#primaryimage\"},\"image\":{\"@id\":\"https:\/\/blogs.thesocialmedia.com\/leblogmoto\/2008\/04\/16\/bmw-motorrad-mo\/#primaryimage\"},\"thumbnailUrl\":\"http:\/\/www.leblogmoto.com\/images\/2008\/04\/16\/bmwmotorradhp2.jpg\",\"datePublished\":\"2008-04-16T18:11:05+00:00\",\"dateModified\":\"2012-07-11T15:37:01+00:00\",\"author\":{\"@id\":\"https:\/\/blogs.thesocialmedia.com\/leblogmoto\/#\/schema\/person\/769623f89741cc3381675029a37764f8\"},\"breadcrumb\":{\"@id\":\"https:\/\/blogs.thesocialmedia.com\/leblogmoto\/2008\/04\/16\/bmw-motorrad-mo\/#breadcrumb\"},\"inLanguage\":\"fr-FR\",\"potentialAction\":[{\"@type\":\"ReadAction\",\"target\":[\"https:\/\/blogs.thesocialmedia.com\/leblogmoto\/2008\/04\/16\/bmw-motorrad-mo\/\"]}]},{\"@type\":\"ImageObject\",\"inLanguage\":\"fr-FR\",\"@id\":\"https:\/\/blogs.thesocialmedia.com\/leblogmoto\/2008\/04\/16\/bmw-motorrad-mo\/#primaryimage\",\"url\":\"http:\/\/www.leblogmoto.com\/images\/2008\/04\/16\/bmwmotorradhp2.jpg\",\"contentUrl\":\"http:\/\/www.leblogmoto.com\/images\/2008\/04\/16\/bmwmotorradhp2.jpg\"},{\"@type\":\"BreadcrumbList\",\"@id\":\"https:\/\/blogs.thesocialmedia.com\/leblogmoto\/2008\/04\/16\/bmw-motorrad-mo\/#breadcrumb\",\"itemListElement\":[{\"@type\":\"ListItem\",\"position\":1,\"name\":\"Accueil\",\"item\":\"https:\/\/blogs.thesocialmedia.com\/leblogmoto\/\"},{\"@type\":\"ListItem\",\"position\":2,\"name\":\"BMW Motorrad Motorsport aux 24h du Mans\"}]},{\"@type\":\"WebSite\",\"@id\":\"https:\/\/blogs.thesocialmedia.com\/leblogmoto\/#website\",\"url\":\"https:\/\/blogs.thesocialmedia.com\/leblogmoto\/\",\"name\":\"leblogmoto\",\"description\":\"Toute l&#039;actualit\u00e9 des 2 roues\",\"potentialAction\":[{\"@type\":\"SearchAction\",\"target\":{\"@type\":\"EntryPoint\",\"urlTemplate\":\"https:\/\/blogs.thesocialmedia.com\/leblogmoto\/?s={search_term_string}\"},\"query-input\":{\"@type\":\"PropertyValueSpecification\",\"valueRequired\":true,\"valueName\":\"search_term_string\"}}],\"inLanguage\":\"fr-FR\"},{\"@type\":\"Person\",\"@id\":\"https:\/\/blogs.thesocialmedia.com\/leblogmoto\/#\/schema\/person\/769623f89741cc3381675029a37764f8\",\"name\":\"gregory boucaud\",\"image\":{\"@type\":\"ImageObject\",\"inLanguage\":\"fr-FR\",\"@id\":\"https:\/\/blogs.thesocialmedia.com\/leblogmoto\/#\/schema\/person\/image\/\",\"url\":\"https:\/\/secure.gravatar.com\/avatar\/?s=96&d=mm&r=g\",\"contentUrl\":\"https:\/\/secure.gravatar.com\/avatar\/?s=96&d=mm&r=g\",\"caption\":\"gregory boucaud\"},\"url\":\"https:\/\/blogs.thesocialmedia.com\/leblogmoto\/author\/gregory-boucaud\/\"}]}<\/script>\n<!-- \/ Yoast SEO plugin. -->","yoast_head_json":{"title":"BMW Motorrad Motorsport aux 24h du Mans - leblogmoto.com","robots":{"index":"index","follow":"follow","max-snippet":"max-snippet:-1","max-image-preview":"max-image-preview:large","max-video-preview":"max-video-preview:-1"},"canonical":"https:\/\/blogs.thesocialmedia.com\/leblogmoto\/2008\/04\/16\/bmw-motorrad-mo\/","twitter_card":"summary_large_image","twitter_title":"BMW Motorrad Motorsport aux 24h du Mans - leblogmoto.com","twitter_description":"Arm\u00e9s des nouvelles HP2, le team BMW Motorrad Motorsport s&rsquo;alignera au d\u00e9part des 24h du Mans, d\u00e9but des six dates du championnat d&rsquo;endurance. Class\u00e9 16\u00e8me apr\u00e8s 776 tours alors qu&rsquo;ils \u00e9taient sur une R1200S modifi\u00e9e , l&rsquo;an dernier marquait le retour \u00e0 la comp\u00e9tition du team bavarois.Cette ann\u00e9e, la nouvelle (n\u00b017) sera conduite par Stephen [&hellip;]","twitter_image":"http:\/\/www.leblogmoto.com\/images\/2008\/04\/16\/bmwmotorradhp2.jpg","twitter_misc":{"\u00c9crit par":"gregory boucaud"},"schema":{"@context":"https:\/\/schema.org","@graph":[{"@type":"WebPage","@id":"https:\/\/blogs.thesocialmedia.com\/leblogmoto\/2008\/04\/16\/bmw-motorrad-mo\/","url":"https:\/\/blogs.thesocialmedia.com\/leblogmoto\/2008\/04\/16\/bmw-motorrad-mo\/","name":"BMW Motorrad Motorsport aux 24h du Mans - leblogmoto.com","isPartOf":{"@id":"https:\/\/blogs.thesocialmedia.com\/leblogmoto\/#website"},"primaryImageOfPage":{"@id":"https:\/\/blogs.thesocialmedia.com\/leblogmoto\/2008\/04\/16\/bmw-motorrad-mo\/#primaryimage"},"image":{"@id":"https:\/\/blogs.thesocialmedia.com\/leblogmoto\/2008\/04\/16\/bmw-motorrad-mo\/#primaryimage"},"thumbnailUrl":"http:\/\/www.leblogmoto.com\/images\/2008\/04\/16\/bmwmotorradhp2.jpg","datePublished":"2008-04-16T18:11:05+00:00","dateModified":"2012-07-11T15:37:01+00:00","author":{"@id":"https:\/\/blogs.thesocialmedia.com\/leblogmoto\/#\/schema\/person\/769623f89741cc3381675029a37764f8"},"breadcrumb":{"@id":"https:\/\/blogs.thesocialmedia.com\/leblogmoto\/2008\/04\/16\/bmw-motorrad-mo\/#breadcrumb"},"inLanguage":"fr-FR","potentialAction":[{"@type":"ReadAction","target":["https:\/\/blogs.thesocialmedia.com\/leblogmoto\/2008\/04\/16\/bmw-motorrad-mo\/"]}]},{"@type":"ImageObject","inLanguage":"fr-FR","@id":"https:\/\/blogs.thesocialmedia.com\/leblogmoto\/2008\/04\/16\/bmw-motorrad-mo\/#primaryimage","url":"http:\/\/www.leblogmoto.com\/images\/2008\/04\/16\/bmwmotorradhp2.jpg","contentUrl":"http:\/\/www.leblogmoto.com\/images\/2008\/04\/16\/bmwmotorradhp2.jpg"},{"@type":"BreadcrumbList","@id":"https:\/\/blogs.thesocialmedia.com\/leblogmoto\/2008\/04\/16\/bmw-motorrad-mo\/#breadcrumb","itemListElement":[{"@type":"ListItem","position":1,"name":"Accueil","item":"https:\/\/blogs.thesocialmedia.com\/leblogmoto\/"},{"@type":"ListItem","position":2,"name":"BMW Motorrad Motorsport aux 24h du Mans"}]},{"@type":"WebSite","@id":"https:\/\/blogs.thesocialmedia.com\/leblogmoto\/#website","url":"https:\/\/blogs.thesocialmedia.com\/leblogmoto\/","name":"leblogmoto","description":"Toute l&#039;actualit\u00e9 des 2 roues","potentialAction":[{"@type":"SearchAction","target":{"@type":"EntryPoint","urlTemplate":"https:\/\/blogs.thesocialmedia.com\/leblogmoto\/?s={search_term_string}"},"query-input":{"@type":"PropertyValueSpecification","valueRequired":true,"valueName":"search_term_string"}}],"inLanguage":"fr-FR"},{"@type":"Person","@id":"https:\/\/blogs.thesocialmedia.com\/leblogmoto\/#\/schema\/person\/769623f89741cc3381675029a37764f8","name":"gregory boucaud","image":{"@type":"ImageObject","inLanguage":"fr-FR","@id":"https:\/\/blogs.thesocialmedia.com\/leblogmoto\/#\/schema\/person\/image\/","url":"https:\/\/secure.gravatar.com\/avatar\/?s=96&d=mm&r=g","contentUrl":"https:\/\/secure.gravatar.com\/avatar\/?s=96&d=mm&r=g","caption":"gregory boucaud"},"url":"https:\/\/blogs.thesocialmedia.com\/leblogmoto\/author\/gregory-boucaud\/"}]}},"_links":{"self":[{"href":"https:\/\/blogs.thesocialmedia.com\/leblogmoto\/wp-json\/wp\/v2\/posts\/779","targetHints":{"allow":["GET"]}}],"collection":[{"href":"https:\/\/blogs.thesocialmedia.com\/leblogmoto\/wp-json\/wp\/v2\/posts"}],"about":[{"href":"https:\/\/blogs.thesocialmedia.com\/leblogmoto\/wp-json\/wp\/v2\/types\/post"}],"author":[{"embeddable":true,"href":"https:\/\/blogs.thesocialmedia.com\/leblogmoto\/wp-json\/wp\/v2\/users\/329"}],"replies":[{"embeddable":true,"href":"https:\/\/blogs.thesocialmedia.com\/leblogmoto\/wp-json\/wp\/v2\/comments?post=779"}],"version-history":[{"count":2,"href":"https:\/\/blogs.thesocialmedia.com\/leblogmoto\/wp-json\/wp\/v2\/posts\/779\/revisions"}],"predecessor-version":[{"id":10424,"href":"https:\/\/blogs.thesocialmedia.com\/leblogmoto\/wp-json\/wp\/v2\/posts\/779\/revisions\/10424"}],"wp:attachment":[{"href":"https:\/\/blogs.thesocialmedia.com\/leblogmoto\/wp-json\/wp\/v2\/media?parent=779"}],"wp:term":[{"taxonomy":"category","embeddable":true,"href":"https:\/\/blogs.thesocialmedia.com\/leblogmoto\/wp-json\/wp\/v2\/categories?post=779"},{"taxonomy":"post_tag","embeddable":true,"href":"https:\/\/blogs.thesocialmedia.com\/leblogmoto\/wp-json\/wp\/v2\/tags?post=779"}],"curies":[{"name":"wp","href":"https:\/\/api.w.org\/{rel}","templated":true}]}}