{"id":78,"date":"2009-07-05T23:54:55","date_gmt":"2009-07-05T23:54:55","guid":{"rendered":"http:\/\/blogs.thesocialmedia.com\/leblogmoto\/2009\/07\/05\/le-blog-moto-au-grand-prix-historique-de-tours\/"},"modified":"2012-07-11T13:23:16","modified_gmt":"2012-07-11T13:23:16","slug":"le-blog-moto-au-grand-prix-historique-de-tours","status":"publish","type":"post","link":"https:\/\/blogs.thesocialmedia.com\/leblogmoto\/2009\/07\/05\/le-blog-moto-au-grand-prix-historique-de-tours\/","title":{"rendered":"Le Blog Moto \u00e9tait au Grand Prix historique de Tours."},"content":{"rendered":"<div><object height=\"290\" width=\"470\"><param name=\"movie\" value=\"http:\/\/www.dailymotion.com\/swf\/x9qkoi_grand-prix-historique-de-tours-moto_auto&amp;related=0\" \/><param name=\"allowFullScreen\" value=\"true\" \/><param name=\"allowScriptAccess\" value=\"always\" \/><embed height=\"290\" src=\"http:\/\/www.dailymotion.com\/swf\/x9qkoi_grand-prix-historique-de-tours-moto_auto&amp;related=0\" type=\"application\/x-shockwave-flash\" width=\"470\" \/><\/object><br \/><strong><a href=\"http:\/\/www.dailymotion.com\/video\/x9qkoi_grand-prix-historique-de-tours-moto_auto\">Grand Prix historique de Tours &#8211; Moto<\/a><\/strong><br \/><em>envoy\u00e9 par <a href=\"http:\/\/www.dailymotion.com\/thesocialmedia\">thesocialmedia<\/a>. &#8211; <a href=\"http:\/\/www.dailymotion.com\/fr\/channel\/auto\">Voiture, camion et deux roues en vid\u00e9o.<\/a><\/em><\/div>\n<p>Enfin plus exactement, Christophe et Alain, son cadreur.&#160;Comme chaque ann\u00e9e au mois de juin, l&#039;association &quot;Comm\u00e9moration Historique du <a href=\"http:\/\/www.grandprixdetours.com\/\">Grand Prix de Tours<\/a>&quot; consacre un week-end aux belles m\u00e9caniques que ce soit sur quatre comme deux roues. L&#039;\u00e9v\u00e9nement avait \u00e9t\u00e9 report\u00e9 \u00e0 la semaine derni\u00e8re pour cause d&#039;\u00e9lections europ\u00e9ennes. Participaient chez les Anglaises, une Norton 16H, Norton 850 Commando, une BSA A50, une Triumph T150. Chez les Japonaises, Honda et Kawasaki \u00e9taient les mieux repr\u00e9sent\u00e9es, quantitativement en tout cas, deux Honda CB 750, deux Honda CB 350, une Yamaha 350 RD, une Suzuki Gamma 500, une Kawasaki 750 H2 et une 350 S2, ainsi qu&#039;une 350 Big Horn. Chez les Italiennes&#8230;<\/p>\n<\/p>\n<p>&#8230;une Morini 150 Corsaro, une Guzzi 850 LeMans, deux Ducati 350 Desmo, une Ducati 450 Desmo, deux Ducati 600 Pantah, une Ducati 900 MHR, une Ducati 350 MKIII. Une seule bavaroise \u00e9tait de sortie, une BMW R75\/5. Quant aux Fran\u00e7aises, il y avait une moto TT de Patrick Barigault, une Barigo HB*. <\/p>\n<p><em>*&quot;HB&quot; donc avec moteur Honda, une d\u00e9nomination qui devrait vous rappeler la classification qu&#039;a adopt\u00e9 Bimota pour ses mod\u00e8les, avec ses DB5, SB7&#8230;<\/em><\/p>\n","protected":false},"excerpt":{"rendered":"<p>Grand Prix historique de Tours &#8211; Motoenvoy\u00e9 par thesocialmedia. &#8211; Voiture, camion et deux roues en vid\u00e9o. Enfin plus exactement, Christophe et Alain, son cadreur.&#160;Comme chaque ann\u00e9e au mois de juin, l&#039;association &quot;Comm\u00e9moration Historique du Grand Prix de Tours&quot; consacre un week-end aux belles m\u00e9caniques que ce soit sur quatre comme deux roues. L&#039;\u00e9v\u00e9nement avait [&hellip;]<\/p>\n","protected":false},"author":324,"featured_media":0,"comment_status":"open","ping_status":"open","sticky":false,"template":"","format":"standard","meta":{"footnotes":""},"categories":[3,9,12],"tags":[],"class_list":["post-78","post","type-post","status-publish","format-standard","hentry","category-actualite","category-historique","category-videos"],"yoast_head":"<!-- This site is optimized with the Yoast SEO plugin v26.0 - https:\/\/yoast.com\/wordpress\/plugins\/seo\/ -->\n<title>Le Blog Moto \u00e9tait au Grand Prix historique de Tours. - leblogmoto.com<\/title>\n<meta name=\"robots\" content=\"index, follow, max-snippet:-1, max-image-preview:large, max-video-preview:-1\" \/>\n<link rel=\"canonical\" href=\"https:\/\/blogs.thesocialmedia.com\/leblogmoto\/2009\/07\/05\/le-blog-moto-au-grand-prix-historique-de-tours\/\" \/>\n<meta name=\"twitter:card\" content=\"summary_large_image\" \/>\n<meta name=\"twitter:title\" content=\"Le Blog Moto \u00e9tait au Grand Prix historique de Tours. - leblogmoto.com\" \/>\n<meta name=\"twitter:description\" content=\"Grand Prix historique de Tours &#8211; Motoenvoy\u00e9 par thesocialmedia. &#8211; Voiture, camion et deux roues en vid\u00e9o. Enfin plus exactement, Christophe et Alain, son cadreur.&#160;Comme chaque ann\u00e9e au mois de juin, l&#039;association &quot;Comm\u00e9moration Historique du Grand Prix de Tours&quot; consacre un week-end aux belles m\u00e9caniques que ce soit sur quatre comme deux roues. L&#039;\u00e9v\u00e9nement avait [&hellip;]\" \/>\n<meta name=\"twitter:label1\" content=\"\u00c9crit par\" \/>\n\t<meta name=\"twitter:data1\" content=\"benoit rieu\" \/>\n\t<meta name=\"twitter:label2\" content=\"Dur\u00e9e de lecture estim\u00e9e\" \/>\n\t<meta name=\"twitter:data2\" content=\"1 minute\" \/>\n<script type=\"application\/ld+json\" class=\"yoast-schema-graph\">{\"@context\":\"https:\/\/schema.org\",\"@graph\":[{\"@type\":\"WebPage\",\"@id\":\"https:\/\/blogs.thesocialmedia.com\/leblogmoto\/2009\/07\/05\/le-blog-moto-au-grand-prix-historique-de-tours\/\",\"url\":\"https:\/\/blogs.thesocialmedia.com\/leblogmoto\/2009\/07\/05\/le-blog-moto-au-grand-prix-historique-de-tours\/\",\"name\":\"Le Blog Moto \u00e9tait au Grand Prix historique de Tours. - leblogmoto.com\",\"isPartOf\":{\"@id\":\"https:\/\/blogs.thesocialmedia.com\/leblogmoto\/#website\"},\"datePublished\":\"2009-07-05T23:54:55+00:00\",\"dateModified\":\"2012-07-11T13:23:16+00:00\",\"author\":{\"@id\":\"https:\/\/blogs.thesocialmedia.com\/leblogmoto\/#\/schema\/person\/18bfe773e5725ed6d24f743da805362a\"},\"breadcrumb\":{\"@id\":\"https:\/\/blogs.thesocialmedia.com\/leblogmoto\/2009\/07\/05\/le-blog-moto-au-grand-prix-historique-de-tours\/#breadcrumb\"},\"inLanguage\":\"fr-FR\",\"potentialAction\":[{\"@type\":\"ReadAction\",\"target\":[\"https:\/\/blogs.thesocialmedia.com\/leblogmoto\/2009\/07\/05\/le-blog-moto-au-grand-prix-historique-de-tours\/\"]}]},{\"@type\":\"BreadcrumbList\",\"@id\":\"https:\/\/blogs.thesocialmedia.com\/leblogmoto\/2009\/07\/05\/le-blog-moto-au-grand-prix-historique-de-tours\/#breadcrumb\",\"itemListElement\":[{\"@type\":\"ListItem\",\"position\":1,\"name\":\"Accueil\",\"item\":\"https:\/\/blogs.thesocialmedia.com\/leblogmoto\/\"},{\"@type\":\"ListItem\",\"position\":2,\"name\":\"Le Blog Moto \u00e9tait au Grand Prix historique de Tours.\"}]},{\"@type\":\"WebSite\",\"@id\":\"https:\/\/blogs.thesocialmedia.com\/leblogmoto\/#website\",\"url\":\"https:\/\/blogs.thesocialmedia.com\/leblogmoto\/\",\"name\":\"leblogmoto\",\"description\":\"Toute l&#039;actualit\u00e9 des 2 roues\",\"potentialAction\":[{\"@type\":\"SearchAction\",\"target\":{\"@type\":\"EntryPoint\",\"urlTemplate\":\"https:\/\/blogs.thesocialmedia.com\/leblogmoto\/?s={search_term_string}\"},\"query-input\":{\"@type\":\"PropertyValueSpecification\",\"valueRequired\":true,\"valueName\":\"search_term_string\"}}],\"inLanguage\":\"fr-FR\"},{\"@type\":\"Person\",\"@id\":\"https:\/\/blogs.thesocialmedia.com\/leblogmoto\/#\/schema\/person\/18bfe773e5725ed6d24f743da805362a\",\"name\":\"benoit rieu\",\"image\":{\"@type\":\"ImageObject\",\"inLanguage\":\"fr-FR\",\"@id\":\"https:\/\/blogs.thesocialmedia.com\/leblogmoto\/#\/schema\/person\/image\/\",\"url\":\"https:\/\/secure.gravatar.com\/avatar\/?s=96&d=mm&r=g\",\"contentUrl\":\"https:\/\/secure.gravatar.com\/avatar\/?s=96&d=mm&r=g\",\"caption\":\"benoit rieu\"},\"url\":\"https:\/\/blogs.thesocialmedia.com\/leblogmoto\/author\/benoit-rieu\/\"}]}<\/script>\n<!-- \/ Yoast SEO plugin. -->","yoast_head_json":{"title":"Le Blog Moto \u00e9tait au Grand Prix historique de Tours. - leblogmoto.com","robots":{"index":"index","follow":"follow","max-snippet":"max-snippet:-1","max-image-preview":"max-image-preview:large","max-video-preview":"max-video-preview:-1"},"canonical":"https:\/\/blogs.thesocialmedia.com\/leblogmoto\/2009\/07\/05\/le-blog-moto-au-grand-prix-historique-de-tours\/","twitter_card":"summary_large_image","twitter_title":"Le Blog Moto \u00e9tait au Grand Prix historique de Tours. - leblogmoto.com","twitter_description":"Grand Prix historique de Tours &#8211; Motoenvoy\u00e9 par thesocialmedia. &#8211; Voiture, camion et deux roues en vid\u00e9o. Enfin plus exactement, Christophe et Alain, son cadreur.&#160;Comme chaque ann\u00e9e au mois de juin, l&#039;association &quot;Comm\u00e9moration Historique du Grand Prix de Tours&quot; consacre un week-end aux belles m\u00e9caniques que ce soit sur quatre comme deux roues. L&#039;\u00e9v\u00e9nement avait [&hellip;]","twitter_misc":{"\u00c9crit par":"benoit rieu","Dur\u00e9e de lecture estim\u00e9e":"1 minute"},"schema":{"@context":"https:\/\/schema.org","@graph":[{"@type":"WebPage","@id":"https:\/\/blogs.thesocialmedia.com\/leblogmoto\/2009\/07\/05\/le-blog-moto-au-grand-prix-historique-de-tours\/","url":"https:\/\/blogs.thesocialmedia.com\/leblogmoto\/2009\/07\/05\/le-blog-moto-au-grand-prix-historique-de-tours\/","name":"Le Blog Moto \u00e9tait au Grand Prix historique de Tours. - leblogmoto.com","isPartOf":{"@id":"https:\/\/blogs.thesocialmedia.com\/leblogmoto\/#website"},"datePublished":"2009-07-05T23:54:55+00:00","dateModified":"2012-07-11T13:23:16+00:00","author":{"@id":"https:\/\/blogs.thesocialmedia.com\/leblogmoto\/#\/schema\/person\/18bfe773e5725ed6d24f743da805362a"},"breadcrumb":{"@id":"https:\/\/blogs.thesocialmedia.com\/leblogmoto\/2009\/07\/05\/le-blog-moto-au-grand-prix-historique-de-tours\/#breadcrumb"},"inLanguage":"fr-FR","potentialAction":[{"@type":"ReadAction","target":["https:\/\/blogs.thesocialmedia.com\/leblogmoto\/2009\/07\/05\/le-blog-moto-au-grand-prix-historique-de-tours\/"]}]},{"@type":"BreadcrumbList","@id":"https:\/\/blogs.thesocialmedia.com\/leblogmoto\/2009\/07\/05\/le-blog-moto-au-grand-prix-historique-de-tours\/#breadcrumb","itemListElement":[{"@type":"ListItem","position":1,"name":"Accueil","item":"https:\/\/blogs.thesocialmedia.com\/leblogmoto\/"},{"@type":"ListItem","position":2,"name":"Le Blog Moto \u00e9tait au Grand Prix historique de Tours."}]},{"@type":"WebSite","@id":"https:\/\/blogs.thesocialmedia.com\/leblogmoto\/#website","url":"https:\/\/blogs.thesocialmedia.com\/leblogmoto\/","name":"leblogmoto","description":"Toute l&#039;actualit\u00e9 des 2 roues","potentialAction":[{"@type":"SearchAction","target":{"@type":"EntryPoint","urlTemplate":"https:\/\/blogs.thesocialmedia.com\/leblogmoto\/?s={search_term_string}"},"query-input":{"@type":"PropertyValueSpecification","valueRequired":true,"valueName":"search_term_string"}}],"inLanguage":"fr-FR"},{"@type":"Person","@id":"https:\/\/blogs.thesocialmedia.com\/leblogmoto\/#\/schema\/person\/18bfe773e5725ed6d24f743da805362a","name":"benoit rieu","image":{"@type":"ImageObject","inLanguage":"fr-FR","@id":"https:\/\/blogs.thesocialmedia.com\/leblogmoto\/#\/schema\/person\/image\/","url":"https:\/\/secure.gravatar.com\/avatar\/?s=96&d=mm&r=g","contentUrl":"https:\/\/secure.gravatar.com\/avatar\/?s=96&d=mm&r=g","caption":"benoit rieu"},"url":"https:\/\/blogs.thesocialmedia.com\/leblogmoto\/author\/benoit-rieu\/"}]}},"_links":{"self":[{"href":"https:\/\/blogs.thesocialmedia.com\/leblogmoto\/wp-json\/wp\/v2\/posts\/78","targetHints":{"allow":["GET"]}}],"collection":[{"href":"https:\/\/blogs.thesocialmedia.com\/leblogmoto\/wp-json\/wp\/v2\/posts"}],"about":[{"href":"https:\/\/blogs.thesocialmedia.com\/leblogmoto\/wp-json\/wp\/v2\/types\/post"}],"author":[{"embeddable":true,"href":"https:\/\/blogs.thesocialmedia.com\/leblogmoto\/wp-json\/wp\/v2\/users\/324"}],"replies":[{"embeddable":true,"href":"https:\/\/blogs.thesocialmedia.com\/leblogmoto\/wp-json\/wp\/v2\/comments?post=78"}],"version-history":[{"count":1,"href":"https:\/\/blogs.thesocialmedia.com\/leblogmoto\/wp-json\/wp\/v2\/posts\/78\/revisions"}],"predecessor-version":[{"id":5176,"href":"https:\/\/blogs.thesocialmedia.com\/leblogmoto\/wp-json\/wp\/v2\/posts\/78\/revisions\/5176"}],"wp:attachment":[{"href":"https:\/\/blogs.thesocialmedia.com\/leblogmoto\/wp-json\/wp\/v2\/media?parent=78"}],"wp:term":[{"taxonomy":"category","embeddable":true,"href":"https:\/\/blogs.thesocialmedia.com\/leblogmoto\/wp-json\/wp\/v2\/categories?post=78"},{"taxonomy":"post_tag","embeddable":true,"href":"https:\/\/blogs.thesocialmedia.com\/leblogmoto\/wp-json\/wp\/v2\/tags?post=78"}],"curies":[{"name":"wp","href":"https:\/\/api.w.org\/{rel}","templated":true}]}}