{"id":780,"date":"2008-04-16T17:38:14","date_gmt":"2008-04-16T17:38:14","guid":{"rendered":"http:\/\/blogs.thesocialmedia.com\/leblogmoto\/2008\/04\/16\/ktm-mania-2\/"},"modified":"2012-07-11T15:36:59","modified_gmt":"2012-07-11T15:36:59","slug":"ktm-mania-2","status":"publish","type":"post","link":"https:\/\/blogs.thesocialmedia.com\/leblogmoto\/2008\/04\/16\/ktm-mania-2\/","title":{"rendered":"KTM Mania 2"},"content":{"rendered":"<p><a href=\"http:\/\/blogs.thesocialmedia.com\/leblogmoto\/files\/2012\/07\/ktm_mania_2.jpg\"><img loading=\"lazy\" decoding=\"async\" width=\"250\" height=\"353\"  src=\"http:\/\/www.leblogmoto.com\/images\/2008\/04\/16\/ktm_mania_2.jpg\" alt=\"Ktm_mania_2\" style=\"margin: 0px 5px 5px 0px;float: left\" \/><\/a>Souvenez-vous, l&rsquo;an dernier KTM organisait son premier <a href=\"http:\/\/www.leblogmoto.com\/2007\/05\/ktm_mania.html\">KTM Mania<\/a> qui fut un succ\u00e8s pour la marque.<br \/>Cette ann\u00e9e, cet \u00e9v\u00e8nement s&rsquo;adresse \u00e0 tous les possesseurs de mod\u00e8les routier de la marque autrichienne car <a href=\"http:\/\/www.ktm.fr\/\">KTM France<\/a> voudrait se consacrer \u00e0 la conduite sur route et circuit.<br \/>Le <a href=\"http:\/\/www.circuitmornay.com\/\">circuit de Mornay<\/a> \u00e0 Bonnat dans la Creuse accueillera le samedi 5 juillet les motards. <br \/>Le programme de ce rendez-vous national initi\u00e9 par la marque autrichienne est tr\u00e8s s\u00e9duisant. Il va permettre aux pilotes de toutes cat\u00e9gories de routi\u00e8res KTM de rejoindre le circuit de Mornay et de se r\u00e9unir pour participer \u00e0 une journ\u00e9e de d\u00e9couverte et de perfectionnement encadr\u00e9e par les pilotes et instructeurs KTM.  <\/p>\n<p>Le circuit de Mornay offre un magnifique trac\u00e9 de 3 kilom\u00e8tres pourvu d&rsquo;un secteur rapide et d&rsquo;un secteur lent permettant plusieurs configurations et favorisant l&rsquo;exp\u00e9rimentation du pilotage.<br \/>Ce sera \u00e9galement l&rsquo;opportunit\u00e9 de d\u00e9couvrir et essayer la gamme routi\u00e8re <a href=\"http:\/\/www.ktm.fr\/\">KTM<\/a> dans son ensemble tout au long de la journ\u00e9e sur un parcours routier aux alentours. Les 200 privil\u00e9gi\u00e9s attendus seront partag\u00e9s en plusieurs groupes afin d&rsquo;optimiser leur journ\u00e9e et profiter pleinement du circuit et des nombreuses manifestations. <br \/>Tous les participants assisteront \u00e9galement aux d\u00e9monstrations de la nouvelle hypersport KTM 1190 RC8 ainsi que de la sportcar KTM X-Bow pour son premier roulage en France. L&rsquo;ensemble du staff KTM sera sur place pour faire d\u00e9couvrir l&rsquo;univers de la marque et offrir des conseils techniques et r\u00e9glages aux participants. La journ\u00e9e sera ponctu\u00e9e d&rsquo;un d\u00e9jeuner au coeur m\u00eame du ch\u00e2teau qui jouxte le circuit et se terminera par un ap\u00e9ritif tapas en soir\u00e9e.<\/p>\n<p><strong>Inscriptions :<\/strong><br \/><a href=\"info@ktmmania.com\"> info@ktmmania.com<\/a><br \/> <a href=\"www.ktm.fr\">www.ktm.fr<\/a><br \/> Distributeurs KTM<br \/><strong><br \/>Renseignements et inscriptions :<\/strong><br \/> ORGACOM<br \/> BP7 Taussat<br \/> 33138 Lanton <\/p>\n<p>Source : <a href=\"http:\/\/www.ktmmania.com\/\">KTM Mania<\/a><\/p>\n","protected":false},"excerpt":{"rendered":"<p>Souvenez-vous, l&rsquo;an dernier KTM organisait son premier KTM Mania qui fut un succ\u00e8s pour la marque.Cette ann\u00e9e, cet \u00e9v\u00e8nement s&rsquo;adresse \u00e0 tous les possesseurs de mod\u00e8les routier de la marque autrichienne car KTM France voudrait se consacrer \u00e0 la conduite sur route et circuit.Le circuit de Mornay \u00e0 Bonnat dans la Creuse accueillera le samedi [&hellip;]<\/p>\n","protected":false},"author":329,"featured_media":0,"comment_status":"open","ping_status":"open","sticky":false,"template":"","format":"standard","meta":{"footnotes":""},"categories":[3,13,39],"tags":[],"class_list":["post-780","post","type-post","status-publish","format-standard","hentry","category-actualite","category-aventure","category-ktm"],"yoast_head":"<!-- This site is optimized with the Yoast SEO plugin v26.0 - https:\/\/yoast.com\/wordpress\/plugins\/seo\/ -->\n<title>KTM Mania 2 - leblogmoto.com<\/title>\n<meta name=\"robots\" content=\"index, follow, max-snippet:-1, max-image-preview:large, max-video-preview:-1\" \/>\n<link rel=\"canonical\" href=\"https:\/\/blogs.thesocialmedia.com\/leblogmoto\/2008\/04\/16\/ktm-mania-2\/\" \/>\n<meta name=\"twitter:card\" content=\"summary_large_image\" \/>\n<meta name=\"twitter:title\" content=\"KTM Mania 2 - leblogmoto.com\" \/>\n<meta name=\"twitter:description\" content=\"Souvenez-vous, l&rsquo;an dernier KTM organisait son premier KTM Mania qui fut un succ\u00e8s pour la marque.Cette ann\u00e9e, cet \u00e9v\u00e8nement s&rsquo;adresse \u00e0 tous les possesseurs de mod\u00e8les routier de la marque autrichienne car KTM France voudrait se consacrer \u00e0 la conduite sur route et circuit.Le circuit de Mornay \u00e0 Bonnat dans la Creuse accueillera le samedi [&hellip;]\" \/>\n<meta name=\"twitter:image\" content=\"http:\/\/www.leblogmoto.com\/images\/2008\/04\/16\/ktm_mania_2.jpg\" \/>\n<meta name=\"twitter:label1\" content=\"\u00c9crit par\" \/>\n\t<meta name=\"twitter:data1\" content=\"gregory boucaud\" \/>\n\t<meta name=\"twitter:label2\" content=\"Dur\u00e9e de lecture estim\u00e9e\" \/>\n\t<meta name=\"twitter:data2\" content=\"2 minutes\" \/>\n<script type=\"application\/ld+json\" class=\"yoast-schema-graph\">{\"@context\":\"https:\/\/schema.org\",\"@graph\":[{\"@type\":\"WebPage\",\"@id\":\"https:\/\/blogs.thesocialmedia.com\/leblogmoto\/2008\/04\/16\/ktm-mania-2\/\",\"url\":\"https:\/\/blogs.thesocialmedia.com\/leblogmoto\/2008\/04\/16\/ktm-mania-2\/\",\"name\":\"KTM Mania 2 - leblogmoto.com\",\"isPartOf\":{\"@id\":\"https:\/\/blogs.thesocialmedia.com\/leblogmoto\/#website\"},\"primaryImageOfPage\":{\"@id\":\"https:\/\/blogs.thesocialmedia.com\/leblogmoto\/2008\/04\/16\/ktm-mania-2\/#primaryimage\"},\"image\":{\"@id\":\"https:\/\/blogs.thesocialmedia.com\/leblogmoto\/2008\/04\/16\/ktm-mania-2\/#primaryimage\"},\"thumbnailUrl\":\"http:\/\/www.leblogmoto.com\/images\/2008\/04\/16\/ktm_mania_2.jpg\",\"datePublished\":\"2008-04-16T17:38:14+00:00\",\"dateModified\":\"2012-07-11T15:36:59+00:00\",\"author\":{\"@id\":\"https:\/\/blogs.thesocialmedia.com\/leblogmoto\/#\/schema\/person\/769623f89741cc3381675029a37764f8\"},\"breadcrumb\":{\"@id\":\"https:\/\/blogs.thesocialmedia.com\/leblogmoto\/2008\/04\/16\/ktm-mania-2\/#breadcrumb\"},\"inLanguage\":\"fr-FR\",\"potentialAction\":[{\"@type\":\"ReadAction\",\"target\":[\"https:\/\/blogs.thesocialmedia.com\/leblogmoto\/2008\/04\/16\/ktm-mania-2\/\"]}]},{\"@type\":\"ImageObject\",\"inLanguage\":\"fr-FR\",\"@id\":\"https:\/\/blogs.thesocialmedia.com\/leblogmoto\/2008\/04\/16\/ktm-mania-2\/#primaryimage\",\"url\":\"http:\/\/www.leblogmoto.com\/images\/2008\/04\/16\/ktm_mania_2.jpg\",\"contentUrl\":\"http:\/\/www.leblogmoto.com\/images\/2008\/04\/16\/ktm_mania_2.jpg\"},{\"@type\":\"BreadcrumbList\",\"@id\":\"https:\/\/blogs.thesocialmedia.com\/leblogmoto\/2008\/04\/16\/ktm-mania-2\/#breadcrumb\",\"itemListElement\":[{\"@type\":\"ListItem\",\"position\":1,\"name\":\"Accueil\",\"item\":\"https:\/\/blogs.thesocialmedia.com\/leblogmoto\/\"},{\"@type\":\"ListItem\",\"position\":2,\"name\":\"KTM Mania 2\"}]},{\"@type\":\"WebSite\",\"@id\":\"https:\/\/blogs.thesocialmedia.com\/leblogmoto\/#website\",\"url\":\"https:\/\/blogs.thesocialmedia.com\/leblogmoto\/\",\"name\":\"leblogmoto\",\"description\":\"Toute l&#039;actualit\u00e9 des 2 roues\",\"potentialAction\":[{\"@type\":\"SearchAction\",\"target\":{\"@type\":\"EntryPoint\",\"urlTemplate\":\"https:\/\/blogs.thesocialmedia.com\/leblogmoto\/?s={search_term_string}\"},\"query-input\":{\"@type\":\"PropertyValueSpecification\",\"valueRequired\":true,\"valueName\":\"search_term_string\"}}],\"inLanguage\":\"fr-FR\"},{\"@type\":\"Person\",\"@id\":\"https:\/\/blogs.thesocialmedia.com\/leblogmoto\/#\/schema\/person\/769623f89741cc3381675029a37764f8\",\"name\":\"gregory boucaud\",\"image\":{\"@type\":\"ImageObject\",\"inLanguage\":\"fr-FR\",\"@id\":\"https:\/\/blogs.thesocialmedia.com\/leblogmoto\/#\/schema\/person\/image\/\",\"url\":\"https:\/\/secure.gravatar.com\/avatar\/?s=96&d=mm&r=g\",\"contentUrl\":\"https:\/\/secure.gravatar.com\/avatar\/?s=96&d=mm&r=g\",\"caption\":\"gregory boucaud\"},\"url\":\"https:\/\/blogs.thesocialmedia.com\/leblogmoto\/author\/gregory-boucaud\/\"}]}<\/script>\n<!-- \/ Yoast SEO plugin. -->","yoast_head_json":{"title":"KTM Mania 2 - leblogmoto.com","robots":{"index":"index","follow":"follow","max-snippet":"max-snippet:-1","max-image-preview":"max-image-preview:large","max-video-preview":"max-video-preview:-1"},"canonical":"https:\/\/blogs.thesocialmedia.com\/leblogmoto\/2008\/04\/16\/ktm-mania-2\/","twitter_card":"summary_large_image","twitter_title":"KTM Mania 2 - leblogmoto.com","twitter_description":"Souvenez-vous, l&rsquo;an dernier KTM organisait son premier KTM Mania qui fut un succ\u00e8s pour la marque.Cette ann\u00e9e, cet \u00e9v\u00e8nement s&rsquo;adresse \u00e0 tous les possesseurs de mod\u00e8les routier de la marque autrichienne car KTM France voudrait se consacrer \u00e0 la conduite sur route et circuit.Le circuit de Mornay \u00e0 Bonnat dans la Creuse accueillera le samedi [&hellip;]","twitter_image":"http:\/\/www.leblogmoto.com\/images\/2008\/04\/16\/ktm_mania_2.jpg","twitter_misc":{"\u00c9crit par":"gregory boucaud","Dur\u00e9e de lecture estim\u00e9e":"2 minutes"},"schema":{"@context":"https:\/\/schema.org","@graph":[{"@type":"WebPage","@id":"https:\/\/blogs.thesocialmedia.com\/leblogmoto\/2008\/04\/16\/ktm-mania-2\/","url":"https:\/\/blogs.thesocialmedia.com\/leblogmoto\/2008\/04\/16\/ktm-mania-2\/","name":"KTM Mania 2 - leblogmoto.com","isPartOf":{"@id":"https:\/\/blogs.thesocialmedia.com\/leblogmoto\/#website"},"primaryImageOfPage":{"@id":"https:\/\/blogs.thesocialmedia.com\/leblogmoto\/2008\/04\/16\/ktm-mania-2\/#primaryimage"},"image":{"@id":"https:\/\/blogs.thesocialmedia.com\/leblogmoto\/2008\/04\/16\/ktm-mania-2\/#primaryimage"},"thumbnailUrl":"http:\/\/www.leblogmoto.com\/images\/2008\/04\/16\/ktm_mania_2.jpg","datePublished":"2008-04-16T17:38:14+00:00","dateModified":"2012-07-11T15:36:59+00:00","author":{"@id":"https:\/\/blogs.thesocialmedia.com\/leblogmoto\/#\/schema\/person\/769623f89741cc3381675029a37764f8"},"breadcrumb":{"@id":"https:\/\/blogs.thesocialmedia.com\/leblogmoto\/2008\/04\/16\/ktm-mania-2\/#breadcrumb"},"inLanguage":"fr-FR","potentialAction":[{"@type":"ReadAction","target":["https:\/\/blogs.thesocialmedia.com\/leblogmoto\/2008\/04\/16\/ktm-mania-2\/"]}]},{"@type":"ImageObject","inLanguage":"fr-FR","@id":"https:\/\/blogs.thesocialmedia.com\/leblogmoto\/2008\/04\/16\/ktm-mania-2\/#primaryimage","url":"http:\/\/www.leblogmoto.com\/images\/2008\/04\/16\/ktm_mania_2.jpg","contentUrl":"http:\/\/www.leblogmoto.com\/images\/2008\/04\/16\/ktm_mania_2.jpg"},{"@type":"BreadcrumbList","@id":"https:\/\/blogs.thesocialmedia.com\/leblogmoto\/2008\/04\/16\/ktm-mania-2\/#breadcrumb","itemListElement":[{"@type":"ListItem","position":1,"name":"Accueil","item":"https:\/\/blogs.thesocialmedia.com\/leblogmoto\/"},{"@type":"ListItem","position":2,"name":"KTM Mania 2"}]},{"@type":"WebSite","@id":"https:\/\/blogs.thesocialmedia.com\/leblogmoto\/#website","url":"https:\/\/blogs.thesocialmedia.com\/leblogmoto\/","name":"leblogmoto","description":"Toute l&#039;actualit\u00e9 des 2 roues","potentialAction":[{"@type":"SearchAction","target":{"@type":"EntryPoint","urlTemplate":"https:\/\/blogs.thesocialmedia.com\/leblogmoto\/?s={search_term_string}"},"query-input":{"@type":"PropertyValueSpecification","valueRequired":true,"valueName":"search_term_string"}}],"inLanguage":"fr-FR"},{"@type":"Person","@id":"https:\/\/blogs.thesocialmedia.com\/leblogmoto\/#\/schema\/person\/769623f89741cc3381675029a37764f8","name":"gregory boucaud","image":{"@type":"ImageObject","inLanguage":"fr-FR","@id":"https:\/\/blogs.thesocialmedia.com\/leblogmoto\/#\/schema\/person\/image\/","url":"https:\/\/secure.gravatar.com\/avatar\/?s=96&d=mm&r=g","contentUrl":"https:\/\/secure.gravatar.com\/avatar\/?s=96&d=mm&r=g","caption":"gregory boucaud"},"url":"https:\/\/blogs.thesocialmedia.com\/leblogmoto\/author\/gregory-boucaud\/"}]}},"_links":{"self":[{"href":"https:\/\/blogs.thesocialmedia.com\/leblogmoto\/wp-json\/wp\/v2\/posts\/780","targetHints":{"allow":["GET"]}}],"collection":[{"href":"https:\/\/blogs.thesocialmedia.com\/leblogmoto\/wp-json\/wp\/v2\/posts"}],"about":[{"href":"https:\/\/blogs.thesocialmedia.com\/leblogmoto\/wp-json\/wp\/v2\/types\/post"}],"author":[{"embeddable":true,"href":"https:\/\/blogs.thesocialmedia.com\/leblogmoto\/wp-json\/wp\/v2\/users\/329"}],"replies":[{"embeddable":true,"href":"https:\/\/blogs.thesocialmedia.com\/leblogmoto\/wp-json\/wp\/v2\/comments?post=780"}],"version-history":[{"count":2,"href":"https:\/\/blogs.thesocialmedia.com\/leblogmoto\/wp-json\/wp\/v2\/posts\/780\/revisions"}],"predecessor-version":[{"id":10422,"href":"https:\/\/blogs.thesocialmedia.com\/leblogmoto\/wp-json\/wp\/v2\/posts\/780\/revisions\/10422"}],"wp:attachment":[{"href":"https:\/\/blogs.thesocialmedia.com\/leblogmoto\/wp-json\/wp\/v2\/media?parent=780"}],"wp:term":[{"taxonomy":"category","embeddable":true,"href":"https:\/\/blogs.thesocialmedia.com\/leblogmoto\/wp-json\/wp\/v2\/categories?post=780"},{"taxonomy":"post_tag","embeddable":true,"href":"https:\/\/blogs.thesocialmedia.com\/leblogmoto\/wp-json\/wp\/v2\/tags?post=780"}],"curies":[{"name":"wp","href":"https:\/\/api.w.org\/{rel}","templated":true}]}}