{"id":786,"date":"2008-04-12T23:38:55","date_gmt":"2008-04-12T23:38:55","guid":{"rendered":"http:\/\/blogs.thesocialmedia.com\/leblogmoto\/2008\/04\/12\/mv-agusta-bruta\/"},"modified":"2012-07-11T15:36:38","modified_gmt":"2012-07-11T15:36:38","slug":"mv-agusta-bruta","status":"publish","type":"post","link":"https:\/\/blogs.thesocialmedia.com\/leblogmoto\/2008\/04\/12\/mv-agusta-bruta\/","title":{"rendered":"MV Agusta Brutale Wally. Maintenant, on sait."},"content":{"rendered":"<p><a href=\"http:\/\/blogs.thesocialmedia.com\/leblogmoto\/files\/2012\/07\/mv_agusta_brutale_wally_b.jpg\"><img loading=\"lazy\" decoding=\"async\" height=\"313\" alt=\"Mv_agusta_brutale_wally_b\" src=\"http:\/\/www.leblogmoto.com\/images\/2008\/04\/12\/mv_agusta_brutale_wally_b.jpg\" width=\"469\"  \/><\/a> <\/p>\n<p><a href=\"http:\/\/blogs.thesocialmedia.com\/leblogmoto\/files\/2012\/07\/wallypower_d.jpg\"><img loading=\"lazy\" decoding=\"async\" height=\"311\" alt=\"Wallypower_d\" src=\"http:\/\/www.leblogmoto.com\/images\/2008\/04\/12\/wallypower_d.jpg\" width=\"470\"  \/><\/a> <\/p>\n<p>Avec cette \u00e9dition sp\u00e9ciale rep\u00e9r\u00e9e sur le site <a href=\"http:\/\/www.vroom.be\/fr\/actualite-moto\/5457,mv-agusta-brutale-wally.html\">vroom.be<\/a> de nos voisins d&rsquo;outre-Qui\u00e9vrain, nous en sommes \u00e0 pr\u00e9sent s\u00fbrs, c&rsquo;est MV Agusta, et non Citro\u00ebn, qui se fourvoie dans les alliances et partenariats. On a eu donc droit il y a quelques jours au <em>branding<\/em> d&rsquo;une voiture gentiment &quot;popu&quot;, la <a href=\"http:\/\/www.leblogmoto.com\/2008\/04\/la-citron-c2-br.html\">C2<\/a>. Mais avec les tr\u00e8s s\u00e9lects chantiers navals Wally, la Meccania Verghera tape \u00e0 l&rsquo;autre bout de l&rsquo;\u00e9chelle sociale, o\u00f9 les dames portent l&rsquo;\u00e9quivalent du PNB du Ghana en bijoux et toilette, et o\u00f9 la moindre d\u00e9pense est effectu\u00e9e \u00e0 l&rsquo;aide de cartes Centurion d&rsquo;American Express. C&rsquo;est d&rsquo;ailleurs le c\u00e9l\u00e8bre bateau <a href=\"http:\/\/www.wally.com\/jumpch.asp?idChannel=44&amp;idUser=0&amp;attivo=2\">118 Wallypower<\/a><em>*<\/em> qui orne le r\u00e9servoir du roadster.<\/p>\n<p>&quot;118&quot; comme la longueur en pieds du bateau, ce seront \u00e9galement &quot;118&quot; exemplaires de cette Brutale qui sortiront des usine de MV Agusta. Vu sa logique en mati\u00e8re de chiffres, on est heureux que MV ne respecte pas la r\u00e8gle du &quot;21.000.000&quot;&#8230; le prix en euros de ce yacht aux formes de hors bord. <\/p>\n<p>Si vous aimez la Brutale mais restez dubitatif devant l&rsquo;int\u00e9r\u00eat d&rsquo;une telle association, rassurez-vous, vous n&rsquo;\u00eates pas seul. D&rsquo;autant que sceller une alliance avec Citro\u00ebn et une autre avec Wally entretient le flou sur l&rsquo;image que MV Agusta souhaite donner \u00e0 sa machine, le constructeur italien recherchant la notori\u00e9t\u00e9 de sa marque et l&rsquo;<a href=\"http:\/\/fr.wikipedia.org\/wiki\/Effet_de_halo\">effet de halo<\/a> \u00e0 tout prix.<\/p>\n<p>*<em>si vous avez vu The Island avec Scarlett Johansson (Hmmm&#8230;), vous connaissez sans doute ce bateau qui appara\u00eet dans le film, et qui appartient au perso jou\u00e9 par <a href=\"http:\/\/www.leblogmoto.com\/2008\/02\/ewan-mcgregor-s.html\">Ewan McGregor<\/a>.<\/em><\/p>\n<p><a href=\"http:\/\/clabedan.typepad.com\/.shared\/image.html?\/photos\/uncategorized\/2008\/04\/12\/mv_agusta_brutale_wally.jpg\"><img loading=\"lazy\" decoding=\"async\" height=\"313\" alt=\"Mv_agusta_brutale_wally\" src=\"http:\/\/www.leblogmoto.com\/images\/2008\/04\/12\/mv_agusta_brutale_wally.jpg\" width=\"470\"  \/><\/a> <\/p>\n<p><a href=\"http:\/\/blogs.thesocialmedia.com\/leblogmoto\/files\/2012\/07\/wallypower_b.jpg\"><img loading=\"lazy\" decoding=\"async\" height=\"311\" alt=\"Wallypower_b\" src=\"http:\/\/www.leblogmoto.com\/images\/2008\/04\/12\/wallypower_b.jpg\" width=\"470\"  \/><\/a> <\/p>\n<p><a href=\"http:\/\/blogs.thesocialmedia.com\/leblogmoto\/files\/2012\/07\/wallypower_c.jpg\"><img loading=\"lazy\" decoding=\"async\" height=\"311\" alt=\"Wallypower_c\" src=\"http:\/\/www.leblogmoto.com\/images\/2008\/04\/12\/wallypower_c.jpg\" width=\"470\"  \/><\/a><\/p>\n<p><a href=\"http:\/\/blogs.thesocialmedia.com\/leblogmoto\/files\/2012\/07\/wallypower_e.jpg\"><img loading=\"lazy\" decoding=\"async\" height=\"314\" alt=\"Wallypower_e\" src=\"http:\/\/www.leblogmoto.com\/images\/2008\/04\/12\/wallypower_e.jpg\" width=\"470\"  \/><\/a>&nbsp; <\/p>\n<p><a href=\"http:\/\/blogs.thesocialmedia.com\/leblogmoto\/files\/2012\/07\/wallypower_a.jpg\"><img loading=\"lazy\" decoding=\"async\" height=\"552\" alt=\"Wallypower_a\" src=\"http:\/\/www.leblogmoto.com\/images\/2008\/04\/12\/wallypower_a.jpg\" width=\"470\"  \/><\/a> <\/p>\n","protected":false},"excerpt":{"rendered":"<p>Avec cette \u00e9dition sp\u00e9ciale rep\u00e9r\u00e9e sur le site vroom.be de nos voisins d&rsquo;outre-Qui\u00e9vrain, nous en sommes \u00e0 pr\u00e9sent s\u00fbrs, c&rsquo;est MV Agusta, et non Citro\u00ebn, qui se fourvoie dans les alliances et partenariats. On a eu donc droit il y a quelques jours au branding d&rsquo;une voiture gentiment &quot;popu&quot;, la C2. Mais avec les tr\u00e8s [&hellip;]<\/p>\n","protected":false},"author":324,"featured_media":0,"comment_status":"open","ping_status":"open","sticky":false,"template":"","format":"standard","meta":{"footnotes":""},"categories":[49,50],"tags":[],"class_list":["post-786","post","type-post","status-publish","format-standard","hentry","category-actualites-entreprise","category-mv-agusta"],"yoast_head":"<!-- This site is optimized with the Yoast SEO plugin v26.0 - https:\/\/yoast.com\/wordpress\/plugins\/seo\/ -->\n<title>MV Agusta Brutale Wally. Maintenant, on sait. - leblogmoto.com<\/title>\n<meta name=\"robots\" content=\"index, follow, max-snippet:-1, max-image-preview:large, max-video-preview:-1\" \/>\n<link rel=\"canonical\" href=\"https:\/\/blogs.thesocialmedia.com\/leblogmoto\/2008\/04\/12\/mv-agusta-bruta\/\" \/>\n<meta name=\"twitter:card\" content=\"summary_large_image\" \/>\n<meta name=\"twitter:title\" content=\"MV Agusta Brutale Wally. Maintenant, on sait. - leblogmoto.com\" \/>\n<meta name=\"twitter:description\" content=\"Avec cette \u00e9dition sp\u00e9ciale rep\u00e9r\u00e9e sur le site vroom.be de nos voisins d&rsquo;outre-Qui\u00e9vrain, nous en sommes \u00e0 pr\u00e9sent s\u00fbrs, c&rsquo;est MV Agusta, et non Citro\u00ebn, qui se fourvoie dans les alliances et partenariats. On a eu donc droit il y a quelques jours au branding d&rsquo;une voiture gentiment &quot;popu&quot;, la C2. Mais avec les tr\u00e8s [&hellip;]\" \/>\n<meta name=\"twitter:image\" content=\"http:\/\/www.leblogmoto.com\/images\/2008\/04\/12\/mv_agusta_brutale_wally_b.jpg\" \/>\n<meta name=\"twitter:label1\" content=\"\u00c9crit par\" \/>\n\t<meta name=\"twitter:data1\" content=\"benoit rieu\" \/>\n\t<meta name=\"twitter:label2\" content=\"Dur\u00e9e de lecture estim\u00e9e\" \/>\n\t<meta name=\"twitter:data2\" content=\"1 minute\" \/>\n<script type=\"application\/ld+json\" class=\"yoast-schema-graph\">{\"@context\":\"https:\/\/schema.org\",\"@graph\":[{\"@type\":\"WebPage\",\"@id\":\"https:\/\/blogs.thesocialmedia.com\/leblogmoto\/2008\/04\/12\/mv-agusta-bruta\/\",\"url\":\"https:\/\/blogs.thesocialmedia.com\/leblogmoto\/2008\/04\/12\/mv-agusta-bruta\/\",\"name\":\"MV Agusta Brutale Wally. Maintenant, on sait. - leblogmoto.com\",\"isPartOf\":{\"@id\":\"https:\/\/blogs.thesocialmedia.com\/leblogmoto\/#website\"},\"primaryImageOfPage\":{\"@id\":\"https:\/\/blogs.thesocialmedia.com\/leblogmoto\/2008\/04\/12\/mv-agusta-bruta\/#primaryimage\"},\"image\":{\"@id\":\"https:\/\/blogs.thesocialmedia.com\/leblogmoto\/2008\/04\/12\/mv-agusta-bruta\/#primaryimage\"},\"thumbnailUrl\":\"http:\/\/www.leblogmoto.com\/images\/2008\/04\/12\/mv_agusta_brutale_wally_b.jpg\",\"datePublished\":\"2008-04-12T23:38:55+00:00\",\"dateModified\":\"2012-07-11T15:36:38+00:00\",\"author\":{\"@id\":\"https:\/\/blogs.thesocialmedia.com\/leblogmoto\/#\/schema\/person\/18bfe773e5725ed6d24f743da805362a\"},\"breadcrumb\":{\"@id\":\"https:\/\/blogs.thesocialmedia.com\/leblogmoto\/2008\/04\/12\/mv-agusta-bruta\/#breadcrumb\"},\"inLanguage\":\"fr-FR\",\"potentialAction\":[{\"@type\":\"ReadAction\",\"target\":[\"https:\/\/blogs.thesocialmedia.com\/leblogmoto\/2008\/04\/12\/mv-agusta-bruta\/\"]}]},{\"@type\":\"ImageObject\",\"inLanguage\":\"fr-FR\",\"@id\":\"https:\/\/blogs.thesocialmedia.com\/leblogmoto\/2008\/04\/12\/mv-agusta-bruta\/#primaryimage\",\"url\":\"http:\/\/www.leblogmoto.com\/images\/2008\/04\/12\/mv_agusta_brutale_wally_b.jpg\",\"contentUrl\":\"http:\/\/www.leblogmoto.com\/images\/2008\/04\/12\/mv_agusta_brutale_wally_b.jpg\"},{\"@type\":\"BreadcrumbList\",\"@id\":\"https:\/\/blogs.thesocialmedia.com\/leblogmoto\/2008\/04\/12\/mv-agusta-bruta\/#breadcrumb\",\"itemListElement\":[{\"@type\":\"ListItem\",\"position\":1,\"name\":\"Accueil\",\"item\":\"https:\/\/blogs.thesocialmedia.com\/leblogmoto\/\"},{\"@type\":\"ListItem\",\"position\":2,\"name\":\"MV Agusta Brutale Wally. Maintenant, on sait.\"}]},{\"@type\":\"WebSite\",\"@id\":\"https:\/\/blogs.thesocialmedia.com\/leblogmoto\/#website\",\"url\":\"https:\/\/blogs.thesocialmedia.com\/leblogmoto\/\",\"name\":\"leblogmoto\",\"description\":\"Toute l&#039;actualit\u00e9 des 2 roues\",\"potentialAction\":[{\"@type\":\"SearchAction\",\"target\":{\"@type\":\"EntryPoint\",\"urlTemplate\":\"https:\/\/blogs.thesocialmedia.com\/leblogmoto\/?s={search_term_string}\"},\"query-input\":{\"@type\":\"PropertyValueSpecification\",\"valueRequired\":true,\"valueName\":\"search_term_string\"}}],\"inLanguage\":\"fr-FR\"},{\"@type\":\"Person\",\"@id\":\"https:\/\/blogs.thesocialmedia.com\/leblogmoto\/#\/schema\/person\/18bfe773e5725ed6d24f743da805362a\",\"name\":\"benoit rieu\",\"image\":{\"@type\":\"ImageObject\",\"inLanguage\":\"fr-FR\",\"@id\":\"https:\/\/blogs.thesocialmedia.com\/leblogmoto\/#\/schema\/person\/image\/\",\"url\":\"https:\/\/secure.gravatar.com\/avatar\/?s=96&d=mm&r=g\",\"contentUrl\":\"https:\/\/secure.gravatar.com\/avatar\/?s=96&d=mm&r=g\",\"caption\":\"benoit rieu\"},\"url\":\"https:\/\/blogs.thesocialmedia.com\/leblogmoto\/author\/benoit-rieu\/\"}]}<\/script>\n<!-- \/ Yoast SEO plugin. -->","yoast_head_json":{"title":"MV Agusta Brutale Wally. Maintenant, on sait. - leblogmoto.com","robots":{"index":"index","follow":"follow","max-snippet":"max-snippet:-1","max-image-preview":"max-image-preview:large","max-video-preview":"max-video-preview:-1"},"canonical":"https:\/\/blogs.thesocialmedia.com\/leblogmoto\/2008\/04\/12\/mv-agusta-bruta\/","twitter_card":"summary_large_image","twitter_title":"MV Agusta Brutale Wally. Maintenant, on sait. - leblogmoto.com","twitter_description":"Avec cette \u00e9dition sp\u00e9ciale rep\u00e9r\u00e9e sur le site vroom.be de nos voisins d&rsquo;outre-Qui\u00e9vrain, nous en sommes \u00e0 pr\u00e9sent s\u00fbrs, c&rsquo;est MV Agusta, et non Citro\u00ebn, qui se fourvoie dans les alliances et partenariats. On a eu donc droit il y a quelques jours au branding d&rsquo;une voiture gentiment &quot;popu&quot;, la C2. Mais avec les tr\u00e8s [&hellip;]","twitter_image":"http:\/\/www.leblogmoto.com\/images\/2008\/04\/12\/mv_agusta_brutale_wally_b.jpg","twitter_misc":{"\u00c9crit par":"benoit rieu","Dur\u00e9e de lecture estim\u00e9e":"1 minute"},"schema":{"@context":"https:\/\/schema.org","@graph":[{"@type":"WebPage","@id":"https:\/\/blogs.thesocialmedia.com\/leblogmoto\/2008\/04\/12\/mv-agusta-bruta\/","url":"https:\/\/blogs.thesocialmedia.com\/leblogmoto\/2008\/04\/12\/mv-agusta-bruta\/","name":"MV Agusta Brutale Wally. Maintenant, on sait. - leblogmoto.com","isPartOf":{"@id":"https:\/\/blogs.thesocialmedia.com\/leblogmoto\/#website"},"primaryImageOfPage":{"@id":"https:\/\/blogs.thesocialmedia.com\/leblogmoto\/2008\/04\/12\/mv-agusta-bruta\/#primaryimage"},"image":{"@id":"https:\/\/blogs.thesocialmedia.com\/leblogmoto\/2008\/04\/12\/mv-agusta-bruta\/#primaryimage"},"thumbnailUrl":"http:\/\/www.leblogmoto.com\/images\/2008\/04\/12\/mv_agusta_brutale_wally_b.jpg","datePublished":"2008-04-12T23:38:55+00:00","dateModified":"2012-07-11T15:36:38+00:00","author":{"@id":"https:\/\/blogs.thesocialmedia.com\/leblogmoto\/#\/schema\/person\/18bfe773e5725ed6d24f743da805362a"},"breadcrumb":{"@id":"https:\/\/blogs.thesocialmedia.com\/leblogmoto\/2008\/04\/12\/mv-agusta-bruta\/#breadcrumb"},"inLanguage":"fr-FR","potentialAction":[{"@type":"ReadAction","target":["https:\/\/blogs.thesocialmedia.com\/leblogmoto\/2008\/04\/12\/mv-agusta-bruta\/"]}]},{"@type":"ImageObject","inLanguage":"fr-FR","@id":"https:\/\/blogs.thesocialmedia.com\/leblogmoto\/2008\/04\/12\/mv-agusta-bruta\/#primaryimage","url":"http:\/\/www.leblogmoto.com\/images\/2008\/04\/12\/mv_agusta_brutale_wally_b.jpg","contentUrl":"http:\/\/www.leblogmoto.com\/images\/2008\/04\/12\/mv_agusta_brutale_wally_b.jpg"},{"@type":"BreadcrumbList","@id":"https:\/\/blogs.thesocialmedia.com\/leblogmoto\/2008\/04\/12\/mv-agusta-bruta\/#breadcrumb","itemListElement":[{"@type":"ListItem","position":1,"name":"Accueil","item":"https:\/\/blogs.thesocialmedia.com\/leblogmoto\/"},{"@type":"ListItem","position":2,"name":"MV Agusta Brutale Wally. Maintenant, on sait."}]},{"@type":"WebSite","@id":"https:\/\/blogs.thesocialmedia.com\/leblogmoto\/#website","url":"https:\/\/blogs.thesocialmedia.com\/leblogmoto\/","name":"leblogmoto","description":"Toute l&#039;actualit\u00e9 des 2 roues","potentialAction":[{"@type":"SearchAction","target":{"@type":"EntryPoint","urlTemplate":"https:\/\/blogs.thesocialmedia.com\/leblogmoto\/?s={search_term_string}"},"query-input":{"@type":"PropertyValueSpecification","valueRequired":true,"valueName":"search_term_string"}}],"inLanguage":"fr-FR"},{"@type":"Person","@id":"https:\/\/blogs.thesocialmedia.com\/leblogmoto\/#\/schema\/person\/18bfe773e5725ed6d24f743da805362a","name":"benoit rieu","image":{"@type":"ImageObject","inLanguage":"fr-FR","@id":"https:\/\/blogs.thesocialmedia.com\/leblogmoto\/#\/schema\/person\/image\/","url":"https:\/\/secure.gravatar.com\/avatar\/?s=96&d=mm&r=g","contentUrl":"https:\/\/secure.gravatar.com\/avatar\/?s=96&d=mm&r=g","caption":"benoit rieu"},"url":"https:\/\/blogs.thesocialmedia.com\/leblogmoto\/author\/benoit-rieu\/"}]}},"_links":{"self":[{"href":"https:\/\/blogs.thesocialmedia.com\/leblogmoto\/wp-json\/wp\/v2\/posts\/786","targetHints":{"allow":["GET"]}}],"collection":[{"href":"https:\/\/blogs.thesocialmedia.com\/leblogmoto\/wp-json\/wp\/v2\/posts"}],"about":[{"href":"https:\/\/blogs.thesocialmedia.com\/leblogmoto\/wp-json\/wp\/v2\/types\/post"}],"author":[{"embeddable":true,"href":"https:\/\/blogs.thesocialmedia.com\/leblogmoto\/wp-json\/wp\/v2\/users\/324"}],"replies":[{"embeddable":true,"href":"https:\/\/blogs.thesocialmedia.com\/leblogmoto\/wp-json\/wp\/v2\/comments?post=786"}],"version-history":[{"count":2,"href":"https:\/\/blogs.thesocialmedia.com\/leblogmoto\/wp-json\/wp\/v2\/posts\/786\/revisions"}],"predecessor-version":[{"id":10409,"href":"https:\/\/blogs.thesocialmedia.com\/leblogmoto\/wp-json\/wp\/v2\/posts\/786\/revisions\/10409"}],"wp:attachment":[{"href":"https:\/\/blogs.thesocialmedia.com\/leblogmoto\/wp-json\/wp\/v2\/media?parent=786"}],"wp:term":[{"taxonomy":"category","embeddable":true,"href":"https:\/\/blogs.thesocialmedia.com\/leblogmoto\/wp-json\/wp\/v2\/categories?post=786"},{"taxonomy":"post_tag","embeddable":true,"href":"https:\/\/blogs.thesocialmedia.com\/leblogmoto\/wp-json\/wp\/v2\/tags?post=786"}],"curies":[{"name":"wp","href":"https:\/\/api.w.org\/{rel}","templated":true}]}}