{"id":789,"date":"2008-04-11T22:07:33","date_gmt":"2008-04-11T22:07:33","guid":{"rendered":"http:\/\/blogs.thesocialmedia.com\/leblogmoto\/2008\/04\/11\/hayden-impressi\/"},"modified":"2012-07-11T15:36:19","modified_gmt":"2012-07-11T15:36:19","slug":"hayden-impressi","status":"publish","type":"post","link":"https:\/\/blogs.thesocialmedia.com\/leblogmoto\/2008\/04\/11\/hayden-impressi\/","title":{"rendered":"Hayden a inaugur\u00e9 le nouvel Indy sur une Indian."},"content":{"rendered":"<p><a href=\"http:\/\/blogs.thesocialmedia.com\/leblogmoto\/files\/2012\/07\/hayden_inaugure_indy_motogp_1.jpg\"><img loading=\"lazy\" decoding=\"async\" width=\"470\" height=\"312\"  alt=\"Hayden_inaugure_indy_motogp_1\" src=\"http:\/\/www.leblogmoto.com\/images\/2008\/04\/11\/hayden_inaugure_indy_motogp_1.jpg\" \/><\/a><\/p>\n<p>Cette semaine le champion du monde 2006 qui a pour le moins <a href=\"http:\/\/blogs.thesocialmedia.com\/leblogmoto\/files\/2012\/07\/retour-au-somme.html_.png\">rat\u00e9 son ann\u00e9e<\/a> en tant que champion en titre, a \u00e9t\u00e9 le premier a rouler sur le nouveau <em>layout<\/em> d&rsquo;Indianapolis*. Et il l&rsquo;a fait de fa\u00e7on particuli\u00e8re, au guidon d&rsquo;une Indian d&rsquo;\u00e9poque (de 1909), et en tenue elle aussi d&rsquo;\u00e9poque. Apr\u00e8s avoir r\u00e9alis\u00e9 des pointes \u00e0 pr\u00e8s de 40 mph (63 km\/h), son second contact avec la piste s&rsquo;est effectu\u00e9 avec une Honda CBR 1000 RR**, plus a propos. Revenu \u00e0 Estoril o\u00f9 se joue le grand prix du Portugal ce week-end, le Kid du Kentucky a fait part \u00e0 la commission de s\u00e9curit\u00e9 du MotoGP de ses impressions plus que favorables. <\/p>\n<p><em>*accessoirement, la plus grande enceinte sportive du monde, selon le Guiness Book of Records.<br \/><\/em><\/p>\n<p><em>**une superbike, et non sa <a href=\"http:\/\/world.honda.com\/MotoGP\/spec\/\">RC212V<\/a>, pour \u00e9viter qu&rsquo;il ne soit favoris\u00e9 par rapport aux autres pilotes de sa cat\u00e9gorie par un roulage avant l&rsquo;heure.<br \/><\/em><\/p>\n<p><a href=\"http:\/\/clabedan.typepad.com\/.shared\/image.html?\/photos\/uncategorized\/2008\/04\/11\/hayden_inaugure_indy_motogp_7.jpg\"><img loading=\"lazy\" decoding=\"async\" width=\"470\" height=\"310\"  alt=\"Hayden_inaugure_indy_motogp_7\" src=\"http:\/\/www.leblogmoto.com\/images\/2008\/04\/11\/hayden_inaugure_indy_motogp_7.jpg\" \/><\/a> <\/p>\n<p><a href=\"http:\/\/blogs.thesocialmedia.com\/leblogmoto\/files\/2012\/07\/hayden_inaugure_indy_motogp_6.jpg\"><img loading=\"lazy\" decoding=\"async\" width=\"470\" height=\"312\"  alt=\"Hayden_inaugure_indy_motogp_6\" src=\"http:\/\/www.leblogmoto.com\/images\/2008\/04\/11\/hayden_inaugure_indy_motogp_6.jpg\" \/><\/a><\/p>\n<p><a href=\"http:\/\/blogs.thesocialmedia.com\/leblogmoto\/files\/2012\/07\/hayden_inaugure_indy_motogp_5.jpg\"><img loading=\"lazy\" decoding=\"async\" width=\"470\" height=\"311\"  alt=\"Hayden_inaugure_indy_motogp_5\" src=\"http:\/\/www.leblogmoto.com\/images\/2008\/04\/11\/hayden_inaugure_indy_motogp_5.jpg\" \/><\/a><\/p>\n<p><a href=\"http:\/\/blogs.thesocialmedia.com\/leblogmoto\/files\/2012\/07\/hayden_inaugure_indy_motogp_4.jpg\"><img loading=\"lazy\" decoding=\"async\" width=\"470\" height=\"713\"  alt=\"Hayden_inaugure_indy_motogp_4\" src=\"http:\/\/www.leblogmoto.com\/images\/2008\/04\/11\/hayden_inaugure_indy_motogp_4.jpg\" \/><\/a><\/p>\n<p><a href=\"http:\/\/blogs.thesocialmedia.com\/leblogmoto\/files\/2012\/07\/hayden_inaugure_indy_motogp_3.jpg\"><img loading=\"lazy\" decoding=\"async\" width=\"470\" height=\"312\"  alt=\"Hayden_inaugure_indy_motogp_3\" src=\"http:\/\/www.leblogmoto.com\/images\/2008\/04\/11\/hayden_inaugure_indy_motogp_3.jpg\" \/><\/a><\/p>\n<p><a href=\"http:\/\/blogs.thesocialmedia.com\/leblogmoto\/files\/2012\/07\/hayden_inaugure_indy_motogp_2.jpg\"><img loading=\"lazy\" decoding=\"async\" width=\"470\" height=\"707\"  alt=\"Hayden_inaugure_indy_motogp_2\" src=\"http:\/\/www.leblogmoto.com\/images\/2008\/04\/11\/hayden_inaugure_indy_motogp_2.jpg\" \/><\/a><\/p>\n<p><a href=\"http:\/\/blogs.thesocialmedia.com\/leblogmoto\/files\/2012\/07\/hayden_inaugure_indy_motogp_15.jpg\"><img loading=\"lazy\" decoding=\"async\" width=\"470\" height=\"312\"  alt=\"Hayden_inaugure_indy_motogp_15\" src=\"http:\/\/www.leblogmoto.com\/images\/2008\/04\/11\/hayden_inaugure_indy_motogp_15.jpg\" \/><\/a><\/p>\n<p><a href=\"http:\/\/blogs.thesocialmedia.com\/leblogmoto\/files\/2012\/07\/hayden_inaugure_indy_motogp_13.jpg\"><img loading=\"lazy\" decoding=\"async\" width=\"470\" height=\"310\"  alt=\"Hayden_inaugure_indy_motogp_13\" src=\"http:\/\/www.leblogmoto.com\/images\/2008\/04\/11\/hayden_inaugure_indy_motogp_13.jpg\" \/><\/a><\/p>\n<p><a href=\"http:\/\/blogs.thesocialmedia.com\/leblogmoto\/files\/2012\/07\/hayden_inaugure_indy_motogp_11.jpg\"><img loading=\"lazy\" decoding=\"async\" width=\"470\" height=\"312\"  alt=\"Hayden_inaugure_indy_motogp_11\" src=\"http:\/\/www.leblogmoto.com\/images\/2008\/04\/11\/hayden_inaugure_indy_motogp_11.jpg\" \/><\/a><\/p>\n<p><a href=\"http:\/\/blogs.thesocialmedia.com\/leblogmoto\/files\/2012\/07\/hayden_inaugure_indy_motogp_14.jpg\"><img loading=\"lazy\" decoding=\"async\" width=\"470\" height=\"311\"  alt=\"Hayden_inaugure_indy_motogp_14\" src=\"http:\/\/www.leblogmoto.com\/images\/2008\/04\/11\/hayden_inaugure_indy_motogp_14.jpg\" \/><\/a><\/p>\n<p><a href=\"http:\/\/blogs.thesocialmedia.com\/leblogmoto\/files\/2012\/07\/hayden_inaugure_indy_motogp_8.jpg\"><img loading=\"lazy\" decoding=\"async\" width=\"470\" height=\"309\"  alt=\"Hayden_inaugure_indy_motogp_8\" src=\"http:\/\/www.leblogmoto.com\/images\/2008\/04\/11\/hayden_inaugure_indy_motogp_8.jpg\" \/><\/a><\/p>\n<p><a href=\"http:\/\/blogs.thesocialmedia.com\/leblogmoto\/files\/2012\/07\/hayden_inaugure_indy_motogp_12.jpg\"><img loading=\"lazy\" decoding=\"async\" width=\"470\" height=\"311\"  alt=\"Hayden_inaugure_indy_motogp_12\" src=\"http:\/\/www.leblogmoto.com\/images\/2008\/04\/11\/hayden_inaugure_indy_motogp_12.jpg\" \/><\/a> <\/p>\n<p><em>source: moto-live<\/em><\/p>\n<p><em>cr\u00e9dit-photo: Indianapolis Speedway via motoblog.it<\/em> <\/p>\n","protected":false},"excerpt":{"rendered":"<p>Cette semaine le champion du monde 2006 qui a pour le moins rat\u00e9 son ann\u00e9e en tant que champion en titre, a \u00e9t\u00e9 le premier a rouler sur le nouveau layout d&rsquo;Indianapolis*. Et il l&rsquo;a fait de fa\u00e7on particuli\u00e8re, au guidon d&rsquo;une Indian d&rsquo;\u00e9poque (de 1909), et en tenue elle aussi d&rsquo;\u00e9poque. Apr\u00e8s avoir r\u00e9alis\u00e9 [&hellip;]<\/p>\n","protected":false},"author":324,"featured_media":0,"comment_status":"open","ping_status":"open","sticky":false,"template":"","format":"standard","meta":{"footnotes":""},"categories":[3,14,22],"tags":[],"class_list":["post-789","post","type-post","status-publish","format-standard","hentry","category-actualite","category-honda","category-motogp"],"yoast_head":"<!-- This site is optimized with the Yoast SEO plugin v26.0 - https:\/\/yoast.com\/wordpress\/plugins\/seo\/ -->\n<title>Hayden a inaugur\u00e9 le nouvel Indy sur une Indian. - leblogmoto.com<\/title>\n<meta name=\"robots\" content=\"index, follow, max-snippet:-1, max-image-preview:large, max-video-preview:-1\" \/>\n<link rel=\"canonical\" href=\"https:\/\/blogs.thesocialmedia.com\/leblogmoto\/2008\/04\/11\/hayden-impressi\/\" \/>\n<meta name=\"twitter:card\" content=\"summary_large_image\" \/>\n<meta name=\"twitter:title\" content=\"Hayden a inaugur\u00e9 le nouvel Indy sur une Indian. - leblogmoto.com\" \/>\n<meta name=\"twitter:description\" content=\"Cette semaine le champion du monde 2006 qui a pour le moins rat\u00e9 son ann\u00e9e en tant que champion en titre, a \u00e9t\u00e9 le premier a rouler sur le nouveau layout d&rsquo;Indianapolis*. Et il l&rsquo;a fait de fa\u00e7on particuli\u00e8re, au guidon d&rsquo;une Indian d&rsquo;\u00e9poque (de 1909), et en tenue elle aussi d&rsquo;\u00e9poque. Apr\u00e8s avoir r\u00e9alis\u00e9 [&hellip;]\" \/>\n<meta name=\"twitter:image\" content=\"http:\/\/www.leblogmoto.com\/images\/2008\/04\/11\/hayden_inaugure_indy_motogp_1.jpg\" \/>\n<meta name=\"twitter:label1\" content=\"\u00c9crit par\" \/>\n\t<meta name=\"twitter:data1\" content=\"benoit rieu\" \/>\n\t<meta name=\"twitter:label2\" content=\"Dur\u00e9e de lecture estim\u00e9e\" \/>\n\t<meta name=\"twitter:data2\" content=\"1 minute\" \/>\n<script type=\"application\/ld+json\" class=\"yoast-schema-graph\">{\"@context\":\"https:\/\/schema.org\",\"@graph\":[{\"@type\":\"WebPage\",\"@id\":\"https:\/\/blogs.thesocialmedia.com\/leblogmoto\/2008\/04\/11\/hayden-impressi\/\",\"url\":\"https:\/\/blogs.thesocialmedia.com\/leblogmoto\/2008\/04\/11\/hayden-impressi\/\",\"name\":\"Hayden a inaugur\u00e9 le nouvel Indy sur une Indian. - leblogmoto.com\",\"isPartOf\":{\"@id\":\"https:\/\/blogs.thesocialmedia.com\/leblogmoto\/#website\"},\"primaryImageOfPage\":{\"@id\":\"https:\/\/blogs.thesocialmedia.com\/leblogmoto\/2008\/04\/11\/hayden-impressi\/#primaryimage\"},\"image\":{\"@id\":\"https:\/\/blogs.thesocialmedia.com\/leblogmoto\/2008\/04\/11\/hayden-impressi\/#primaryimage\"},\"thumbnailUrl\":\"http:\/\/www.leblogmoto.com\/images\/2008\/04\/11\/hayden_inaugure_indy_motogp_1.jpg\",\"datePublished\":\"2008-04-11T22:07:33+00:00\",\"dateModified\":\"2012-07-11T15:36:19+00:00\",\"author\":{\"@id\":\"https:\/\/blogs.thesocialmedia.com\/leblogmoto\/#\/schema\/person\/18bfe773e5725ed6d24f743da805362a\"},\"breadcrumb\":{\"@id\":\"https:\/\/blogs.thesocialmedia.com\/leblogmoto\/2008\/04\/11\/hayden-impressi\/#breadcrumb\"},\"inLanguage\":\"fr-FR\",\"potentialAction\":[{\"@type\":\"ReadAction\",\"target\":[\"https:\/\/blogs.thesocialmedia.com\/leblogmoto\/2008\/04\/11\/hayden-impressi\/\"]}]},{\"@type\":\"ImageObject\",\"inLanguage\":\"fr-FR\",\"@id\":\"https:\/\/blogs.thesocialmedia.com\/leblogmoto\/2008\/04\/11\/hayden-impressi\/#primaryimage\",\"url\":\"http:\/\/www.leblogmoto.com\/images\/2008\/04\/11\/hayden_inaugure_indy_motogp_1.jpg\",\"contentUrl\":\"http:\/\/www.leblogmoto.com\/images\/2008\/04\/11\/hayden_inaugure_indy_motogp_1.jpg\"},{\"@type\":\"BreadcrumbList\",\"@id\":\"https:\/\/blogs.thesocialmedia.com\/leblogmoto\/2008\/04\/11\/hayden-impressi\/#breadcrumb\",\"itemListElement\":[{\"@type\":\"ListItem\",\"position\":1,\"name\":\"Accueil\",\"item\":\"https:\/\/blogs.thesocialmedia.com\/leblogmoto\/\"},{\"@type\":\"ListItem\",\"position\":2,\"name\":\"Hayden a inaugur\u00e9 le nouvel Indy sur une Indian.\"}]},{\"@type\":\"WebSite\",\"@id\":\"https:\/\/blogs.thesocialmedia.com\/leblogmoto\/#website\",\"url\":\"https:\/\/blogs.thesocialmedia.com\/leblogmoto\/\",\"name\":\"leblogmoto\",\"description\":\"Toute l&#039;actualit\u00e9 des 2 roues\",\"potentialAction\":[{\"@type\":\"SearchAction\",\"target\":{\"@type\":\"EntryPoint\",\"urlTemplate\":\"https:\/\/blogs.thesocialmedia.com\/leblogmoto\/?s={search_term_string}\"},\"query-input\":{\"@type\":\"PropertyValueSpecification\",\"valueRequired\":true,\"valueName\":\"search_term_string\"}}],\"inLanguage\":\"fr-FR\"},{\"@type\":\"Person\",\"@id\":\"https:\/\/blogs.thesocialmedia.com\/leblogmoto\/#\/schema\/person\/18bfe773e5725ed6d24f743da805362a\",\"name\":\"benoit rieu\",\"image\":{\"@type\":\"ImageObject\",\"inLanguage\":\"fr-FR\",\"@id\":\"https:\/\/blogs.thesocialmedia.com\/leblogmoto\/#\/schema\/person\/image\/\",\"url\":\"https:\/\/secure.gravatar.com\/avatar\/?s=96&d=mm&r=g\",\"contentUrl\":\"https:\/\/secure.gravatar.com\/avatar\/?s=96&d=mm&r=g\",\"caption\":\"benoit rieu\"},\"url\":\"https:\/\/blogs.thesocialmedia.com\/leblogmoto\/author\/benoit-rieu\/\"}]}<\/script>\n<!-- \/ Yoast SEO plugin. -->","yoast_head_json":{"title":"Hayden a inaugur\u00e9 le nouvel Indy sur une Indian. - leblogmoto.com","robots":{"index":"index","follow":"follow","max-snippet":"max-snippet:-1","max-image-preview":"max-image-preview:large","max-video-preview":"max-video-preview:-1"},"canonical":"https:\/\/blogs.thesocialmedia.com\/leblogmoto\/2008\/04\/11\/hayden-impressi\/","twitter_card":"summary_large_image","twitter_title":"Hayden a inaugur\u00e9 le nouvel Indy sur une Indian. - leblogmoto.com","twitter_description":"Cette semaine le champion du monde 2006 qui a pour le moins rat\u00e9 son ann\u00e9e en tant que champion en titre, a \u00e9t\u00e9 le premier a rouler sur le nouveau layout d&rsquo;Indianapolis*. Et il l&rsquo;a fait de fa\u00e7on particuli\u00e8re, au guidon d&rsquo;une Indian d&rsquo;\u00e9poque (de 1909), et en tenue elle aussi d&rsquo;\u00e9poque. Apr\u00e8s avoir r\u00e9alis\u00e9 [&hellip;]","twitter_image":"http:\/\/www.leblogmoto.com\/images\/2008\/04\/11\/hayden_inaugure_indy_motogp_1.jpg","twitter_misc":{"\u00c9crit par":"benoit rieu","Dur\u00e9e de lecture estim\u00e9e":"1 minute"},"schema":{"@context":"https:\/\/schema.org","@graph":[{"@type":"WebPage","@id":"https:\/\/blogs.thesocialmedia.com\/leblogmoto\/2008\/04\/11\/hayden-impressi\/","url":"https:\/\/blogs.thesocialmedia.com\/leblogmoto\/2008\/04\/11\/hayden-impressi\/","name":"Hayden a inaugur\u00e9 le nouvel Indy sur une Indian. - leblogmoto.com","isPartOf":{"@id":"https:\/\/blogs.thesocialmedia.com\/leblogmoto\/#website"},"primaryImageOfPage":{"@id":"https:\/\/blogs.thesocialmedia.com\/leblogmoto\/2008\/04\/11\/hayden-impressi\/#primaryimage"},"image":{"@id":"https:\/\/blogs.thesocialmedia.com\/leblogmoto\/2008\/04\/11\/hayden-impressi\/#primaryimage"},"thumbnailUrl":"http:\/\/www.leblogmoto.com\/images\/2008\/04\/11\/hayden_inaugure_indy_motogp_1.jpg","datePublished":"2008-04-11T22:07:33+00:00","dateModified":"2012-07-11T15:36:19+00:00","author":{"@id":"https:\/\/blogs.thesocialmedia.com\/leblogmoto\/#\/schema\/person\/18bfe773e5725ed6d24f743da805362a"},"breadcrumb":{"@id":"https:\/\/blogs.thesocialmedia.com\/leblogmoto\/2008\/04\/11\/hayden-impressi\/#breadcrumb"},"inLanguage":"fr-FR","potentialAction":[{"@type":"ReadAction","target":["https:\/\/blogs.thesocialmedia.com\/leblogmoto\/2008\/04\/11\/hayden-impressi\/"]}]},{"@type":"ImageObject","inLanguage":"fr-FR","@id":"https:\/\/blogs.thesocialmedia.com\/leblogmoto\/2008\/04\/11\/hayden-impressi\/#primaryimage","url":"http:\/\/www.leblogmoto.com\/images\/2008\/04\/11\/hayden_inaugure_indy_motogp_1.jpg","contentUrl":"http:\/\/www.leblogmoto.com\/images\/2008\/04\/11\/hayden_inaugure_indy_motogp_1.jpg"},{"@type":"BreadcrumbList","@id":"https:\/\/blogs.thesocialmedia.com\/leblogmoto\/2008\/04\/11\/hayden-impressi\/#breadcrumb","itemListElement":[{"@type":"ListItem","position":1,"name":"Accueil","item":"https:\/\/blogs.thesocialmedia.com\/leblogmoto\/"},{"@type":"ListItem","position":2,"name":"Hayden a inaugur\u00e9 le nouvel Indy sur une Indian."}]},{"@type":"WebSite","@id":"https:\/\/blogs.thesocialmedia.com\/leblogmoto\/#website","url":"https:\/\/blogs.thesocialmedia.com\/leblogmoto\/","name":"leblogmoto","description":"Toute l&#039;actualit\u00e9 des 2 roues","potentialAction":[{"@type":"SearchAction","target":{"@type":"EntryPoint","urlTemplate":"https:\/\/blogs.thesocialmedia.com\/leblogmoto\/?s={search_term_string}"},"query-input":{"@type":"PropertyValueSpecification","valueRequired":true,"valueName":"search_term_string"}}],"inLanguage":"fr-FR"},{"@type":"Person","@id":"https:\/\/blogs.thesocialmedia.com\/leblogmoto\/#\/schema\/person\/18bfe773e5725ed6d24f743da805362a","name":"benoit rieu","image":{"@type":"ImageObject","inLanguage":"fr-FR","@id":"https:\/\/blogs.thesocialmedia.com\/leblogmoto\/#\/schema\/person\/image\/","url":"https:\/\/secure.gravatar.com\/avatar\/?s=96&d=mm&r=g","contentUrl":"https:\/\/secure.gravatar.com\/avatar\/?s=96&d=mm&r=g","caption":"benoit rieu"},"url":"https:\/\/blogs.thesocialmedia.com\/leblogmoto\/author\/benoit-rieu\/"}]}},"_links":{"self":[{"href":"https:\/\/blogs.thesocialmedia.com\/leblogmoto\/wp-json\/wp\/v2\/posts\/789","targetHints":{"allow":["GET"]}}],"collection":[{"href":"https:\/\/blogs.thesocialmedia.com\/leblogmoto\/wp-json\/wp\/v2\/posts"}],"about":[{"href":"https:\/\/blogs.thesocialmedia.com\/leblogmoto\/wp-json\/wp\/v2\/types\/post"}],"author":[{"embeddable":true,"href":"https:\/\/blogs.thesocialmedia.com\/leblogmoto\/wp-json\/wp\/v2\/users\/324"}],"replies":[{"embeddable":true,"href":"https:\/\/blogs.thesocialmedia.com\/leblogmoto\/wp-json\/wp\/v2\/comments?post=789"}],"version-history":[{"count":2,"href":"https:\/\/blogs.thesocialmedia.com\/leblogmoto\/wp-json\/wp\/v2\/posts\/789\/revisions"}],"predecessor-version":[{"id":10399,"href":"https:\/\/blogs.thesocialmedia.com\/leblogmoto\/wp-json\/wp\/v2\/posts\/789\/revisions\/10399"}],"wp:attachment":[{"href":"https:\/\/blogs.thesocialmedia.com\/leblogmoto\/wp-json\/wp\/v2\/media?parent=789"}],"wp:term":[{"taxonomy":"category","embeddable":true,"href":"https:\/\/blogs.thesocialmedia.com\/leblogmoto\/wp-json\/wp\/v2\/categories?post=789"},{"taxonomy":"post_tag","embeddable":true,"href":"https:\/\/blogs.thesocialmedia.com\/leblogmoto\/wp-json\/wp\/v2\/tags?post=789"}],"curies":[{"name":"wp","href":"https:\/\/api.w.org\/{rel}","templated":true}]}}