{"id":79,"date":"2009-07-05T23:54:06","date_gmt":"2009-07-05T23:54:06","guid":{"rendered":"http:\/\/blogs.thesocialmedia.com\/leblogmoto\/2009\/07\/05\/combinaison-spidi-dps\/"},"modified":"2012-07-11T17:35:36","modified_gmt":"2012-07-11T17:35:36","slug":"combinaison-spidi-dps","status":"publish","type":"post","link":"https:\/\/blogs.thesocialmedia.com\/leblogmoto\/2009\/07\/05\/combinaison-spidi-dps\/","title":{"rendered":"Le cuir de la semaine: combinaison Spidi avec Neck DPS."},"content":{"rendered":"<p><a href=\"http:\/\/blogs.thesocialmedia.com\/leblogmoto\/files\/2012\/07\/6a00d83451b18369e2011570cd4217970c-popup.png\"><img decoding=\"async\" alt=\"Moto Combinaison Spidi-DPS 2\" class=\"at-xid-6a00d83451b18369e2011570cd4217970c \" src=\"http:\/\/blogs.thesocialmedia.com\/leblogmoto\/files\/2012\/07\/6a00d83451b18369e2011570cd4217970c-500wi.jpg\" style=\"width: 470px\" \/><\/a> <\/p>\n<p>Le site <a href=\"http:\/\/www.motorcyclenews.com\/\">MCN<\/a> a d\u00e9voil\u00e9 le nouveau syst\u00e8me d&#039;airbag qui sera en vente en 2010 apr\u00e8s 15 ans (!) de d\u00e9veloppement nous dit-on. La marque italienne Spidi a apparemment une conception de la R&amp;D \u00e0 maturation lente. D&#039;autant que <a href=\"http:\/\/www.leblogmoto.com\/2007\/11\/le-dainese-d-ai.html\">Dainese est sur le coup<\/a> comme nous vous l&#039;avions montr\u00e9. L&#039;acronyme DPS signifie <em>Dispositivo Pneumatico di Sicurezza.<\/em>&#160;Nul besoin de traduire de la langue de Dante \u00e0 celle de Moli\u00e8re. Le d\u00e9clenchement de cette protection de la nuque s&#039;effectue apr\u00e8s la rupture* d&#039;une sorte de &quot;leash&quot; (seconde photo en pied), comme en surf pour retrouver votre planche, qui relie le dispositif \u00e0 un endroit sous la selle. Et il faut une force de plus de 25 KN pour l&#039;arracher. Ce qui exclut, toujours selon la firme, un d\u00e9clenchement intempestif. D&#039;apr\u00e8s le pitch de Pietro Zanetti, directeur du Laboratoire de S\u00e9curit\u00e9 de <a href=\"http:\/\/www.spidi.it\/spidi-jsp\/index.jsp?lang=en\">Spidi<\/a>:<\/p>\n<p>&quot;Depuis plus de 10 ans nous avons travaill\u00e9 pour diminuer le poids et le temps de d\u00e9ploiement du DPS. Le r\u00e9sultat obtenu est un nouveau produit aux performances sup\u00e9rieures aux attentes (on s&#039;en doute): une masse all\u00e9g\u00e9e de 60% et un temps d&#039;activation r\u00e9duit de 50%.&quot; Si nous en croyons les bons retours sur le blouson DPS03 de la m\u00eame marque, pour ce que nous avons pu en lire dans la presse, cela devrait \u00eatre un succ\u00e8s.<\/p>\n<p><em>*contrairement \u00e0 Dainese qui use d&#039;un syst\u00e8me complexe de gyroscope et acc\u00e9l\u00e9rom\u00e8tres. A l&#039;\u00e9poque on s&#039;\u00e9tonnait d\u00e9j\u00e0 du degr\u00e9 de technologie d\u00e9velopp\u00e9 par eux (voir article en lien). Contrairement \u00e0 l&#039;utilisation sur les blousons de la marque, d&#039;un cordon (et de sa rupture), que nous comparions pour son efficacit\u00e9 et sa simplicit\u00e9, \u00e0 l&#039;action sur une poign\u00e9e de parachute de secours.<\/em><\/p>\n<p><a href=\"http:\/\/clabedan.typepad.com\/.a\/6a00d83451b18369e2011570cd3f3c970c-popup\"><img decoding=\"async\" alt=\"Moto Combinaison Spidi-DPS\" class=\"at-xid-6a00d83451b18369e2011570cd3f3c970c \" src=\"http:\/\/blogs.thesocialmedia.com\/leblogmoto\/files\/2012\/07\/6a00d83451b18369e2011570cd3f3c970c-500wi.jpg\" style=\"width: 470px\" \/><\/a> <\/p>\n","protected":false},"excerpt":{"rendered":"<p>Le site MCN a d\u00e9voil\u00e9 le nouveau syst\u00e8me d&#039;airbag qui sera en vente en 2010 apr\u00e8s 15 ans (!) de d\u00e9veloppement nous dit-on. La marque italienne Spidi a apparemment une conception de la R&amp;D \u00e0 maturation lente. D&#039;autant que Dainese est sur le coup comme nous vous l&#039;avions montr\u00e9. L&#039;acronyme DPS signifie Dispositivo Pneumatico di [&hellip;]<\/p>\n","protected":false},"author":324,"featured_media":14007,"comment_status":"open","ping_status":"open","sticky":false,"template":"","format":"standard","meta":{"footnotes":""},"categories":[3,56],"tags":[],"class_list":["post-79","post","type-post","status-publish","format-standard","has-post-thumbnail","hentry","category-actualite","category-protections"],"yoast_head":"<!-- This site is optimized with the Yoast SEO plugin v26.0 - https:\/\/yoast.com\/wordpress\/plugins\/seo\/ -->\n<title>Le cuir de la semaine: combinaison Spidi avec Neck DPS. - leblogmoto.com<\/title>\n<meta name=\"robots\" content=\"index, follow, max-snippet:-1, max-image-preview:large, max-video-preview:-1\" \/>\n<link rel=\"canonical\" href=\"https:\/\/blogs.thesocialmedia.com\/leblogmoto\/2009\/07\/05\/combinaison-spidi-dps\/\" \/>\n<meta name=\"twitter:card\" content=\"summary_large_image\" \/>\n<meta name=\"twitter:title\" content=\"Le cuir de la semaine: combinaison Spidi avec Neck DPS. - leblogmoto.com\" \/>\n<meta name=\"twitter:description\" content=\"Le site MCN a d\u00e9voil\u00e9 le nouveau syst\u00e8me d&#039;airbag qui sera en vente en 2010 apr\u00e8s 15 ans (!) de d\u00e9veloppement nous dit-on. La marque italienne Spidi a apparemment une conception de la R&amp;D \u00e0 maturation lente. D&#039;autant que Dainese est sur le coup comme nous vous l&#039;avions montr\u00e9. L&#039;acronyme DPS signifie Dispositivo Pneumatico di [&hellip;]\" \/>\n<meta name=\"twitter:image\" content=\"https:\/\/blogs.thesocialmedia.com\/leblogmoto\/files\/2012\/07\/6a00d83451b18369e2011570cd4217970c-500wi.jpg\" \/>\n<meta name=\"twitter:label1\" content=\"\u00c9crit par\" \/>\n\t<meta name=\"twitter:data1\" content=\"benoit rieu\" \/>\n\t<meta name=\"twitter:label2\" content=\"Dur\u00e9e de lecture estim\u00e9e\" \/>\n\t<meta name=\"twitter:data2\" content=\"2 minutes\" \/>\n<script type=\"application\/ld+json\" class=\"yoast-schema-graph\">{\"@context\":\"https:\/\/schema.org\",\"@graph\":[{\"@type\":\"WebPage\",\"@id\":\"https:\/\/blogs.thesocialmedia.com\/leblogmoto\/2009\/07\/05\/combinaison-spidi-dps\/\",\"url\":\"https:\/\/blogs.thesocialmedia.com\/leblogmoto\/2009\/07\/05\/combinaison-spidi-dps\/\",\"name\":\"Le cuir de la semaine: combinaison Spidi avec Neck DPS. - leblogmoto.com\",\"isPartOf\":{\"@id\":\"https:\/\/blogs.thesocialmedia.com\/leblogmoto\/#website\"},\"primaryImageOfPage\":{\"@id\":\"https:\/\/blogs.thesocialmedia.com\/leblogmoto\/2009\/07\/05\/combinaison-spidi-dps\/#primaryimage\"},\"image\":{\"@id\":\"https:\/\/blogs.thesocialmedia.com\/leblogmoto\/2009\/07\/05\/combinaison-spidi-dps\/#primaryimage\"},\"thumbnailUrl\":\"https:\/\/blogs.thesocialmedia.com\/leblogmoto\/files\/2012\/07\/6a00d83451b18369e2011570cd4217970c-500wi.jpg\",\"datePublished\":\"2009-07-05T23:54:06+00:00\",\"dateModified\":\"2012-07-11T17:35:36+00:00\",\"author\":{\"@id\":\"https:\/\/blogs.thesocialmedia.com\/leblogmoto\/#\/schema\/person\/18bfe773e5725ed6d24f743da805362a\"},\"breadcrumb\":{\"@id\":\"https:\/\/blogs.thesocialmedia.com\/leblogmoto\/2009\/07\/05\/combinaison-spidi-dps\/#breadcrumb\"},\"inLanguage\":\"fr-FR\",\"potentialAction\":[{\"@type\":\"ReadAction\",\"target\":[\"https:\/\/blogs.thesocialmedia.com\/leblogmoto\/2009\/07\/05\/combinaison-spidi-dps\/\"]}]},{\"@type\":\"ImageObject\",\"inLanguage\":\"fr-FR\",\"@id\":\"https:\/\/blogs.thesocialmedia.com\/leblogmoto\/2009\/07\/05\/combinaison-spidi-dps\/#primaryimage\",\"url\":\"https:\/\/blogs.thesocialmedia.com\/leblogmoto\/files\/2012\/07\/6a00d83451b18369e2011570cd4217970c-500wi.jpg\",\"contentUrl\":\"https:\/\/blogs.thesocialmedia.com\/leblogmoto\/files\/2012\/07\/6a00d83451b18369e2011570cd4217970c-500wi.jpg\",\"width\":\"500\",\"height\":\"320\"},{\"@type\":\"BreadcrumbList\",\"@id\":\"https:\/\/blogs.thesocialmedia.com\/leblogmoto\/2009\/07\/05\/combinaison-spidi-dps\/#breadcrumb\",\"itemListElement\":[{\"@type\":\"ListItem\",\"position\":1,\"name\":\"Accueil\",\"item\":\"https:\/\/blogs.thesocialmedia.com\/leblogmoto\/\"},{\"@type\":\"ListItem\",\"position\":2,\"name\":\"Le cuir de la semaine: combinaison Spidi avec Neck DPS.\"}]},{\"@type\":\"WebSite\",\"@id\":\"https:\/\/blogs.thesocialmedia.com\/leblogmoto\/#website\",\"url\":\"https:\/\/blogs.thesocialmedia.com\/leblogmoto\/\",\"name\":\"leblogmoto\",\"description\":\"Toute l&#039;actualit\u00e9 des 2 roues\",\"potentialAction\":[{\"@type\":\"SearchAction\",\"target\":{\"@type\":\"EntryPoint\",\"urlTemplate\":\"https:\/\/blogs.thesocialmedia.com\/leblogmoto\/?s={search_term_string}\"},\"query-input\":{\"@type\":\"PropertyValueSpecification\",\"valueRequired\":true,\"valueName\":\"search_term_string\"}}],\"inLanguage\":\"fr-FR\"},{\"@type\":\"Person\",\"@id\":\"https:\/\/blogs.thesocialmedia.com\/leblogmoto\/#\/schema\/person\/18bfe773e5725ed6d24f743da805362a\",\"name\":\"benoit rieu\",\"image\":{\"@type\":\"ImageObject\",\"inLanguage\":\"fr-FR\",\"@id\":\"https:\/\/blogs.thesocialmedia.com\/leblogmoto\/#\/schema\/person\/image\/\",\"url\":\"https:\/\/secure.gravatar.com\/avatar\/?s=96&d=mm&r=g\",\"contentUrl\":\"https:\/\/secure.gravatar.com\/avatar\/?s=96&d=mm&r=g\",\"caption\":\"benoit rieu\"},\"url\":\"https:\/\/blogs.thesocialmedia.com\/leblogmoto\/author\/benoit-rieu\/\"}]}<\/script>\n<!-- \/ Yoast SEO plugin. -->","yoast_head_json":{"title":"Le cuir de la semaine: combinaison Spidi avec Neck DPS. - leblogmoto.com","robots":{"index":"index","follow":"follow","max-snippet":"max-snippet:-1","max-image-preview":"max-image-preview:large","max-video-preview":"max-video-preview:-1"},"canonical":"https:\/\/blogs.thesocialmedia.com\/leblogmoto\/2009\/07\/05\/combinaison-spidi-dps\/","twitter_card":"summary_large_image","twitter_title":"Le cuir de la semaine: combinaison Spidi avec Neck DPS. - leblogmoto.com","twitter_description":"Le site MCN a d\u00e9voil\u00e9 le nouveau syst\u00e8me d&#039;airbag qui sera en vente en 2010 apr\u00e8s 15 ans (!) de d\u00e9veloppement nous dit-on. La marque italienne Spidi a apparemment une conception de la R&amp;D \u00e0 maturation lente. D&#039;autant que Dainese est sur le coup comme nous vous l&#039;avions montr\u00e9. L&#039;acronyme DPS signifie Dispositivo Pneumatico di [&hellip;]","twitter_image":"https:\/\/blogs.thesocialmedia.com\/leblogmoto\/files\/2012\/07\/6a00d83451b18369e2011570cd4217970c-500wi.jpg","twitter_misc":{"\u00c9crit par":"benoit rieu","Dur\u00e9e de lecture estim\u00e9e":"2 minutes"},"schema":{"@context":"https:\/\/schema.org","@graph":[{"@type":"WebPage","@id":"https:\/\/blogs.thesocialmedia.com\/leblogmoto\/2009\/07\/05\/combinaison-spidi-dps\/","url":"https:\/\/blogs.thesocialmedia.com\/leblogmoto\/2009\/07\/05\/combinaison-spidi-dps\/","name":"Le cuir de la semaine: combinaison Spidi avec Neck DPS. - leblogmoto.com","isPartOf":{"@id":"https:\/\/blogs.thesocialmedia.com\/leblogmoto\/#website"},"primaryImageOfPage":{"@id":"https:\/\/blogs.thesocialmedia.com\/leblogmoto\/2009\/07\/05\/combinaison-spidi-dps\/#primaryimage"},"image":{"@id":"https:\/\/blogs.thesocialmedia.com\/leblogmoto\/2009\/07\/05\/combinaison-spidi-dps\/#primaryimage"},"thumbnailUrl":"https:\/\/blogs.thesocialmedia.com\/leblogmoto\/files\/2012\/07\/6a00d83451b18369e2011570cd4217970c-500wi.jpg","datePublished":"2009-07-05T23:54:06+00:00","dateModified":"2012-07-11T17:35:36+00:00","author":{"@id":"https:\/\/blogs.thesocialmedia.com\/leblogmoto\/#\/schema\/person\/18bfe773e5725ed6d24f743da805362a"},"breadcrumb":{"@id":"https:\/\/blogs.thesocialmedia.com\/leblogmoto\/2009\/07\/05\/combinaison-spidi-dps\/#breadcrumb"},"inLanguage":"fr-FR","potentialAction":[{"@type":"ReadAction","target":["https:\/\/blogs.thesocialmedia.com\/leblogmoto\/2009\/07\/05\/combinaison-spidi-dps\/"]}]},{"@type":"ImageObject","inLanguage":"fr-FR","@id":"https:\/\/blogs.thesocialmedia.com\/leblogmoto\/2009\/07\/05\/combinaison-spidi-dps\/#primaryimage","url":"https:\/\/blogs.thesocialmedia.com\/leblogmoto\/files\/2012\/07\/6a00d83451b18369e2011570cd4217970c-500wi.jpg","contentUrl":"https:\/\/blogs.thesocialmedia.com\/leblogmoto\/files\/2012\/07\/6a00d83451b18369e2011570cd4217970c-500wi.jpg","width":"500","height":"320"},{"@type":"BreadcrumbList","@id":"https:\/\/blogs.thesocialmedia.com\/leblogmoto\/2009\/07\/05\/combinaison-spidi-dps\/#breadcrumb","itemListElement":[{"@type":"ListItem","position":1,"name":"Accueil","item":"https:\/\/blogs.thesocialmedia.com\/leblogmoto\/"},{"@type":"ListItem","position":2,"name":"Le cuir de la semaine: combinaison Spidi avec Neck DPS."}]},{"@type":"WebSite","@id":"https:\/\/blogs.thesocialmedia.com\/leblogmoto\/#website","url":"https:\/\/blogs.thesocialmedia.com\/leblogmoto\/","name":"leblogmoto","description":"Toute l&#039;actualit\u00e9 des 2 roues","potentialAction":[{"@type":"SearchAction","target":{"@type":"EntryPoint","urlTemplate":"https:\/\/blogs.thesocialmedia.com\/leblogmoto\/?s={search_term_string}"},"query-input":{"@type":"PropertyValueSpecification","valueRequired":true,"valueName":"search_term_string"}}],"inLanguage":"fr-FR"},{"@type":"Person","@id":"https:\/\/blogs.thesocialmedia.com\/leblogmoto\/#\/schema\/person\/18bfe773e5725ed6d24f743da805362a","name":"benoit rieu","image":{"@type":"ImageObject","inLanguage":"fr-FR","@id":"https:\/\/blogs.thesocialmedia.com\/leblogmoto\/#\/schema\/person\/image\/","url":"https:\/\/secure.gravatar.com\/avatar\/?s=96&d=mm&r=g","contentUrl":"https:\/\/secure.gravatar.com\/avatar\/?s=96&d=mm&r=g","caption":"benoit rieu"},"url":"https:\/\/blogs.thesocialmedia.com\/leblogmoto\/author\/benoit-rieu\/"}]}},"_links":{"self":[{"href":"https:\/\/blogs.thesocialmedia.com\/leblogmoto\/wp-json\/wp\/v2\/posts\/79","targetHints":{"allow":["GET"]}}],"collection":[{"href":"https:\/\/blogs.thesocialmedia.com\/leblogmoto\/wp-json\/wp\/v2\/posts"}],"about":[{"href":"https:\/\/blogs.thesocialmedia.com\/leblogmoto\/wp-json\/wp\/v2\/types\/post"}],"author":[{"embeddable":true,"href":"https:\/\/blogs.thesocialmedia.com\/leblogmoto\/wp-json\/wp\/v2\/users\/324"}],"replies":[{"embeddable":true,"href":"https:\/\/blogs.thesocialmedia.com\/leblogmoto\/wp-json\/wp\/v2\/comments?post=79"}],"version-history":[{"count":2,"href":"https:\/\/blogs.thesocialmedia.com\/leblogmoto\/wp-json\/wp\/v2\/posts\/79\/revisions"}],"predecessor-version":[{"id":14010,"href":"https:\/\/blogs.thesocialmedia.com\/leblogmoto\/wp-json\/wp\/v2\/posts\/79\/revisions\/14010"}],"wp:featuredmedia":[{"embeddable":true,"href":"https:\/\/blogs.thesocialmedia.com\/leblogmoto\/wp-json\/wp\/v2\/media\/14007"}],"wp:attachment":[{"href":"https:\/\/blogs.thesocialmedia.com\/leblogmoto\/wp-json\/wp\/v2\/media?parent=79"}],"wp:term":[{"taxonomy":"category","embeddable":true,"href":"https:\/\/blogs.thesocialmedia.com\/leblogmoto\/wp-json\/wp\/v2\/categories?post=79"},{"taxonomy":"post_tag","embeddable":true,"href":"https:\/\/blogs.thesocialmedia.com\/leblogmoto\/wp-json\/wp\/v2\/tags?post=79"}],"curies":[{"name":"wp","href":"https:\/\/api.w.org\/{rel}","templated":true}]}}