{"id":790,"date":"2008-04-11T22:05:15","date_gmt":"2008-04-11T22:05:15","guid":{"rendered":"http:\/\/blogs.thesocialmedia.com\/leblogmoto\/2008\/04\/11\/kawasaki-se-fmi\/"},"modified":"2012-07-11T15:35:44","modified_gmt":"2012-07-11T15:35:44","slug":"kawasaki-se-fmi","status":"publish","type":"post","link":"https:\/\/blogs.thesocialmedia.com\/leblogmoto\/2008\/04\/11\/kawasaki-se-fmi\/","title":{"rendered":"Kawasaki France se f\u00e9minise et le fait savoir."},"content":{"rendered":"<p><a href=\"http:\/\/blogs.thesocialmedia.com\/leblogmoto\/files\/2012\/07\/moto_entreprise_kawasaki_femmes.jpg\"><img loading=\"lazy\" decoding=\"async\" height=\"324\" alt=\"Moto_entreprise_kawasaki_femmes\" src=\"http:\/\/www.leblogmoto.com\/images\/2008\/04\/11\/moto_entreprise_kawasaki_femmes.jpg\" width=\"470\"  \/><\/a> <\/p>\n<p>Est-ce un tournant dans la parit\u00e9 professionnelle, un signe envoy\u00e9 aux acheteuses potentielles ou simplement une reconnaissance des comp\u00e9tences ? Dans un milieu r\u00e9put\u00e9 misogyne, sinon viril, c&rsquo;est un trio exclusivement f\u00e9minin qui a accueilli les participants pour la pr\u00e9sentation des nouveaux mod\u00e8les <a href=\"http:\/\/www.kawasaki.fr\/\">Kawa<\/a> 2008. Et ce ne sont pas de traditionnelles h\u00f4tesses mais des femmes \u00e0 des postes de responsabilit\u00e9 qui se sont pr\u00eat\u00e9es au jeu de cette campagne de com&rsquo; interne au circuit Paul Ricard. <\/p>\n<p>Les concessionnaires du r\u00e9seau ont en effet \u00e9t\u00e9 re\u00e7us par Eiko Kirino, la directrice g\u00e9n\u00e9rale, \u00e9paul\u00e9e par Claire et Rachel en charge des op\u00e9rations ext\u00e9rieures. Cependant, il ne faut pas \u00eatre dupe, c&rsquo;est une campagne de com&rsquo; &quot;interne&quot; aux forts relents de plan de pub&rsquo; externe, comme la diffusion de ce communiqu\u00e9 par Kawasaki et &quot;gracieusement&quot; partag\u00e9 par la marque, le sous-entend. <\/p>\n<p>Mais si l&rsquo;on doit en passer par l\u00e0 pour accorder \u00e0 certaines la place qu&rsquo;elles m\u00e9ritent, ma foi pourquoi pas. Par contre des Converse AllStar pour manier le s\u00e9lecteur d&rsquo;une <a href=\"http:\/\/www.kawasaki.fr\/zx-10r\/\">ZX-10R<\/a> et sur circuit, malgr\u00e9 les renforts en caoutchouc, \u00e7a ne doit pas \u00eatre terrible madame, mademoiselle.<\/p>\n<p><em>source: communiqu\u00e9 Kawasaki.<\/em><\/p>\n","protected":false},"excerpt":{"rendered":"<p>Est-ce un tournant dans la parit\u00e9 professionnelle, un signe envoy\u00e9 aux acheteuses potentielles ou simplement une reconnaissance des comp\u00e9tences ? Dans un milieu r\u00e9put\u00e9 misogyne, sinon viril, c&rsquo;est un trio exclusivement f\u00e9minin qui a accueilli les participants pour la pr\u00e9sentation des nouveaux mod\u00e8les Kawa 2008. Et ce ne sont pas de traditionnelles h\u00f4tesses mais des [&hellip;]<\/p>\n","protected":false},"author":324,"featured_media":0,"comment_status":"open","ping_status":"open","sticky":false,"template":"","format":"standard","meta":{"footnotes":""},"categories":[49,45],"tags":[],"class_list":["post-790","post","type-post","status-publish","format-standard","hentry","category-actualites-entreprise","category-kawasaki"],"yoast_head":"<!-- This site is optimized with the Yoast SEO plugin v26.0 - https:\/\/yoast.com\/wordpress\/plugins\/seo\/ -->\n<title>Kawasaki France se f\u00e9minise et le fait savoir. - leblogmoto.com<\/title>\n<meta name=\"robots\" content=\"index, follow, max-snippet:-1, max-image-preview:large, max-video-preview:-1\" \/>\n<link rel=\"canonical\" href=\"https:\/\/blogs.thesocialmedia.com\/leblogmoto\/2008\/04\/11\/kawasaki-se-fmi\/\" \/>\n<meta name=\"twitter:card\" content=\"summary_large_image\" \/>\n<meta name=\"twitter:title\" content=\"Kawasaki France se f\u00e9minise et le fait savoir. - leblogmoto.com\" \/>\n<meta name=\"twitter:description\" content=\"Est-ce un tournant dans la parit\u00e9 professionnelle, un signe envoy\u00e9 aux acheteuses potentielles ou simplement une reconnaissance des comp\u00e9tences ? Dans un milieu r\u00e9put\u00e9 misogyne, sinon viril, c&rsquo;est un trio exclusivement f\u00e9minin qui a accueilli les participants pour la pr\u00e9sentation des nouveaux mod\u00e8les Kawa 2008. Et ce ne sont pas de traditionnelles h\u00f4tesses mais des [&hellip;]\" \/>\n<meta name=\"twitter:image\" content=\"http:\/\/www.leblogmoto.com\/images\/2008\/04\/11\/moto_entreprise_kawasaki_femmes.jpg\" \/>\n<meta name=\"twitter:label1\" content=\"\u00c9crit par\" \/>\n\t<meta name=\"twitter:data1\" content=\"benoit rieu\" \/>\n\t<meta name=\"twitter:label2\" content=\"Dur\u00e9e de lecture estim\u00e9e\" \/>\n\t<meta name=\"twitter:data2\" content=\"1 minute\" \/>\n<script type=\"application\/ld+json\" class=\"yoast-schema-graph\">{\"@context\":\"https:\/\/schema.org\",\"@graph\":[{\"@type\":\"WebPage\",\"@id\":\"https:\/\/blogs.thesocialmedia.com\/leblogmoto\/2008\/04\/11\/kawasaki-se-fmi\/\",\"url\":\"https:\/\/blogs.thesocialmedia.com\/leblogmoto\/2008\/04\/11\/kawasaki-se-fmi\/\",\"name\":\"Kawasaki France se f\u00e9minise et le fait savoir. - leblogmoto.com\",\"isPartOf\":{\"@id\":\"https:\/\/blogs.thesocialmedia.com\/leblogmoto\/#website\"},\"primaryImageOfPage\":{\"@id\":\"https:\/\/blogs.thesocialmedia.com\/leblogmoto\/2008\/04\/11\/kawasaki-se-fmi\/#primaryimage\"},\"image\":{\"@id\":\"https:\/\/blogs.thesocialmedia.com\/leblogmoto\/2008\/04\/11\/kawasaki-se-fmi\/#primaryimage\"},\"thumbnailUrl\":\"http:\/\/www.leblogmoto.com\/images\/2008\/04\/11\/moto_entreprise_kawasaki_femmes.jpg\",\"datePublished\":\"2008-04-11T22:05:15+00:00\",\"dateModified\":\"2012-07-11T15:35:44+00:00\",\"author\":{\"@id\":\"https:\/\/blogs.thesocialmedia.com\/leblogmoto\/#\/schema\/person\/18bfe773e5725ed6d24f743da805362a\"},\"breadcrumb\":{\"@id\":\"https:\/\/blogs.thesocialmedia.com\/leblogmoto\/2008\/04\/11\/kawasaki-se-fmi\/#breadcrumb\"},\"inLanguage\":\"fr-FR\",\"potentialAction\":[{\"@type\":\"ReadAction\",\"target\":[\"https:\/\/blogs.thesocialmedia.com\/leblogmoto\/2008\/04\/11\/kawasaki-se-fmi\/\"]}]},{\"@type\":\"ImageObject\",\"inLanguage\":\"fr-FR\",\"@id\":\"https:\/\/blogs.thesocialmedia.com\/leblogmoto\/2008\/04\/11\/kawasaki-se-fmi\/#primaryimage\",\"url\":\"http:\/\/www.leblogmoto.com\/images\/2008\/04\/11\/moto_entreprise_kawasaki_femmes.jpg\",\"contentUrl\":\"http:\/\/www.leblogmoto.com\/images\/2008\/04\/11\/moto_entreprise_kawasaki_femmes.jpg\"},{\"@type\":\"BreadcrumbList\",\"@id\":\"https:\/\/blogs.thesocialmedia.com\/leblogmoto\/2008\/04\/11\/kawasaki-se-fmi\/#breadcrumb\",\"itemListElement\":[{\"@type\":\"ListItem\",\"position\":1,\"name\":\"Accueil\",\"item\":\"https:\/\/blogs.thesocialmedia.com\/leblogmoto\/\"},{\"@type\":\"ListItem\",\"position\":2,\"name\":\"Kawasaki France se f\u00e9minise et le fait savoir.\"}]},{\"@type\":\"WebSite\",\"@id\":\"https:\/\/blogs.thesocialmedia.com\/leblogmoto\/#website\",\"url\":\"https:\/\/blogs.thesocialmedia.com\/leblogmoto\/\",\"name\":\"leblogmoto\",\"description\":\"Toute l&#039;actualit\u00e9 des 2 roues\",\"potentialAction\":[{\"@type\":\"SearchAction\",\"target\":{\"@type\":\"EntryPoint\",\"urlTemplate\":\"https:\/\/blogs.thesocialmedia.com\/leblogmoto\/?s={search_term_string}\"},\"query-input\":{\"@type\":\"PropertyValueSpecification\",\"valueRequired\":true,\"valueName\":\"search_term_string\"}}],\"inLanguage\":\"fr-FR\"},{\"@type\":\"Person\",\"@id\":\"https:\/\/blogs.thesocialmedia.com\/leblogmoto\/#\/schema\/person\/18bfe773e5725ed6d24f743da805362a\",\"name\":\"benoit rieu\",\"image\":{\"@type\":\"ImageObject\",\"inLanguage\":\"fr-FR\",\"@id\":\"https:\/\/blogs.thesocialmedia.com\/leblogmoto\/#\/schema\/person\/image\/\",\"url\":\"https:\/\/secure.gravatar.com\/avatar\/?s=96&d=mm&r=g\",\"contentUrl\":\"https:\/\/secure.gravatar.com\/avatar\/?s=96&d=mm&r=g\",\"caption\":\"benoit rieu\"},\"url\":\"https:\/\/blogs.thesocialmedia.com\/leblogmoto\/author\/benoit-rieu\/\"}]}<\/script>\n<!-- \/ Yoast SEO plugin. -->","yoast_head_json":{"title":"Kawasaki France se f\u00e9minise et le fait savoir. - leblogmoto.com","robots":{"index":"index","follow":"follow","max-snippet":"max-snippet:-1","max-image-preview":"max-image-preview:large","max-video-preview":"max-video-preview:-1"},"canonical":"https:\/\/blogs.thesocialmedia.com\/leblogmoto\/2008\/04\/11\/kawasaki-se-fmi\/","twitter_card":"summary_large_image","twitter_title":"Kawasaki France se f\u00e9minise et le fait savoir. - leblogmoto.com","twitter_description":"Est-ce un tournant dans la parit\u00e9 professionnelle, un signe envoy\u00e9 aux acheteuses potentielles ou simplement une reconnaissance des comp\u00e9tences ? Dans un milieu r\u00e9put\u00e9 misogyne, sinon viril, c&rsquo;est un trio exclusivement f\u00e9minin qui a accueilli les participants pour la pr\u00e9sentation des nouveaux mod\u00e8les Kawa 2008. Et ce ne sont pas de traditionnelles h\u00f4tesses mais des [&hellip;]","twitter_image":"http:\/\/www.leblogmoto.com\/images\/2008\/04\/11\/moto_entreprise_kawasaki_femmes.jpg","twitter_misc":{"\u00c9crit par":"benoit rieu","Dur\u00e9e de lecture estim\u00e9e":"1 minute"},"schema":{"@context":"https:\/\/schema.org","@graph":[{"@type":"WebPage","@id":"https:\/\/blogs.thesocialmedia.com\/leblogmoto\/2008\/04\/11\/kawasaki-se-fmi\/","url":"https:\/\/blogs.thesocialmedia.com\/leblogmoto\/2008\/04\/11\/kawasaki-se-fmi\/","name":"Kawasaki France se f\u00e9minise et le fait savoir. - leblogmoto.com","isPartOf":{"@id":"https:\/\/blogs.thesocialmedia.com\/leblogmoto\/#website"},"primaryImageOfPage":{"@id":"https:\/\/blogs.thesocialmedia.com\/leblogmoto\/2008\/04\/11\/kawasaki-se-fmi\/#primaryimage"},"image":{"@id":"https:\/\/blogs.thesocialmedia.com\/leblogmoto\/2008\/04\/11\/kawasaki-se-fmi\/#primaryimage"},"thumbnailUrl":"http:\/\/www.leblogmoto.com\/images\/2008\/04\/11\/moto_entreprise_kawasaki_femmes.jpg","datePublished":"2008-04-11T22:05:15+00:00","dateModified":"2012-07-11T15:35:44+00:00","author":{"@id":"https:\/\/blogs.thesocialmedia.com\/leblogmoto\/#\/schema\/person\/18bfe773e5725ed6d24f743da805362a"},"breadcrumb":{"@id":"https:\/\/blogs.thesocialmedia.com\/leblogmoto\/2008\/04\/11\/kawasaki-se-fmi\/#breadcrumb"},"inLanguage":"fr-FR","potentialAction":[{"@type":"ReadAction","target":["https:\/\/blogs.thesocialmedia.com\/leblogmoto\/2008\/04\/11\/kawasaki-se-fmi\/"]}]},{"@type":"ImageObject","inLanguage":"fr-FR","@id":"https:\/\/blogs.thesocialmedia.com\/leblogmoto\/2008\/04\/11\/kawasaki-se-fmi\/#primaryimage","url":"http:\/\/www.leblogmoto.com\/images\/2008\/04\/11\/moto_entreprise_kawasaki_femmes.jpg","contentUrl":"http:\/\/www.leblogmoto.com\/images\/2008\/04\/11\/moto_entreprise_kawasaki_femmes.jpg"},{"@type":"BreadcrumbList","@id":"https:\/\/blogs.thesocialmedia.com\/leblogmoto\/2008\/04\/11\/kawasaki-se-fmi\/#breadcrumb","itemListElement":[{"@type":"ListItem","position":1,"name":"Accueil","item":"https:\/\/blogs.thesocialmedia.com\/leblogmoto\/"},{"@type":"ListItem","position":2,"name":"Kawasaki France se f\u00e9minise et le fait savoir."}]},{"@type":"WebSite","@id":"https:\/\/blogs.thesocialmedia.com\/leblogmoto\/#website","url":"https:\/\/blogs.thesocialmedia.com\/leblogmoto\/","name":"leblogmoto","description":"Toute l&#039;actualit\u00e9 des 2 roues","potentialAction":[{"@type":"SearchAction","target":{"@type":"EntryPoint","urlTemplate":"https:\/\/blogs.thesocialmedia.com\/leblogmoto\/?s={search_term_string}"},"query-input":{"@type":"PropertyValueSpecification","valueRequired":true,"valueName":"search_term_string"}}],"inLanguage":"fr-FR"},{"@type":"Person","@id":"https:\/\/blogs.thesocialmedia.com\/leblogmoto\/#\/schema\/person\/18bfe773e5725ed6d24f743da805362a","name":"benoit rieu","image":{"@type":"ImageObject","inLanguage":"fr-FR","@id":"https:\/\/blogs.thesocialmedia.com\/leblogmoto\/#\/schema\/person\/image\/","url":"https:\/\/secure.gravatar.com\/avatar\/?s=96&d=mm&r=g","contentUrl":"https:\/\/secure.gravatar.com\/avatar\/?s=96&d=mm&r=g","caption":"benoit rieu"},"url":"https:\/\/blogs.thesocialmedia.com\/leblogmoto\/author\/benoit-rieu\/"}]}},"_links":{"self":[{"href":"https:\/\/blogs.thesocialmedia.com\/leblogmoto\/wp-json\/wp\/v2\/posts\/790","targetHints":{"allow":["GET"]}}],"collection":[{"href":"https:\/\/blogs.thesocialmedia.com\/leblogmoto\/wp-json\/wp\/v2\/posts"}],"about":[{"href":"https:\/\/blogs.thesocialmedia.com\/leblogmoto\/wp-json\/wp\/v2\/types\/post"}],"author":[{"embeddable":true,"href":"https:\/\/blogs.thesocialmedia.com\/leblogmoto\/wp-json\/wp\/v2\/users\/324"}],"replies":[{"embeddable":true,"href":"https:\/\/blogs.thesocialmedia.com\/leblogmoto\/wp-json\/wp\/v2\/comments?post=790"}],"version-history":[{"count":2,"href":"https:\/\/blogs.thesocialmedia.com\/leblogmoto\/wp-json\/wp\/v2\/posts\/790\/revisions"}],"predecessor-version":[{"id":10386,"href":"https:\/\/blogs.thesocialmedia.com\/leblogmoto\/wp-json\/wp\/v2\/posts\/790\/revisions\/10386"}],"wp:attachment":[{"href":"https:\/\/blogs.thesocialmedia.com\/leblogmoto\/wp-json\/wp\/v2\/media?parent=790"}],"wp:term":[{"taxonomy":"category","embeddable":true,"href":"https:\/\/blogs.thesocialmedia.com\/leblogmoto\/wp-json\/wp\/v2\/categories?post=790"},{"taxonomy":"post_tag","embeddable":true,"href":"https:\/\/blogs.thesocialmedia.com\/leblogmoto\/wp-json\/wp\/v2\/tags?post=790"}],"curies":[{"name":"wp","href":"https:\/\/api.w.org\/{rel}","templated":true}]}}