{"id":791,"date":"2008-04-11T02:07:09","date_gmt":"2008-04-11T02:07:09","guid":{"rendered":"http:\/\/blogs.thesocialmedia.com\/leblogmoto\/2008\/04\/11\/album-du-vend-1-12\/"},"modified":"2012-07-11T15:35:41","modified_gmt":"2012-07-11T15:35:41","slug":"album-du-vend-1-12","status":"publish","type":"post","link":"https:\/\/blogs.thesocialmedia.com\/leblogmoto\/2008\/04\/11\/album-du-vend-1-12\/","title":{"rendered":"Album du vendredi, Funambules"},"content":{"rendered":"<p><a href=\"http:\/\/blogs.thesocialmedia.com\/leblogmoto\/files\/2012\/07\/0sidecar.jpg\"><img loading=\"lazy\" decoding=\"async\" width=\"470\" height=\"259\"  src=\"http:\/\/www.leblogmoto.com\/images\/2008\/04\/10\/0sidecar.jpg\" alt=\"0sidecar\" \/><\/a> <\/p>\n<p>Pour plusieurs, deux roues, c&rsquo;est encore une de trop. Plus qu&rsquo;un moyen de transport, la moto devient pour ceux-l\u00e0 un moyen d&rsquo;expression. J&rsquo;ai donc fouill\u00e9 dans mon dossier \u00e0 malice pour en sortir ces images, images de magiciens pour qui la route n&rsquo;est pas qu&rsquo;une invitation au voyage, une destination ou pire encore, une simple surface, non, c&rsquo;est le bonheur d&rsquo;une apesanteur d\u00e9fi\u00e9e, se musclant les ailes pour rester au ciel.<\/p>\n<p><a href=\"http:\/\/blogs.thesocialmedia.com\/leblogmoto\/files\/2012\/07\/marc_knee_down_4_cut_800_2.jpg\"><img loading=\"lazy\" decoding=\"async\" width=\"470\" height=\"342\"  src=\"http:\/\/www.leblogmoto.com\/images\/2008\/04\/10\/marc_knee_down_4_cut_800_2.jpg\" alt=\"Marc_knee_down_4_cut_800_2\" \/><\/a> <br \/><a href=\"http:\/\/blogs.thesocialmedia.com\/leblogmoto\/files\/2012\/07\/comp250.jpg\"><img loading=\"lazy\" decoding=\"async\" width=\"470\" height=\"324\"  src=\"http:\/\/www.leblogmoto.com\/images\/2008\/04\/10\/comp250.jpg\" alt=\"Comp250\" \/><\/a> <\/p>\n<p><a href=\"http:\/\/blogs.thesocialmedia.com\/leblogmoto\/files\/2012\/07\/venicehack.jpg\"><img loading=\"lazy\" decoding=\"async\" width=\"470\" height=\"329\"  src=\"http:\/\/www.leblogmoto.com\/images\/2008\/04\/10\/venicehack.jpg\" alt=\"Venicehack\" \/><\/a> <\/p>\n<p><a href=\"http:\/\/blogs.thesocialmedia.com\/leblogmoto\/files\/2012\/07\/powerslide.jpg\"><img loading=\"lazy\" decoding=\"async\" width=\"470\" height=\"348\"  src=\"http:\/\/www.leblogmoto.com\/images\/2008\/04\/10\/powerslide.jpg\" alt=\"Powerslide\" \/><\/a> <\/p>\n<p><a href=\"http:\/\/blogs.thesocialmedia.com\/leblogmoto\/files\/2012\/07\/riding.jpg\"><img loading=\"lazy\" decoding=\"async\" width=\"470\" height=\"302\"  src=\"http:\/\/www.leblogmoto.com\/images\/2008\/04\/10\/riding.jpg\" alt=\"Riding\" \/><\/a> <\/p>\n<p><a href=\"http:\/\/blogs.thesocialmedia.com\/leblogmoto\/files\/2012\/07\/vigilantes.jpg\"><img loading=\"lazy\" decoding=\"async\" width=\"470\" height=\"306\"  src=\"http:\/\/www.leblogmoto.com\/images\/2008\/04\/10\/vigilantes.jpg\" alt=\"Vigilantes\" \/><\/a> <\/p>\n<p><a href=\"http:\/\/blogs.thesocialmedia.com\/leblogmoto\/files\/2012\/07\/0walldeathblog.jpg\"><img loading=\"lazy\" decoding=\"async\" width=\"470\" height=\"376\"  src=\"http:\/\/www.leblogmoto.com\/images\/2008\/04\/10\/0walldeathblog.jpg\" alt=\"0walldeathblog\" \/><\/a> <\/p>\n<p><a href=\"http:\/\/blogs.thesocialmedia.com\/leblogmoto\/files\/2012\/07\/59skipvanleeuwen.jpg\"><img loading=\"lazy\" decoding=\"async\" width=\"470\" height=\"353\"  src=\"http:\/\/www.leblogmoto.com\/images\/2008\/04\/10\/59skipvanleeuwen.jpg\" alt=\"59skipvanleeuwen\" \/><\/a> <\/p>\n<p><a href=\"http:\/\/blogs.thesocialmedia.com\/leblogmoto\/files\/2012\/07\/il2bmp.jpg\"><img loading=\"lazy\" decoding=\"async\" width=\"470\" height=\"312\"  src=\"http:\/\/www.leblogmoto.com\/images\/2008\/04\/10\/il2bmp.jpg\" alt=\"Il2bmp\" \/><\/a> <\/p>\n","protected":false},"excerpt":{"rendered":"<p>Pour plusieurs, deux roues, c&rsquo;est encore une de trop. Plus qu&rsquo;un moyen de transport, la moto devient pour ceux-l\u00e0 un moyen d&rsquo;expression. J&rsquo;ai donc fouill\u00e9 dans mon dossier \u00e0 malice pour en sortir ces images, images de magiciens pour qui la route n&rsquo;est pas qu&rsquo;une invitation au voyage, une destination ou pire encore, une simple [&hellip;]<\/p>\n","protected":false},"author":325,"featured_media":0,"comment_status":"open","ping_status":"open","sticky":false,"template":"","format":"standard","meta":{"footnotes":""},"categories":[8],"tags":[],"class_list":["post-791","post","type-post","status-publish","format-standard","hentry","category-chaines-et-cuirs"],"yoast_head":"<!-- This site is optimized with the Yoast SEO plugin v26.0 - https:\/\/yoast.com\/wordpress\/plugins\/seo\/ -->\n<title>Album du vendredi, Funambules - leblogmoto.com<\/title>\n<meta name=\"robots\" content=\"index, follow, max-snippet:-1, max-image-preview:large, max-video-preview:-1\" \/>\n<link rel=\"canonical\" href=\"https:\/\/blogs.thesocialmedia.com\/leblogmoto\/2008\/04\/11\/album-du-vend-1-12\/\" \/>\n<meta name=\"twitter:card\" content=\"summary_large_image\" \/>\n<meta name=\"twitter:title\" content=\"Album du vendredi, Funambules - leblogmoto.com\" \/>\n<meta name=\"twitter:description\" content=\"Pour plusieurs, deux roues, c&rsquo;est encore une de trop. Plus qu&rsquo;un moyen de transport, la moto devient pour ceux-l\u00e0 un moyen d&rsquo;expression. J&rsquo;ai donc fouill\u00e9 dans mon dossier \u00e0 malice pour en sortir ces images, images de magiciens pour qui la route n&rsquo;est pas qu&rsquo;une invitation au voyage, une destination ou pire encore, une simple [&hellip;]\" \/>\n<meta name=\"twitter:image\" content=\"http:\/\/www.leblogmoto.com\/images\/2008\/04\/10\/0sidecar.jpg\" \/>\n<meta name=\"twitter:label1\" content=\"\u00c9crit par\" \/>\n\t<meta name=\"twitter:data1\" content=\"jacques lesage\" \/>\n<script type=\"application\/ld+json\" class=\"yoast-schema-graph\">{\"@context\":\"https:\/\/schema.org\",\"@graph\":[{\"@type\":\"WebPage\",\"@id\":\"https:\/\/blogs.thesocialmedia.com\/leblogmoto\/2008\/04\/11\/album-du-vend-1-12\/\",\"url\":\"https:\/\/blogs.thesocialmedia.com\/leblogmoto\/2008\/04\/11\/album-du-vend-1-12\/\",\"name\":\"Album du vendredi, Funambules - leblogmoto.com\",\"isPartOf\":{\"@id\":\"https:\/\/blogs.thesocialmedia.com\/leblogmoto\/#website\"},\"primaryImageOfPage\":{\"@id\":\"https:\/\/blogs.thesocialmedia.com\/leblogmoto\/2008\/04\/11\/album-du-vend-1-12\/#primaryimage\"},\"image\":{\"@id\":\"https:\/\/blogs.thesocialmedia.com\/leblogmoto\/2008\/04\/11\/album-du-vend-1-12\/#primaryimage\"},\"thumbnailUrl\":\"http:\/\/www.leblogmoto.com\/images\/2008\/04\/10\/0sidecar.jpg\",\"datePublished\":\"2008-04-11T02:07:09+00:00\",\"dateModified\":\"2012-07-11T15:35:41+00:00\",\"author\":{\"@id\":\"https:\/\/blogs.thesocialmedia.com\/leblogmoto\/#\/schema\/person\/e82a0ca8a9a63d031586097a3ed58526\"},\"breadcrumb\":{\"@id\":\"https:\/\/blogs.thesocialmedia.com\/leblogmoto\/2008\/04\/11\/album-du-vend-1-12\/#breadcrumb\"},\"inLanguage\":\"fr-FR\",\"potentialAction\":[{\"@type\":\"ReadAction\",\"target\":[\"https:\/\/blogs.thesocialmedia.com\/leblogmoto\/2008\/04\/11\/album-du-vend-1-12\/\"]}]},{\"@type\":\"ImageObject\",\"inLanguage\":\"fr-FR\",\"@id\":\"https:\/\/blogs.thesocialmedia.com\/leblogmoto\/2008\/04\/11\/album-du-vend-1-12\/#primaryimage\",\"url\":\"http:\/\/www.leblogmoto.com\/images\/2008\/04\/10\/0sidecar.jpg\",\"contentUrl\":\"http:\/\/www.leblogmoto.com\/images\/2008\/04\/10\/0sidecar.jpg\"},{\"@type\":\"BreadcrumbList\",\"@id\":\"https:\/\/blogs.thesocialmedia.com\/leblogmoto\/2008\/04\/11\/album-du-vend-1-12\/#breadcrumb\",\"itemListElement\":[{\"@type\":\"ListItem\",\"position\":1,\"name\":\"Accueil\",\"item\":\"https:\/\/blogs.thesocialmedia.com\/leblogmoto\/\"},{\"@type\":\"ListItem\",\"position\":2,\"name\":\"Album du vendredi, Funambules\"}]},{\"@type\":\"WebSite\",\"@id\":\"https:\/\/blogs.thesocialmedia.com\/leblogmoto\/#website\",\"url\":\"https:\/\/blogs.thesocialmedia.com\/leblogmoto\/\",\"name\":\"leblogmoto\",\"description\":\"Toute l&#039;actualit\u00e9 des 2 roues\",\"potentialAction\":[{\"@type\":\"SearchAction\",\"target\":{\"@type\":\"EntryPoint\",\"urlTemplate\":\"https:\/\/blogs.thesocialmedia.com\/leblogmoto\/?s={search_term_string}\"},\"query-input\":{\"@type\":\"PropertyValueSpecification\",\"valueRequired\":true,\"valueName\":\"search_term_string\"}}],\"inLanguage\":\"fr-FR\"},{\"@type\":\"Person\",\"@id\":\"https:\/\/blogs.thesocialmedia.com\/leblogmoto\/#\/schema\/person\/e82a0ca8a9a63d031586097a3ed58526\",\"name\":\"jacques lesage\",\"image\":{\"@type\":\"ImageObject\",\"inLanguage\":\"fr-FR\",\"@id\":\"https:\/\/blogs.thesocialmedia.com\/leblogmoto\/#\/schema\/person\/image\/\",\"url\":\"https:\/\/secure.gravatar.com\/avatar\/?s=96&d=mm&r=g\",\"contentUrl\":\"https:\/\/secure.gravatar.com\/avatar\/?s=96&d=mm&r=g\",\"caption\":\"jacques lesage\"},\"url\":\"https:\/\/blogs.thesocialmedia.com\/leblogmoto\/author\/jacques-lesage\/\"}]}<\/script>\n<!-- \/ Yoast SEO plugin. -->","yoast_head_json":{"title":"Album du vendredi, Funambules - leblogmoto.com","robots":{"index":"index","follow":"follow","max-snippet":"max-snippet:-1","max-image-preview":"max-image-preview:large","max-video-preview":"max-video-preview:-1"},"canonical":"https:\/\/blogs.thesocialmedia.com\/leblogmoto\/2008\/04\/11\/album-du-vend-1-12\/","twitter_card":"summary_large_image","twitter_title":"Album du vendredi, Funambules - leblogmoto.com","twitter_description":"Pour plusieurs, deux roues, c&rsquo;est encore une de trop. Plus qu&rsquo;un moyen de transport, la moto devient pour ceux-l\u00e0 un moyen d&rsquo;expression. J&rsquo;ai donc fouill\u00e9 dans mon dossier \u00e0 malice pour en sortir ces images, images de magiciens pour qui la route n&rsquo;est pas qu&rsquo;une invitation au voyage, une destination ou pire encore, une simple [&hellip;]","twitter_image":"http:\/\/www.leblogmoto.com\/images\/2008\/04\/10\/0sidecar.jpg","twitter_misc":{"\u00c9crit par":"jacques lesage"},"schema":{"@context":"https:\/\/schema.org","@graph":[{"@type":"WebPage","@id":"https:\/\/blogs.thesocialmedia.com\/leblogmoto\/2008\/04\/11\/album-du-vend-1-12\/","url":"https:\/\/blogs.thesocialmedia.com\/leblogmoto\/2008\/04\/11\/album-du-vend-1-12\/","name":"Album du vendredi, Funambules - leblogmoto.com","isPartOf":{"@id":"https:\/\/blogs.thesocialmedia.com\/leblogmoto\/#website"},"primaryImageOfPage":{"@id":"https:\/\/blogs.thesocialmedia.com\/leblogmoto\/2008\/04\/11\/album-du-vend-1-12\/#primaryimage"},"image":{"@id":"https:\/\/blogs.thesocialmedia.com\/leblogmoto\/2008\/04\/11\/album-du-vend-1-12\/#primaryimage"},"thumbnailUrl":"http:\/\/www.leblogmoto.com\/images\/2008\/04\/10\/0sidecar.jpg","datePublished":"2008-04-11T02:07:09+00:00","dateModified":"2012-07-11T15:35:41+00:00","author":{"@id":"https:\/\/blogs.thesocialmedia.com\/leblogmoto\/#\/schema\/person\/e82a0ca8a9a63d031586097a3ed58526"},"breadcrumb":{"@id":"https:\/\/blogs.thesocialmedia.com\/leblogmoto\/2008\/04\/11\/album-du-vend-1-12\/#breadcrumb"},"inLanguage":"fr-FR","potentialAction":[{"@type":"ReadAction","target":["https:\/\/blogs.thesocialmedia.com\/leblogmoto\/2008\/04\/11\/album-du-vend-1-12\/"]}]},{"@type":"ImageObject","inLanguage":"fr-FR","@id":"https:\/\/blogs.thesocialmedia.com\/leblogmoto\/2008\/04\/11\/album-du-vend-1-12\/#primaryimage","url":"http:\/\/www.leblogmoto.com\/images\/2008\/04\/10\/0sidecar.jpg","contentUrl":"http:\/\/www.leblogmoto.com\/images\/2008\/04\/10\/0sidecar.jpg"},{"@type":"BreadcrumbList","@id":"https:\/\/blogs.thesocialmedia.com\/leblogmoto\/2008\/04\/11\/album-du-vend-1-12\/#breadcrumb","itemListElement":[{"@type":"ListItem","position":1,"name":"Accueil","item":"https:\/\/blogs.thesocialmedia.com\/leblogmoto\/"},{"@type":"ListItem","position":2,"name":"Album du vendredi, Funambules"}]},{"@type":"WebSite","@id":"https:\/\/blogs.thesocialmedia.com\/leblogmoto\/#website","url":"https:\/\/blogs.thesocialmedia.com\/leblogmoto\/","name":"leblogmoto","description":"Toute l&#039;actualit\u00e9 des 2 roues","potentialAction":[{"@type":"SearchAction","target":{"@type":"EntryPoint","urlTemplate":"https:\/\/blogs.thesocialmedia.com\/leblogmoto\/?s={search_term_string}"},"query-input":{"@type":"PropertyValueSpecification","valueRequired":true,"valueName":"search_term_string"}}],"inLanguage":"fr-FR"},{"@type":"Person","@id":"https:\/\/blogs.thesocialmedia.com\/leblogmoto\/#\/schema\/person\/e82a0ca8a9a63d031586097a3ed58526","name":"jacques lesage","image":{"@type":"ImageObject","inLanguage":"fr-FR","@id":"https:\/\/blogs.thesocialmedia.com\/leblogmoto\/#\/schema\/person\/image\/","url":"https:\/\/secure.gravatar.com\/avatar\/?s=96&d=mm&r=g","contentUrl":"https:\/\/secure.gravatar.com\/avatar\/?s=96&d=mm&r=g","caption":"jacques lesage"},"url":"https:\/\/blogs.thesocialmedia.com\/leblogmoto\/author\/jacques-lesage\/"}]}},"_links":{"self":[{"href":"https:\/\/blogs.thesocialmedia.com\/leblogmoto\/wp-json\/wp\/v2\/posts\/791","targetHints":{"allow":["GET"]}}],"collection":[{"href":"https:\/\/blogs.thesocialmedia.com\/leblogmoto\/wp-json\/wp\/v2\/posts"}],"about":[{"href":"https:\/\/blogs.thesocialmedia.com\/leblogmoto\/wp-json\/wp\/v2\/types\/post"}],"author":[{"embeddable":true,"href":"https:\/\/blogs.thesocialmedia.com\/leblogmoto\/wp-json\/wp\/v2\/users\/325"}],"replies":[{"embeddable":true,"href":"https:\/\/blogs.thesocialmedia.com\/leblogmoto\/wp-json\/wp\/v2\/comments?post=791"}],"version-history":[{"count":2,"href":"https:\/\/blogs.thesocialmedia.com\/leblogmoto\/wp-json\/wp\/v2\/posts\/791\/revisions"}],"predecessor-version":[{"id":10384,"href":"https:\/\/blogs.thesocialmedia.com\/leblogmoto\/wp-json\/wp\/v2\/posts\/791\/revisions\/10384"}],"wp:attachment":[{"href":"https:\/\/blogs.thesocialmedia.com\/leblogmoto\/wp-json\/wp\/v2\/media?parent=791"}],"wp:term":[{"taxonomy":"category","embeddable":true,"href":"https:\/\/blogs.thesocialmedia.com\/leblogmoto\/wp-json\/wp\/v2\/categories?post=791"},{"taxonomy":"post_tag","embeddable":true,"href":"https:\/\/blogs.thesocialmedia.com\/leblogmoto\/wp-json\/wp\/v2\/tags?post=791"}],"curies":[{"name":"wp","href":"https:\/\/api.w.org\/{rel}","templated":true}]}}