{"id":794,"date":"2008-04-10T16:36:02","date_gmt":"2008-04-10T16:36:02","guid":{"rendered":"http:\/\/blogs.thesocialmedia.com\/leblogmoto\/2008\/04\/10\/la-vido-corse-d\/"},"modified":"2012-07-11T13:22:38","modified_gmt":"2012-07-11T13:22:38","slug":"la-vido-corse-d","status":"publish","type":"post","link":"https:\/\/blogs.thesocialmedia.com\/leblogmoto\/2008\/04\/10\/la-vido-corse-d\/","title":{"rendered":"La vid\u00e9o cors\u00e9e du jour: Suzuki GSXR 750"},"content":{"rendered":"<p><a href=\"http:\/\/clabedan.typepad.com\/.shared\/image.html?\/photos\/uncategorized\/2008\/04\/09\/2008_suzuki_gsxr_750.jpeg\"><img loading=\"lazy\" decoding=\"async\" width=\"470\" height=\"331\"  src=\"http:\/\/www.leblogmoto.com\/images\/2008\/04\/09\/2008_suzuki_gsxr_750.jpeg\" alt=\"2008_suzuki_gsxr_750\" style=\"margin: 0px 5px 5px 0px;float: left\" \/><\/a> Impossible de manquer cet excellent reportage concernant la nouvelle <a href=\"http:\/\/www.leblogmoto.com\/2007\/09\/nouveaut-2008-s.html\">GSXR 750<\/a>. Un documentaire r\u00e9alis\u00e9 &quot;au p\u00e9ril de leur vie&quot; par les journalistes sans fronti\u00e8res du magazine&nbsp; Moto Journal&#8230; <\/p>\n<p>Pr\u00e9sent\u00e9e pour la premi\u00e8re fois en 1984 au Salon de Cologne la GSXR 750 n&rsquo;a eu de cesse d&rsquo;\u00e9voluer depuis. <\/p>\n<p>En attendant son essai pour la d\u00e9tailler et juger de sa maniabilit\u00e9 on croira sur parole la presse papier qui parle de cette machine en tant que &quot;meilleure sportive pour la route&quot;&#8230;<\/p>\n<p>Les plus de 150 cv de son moteur 4 cylindres en ligne 16 soupapes se n\u00e9gocient \u00e0 12229 euros. <\/p>\n<div><object width=\"480\" height=\"257\"><param name=\"movie\" value=\"http:\/\/www.dailymotion.com\/swf\/x4uaup&amp;v3=1&amp;related=0\" \/><param name=\"allowFullScreen\" value=\"true\" \/><param name=\"allowScriptAccess\" value=\"always\" \/><embed width=\"480\" height=\"257\" src=\"http:\/\/www.dailymotion.com\/swf\/x4uaup&amp;v3=1&amp;related=0\" type=\"application\/x-shockwave-flash\"><\/embed><\/object><br \/><strong>&nbsp;<\/strong><em><a href=\"http:\/\/www.dailymotion.com\/moto-journal\"><br \/><\/a><\/em><\/div>\n<p>A lire \u00e9galement:<\/p>\n<p><a href=\"http:\/\/www.leblogmoto.com\/2008\/01\/album-du-vend-4.html\">Album du Vendredi: Suzuki GSXR 750<\/a><\/p>\n<p><a href=\"http:\/\/www.leblogmoto.com\/2007\/09\/nouveaut-2008-s.html\">La nouvelle Suzuki GSXR 750<\/a><\/p>\n","protected":false},"excerpt":{"rendered":"<p>Impossible de manquer cet excellent reportage concernant la nouvelle GSXR 750. Un documentaire r\u00e9alis\u00e9 &quot;au p\u00e9ril de leur vie&quot; par les journalistes sans fronti\u00e8res du magazine&nbsp; Moto Journal&#8230; Pr\u00e9sent\u00e9e pour la premi\u00e8re fois en 1984 au Salon de Cologne la GSXR 750 n&rsquo;a eu de cesse d&rsquo;\u00e9voluer depuis. En attendant son essai pour la d\u00e9tailler [&hellip;]<\/p>\n","protected":false},"author":323,"featured_media":0,"comment_status":"open","ping_status":"open","sticky":false,"template":"","format":"standard","meta":{"footnotes":""},"categories":[51,12],"tags":[],"class_list":["post-794","post","type-post","status-publish","format-standard","hentry","category-suzuki","category-videos"],"yoast_head":"<!-- This site is optimized with the Yoast SEO plugin v26.0 - https:\/\/yoast.com\/wordpress\/plugins\/seo\/ -->\n<title>La vid\u00e9o cors\u00e9e du jour: Suzuki GSXR 750 - leblogmoto.com<\/title>\n<meta name=\"robots\" content=\"index, follow, max-snippet:-1, max-image-preview:large, max-video-preview:-1\" \/>\n<link rel=\"canonical\" href=\"https:\/\/blogs.thesocialmedia.com\/leblogmoto\/2008\/04\/10\/la-vido-corse-d\/\" \/>\n<meta name=\"twitter:card\" content=\"summary_large_image\" \/>\n<meta name=\"twitter:title\" content=\"La vid\u00e9o cors\u00e9e du jour: Suzuki GSXR 750 - leblogmoto.com\" \/>\n<meta name=\"twitter:description\" content=\"Impossible de manquer cet excellent reportage concernant la nouvelle GSXR 750. Un documentaire r\u00e9alis\u00e9 &quot;au p\u00e9ril de leur vie&quot; par les journalistes sans fronti\u00e8res du magazine&nbsp; Moto Journal&#8230; Pr\u00e9sent\u00e9e pour la premi\u00e8re fois en 1984 au Salon de Cologne la GSXR 750 n&rsquo;a eu de cesse d&rsquo;\u00e9voluer depuis. En attendant son essai pour la d\u00e9tailler [&hellip;]\" \/>\n<meta name=\"twitter:image\" content=\"http:\/\/www.leblogmoto.com\/images\/2008\/04\/09\/2008_suzuki_gsxr_750.jpeg\" \/>\n<meta name=\"twitter:label1\" content=\"\u00c9crit par\" \/>\n\t<meta name=\"twitter:data1\" content=\"albin le guyader\" \/>\n\t<meta name=\"twitter:label2\" content=\"Dur\u00e9e de lecture estim\u00e9e\" \/>\n\t<meta name=\"twitter:data2\" content=\"1 minute\" \/>\n<script type=\"application\/ld+json\" class=\"yoast-schema-graph\">{\"@context\":\"https:\/\/schema.org\",\"@graph\":[{\"@type\":\"WebPage\",\"@id\":\"https:\/\/blogs.thesocialmedia.com\/leblogmoto\/2008\/04\/10\/la-vido-corse-d\/\",\"url\":\"https:\/\/blogs.thesocialmedia.com\/leblogmoto\/2008\/04\/10\/la-vido-corse-d\/\",\"name\":\"La vid\u00e9o cors\u00e9e du jour: Suzuki GSXR 750 - leblogmoto.com\",\"isPartOf\":{\"@id\":\"https:\/\/blogs.thesocialmedia.com\/leblogmoto\/#website\"},\"primaryImageOfPage\":{\"@id\":\"https:\/\/blogs.thesocialmedia.com\/leblogmoto\/2008\/04\/10\/la-vido-corse-d\/#primaryimage\"},\"image\":{\"@id\":\"https:\/\/blogs.thesocialmedia.com\/leblogmoto\/2008\/04\/10\/la-vido-corse-d\/#primaryimage\"},\"thumbnailUrl\":\"http:\/\/www.leblogmoto.com\/images\/2008\/04\/09\/2008_suzuki_gsxr_750.jpeg\",\"datePublished\":\"2008-04-10T16:36:02+00:00\",\"dateModified\":\"2012-07-11T13:22:38+00:00\",\"author\":{\"@id\":\"https:\/\/blogs.thesocialmedia.com\/leblogmoto\/#\/schema\/person\/b496d27c898c29a39678e2425cafb9ae\"},\"breadcrumb\":{\"@id\":\"https:\/\/blogs.thesocialmedia.com\/leblogmoto\/2008\/04\/10\/la-vido-corse-d\/#breadcrumb\"},\"inLanguage\":\"fr-FR\",\"potentialAction\":[{\"@type\":\"ReadAction\",\"target\":[\"https:\/\/blogs.thesocialmedia.com\/leblogmoto\/2008\/04\/10\/la-vido-corse-d\/\"]}]},{\"@type\":\"ImageObject\",\"inLanguage\":\"fr-FR\",\"@id\":\"https:\/\/blogs.thesocialmedia.com\/leblogmoto\/2008\/04\/10\/la-vido-corse-d\/#primaryimage\",\"url\":\"http:\/\/www.leblogmoto.com\/images\/2008\/04\/09\/2008_suzuki_gsxr_750.jpeg\",\"contentUrl\":\"http:\/\/www.leblogmoto.com\/images\/2008\/04\/09\/2008_suzuki_gsxr_750.jpeg\"},{\"@type\":\"BreadcrumbList\",\"@id\":\"https:\/\/blogs.thesocialmedia.com\/leblogmoto\/2008\/04\/10\/la-vido-corse-d\/#breadcrumb\",\"itemListElement\":[{\"@type\":\"ListItem\",\"position\":1,\"name\":\"Accueil\",\"item\":\"https:\/\/blogs.thesocialmedia.com\/leblogmoto\/\"},{\"@type\":\"ListItem\",\"position\":2,\"name\":\"La vid\u00e9o cors\u00e9e du jour: Suzuki GSXR 750\"}]},{\"@type\":\"WebSite\",\"@id\":\"https:\/\/blogs.thesocialmedia.com\/leblogmoto\/#website\",\"url\":\"https:\/\/blogs.thesocialmedia.com\/leblogmoto\/\",\"name\":\"leblogmoto\",\"description\":\"Toute l&#039;actualit\u00e9 des 2 roues\",\"potentialAction\":[{\"@type\":\"SearchAction\",\"target\":{\"@type\":\"EntryPoint\",\"urlTemplate\":\"https:\/\/blogs.thesocialmedia.com\/leblogmoto\/?s={search_term_string}\"},\"query-input\":{\"@type\":\"PropertyValueSpecification\",\"valueRequired\":true,\"valueName\":\"search_term_string\"}}],\"inLanguage\":\"fr-FR\"},{\"@type\":\"Person\",\"@id\":\"https:\/\/blogs.thesocialmedia.com\/leblogmoto\/#\/schema\/person\/b496d27c898c29a39678e2425cafb9ae\",\"name\":\"albin le guyader\",\"image\":{\"@type\":\"ImageObject\",\"inLanguage\":\"fr-FR\",\"@id\":\"https:\/\/blogs.thesocialmedia.com\/leblogmoto\/#\/schema\/person\/image\/\",\"url\":\"https:\/\/secure.gravatar.com\/avatar\/?s=96&d=mm&r=g\",\"contentUrl\":\"https:\/\/secure.gravatar.com\/avatar\/?s=96&d=mm&r=g\",\"caption\":\"albin le guyader\"},\"url\":\"https:\/\/blogs.thesocialmedia.com\/leblogmoto\/author\/albin-le-guyader\/\"}]}<\/script>\n<!-- \/ Yoast SEO plugin. -->","yoast_head_json":{"title":"La vid\u00e9o cors\u00e9e du jour: Suzuki GSXR 750 - leblogmoto.com","robots":{"index":"index","follow":"follow","max-snippet":"max-snippet:-1","max-image-preview":"max-image-preview:large","max-video-preview":"max-video-preview:-1"},"canonical":"https:\/\/blogs.thesocialmedia.com\/leblogmoto\/2008\/04\/10\/la-vido-corse-d\/","twitter_card":"summary_large_image","twitter_title":"La vid\u00e9o cors\u00e9e du jour: Suzuki GSXR 750 - leblogmoto.com","twitter_description":"Impossible de manquer cet excellent reportage concernant la nouvelle GSXR 750. Un documentaire r\u00e9alis\u00e9 &quot;au p\u00e9ril de leur vie&quot; par les journalistes sans fronti\u00e8res du magazine&nbsp; Moto Journal&#8230; Pr\u00e9sent\u00e9e pour la premi\u00e8re fois en 1984 au Salon de Cologne la GSXR 750 n&rsquo;a eu de cesse d&rsquo;\u00e9voluer depuis. En attendant son essai pour la d\u00e9tailler [&hellip;]","twitter_image":"http:\/\/www.leblogmoto.com\/images\/2008\/04\/09\/2008_suzuki_gsxr_750.jpeg","twitter_misc":{"\u00c9crit par":"albin le guyader","Dur\u00e9e de lecture estim\u00e9e":"1 minute"},"schema":{"@context":"https:\/\/schema.org","@graph":[{"@type":"WebPage","@id":"https:\/\/blogs.thesocialmedia.com\/leblogmoto\/2008\/04\/10\/la-vido-corse-d\/","url":"https:\/\/blogs.thesocialmedia.com\/leblogmoto\/2008\/04\/10\/la-vido-corse-d\/","name":"La vid\u00e9o cors\u00e9e du jour: Suzuki GSXR 750 - leblogmoto.com","isPartOf":{"@id":"https:\/\/blogs.thesocialmedia.com\/leblogmoto\/#website"},"primaryImageOfPage":{"@id":"https:\/\/blogs.thesocialmedia.com\/leblogmoto\/2008\/04\/10\/la-vido-corse-d\/#primaryimage"},"image":{"@id":"https:\/\/blogs.thesocialmedia.com\/leblogmoto\/2008\/04\/10\/la-vido-corse-d\/#primaryimage"},"thumbnailUrl":"http:\/\/www.leblogmoto.com\/images\/2008\/04\/09\/2008_suzuki_gsxr_750.jpeg","datePublished":"2008-04-10T16:36:02+00:00","dateModified":"2012-07-11T13:22:38+00:00","author":{"@id":"https:\/\/blogs.thesocialmedia.com\/leblogmoto\/#\/schema\/person\/b496d27c898c29a39678e2425cafb9ae"},"breadcrumb":{"@id":"https:\/\/blogs.thesocialmedia.com\/leblogmoto\/2008\/04\/10\/la-vido-corse-d\/#breadcrumb"},"inLanguage":"fr-FR","potentialAction":[{"@type":"ReadAction","target":["https:\/\/blogs.thesocialmedia.com\/leblogmoto\/2008\/04\/10\/la-vido-corse-d\/"]}]},{"@type":"ImageObject","inLanguage":"fr-FR","@id":"https:\/\/blogs.thesocialmedia.com\/leblogmoto\/2008\/04\/10\/la-vido-corse-d\/#primaryimage","url":"http:\/\/www.leblogmoto.com\/images\/2008\/04\/09\/2008_suzuki_gsxr_750.jpeg","contentUrl":"http:\/\/www.leblogmoto.com\/images\/2008\/04\/09\/2008_suzuki_gsxr_750.jpeg"},{"@type":"BreadcrumbList","@id":"https:\/\/blogs.thesocialmedia.com\/leblogmoto\/2008\/04\/10\/la-vido-corse-d\/#breadcrumb","itemListElement":[{"@type":"ListItem","position":1,"name":"Accueil","item":"https:\/\/blogs.thesocialmedia.com\/leblogmoto\/"},{"@type":"ListItem","position":2,"name":"La vid\u00e9o cors\u00e9e du jour: Suzuki GSXR 750"}]},{"@type":"WebSite","@id":"https:\/\/blogs.thesocialmedia.com\/leblogmoto\/#website","url":"https:\/\/blogs.thesocialmedia.com\/leblogmoto\/","name":"leblogmoto","description":"Toute l&#039;actualit\u00e9 des 2 roues","potentialAction":[{"@type":"SearchAction","target":{"@type":"EntryPoint","urlTemplate":"https:\/\/blogs.thesocialmedia.com\/leblogmoto\/?s={search_term_string}"},"query-input":{"@type":"PropertyValueSpecification","valueRequired":true,"valueName":"search_term_string"}}],"inLanguage":"fr-FR"},{"@type":"Person","@id":"https:\/\/blogs.thesocialmedia.com\/leblogmoto\/#\/schema\/person\/b496d27c898c29a39678e2425cafb9ae","name":"albin le guyader","image":{"@type":"ImageObject","inLanguage":"fr-FR","@id":"https:\/\/blogs.thesocialmedia.com\/leblogmoto\/#\/schema\/person\/image\/","url":"https:\/\/secure.gravatar.com\/avatar\/?s=96&d=mm&r=g","contentUrl":"https:\/\/secure.gravatar.com\/avatar\/?s=96&d=mm&r=g","caption":"albin le guyader"},"url":"https:\/\/blogs.thesocialmedia.com\/leblogmoto\/author\/albin-le-guyader\/"}]}},"_links":{"self":[{"href":"https:\/\/blogs.thesocialmedia.com\/leblogmoto\/wp-json\/wp\/v2\/posts\/794","targetHints":{"allow":["GET"]}}],"collection":[{"href":"https:\/\/blogs.thesocialmedia.com\/leblogmoto\/wp-json\/wp\/v2\/posts"}],"about":[{"href":"https:\/\/blogs.thesocialmedia.com\/leblogmoto\/wp-json\/wp\/v2\/types\/post"}],"author":[{"embeddable":true,"href":"https:\/\/blogs.thesocialmedia.com\/leblogmoto\/wp-json\/wp\/v2\/users\/323"}],"replies":[{"embeddable":true,"href":"https:\/\/blogs.thesocialmedia.com\/leblogmoto\/wp-json\/wp\/v2\/comments?post=794"}],"version-history":[{"count":1,"href":"https:\/\/blogs.thesocialmedia.com\/leblogmoto\/wp-json\/wp\/v2\/posts\/794\/revisions"}],"predecessor-version":[{"id":4425,"href":"https:\/\/blogs.thesocialmedia.com\/leblogmoto\/wp-json\/wp\/v2\/posts\/794\/revisions\/4425"}],"wp:attachment":[{"href":"https:\/\/blogs.thesocialmedia.com\/leblogmoto\/wp-json\/wp\/v2\/media?parent=794"}],"wp:term":[{"taxonomy":"category","embeddable":true,"href":"https:\/\/blogs.thesocialmedia.com\/leblogmoto\/wp-json\/wp\/v2\/categories?post=794"},{"taxonomy":"post_tag","embeddable":true,"href":"https:\/\/blogs.thesocialmedia.com\/leblogmoto\/wp-json\/wp\/v2\/tags?post=794"}],"curies":[{"name":"wp","href":"https:\/\/api.w.org\/{rel}","templated":true}]}}