{"id":795,"date":"2008-04-10T01:39:00","date_gmt":"2008-04-10T01:39:00","guid":{"rendered":"http:\/\/blogs.thesocialmedia.com\/leblogmoto\/2008\/04\/10\/deux-roues-au-q\/"},"modified":"2012-07-11T15:34:58","modified_gmt":"2012-07-11T15:34:58","slug":"deux-roues-au-q","status":"publish","type":"post","link":"https:\/\/blogs.thesocialmedia.com\/leblogmoto\/2008\/04\/10\/deux-roues-au-q\/","title":{"rendered":"Deux roues au Qu\u00e9bec"},"content":{"rendered":"<p> <a href=\"http:\/\/blogs.thesocialmedia.com\/leblogmoto\/files\/2012\/07\/qcmoto_2.jpg\"><img loading=\"lazy\" decoding=\"async\" width=\"225\" height=\"261\"  src=\"http:\/\/www.leblogmoto.com\/images\/2008\/04\/09\/qcmoto_2.jpg\" alt=\"Qcmoto_2\" style=\"margin: 0px 5px 5px 0px;float: left\" \/><\/a> Avec les beaux jours qui se pointent, ou du moins avec la promesse des beaux jours, l\u2019envie de longues balades en moto se fait plus pressante. Et pour qui voudrait conjuguer des vacances au Qu\u00e9bec avec la d\u00e9couverte de nos paysages en moto, ce guide, \u00ab<a href=\"http:\/\/www.guidesulysse.com\/catalogue\/FicheProduit.aspx?isbn=9782894647769\">Le Qu\u00e9bec \u00e0 moto<\/a>\u00bb aux \u00e9ditions Ulysse, est ce qu\u2019il vous faut.<br \/>Avec sa quarantaine d\u2019itin\u00e9raires propos\u00e9s, pour des trajets long ou court, c\u2019est le Qu\u00e9bec des petites routes sympathiques qui est offert.<br \/>Puisqu\u2019on n\u2019y parle pas seulement d\u2019itin\u00e9raires, ce guide est donc aussi un bon point de d\u00e9part pour qui voudrait s\u2019informer sur les dispositions n\u00e9cessaires \u00e0 la pratique de la moto au Qu\u00e9bec.<\/p>\n<p>Le guide, c\u2019est pour le grand jeu, mais il est aussi possible de faire de courtes balades gratuitement. Pour cela, il suffit de courir les journ\u00e9es d\u2019essais offertes par les diff\u00e9rents constructeurs. De mai \u00e0 ao\u00fbt, avec une pointe en juin, tous se bousculent pour convaincre les acheteurs dubitatifs que nous sommes, que leurs derni\u00e8res merveilles sont la r\u00e9ponse \u00e0 nos attentes.<\/p>\n<p>D\u00e9j\u00e0, certaines marques annoncent leurs couleurs, comme <a href=\"http:\/\/www.vraquebec.com\/cms\/index.php\">Victory<\/a> d\u00e9but mai, puis <a href=\"http:\/\/www.monettesports.com\/\">BMW<\/a> d\u00e9but juin et <a href=\"http:\/\/www.motointer.com\/index.html\">Harley-Davidson<\/a> qui sortira l\u2019artillerie lourde fin ao\u00fbt pour les c\u00e9l\u00e9brations de son 105e anniversaire. Tous les autres vont s\u2019y mettre aussi, suffit de surveiller leurs sites internet respectifs (canadien-fran\u00e7ais il va s\u2019en dire).<\/p>\n<p><a href=\"http:\/\/clabedan.typepad.com\/.shared\/image.html?\/photos\/uncategorized\/2008\/04\/09\/jour1.jpg\"><img loading=\"lazy\" decoding=\"async\" width=\"470\" height=\"304\"  src=\"http:\/\/www.leblogmoto.com\/images\/2008\/04\/09\/jour1.jpg\" alt=\"Jour1\" \/><\/a> <\/p>\n<p>M\u00eame si la plupart de ces \u00ab demo ride \u00bb pour parler chinois, se d\u00e9roulent dans la grande r\u00e9gion montr\u00e9alaise, il est aussi possible d\u2019en attraper quelques unes dans les r\u00e9gions limitrophes.<\/p>\n<p>Juste pour vous donner une petite id\u00e9e \u00e0 partir de mes exp\u00e9riences de l\u2019ann\u00e9e derni\u00e8re, BMW offre le meilleur encadrement, Victory les motos les plus excitantes (ce n\u2019est que mon humble opinion \u00e9videmment), m\u00eame si le trajet propos\u00e9 est parfois un peu court, Honda par contre y consacre une demi-journ\u00e9e dans la belle r\u00e9gion de la Mont\u00e9r\u00e9gie, mais l\u2019ann\u00e9e derni\u00e8re nous n\u2019avions pas le choix de la monture, alors qu\u2019Honda tentait de mousser sa petite CBR125R. Sinon, c\u2019est partout pareil, ces \u00e9v\u00e9nements sont courus, il est donc sage d\u2019arriver sur place le plus t\u00f4t possible, et de faire preuve de patience, car la moto de nos r\u00eaves n\u2019habite pas que les n\u00f4tres.<\/p>\n<p><a href=\"http:\/\/blogs.thesocialmedia.com\/leblogmoto\/files\/2012\/07\/jour2.jpg\"><img loading=\"lazy\" decoding=\"async\" width=\"470\" height=\"306\"  src=\"http:\/\/www.leblogmoto.com\/images\/2008\/04\/09\/jour2.jpg\" alt=\"Jour2\" \/><\/a> <\/p>\n<p><a href=\"http:\/\/blogs.thesocialmedia.com\/leblogmoto\/files\/2012\/07\/jour3.jpg\"><img loading=\"lazy\" decoding=\"async\" width=\"470\" height=\"212\"  src=\"http:\/\/www.leblogmoto.com\/images\/2008\/04\/09\/jour3.jpg\" alt=\"Jour3\" \/><\/a> <\/p>\n<p><a href=\"http:\/\/blogs.thesocialmedia.com\/leblogmoto\/files\/2012\/07\/jour4.jpg\"><img loading=\"lazy\" decoding=\"async\" width=\"470\" height=\"208\"  src=\"http:\/\/www.leblogmoto.com\/images\/2008\/04\/09\/jour4.jpg\" alt=\"Jour4\" \/><\/a> <\/p>\n","protected":false},"excerpt":{"rendered":"<p>Avec les beaux jours qui se pointent, ou du moins avec la promesse des beaux jours, l\u2019envie de longues balades en moto se fait plus pressante. Et pour qui voudrait conjuguer des vacances au Qu\u00e9bec avec la d\u00e9couverte de nos paysages en moto, ce guide, \u00abLe Qu\u00e9bec \u00e0 moto\u00bb aux \u00e9ditions Ulysse, est ce qu\u2019il [&hellip;]<\/p>\n","protected":false},"author":325,"featured_media":0,"comment_status":"open","ping_status":"open","sticky":false,"template":"","format":"standard","meta":{"footnotes":""},"categories":[37,15],"tags":[],"class_list":["post-795","post","type-post","status-publish","format-standard","hentry","category-essais","category-livres"],"yoast_head":"<!-- This site is optimized with the Yoast SEO plugin v26.0 - https:\/\/yoast.com\/wordpress\/plugins\/seo\/ -->\n<title>Deux roues au Qu\u00e9bec - leblogmoto.com<\/title>\n<meta name=\"robots\" content=\"index, follow, max-snippet:-1, max-image-preview:large, max-video-preview:-1\" \/>\n<link rel=\"canonical\" href=\"https:\/\/blogs.thesocialmedia.com\/leblogmoto\/2008\/04\/10\/deux-roues-au-q\/\" \/>\n<meta name=\"twitter:card\" content=\"summary_large_image\" \/>\n<meta name=\"twitter:title\" content=\"Deux roues au Qu\u00e9bec - leblogmoto.com\" \/>\n<meta name=\"twitter:description\" content=\"Avec les beaux jours qui se pointent, ou du moins avec la promesse des beaux jours, l\u2019envie de longues balades en moto se fait plus pressante. Et pour qui voudrait conjuguer des vacances au Qu\u00e9bec avec la d\u00e9couverte de nos paysages en moto, ce guide, \u00abLe Qu\u00e9bec \u00e0 moto\u00bb aux \u00e9ditions Ulysse, est ce qu\u2019il [&hellip;]\" \/>\n<meta name=\"twitter:image\" content=\"http:\/\/www.leblogmoto.com\/images\/2008\/04\/09\/qcmoto_2.jpg\" \/>\n<meta name=\"twitter:label1\" content=\"\u00c9crit par\" \/>\n\t<meta name=\"twitter:data1\" content=\"jacques lesage\" \/>\n\t<meta name=\"twitter:label2\" content=\"Dur\u00e9e de lecture estim\u00e9e\" \/>\n\t<meta name=\"twitter:data2\" content=\"2 minutes\" \/>\n<script type=\"application\/ld+json\" class=\"yoast-schema-graph\">{\"@context\":\"https:\/\/schema.org\",\"@graph\":[{\"@type\":\"WebPage\",\"@id\":\"https:\/\/blogs.thesocialmedia.com\/leblogmoto\/2008\/04\/10\/deux-roues-au-q\/\",\"url\":\"https:\/\/blogs.thesocialmedia.com\/leblogmoto\/2008\/04\/10\/deux-roues-au-q\/\",\"name\":\"Deux roues au Qu\u00e9bec - leblogmoto.com\",\"isPartOf\":{\"@id\":\"https:\/\/blogs.thesocialmedia.com\/leblogmoto\/#website\"},\"primaryImageOfPage\":{\"@id\":\"https:\/\/blogs.thesocialmedia.com\/leblogmoto\/2008\/04\/10\/deux-roues-au-q\/#primaryimage\"},\"image\":{\"@id\":\"https:\/\/blogs.thesocialmedia.com\/leblogmoto\/2008\/04\/10\/deux-roues-au-q\/#primaryimage\"},\"thumbnailUrl\":\"http:\/\/www.leblogmoto.com\/images\/2008\/04\/09\/qcmoto_2.jpg\",\"datePublished\":\"2008-04-10T01:39:00+00:00\",\"dateModified\":\"2012-07-11T15:34:58+00:00\",\"author\":{\"@id\":\"https:\/\/blogs.thesocialmedia.com\/leblogmoto\/#\/schema\/person\/e82a0ca8a9a63d031586097a3ed58526\"},\"breadcrumb\":{\"@id\":\"https:\/\/blogs.thesocialmedia.com\/leblogmoto\/2008\/04\/10\/deux-roues-au-q\/#breadcrumb\"},\"inLanguage\":\"fr-FR\",\"potentialAction\":[{\"@type\":\"ReadAction\",\"target\":[\"https:\/\/blogs.thesocialmedia.com\/leblogmoto\/2008\/04\/10\/deux-roues-au-q\/\"]}]},{\"@type\":\"ImageObject\",\"inLanguage\":\"fr-FR\",\"@id\":\"https:\/\/blogs.thesocialmedia.com\/leblogmoto\/2008\/04\/10\/deux-roues-au-q\/#primaryimage\",\"url\":\"http:\/\/www.leblogmoto.com\/images\/2008\/04\/09\/qcmoto_2.jpg\",\"contentUrl\":\"http:\/\/www.leblogmoto.com\/images\/2008\/04\/09\/qcmoto_2.jpg\"},{\"@type\":\"BreadcrumbList\",\"@id\":\"https:\/\/blogs.thesocialmedia.com\/leblogmoto\/2008\/04\/10\/deux-roues-au-q\/#breadcrumb\",\"itemListElement\":[{\"@type\":\"ListItem\",\"position\":1,\"name\":\"Accueil\",\"item\":\"https:\/\/blogs.thesocialmedia.com\/leblogmoto\/\"},{\"@type\":\"ListItem\",\"position\":2,\"name\":\"Deux roues au Qu\u00e9bec\"}]},{\"@type\":\"WebSite\",\"@id\":\"https:\/\/blogs.thesocialmedia.com\/leblogmoto\/#website\",\"url\":\"https:\/\/blogs.thesocialmedia.com\/leblogmoto\/\",\"name\":\"leblogmoto\",\"description\":\"Toute l&#039;actualit\u00e9 des 2 roues\",\"potentialAction\":[{\"@type\":\"SearchAction\",\"target\":{\"@type\":\"EntryPoint\",\"urlTemplate\":\"https:\/\/blogs.thesocialmedia.com\/leblogmoto\/?s={search_term_string}\"},\"query-input\":{\"@type\":\"PropertyValueSpecification\",\"valueRequired\":true,\"valueName\":\"search_term_string\"}}],\"inLanguage\":\"fr-FR\"},{\"@type\":\"Person\",\"@id\":\"https:\/\/blogs.thesocialmedia.com\/leblogmoto\/#\/schema\/person\/e82a0ca8a9a63d031586097a3ed58526\",\"name\":\"jacques lesage\",\"image\":{\"@type\":\"ImageObject\",\"inLanguage\":\"fr-FR\",\"@id\":\"https:\/\/blogs.thesocialmedia.com\/leblogmoto\/#\/schema\/person\/image\/\",\"url\":\"https:\/\/secure.gravatar.com\/avatar\/?s=96&d=mm&r=g\",\"contentUrl\":\"https:\/\/secure.gravatar.com\/avatar\/?s=96&d=mm&r=g\",\"caption\":\"jacques lesage\"},\"url\":\"https:\/\/blogs.thesocialmedia.com\/leblogmoto\/author\/jacques-lesage\/\"}]}<\/script>\n<!-- \/ Yoast SEO plugin. -->","yoast_head_json":{"title":"Deux roues au Qu\u00e9bec - leblogmoto.com","robots":{"index":"index","follow":"follow","max-snippet":"max-snippet:-1","max-image-preview":"max-image-preview:large","max-video-preview":"max-video-preview:-1"},"canonical":"https:\/\/blogs.thesocialmedia.com\/leblogmoto\/2008\/04\/10\/deux-roues-au-q\/","twitter_card":"summary_large_image","twitter_title":"Deux roues au Qu\u00e9bec - leblogmoto.com","twitter_description":"Avec les beaux jours qui se pointent, ou du moins avec la promesse des beaux jours, l\u2019envie de longues balades en moto se fait plus pressante. Et pour qui voudrait conjuguer des vacances au Qu\u00e9bec avec la d\u00e9couverte de nos paysages en moto, ce guide, \u00abLe Qu\u00e9bec \u00e0 moto\u00bb aux \u00e9ditions Ulysse, est ce qu\u2019il [&hellip;]","twitter_image":"http:\/\/www.leblogmoto.com\/images\/2008\/04\/09\/qcmoto_2.jpg","twitter_misc":{"\u00c9crit par":"jacques lesage","Dur\u00e9e de lecture estim\u00e9e":"2 minutes"},"schema":{"@context":"https:\/\/schema.org","@graph":[{"@type":"WebPage","@id":"https:\/\/blogs.thesocialmedia.com\/leblogmoto\/2008\/04\/10\/deux-roues-au-q\/","url":"https:\/\/blogs.thesocialmedia.com\/leblogmoto\/2008\/04\/10\/deux-roues-au-q\/","name":"Deux roues au Qu\u00e9bec - leblogmoto.com","isPartOf":{"@id":"https:\/\/blogs.thesocialmedia.com\/leblogmoto\/#website"},"primaryImageOfPage":{"@id":"https:\/\/blogs.thesocialmedia.com\/leblogmoto\/2008\/04\/10\/deux-roues-au-q\/#primaryimage"},"image":{"@id":"https:\/\/blogs.thesocialmedia.com\/leblogmoto\/2008\/04\/10\/deux-roues-au-q\/#primaryimage"},"thumbnailUrl":"http:\/\/www.leblogmoto.com\/images\/2008\/04\/09\/qcmoto_2.jpg","datePublished":"2008-04-10T01:39:00+00:00","dateModified":"2012-07-11T15:34:58+00:00","author":{"@id":"https:\/\/blogs.thesocialmedia.com\/leblogmoto\/#\/schema\/person\/e82a0ca8a9a63d031586097a3ed58526"},"breadcrumb":{"@id":"https:\/\/blogs.thesocialmedia.com\/leblogmoto\/2008\/04\/10\/deux-roues-au-q\/#breadcrumb"},"inLanguage":"fr-FR","potentialAction":[{"@type":"ReadAction","target":["https:\/\/blogs.thesocialmedia.com\/leblogmoto\/2008\/04\/10\/deux-roues-au-q\/"]}]},{"@type":"ImageObject","inLanguage":"fr-FR","@id":"https:\/\/blogs.thesocialmedia.com\/leblogmoto\/2008\/04\/10\/deux-roues-au-q\/#primaryimage","url":"http:\/\/www.leblogmoto.com\/images\/2008\/04\/09\/qcmoto_2.jpg","contentUrl":"http:\/\/www.leblogmoto.com\/images\/2008\/04\/09\/qcmoto_2.jpg"},{"@type":"BreadcrumbList","@id":"https:\/\/blogs.thesocialmedia.com\/leblogmoto\/2008\/04\/10\/deux-roues-au-q\/#breadcrumb","itemListElement":[{"@type":"ListItem","position":1,"name":"Accueil","item":"https:\/\/blogs.thesocialmedia.com\/leblogmoto\/"},{"@type":"ListItem","position":2,"name":"Deux roues au Qu\u00e9bec"}]},{"@type":"WebSite","@id":"https:\/\/blogs.thesocialmedia.com\/leblogmoto\/#website","url":"https:\/\/blogs.thesocialmedia.com\/leblogmoto\/","name":"leblogmoto","description":"Toute l&#039;actualit\u00e9 des 2 roues","potentialAction":[{"@type":"SearchAction","target":{"@type":"EntryPoint","urlTemplate":"https:\/\/blogs.thesocialmedia.com\/leblogmoto\/?s={search_term_string}"},"query-input":{"@type":"PropertyValueSpecification","valueRequired":true,"valueName":"search_term_string"}}],"inLanguage":"fr-FR"},{"@type":"Person","@id":"https:\/\/blogs.thesocialmedia.com\/leblogmoto\/#\/schema\/person\/e82a0ca8a9a63d031586097a3ed58526","name":"jacques lesage","image":{"@type":"ImageObject","inLanguage":"fr-FR","@id":"https:\/\/blogs.thesocialmedia.com\/leblogmoto\/#\/schema\/person\/image\/","url":"https:\/\/secure.gravatar.com\/avatar\/?s=96&d=mm&r=g","contentUrl":"https:\/\/secure.gravatar.com\/avatar\/?s=96&d=mm&r=g","caption":"jacques lesage"},"url":"https:\/\/blogs.thesocialmedia.com\/leblogmoto\/author\/jacques-lesage\/"}]}},"_links":{"self":[{"href":"https:\/\/blogs.thesocialmedia.com\/leblogmoto\/wp-json\/wp\/v2\/posts\/795","targetHints":{"allow":["GET"]}}],"collection":[{"href":"https:\/\/blogs.thesocialmedia.com\/leblogmoto\/wp-json\/wp\/v2\/posts"}],"about":[{"href":"https:\/\/blogs.thesocialmedia.com\/leblogmoto\/wp-json\/wp\/v2\/types\/post"}],"author":[{"embeddable":true,"href":"https:\/\/blogs.thesocialmedia.com\/leblogmoto\/wp-json\/wp\/v2\/users\/325"}],"replies":[{"embeddable":true,"href":"https:\/\/blogs.thesocialmedia.com\/leblogmoto\/wp-json\/wp\/v2\/comments?post=795"}],"version-history":[{"count":2,"href":"https:\/\/blogs.thesocialmedia.com\/leblogmoto\/wp-json\/wp\/v2\/posts\/795\/revisions"}],"predecessor-version":[{"id":10369,"href":"https:\/\/blogs.thesocialmedia.com\/leblogmoto\/wp-json\/wp\/v2\/posts\/795\/revisions\/10369"}],"wp:attachment":[{"href":"https:\/\/blogs.thesocialmedia.com\/leblogmoto\/wp-json\/wp\/v2\/media?parent=795"}],"wp:term":[{"taxonomy":"category","embeddable":true,"href":"https:\/\/blogs.thesocialmedia.com\/leblogmoto\/wp-json\/wp\/v2\/categories?post=795"},{"taxonomy":"post_tag","embeddable":true,"href":"https:\/\/blogs.thesocialmedia.com\/leblogmoto\/wp-json\/wp\/v2\/tags?post=795"}],"curies":[{"name":"wp","href":"https:\/\/api.w.org\/{rel}","templated":true}]}}