{"id":798,"date":"2008-04-08T23:31:42","date_gmt":"2008-04-08T23:31:42","guid":{"rendered":"http:\/\/blogs.thesocialmedia.com\/leblogmoto\/2008\/04\/08\/la-citron-c2-br\/"},"modified":"2012-07-11T15:34:37","modified_gmt":"2012-07-11T15:34:37","slug":"la-citron-c2-br","status":"publish","type":"post","link":"https:\/\/blogs.thesocialmedia.com\/leblogmoto\/2008\/04\/08\/la-citron-c2-br\/","title":{"rendered":"La Citro\u00ebn C2 1587 Brutale ou la fausse bonne id\u00e9e."},"content":{"rendered":"<p><a href=\"http:\/\/blogs.thesocialmedia.com\/leblogmoto\/files\/2012\/07\/1587_brutale_5.jpg\"><img loading=\"lazy\" decoding=\"async\" width=\"470\" height=\"337\"  src=\"http:\/\/www.leblogmoto.com\/images\/2008\/04\/08\/1587_brutale_5.jpg\" alt=\"1587_brutale_5\" \/><\/a><\/p>\n<p>Quelle mouche a donc piqu\u00e9 <a href=\"http:\/\/www.citroen.com\/CWW\/fr-FR\">Citro\u00ebn<\/a> et surtout <a href=\"http:\/\/www.mvagusta.it\/_vti_g2_1.aspx\">MV Agusta<\/a> ? L&rsquo;hommage tr\u00e8s r\u00e9cent* de la marque au chevron semblait original sur le papier. Cependant la puissance relative et la taille modeste du v\u00e9hicule (d&rsquo;ailleurs quel serait l&rsquo;\u00e9quivalent d&rsquo;un roadster moto, sur 4 roues ?) g\u00e2chent tout. Ce que je vais dire est un peu cruel, surtout pour le fan de Rally WRC que je suis, mais c&rsquo;est le mordu de b\u00e9cane qui parle: avec la puissance respective de chacune, je vois sur cette photo et les autres, un side-car, rien de plus. <\/p>\n<p>Pourtant la C2 est loin d&rsquo;\u00eatre ridicule, jugez-en: 16 soupapes, 125 chevaux. Mais c&rsquo;est bien triste face \u00e0 une 1078 RR Brutale qui affiche 158 chevaux (!) en full. Pour coller encore plus \u00e0 l&rsquo;esprit moto on l&rsquo;a donc baptis\u00e9e 1587 alors qu&rsquo;il est d&rsquo;usage de parler en litres pour la cylindr\u00e9e d&rsquo;une voiture (pr\u00e8s d&rsquo;1,6 litre donc ici), non en centim\u00e8tres cubes (ou les cubic inches anglo-saxons). <\/p>\n<p>Alors on pense que la cible vis\u00e9e est le jeune citadin (ou rurbain) qui veut simplement compl\u00e9ter sa place de parking, et \u00e0 Citro\u00ebn, qui en passant veut rafra\u00eechir son image. Pourtant d&rsquo;image dynamique la marque n&rsquo;en manque pas avec S\u00e9bastien Loeb au volant, \u00e9paul\u00e9 par Daniel Elena son copilote.<\/p>\n<p>D&rsquo;ailleurs, n&rsquo;aurait-il pas fallu une de ses Citro\u00ebn C4 surboost\u00e9es pour faire (plus que) le poids face \u00e0 Agusta ? Sans esprit de pol\u00e9mique, je trouve que Ducati qui se compare \u00e0 tort et \u00e0 raison \u00e0 Ferrari frappe juste, cela nous \u00e9vitera au moins les erreurs de casting du c\u00f4t\u00e9 de Borgo Panigale. <\/p>\n<p><em>*Cette C2 de Citro\u00ean Italia a \u00e9t\u00e9 pr\u00e9sent\u00e9e pour la premi\u00e8re fois \u00e0 Rimini dans un salons consacr\u00e9 au tuning (qui n&rsquo;a souvent pas peur du ridicule) il y a une semaine, nous dit le site d&rsquo;Agusta.<\/em><\/p>\n<p><em>source: <a href=\"http:\/\/www.autoblog.com\/2008\/04\/05\/mv-agusta-and-citroen-reveal-c2-1587-brutale\/\">autoblog<\/a>.<\/em><\/p>\n<p><a href=\"http:\/\/clabedan.typepad.com\/.shared\/image.html?\/photos\/uncategorized\/2008\/04\/08\/1587_brutale_3.jpg\"><img loading=\"lazy\" decoding=\"async\" width=\"470\" height=\"347\"  src=\"http:\/\/www.leblogmoto.com\/images\/2008\/04\/08\/1587_brutale_3.jpg\" alt=\"1587_brutale_3\" \/><\/a><\/p>\n<p><a href=\"http:\/\/blogs.thesocialmedia.com\/leblogmoto\/files\/2012\/07\/1587_brutale_1.jpg\"><img loading=\"lazy\" decoding=\"async\" width=\"470\" height=\"311\"  src=\"http:\/\/www.leblogmoto.com\/images\/2008\/04\/08\/1587_brutale_1.jpg\" alt=\"1587_brutale_1\" \/><\/a> <\/p>\n<p><a href=\"http:\/\/blogs.thesocialmedia.com\/leblogmoto\/files\/2012\/07\/1587_brutale_7.jpg\"><img loading=\"lazy\" decoding=\"async\" width=\"470\" height=\"294\"  src=\"http:\/\/www.leblogmoto.com\/images\/2008\/04\/08\/1587_brutale_7.jpg\" alt=\"1587_brutale_7\" \/><\/a> <\/p>\n<p><a href=\"http:\/\/blogs.thesocialmedia.com\/leblogmoto\/files\/2012\/07\/1587_brutale_2.jpg\"><img loading=\"lazy\" decoding=\"async\" width=\"470\" height=\"318\"  src=\"http:\/\/www.leblogmoto.com\/images\/2008\/04\/08\/1587_brutale_2.jpg\" alt=\"1587_brutale_2\" \/><\/a> <\/p>\n<p><a href=\"http:\/\/blogs.thesocialmedia.com\/leblogmoto\/files\/2012\/07\/1587_brutale_8.jpg\"><img loading=\"lazy\" decoding=\"async\" width=\"470\" height=\"367\"  src=\"http:\/\/www.leblogmoto.com\/images\/2008\/04\/08\/1587_brutale_8.jpg\" alt=\"1587_brutale_8\" \/><\/a> <\/p>\n<p><a href=\"http:\/\/blogs.thesocialmedia.com\/leblogmoto\/files\/2012\/07\/1587_brutale_9.jpg\"><img loading=\"lazy\" decoding=\"async\" width=\"470\" height=\"305\"  src=\"http:\/\/www.leblogmoto.com\/images\/2008\/04\/08\/1587_brutale_9.jpg\" alt=\"1587_brutale_9\" \/><\/a> <\/p>\n<p><a href=\"http:\/\/blogs.thesocialmedia.com\/leblogmoto\/files\/2012\/07\/1587_brutale_4.jpg\"><img loading=\"lazy\" decoding=\"async\" width=\"470\" height=\"318\"  src=\"http:\/\/www.leblogmoto.com\/images\/2008\/04\/08\/1587_brutale_4.jpg\" alt=\"1587_brutale_4\" \/><\/a> <\/p>\n<p><a href=\"http:\/\/blogs.thesocialmedia.com\/leblogmoto\/files\/2012\/07\/1587_brutale_10.jpg\"><img loading=\"lazy\" decoding=\"async\" width=\"470\" height=\"340\"  src=\"http:\/\/www.leblogmoto.com\/images\/2008\/04\/08\/1587_brutale_10.jpg\" alt=\"1587_brutale_10\" \/><\/a> <\/p>\n<p><a href=\"http:\/\/blogs.thesocialmedia.com\/leblogmoto\/files\/2012\/07\/1587_brutale_14.jpg\"><img loading=\"lazy\" decoding=\"async\" width=\"470\" height=\"308\"  src=\"http:\/\/www.leblogmoto.com\/images\/2008\/04\/08\/1587_brutale_14.jpg\" alt=\"1587_brutale_14\" \/><\/a> <\/p>\n<p><a href=\"http:\/\/blogs.thesocialmedia.com\/leblogmoto\/files\/2012\/07\/1587_brutale_11.jpg\"><img loading=\"lazy\" decoding=\"async\" width=\"470\" height=\"313\"  src=\"http:\/\/www.leblogmoto.com\/images\/2008\/04\/08\/1587_brutale_11.jpg\" alt=\"1587_brutale_11\" \/><\/a> <\/p>\n<p><a href=\"http:\/\/blogs.thesocialmedia.com\/leblogmoto\/files\/2012\/07\/1587_brutale_13.jpg\"><img loading=\"lazy\" decoding=\"async\" width=\"470\" height=\"313\"  src=\"http:\/\/www.leblogmoto.com\/images\/2008\/04\/08\/1587_brutale_13.jpg\" alt=\"1587_brutale_13\" \/><\/a> <\/p>\n<p><a href=\"http:\/\/blogs.thesocialmedia.com\/leblogmoto\/files\/2012\/07\/1587_brutale_12.jpg\"><img loading=\"lazy\" decoding=\"async\" width=\"470\" height=\"313\"  src=\"http:\/\/www.leblogmoto.com\/images\/2008\/04\/08\/1587_brutale_12.jpg\" alt=\"1587_brutale_12\" \/><\/a> <\/p>\n<p><a href=\"http:\/\/blogs.thesocialmedia.com\/leblogmoto\/files\/2012\/07\/1587_brutale_15.jpg\"><img loading=\"lazy\" decoding=\"async\" width=\"470\" height=\"313\"  src=\"http:\/\/www.leblogmoto.com\/images\/2008\/04\/08\/1587_brutale_15.jpg\" alt=\"1587_brutale_15\" \/><\/a> <\/p>\n<p><a href=\"http:\/\/blogs.thesocialmedia.com\/leblogmoto\/files\/2012\/07\/1587_brutale_16.jpg\"><img loading=\"lazy\" decoding=\"async\" width=\"470\" height=\"313\"  src=\"http:\/\/www.leblogmoto.com\/images\/2008\/04\/08\/1587_brutale_16.jpg\" alt=\"1587_brutale_16\" \/><\/a><\/p>\n","protected":false},"excerpt":{"rendered":"<p>Quelle mouche a donc piqu\u00e9 Citro\u00ebn et surtout MV Agusta ? L&rsquo;hommage tr\u00e8s r\u00e9cent* de la marque au chevron semblait original sur le papier. Cependant la puissance relative et la taille modeste du v\u00e9hicule (d&rsquo;ailleurs quel serait l&rsquo;\u00e9quivalent d&rsquo;un roadster moto, sur 4 roues ?) g\u00e2chent tout. Ce que je vais dire est un peu [&hellip;]<\/p>\n","protected":false},"author":324,"featured_media":0,"comment_status":"open","ping_status":"open","sticky":false,"template":"","format":"standard","meta":{"footnotes":""},"categories":[49,50,36],"tags":[],"class_list":["post-798","post","type-post","status-publish","format-standard","hentry","category-actualites-entreprise","category-mv-agusta","category-salons"],"yoast_head":"<!-- This site is optimized with the Yoast SEO plugin v26.0 - https:\/\/yoast.com\/wordpress\/plugins\/seo\/ -->\n<title>La Citro\u00ebn C2 1587 Brutale ou la fausse bonne id\u00e9e. - leblogmoto.com<\/title>\n<meta name=\"robots\" content=\"index, follow, max-snippet:-1, max-image-preview:large, max-video-preview:-1\" \/>\n<link rel=\"canonical\" href=\"https:\/\/blogs.thesocialmedia.com\/leblogmoto\/2008\/04\/08\/la-citron-c2-br\/\" \/>\n<meta name=\"twitter:card\" content=\"summary_large_image\" \/>\n<meta name=\"twitter:title\" content=\"La Citro\u00ebn C2 1587 Brutale ou la fausse bonne id\u00e9e. - leblogmoto.com\" \/>\n<meta name=\"twitter:description\" content=\"Quelle mouche a donc piqu\u00e9 Citro\u00ebn et surtout MV Agusta ? L&rsquo;hommage tr\u00e8s r\u00e9cent* de la marque au chevron semblait original sur le papier. Cependant la puissance relative et la taille modeste du v\u00e9hicule (d&rsquo;ailleurs quel serait l&rsquo;\u00e9quivalent d&rsquo;un roadster moto, sur 4 roues ?) g\u00e2chent tout. Ce que je vais dire est un peu [&hellip;]\" \/>\n<meta name=\"twitter:image\" content=\"http:\/\/www.leblogmoto.com\/images\/2008\/04\/08\/1587_brutale_5.jpg\" \/>\n<meta name=\"twitter:label1\" content=\"\u00c9crit par\" \/>\n\t<meta name=\"twitter:data1\" content=\"benoit rieu\" \/>\n\t<meta name=\"twitter:label2\" content=\"Dur\u00e9e de lecture estim\u00e9e\" \/>\n\t<meta name=\"twitter:data2\" content=\"2 minutes\" \/>\n<script type=\"application\/ld+json\" class=\"yoast-schema-graph\">{\"@context\":\"https:\/\/schema.org\",\"@graph\":[{\"@type\":\"WebPage\",\"@id\":\"https:\/\/blogs.thesocialmedia.com\/leblogmoto\/2008\/04\/08\/la-citron-c2-br\/\",\"url\":\"https:\/\/blogs.thesocialmedia.com\/leblogmoto\/2008\/04\/08\/la-citron-c2-br\/\",\"name\":\"La Citro\u00ebn C2 1587 Brutale ou la fausse bonne id\u00e9e. - leblogmoto.com\",\"isPartOf\":{\"@id\":\"https:\/\/blogs.thesocialmedia.com\/leblogmoto\/#website\"},\"primaryImageOfPage\":{\"@id\":\"https:\/\/blogs.thesocialmedia.com\/leblogmoto\/2008\/04\/08\/la-citron-c2-br\/#primaryimage\"},\"image\":{\"@id\":\"https:\/\/blogs.thesocialmedia.com\/leblogmoto\/2008\/04\/08\/la-citron-c2-br\/#primaryimage\"},\"thumbnailUrl\":\"http:\/\/www.leblogmoto.com\/images\/2008\/04\/08\/1587_brutale_5.jpg\",\"datePublished\":\"2008-04-08T23:31:42+00:00\",\"dateModified\":\"2012-07-11T15:34:37+00:00\",\"author\":{\"@id\":\"https:\/\/blogs.thesocialmedia.com\/leblogmoto\/#\/schema\/person\/18bfe773e5725ed6d24f743da805362a\"},\"breadcrumb\":{\"@id\":\"https:\/\/blogs.thesocialmedia.com\/leblogmoto\/2008\/04\/08\/la-citron-c2-br\/#breadcrumb\"},\"inLanguage\":\"fr-FR\",\"potentialAction\":[{\"@type\":\"ReadAction\",\"target\":[\"https:\/\/blogs.thesocialmedia.com\/leblogmoto\/2008\/04\/08\/la-citron-c2-br\/\"]}]},{\"@type\":\"ImageObject\",\"inLanguage\":\"fr-FR\",\"@id\":\"https:\/\/blogs.thesocialmedia.com\/leblogmoto\/2008\/04\/08\/la-citron-c2-br\/#primaryimage\",\"url\":\"http:\/\/www.leblogmoto.com\/images\/2008\/04\/08\/1587_brutale_5.jpg\",\"contentUrl\":\"http:\/\/www.leblogmoto.com\/images\/2008\/04\/08\/1587_brutale_5.jpg\"},{\"@type\":\"BreadcrumbList\",\"@id\":\"https:\/\/blogs.thesocialmedia.com\/leblogmoto\/2008\/04\/08\/la-citron-c2-br\/#breadcrumb\",\"itemListElement\":[{\"@type\":\"ListItem\",\"position\":1,\"name\":\"Accueil\",\"item\":\"https:\/\/blogs.thesocialmedia.com\/leblogmoto\/\"},{\"@type\":\"ListItem\",\"position\":2,\"name\":\"La Citro\u00ebn C2 1587 Brutale ou la fausse bonne id\u00e9e.\"}]},{\"@type\":\"WebSite\",\"@id\":\"https:\/\/blogs.thesocialmedia.com\/leblogmoto\/#website\",\"url\":\"https:\/\/blogs.thesocialmedia.com\/leblogmoto\/\",\"name\":\"leblogmoto\",\"description\":\"Toute l&#039;actualit\u00e9 des 2 roues\",\"potentialAction\":[{\"@type\":\"SearchAction\",\"target\":{\"@type\":\"EntryPoint\",\"urlTemplate\":\"https:\/\/blogs.thesocialmedia.com\/leblogmoto\/?s={search_term_string}\"},\"query-input\":{\"@type\":\"PropertyValueSpecification\",\"valueRequired\":true,\"valueName\":\"search_term_string\"}}],\"inLanguage\":\"fr-FR\"},{\"@type\":\"Person\",\"@id\":\"https:\/\/blogs.thesocialmedia.com\/leblogmoto\/#\/schema\/person\/18bfe773e5725ed6d24f743da805362a\",\"name\":\"benoit rieu\",\"image\":{\"@type\":\"ImageObject\",\"inLanguage\":\"fr-FR\",\"@id\":\"https:\/\/blogs.thesocialmedia.com\/leblogmoto\/#\/schema\/person\/image\/\",\"url\":\"https:\/\/secure.gravatar.com\/avatar\/?s=96&d=mm&r=g\",\"contentUrl\":\"https:\/\/secure.gravatar.com\/avatar\/?s=96&d=mm&r=g\",\"caption\":\"benoit rieu\"},\"url\":\"https:\/\/blogs.thesocialmedia.com\/leblogmoto\/author\/benoit-rieu\/\"}]}<\/script>\n<!-- \/ Yoast SEO plugin. -->","yoast_head_json":{"title":"La Citro\u00ebn C2 1587 Brutale ou la fausse bonne id\u00e9e. - leblogmoto.com","robots":{"index":"index","follow":"follow","max-snippet":"max-snippet:-1","max-image-preview":"max-image-preview:large","max-video-preview":"max-video-preview:-1"},"canonical":"https:\/\/blogs.thesocialmedia.com\/leblogmoto\/2008\/04\/08\/la-citron-c2-br\/","twitter_card":"summary_large_image","twitter_title":"La Citro\u00ebn C2 1587 Brutale ou la fausse bonne id\u00e9e. - leblogmoto.com","twitter_description":"Quelle mouche a donc piqu\u00e9 Citro\u00ebn et surtout MV Agusta ? L&rsquo;hommage tr\u00e8s r\u00e9cent* de la marque au chevron semblait original sur le papier. Cependant la puissance relative et la taille modeste du v\u00e9hicule (d&rsquo;ailleurs quel serait l&rsquo;\u00e9quivalent d&rsquo;un roadster moto, sur 4 roues ?) g\u00e2chent tout. Ce que je vais dire est un peu [&hellip;]","twitter_image":"http:\/\/www.leblogmoto.com\/images\/2008\/04\/08\/1587_brutale_5.jpg","twitter_misc":{"\u00c9crit par":"benoit rieu","Dur\u00e9e de lecture estim\u00e9e":"2 minutes"},"schema":{"@context":"https:\/\/schema.org","@graph":[{"@type":"WebPage","@id":"https:\/\/blogs.thesocialmedia.com\/leblogmoto\/2008\/04\/08\/la-citron-c2-br\/","url":"https:\/\/blogs.thesocialmedia.com\/leblogmoto\/2008\/04\/08\/la-citron-c2-br\/","name":"La Citro\u00ebn C2 1587 Brutale ou la fausse bonne id\u00e9e. - leblogmoto.com","isPartOf":{"@id":"https:\/\/blogs.thesocialmedia.com\/leblogmoto\/#website"},"primaryImageOfPage":{"@id":"https:\/\/blogs.thesocialmedia.com\/leblogmoto\/2008\/04\/08\/la-citron-c2-br\/#primaryimage"},"image":{"@id":"https:\/\/blogs.thesocialmedia.com\/leblogmoto\/2008\/04\/08\/la-citron-c2-br\/#primaryimage"},"thumbnailUrl":"http:\/\/www.leblogmoto.com\/images\/2008\/04\/08\/1587_brutale_5.jpg","datePublished":"2008-04-08T23:31:42+00:00","dateModified":"2012-07-11T15:34:37+00:00","author":{"@id":"https:\/\/blogs.thesocialmedia.com\/leblogmoto\/#\/schema\/person\/18bfe773e5725ed6d24f743da805362a"},"breadcrumb":{"@id":"https:\/\/blogs.thesocialmedia.com\/leblogmoto\/2008\/04\/08\/la-citron-c2-br\/#breadcrumb"},"inLanguage":"fr-FR","potentialAction":[{"@type":"ReadAction","target":["https:\/\/blogs.thesocialmedia.com\/leblogmoto\/2008\/04\/08\/la-citron-c2-br\/"]}]},{"@type":"ImageObject","inLanguage":"fr-FR","@id":"https:\/\/blogs.thesocialmedia.com\/leblogmoto\/2008\/04\/08\/la-citron-c2-br\/#primaryimage","url":"http:\/\/www.leblogmoto.com\/images\/2008\/04\/08\/1587_brutale_5.jpg","contentUrl":"http:\/\/www.leblogmoto.com\/images\/2008\/04\/08\/1587_brutale_5.jpg"},{"@type":"BreadcrumbList","@id":"https:\/\/blogs.thesocialmedia.com\/leblogmoto\/2008\/04\/08\/la-citron-c2-br\/#breadcrumb","itemListElement":[{"@type":"ListItem","position":1,"name":"Accueil","item":"https:\/\/blogs.thesocialmedia.com\/leblogmoto\/"},{"@type":"ListItem","position":2,"name":"La Citro\u00ebn C2 1587 Brutale ou la fausse bonne id\u00e9e."}]},{"@type":"WebSite","@id":"https:\/\/blogs.thesocialmedia.com\/leblogmoto\/#website","url":"https:\/\/blogs.thesocialmedia.com\/leblogmoto\/","name":"leblogmoto","description":"Toute l&#039;actualit\u00e9 des 2 roues","potentialAction":[{"@type":"SearchAction","target":{"@type":"EntryPoint","urlTemplate":"https:\/\/blogs.thesocialmedia.com\/leblogmoto\/?s={search_term_string}"},"query-input":{"@type":"PropertyValueSpecification","valueRequired":true,"valueName":"search_term_string"}}],"inLanguage":"fr-FR"},{"@type":"Person","@id":"https:\/\/blogs.thesocialmedia.com\/leblogmoto\/#\/schema\/person\/18bfe773e5725ed6d24f743da805362a","name":"benoit rieu","image":{"@type":"ImageObject","inLanguage":"fr-FR","@id":"https:\/\/blogs.thesocialmedia.com\/leblogmoto\/#\/schema\/person\/image\/","url":"https:\/\/secure.gravatar.com\/avatar\/?s=96&d=mm&r=g","contentUrl":"https:\/\/secure.gravatar.com\/avatar\/?s=96&d=mm&r=g","caption":"benoit rieu"},"url":"https:\/\/blogs.thesocialmedia.com\/leblogmoto\/author\/benoit-rieu\/"}]}},"_links":{"self":[{"href":"https:\/\/blogs.thesocialmedia.com\/leblogmoto\/wp-json\/wp\/v2\/posts\/798","targetHints":{"allow":["GET"]}}],"collection":[{"href":"https:\/\/blogs.thesocialmedia.com\/leblogmoto\/wp-json\/wp\/v2\/posts"}],"about":[{"href":"https:\/\/blogs.thesocialmedia.com\/leblogmoto\/wp-json\/wp\/v2\/types\/post"}],"author":[{"embeddable":true,"href":"https:\/\/blogs.thesocialmedia.com\/leblogmoto\/wp-json\/wp\/v2\/users\/324"}],"replies":[{"embeddable":true,"href":"https:\/\/blogs.thesocialmedia.com\/leblogmoto\/wp-json\/wp\/v2\/comments?post=798"}],"version-history":[{"count":2,"href":"https:\/\/blogs.thesocialmedia.com\/leblogmoto\/wp-json\/wp\/v2\/posts\/798\/revisions"}],"predecessor-version":[{"id":10358,"href":"https:\/\/blogs.thesocialmedia.com\/leblogmoto\/wp-json\/wp\/v2\/posts\/798\/revisions\/10358"}],"wp:attachment":[{"href":"https:\/\/blogs.thesocialmedia.com\/leblogmoto\/wp-json\/wp\/v2\/media?parent=798"}],"wp:term":[{"taxonomy":"category","embeddable":true,"href":"https:\/\/blogs.thesocialmedia.com\/leblogmoto\/wp-json\/wp\/v2\/categories?post=798"},{"taxonomy":"post_tag","embeddable":true,"href":"https:\/\/blogs.thesocialmedia.com\/leblogmoto\/wp-json\/wp\/v2\/tags?post=798"}],"curies":[{"name":"wp","href":"https:\/\/api.w.org\/{rel}","templated":true}]}}