{"id":799,"date":"2008-04-07T23:59:51","date_gmt":"2008-04-07T23:59:51","guid":{"rendered":"http:\/\/blogs.thesocialmedia.com\/leblogmoto\/2008\/04\/07\/michael-schumac\/"},"modified":"2012-07-11T15:34:12","modified_gmt":"2012-07-11T15:34:12","slug":"michael-schumac","status":"publish","type":"post","link":"https:\/\/blogs.thesocialmedia.com\/leblogmoto\/2008\/04\/07\/michael-schumac\/","title":{"rendered":"Michael Schumacher enfourche \u00e0 nouveau la Desmo."},"content":{"rendered":"<p><a href=\"http:\/\/blogs.thesocialmedia.com\/leblogmoto\/files\/2012\/07\/motogp_michael_schumacher_ducati.jpg\"><img loading=\"lazy\" decoding=\"async\" height=\"313\" alt=\"Motogp_michael_schumacher_ducati\" src=\"http:\/\/www.leblogmoto.com\/images\/2008\/04\/07\/motogp_michael_schumacher_ducati.jpg\" width=\"470\"  \/><\/a><\/p>\n<p>Quelques jours sans la combarde orange <a href=\"http:\/\/www.alpinestars.com\/\">AlpineStar<\/a> de Schumi, son casque si d\u00e9pouill\u00e9 (contrairement \u00e0 99 % des riders pro) et son talent, c&rsquo;est presque trop. Le mauvais sort s&rsquo;en est donc m\u00eal\u00e9, faisant chuter le pilote essayeur de Ducati Corse, Vittoriani Guareschi sur le <a href=\"http:\/\/www.mugellocircuit.it\/english\/index.htm\">Mugello<\/a>, mercredi dernier. Bien que l\u00e9g\u00e8rement bless\u00e9 au coccyx, l&rsquo;Italien n&rsquo;\u00e9tait plus en mesure de bien piloter. T\u00e9moignage de la confiance accord\u00e9e au septuple champion du monde de F1, la firme de Borgo Panigale l&rsquo;a alors appel\u00e9 pour continuer le d\u00e9veloppement de la GP8, toute la journ\u00e9e de jeudi.<\/p>\n<p>Comme l&rsquo;on pouvait s&rsquo;en douter, l&rsquo;Allemand qui n&rsquo;en demandait pas tant, s&rsquo;est empress\u00e9 de troquer sa 675 pour les 800cc de la classe MotoGP. Il a effectu\u00e9 42 tours de piste et s&rsquo;est permis de claquer un temps de 1&rsquo;58&quot;00 au tour.<\/p>\n<p>Contrairement au site <a href=\"http:\/\/www.moto-live.com\/motogp\/fr\/infos\/actualites\/detail\/080404091047.shtml\">Moto-Live<\/a> d&rsquo;o\u00f9 est tir\u00e9e cette news, on peut aussi attribuer cette marque de &quot;confiance&quot; non seulement \u00e0 sa <a href=\"http:\/\/www.leblogmoto.com\/2008\/03\/premiere-victoi.html\">premi\u00e8re victoire<\/a> sur moto lors du weekend pascal, mais aussi \u00e0 la lutte d&rsquo;influence actuelle entre constructeurs autour de Michael Schumacher. <\/p>\n<p>Et penser que, parmi les nombreuses marques sur lesquelles court Schumi en ce moment (Triumph, Honda&#8230;), Ducati a essay\u00e9 de l&rsquo;attirer un peu plus \u00e0 lui. Quoiqu&rsquo;il en soit le &quot;vieux motard que jamais&quot; a bien confirm\u00e9 <a href=\"http:\/\/www.leblogmoto.com\/2008\/02\/schumi-tord-le.html\">encore une fois<\/a> aux journalistes, qu&rsquo;il n&rsquo;\u00e9tait pas question pour lui de rouler en MotoGP. <\/p>\n<p>A cette grande prudence on pourrait r\u00e9pondre avec ce proverbe italien: &quot;che va piano, va sano e va lontano&quot;*. Personnellement je ne pense pas que l&rsquo;ancien pilote Benetton-Ford, Benetton-Renault et Ferrari n&rsquo;ait pas caress\u00e9 m\u00eame en r\u00eave, de s&rsquo;engager dans l&rsquo;autre cat\u00e9gorie reine de la vitesse, cette fois sur deux-roues. D&rsquo;o\u00f9 peut-\u00eatre le dur apprentissage qu&rsquo;il s&rsquo;impose.<\/p>\n<p><em>*&quot;Qui va doucement, va sainement et va loin&quot;.<\/em><\/p>\n<p><em>photo: Schumi sur la Desmo \u00e0 Valencia, fin de la saison derni\u00e8re.<\/em><\/p>\n<p><a href=\"http:\/\/clabedan.typepad.com\/.shared\/image.html?\/photos\/uncategorized\/2008\/04\/07\/motogp_michael_schumacher_ducati_c.jpg\"><img loading=\"lazy\" decoding=\"async\" height=\"311\" alt=\"Motogp_michael_schumacher_ducati_c\" src=\"http:\/\/www.leblogmoto.com\/images\/2008\/04\/07\/motogp_michael_schumacher_ducati_c.jpg\" width=\"470\"  \/><\/a><\/p>\n<p><em>cr\u00e9dit photos: Alpinestar.<\/em><\/p>\n","protected":false},"excerpt":{"rendered":"<p>Quelques jours sans la combarde orange AlpineStar de Schumi, son casque si d\u00e9pouill\u00e9 (contrairement \u00e0 99 % des riders pro) et son talent, c&rsquo;est presque trop. Le mauvais sort s&rsquo;en est donc m\u00eal\u00e9, faisant chuter le pilote essayeur de Ducati Corse, Vittoriani Guareschi sur le Mugello, mercredi dernier. Bien que l\u00e9g\u00e8rement bless\u00e9 au coccyx, l&rsquo;Italien [&hellip;]<\/p>\n","protected":false},"author":324,"featured_media":0,"comment_status":"open","ping_status":"open","sticky":false,"template":"","format":"standard","meta":{"footnotes":""},"categories":[3,41,22,32,54],"tags":[],"class_list":["post-799","post","type-post","status-publish","format-standard","hentry","category-actualite","category-ducati","category-motogp","category-sport-moto","category-triumph"],"yoast_head":"<!-- This site is optimized with the Yoast SEO plugin v26.0 - https:\/\/yoast.com\/wordpress\/plugins\/seo\/ -->\n<title>Michael Schumacher enfourche \u00e0 nouveau la Desmo. - leblogmoto.com<\/title>\n<meta name=\"robots\" content=\"index, follow, max-snippet:-1, max-image-preview:large, max-video-preview:-1\" \/>\n<link rel=\"canonical\" href=\"https:\/\/blogs.thesocialmedia.com\/leblogmoto\/2008\/04\/07\/michael-schumac\/\" \/>\n<meta name=\"twitter:card\" content=\"summary_large_image\" \/>\n<meta name=\"twitter:title\" content=\"Michael Schumacher enfourche \u00e0 nouveau la Desmo. - leblogmoto.com\" \/>\n<meta name=\"twitter:description\" content=\"Quelques jours sans la combarde orange AlpineStar de Schumi, son casque si d\u00e9pouill\u00e9 (contrairement \u00e0 99 % des riders pro) et son talent, c&rsquo;est presque trop. Le mauvais sort s&rsquo;en est donc m\u00eal\u00e9, faisant chuter le pilote essayeur de Ducati Corse, Vittoriani Guareschi sur le Mugello, mercredi dernier. Bien que l\u00e9g\u00e8rement bless\u00e9 au coccyx, l&rsquo;Italien [&hellip;]\" \/>\n<meta name=\"twitter:image\" content=\"http:\/\/www.leblogmoto.com\/images\/2008\/04\/07\/motogp_michael_schumacher_ducati.jpg\" \/>\n<meta name=\"twitter:label1\" content=\"\u00c9crit par\" \/>\n\t<meta name=\"twitter:data1\" content=\"benoit rieu\" \/>\n\t<meta name=\"twitter:label2\" content=\"Dur\u00e9e de lecture estim\u00e9e\" \/>\n\t<meta name=\"twitter:data2\" content=\"2 minutes\" \/>\n<script type=\"application\/ld+json\" class=\"yoast-schema-graph\">{\"@context\":\"https:\/\/schema.org\",\"@graph\":[{\"@type\":\"WebPage\",\"@id\":\"https:\/\/blogs.thesocialmedia.com\/leblogmoto\/2008\/04\/07\/michael-schumac\/\",\"url\":\"https:\/\/blogs.thesocialmedia.com\/leblogmoto\/2008\/04\/07\/michael-schumac\/\",\"name\":\"Michael Schumacher enfourche \u00e0 nouveau la Desmo. - leblogmoto.com\",\"isPartOf\":{\"@id\":\"https:\/\/blogs.thesocialmedia.com\/leblogmoto\/#website\"},\"primaryImageOfPage\":{\"@id\":\"https:\/\/blogs.thesocialmedia.com\/leblogmoto\/2008\/04\/07\/michael-schumac\/#primaryimage\"},\"image\":{\"@id\":\"https:\/\/blogs.thesocialmedia.com\/leblogmoto\/2008\/04\/07\/michael-schumac\/#primaryimage\"},\"thumbnailUrl\":\"http:\/\/www.leblogmoto.com\/images\/2008\/04\/07\/motogp_michael_schumacher_ducati.jpg\",\"datePublished\":\"2008-04-07T23:59:51+00:00\",\"dateModified\":\"2012-07-11T15:34:12+00:00\",\"author\":{\"@id\":\"https:\/\/blogs.thesocialmedia.com\/leblogmoto\/#\/schema\/person\/18bfe773e5725ed6d24f743da805362a\"},\"breadcrumb\":{\"@id\":\"https:\/\/blogs.thesocialmedia.com\/leblogmoto\/2008\/04\/07\/michael-schumac\/#breadcrumb\"},\"inLanguage\":\"fr-FR\",\"potentialAction\":[{\"@type\":\"ReadAction\",\"target\":[\"https:\/\/blogs.thesocialmedia.com\/leblogmoto\/2008\/04\/07\/michael-schumac\/\"]}]},{\"@type\":\"ImageObject\",\"inLanguage\":\"fr-FR\",\"@id\":\"https:\/\/blogs.thesocialmedia.com\/leblogmoto\/2008\/04\/07\/michael-schumac\/#primaryimage\",\"url\":\"http:\/\/www.leblogmoto.com\/images\/2008\/04\/07\/motogp_michael_schumacher_ducati.jpg\",\"contentUrl\":\"http:\/\/www.leblogmoto.com\/images\/2008\/04\/07\/motogp_michael_schumacher_ducati.jpg\"},{\"@type\":\"BreadcrumbList\",\"@id\":\"https:\/\/blogs.thesocialmedia.com\/leblogmoto\/2008\/04\/07\/michael-schumac\/#breadcrumb\",\"itemListElement\":[{\"@type\":\"ListItem\",\"position\":1,\"name\":\"Accueil\",\"item\":\"https:\/\/blogs.thesocialmedia.com\/leblogmoto\/\"},{\"@type\":\"ListItem\",\"position\":2,\"name\":\"Michael Schumacher enfourche \u00e0 nouveau la Desmo.\"}]},{\"@type\":\"WebSite\",\"@id\":\"https:\/\/blogs.thesocialmedia.com\/leblogmoto\/#website\",\"url\":\"https:\/\/blogs.thesocialmedia.com\/leblogmoto\/\",\"name\":\"leblogmoto\",\"description\":\"Toute l&#039;actualit\u00e9 des 2 roues\",\"potentialAction\":[{\"@type\":\"SearchAction\",\"target\":{\"@type\":\"EntryPoint\",\"urlTemplate\":\"https:\/\/blogs.thesocialmedia.com\/leblogmoto\/?s={search_term_string}\"},\"query-input\":{\"@type\":\"PropertyValueSpecification\",\"valueRequired\":true,\"valueName\":\"search_term_string\"}}],\"inLanguage\":\"fr-FR\"},{\"@type\":\"Person\",\"@id\":\"https:\/\/blogs.thesocialmedia.com\/leblogmoto\/#\/schema\/person\/18bfe773e5725ed6d24f743da805362a\",\"name\":\"benoit rieu\",\"image\":{\"@type\":\"ImageObject\",\"inLanguage\":\"fr-FR\",\"@id\":\"https:\/\/blogs.thesocialmedia.com\/leblogmoto\/#\/schema\/person\/image\/\",\"url\":\"https:\/\/secure.gravatar.com\/avatar\/?s=96&d=mm&r=g\",\"contentUrl\":\"https:\/\/secure.gravatar.com\/avatar\/?s=96&d=mm&r=g\",\"caption\":\"benoit rieu\"},\"url\":\"https:\/\/blogs.thesocialmedia.com\/leblogmoto\/author\/benoit-rieu\/\"}]}<\/script>\n<!-- \/ Yoast SEO plugin. -->","yoast_head_json":{"title":"Michael Schumacher enfourche \u00e0 nouveau la Desmo. - leblogmoto.com","robots":{"index":"index","follow":"follow","max-snippet":"max-snippet:-1","max-image-preview":"max-image-preview:large","max-video-preview":"max-video-preview:-1"},"canonical":"https:\/\/blogs.thesocialmedia.com\/leblogmoto\/2008\/04\/07\/michael-schumac\/","twitter_card":"summary_large_image","twitter_title":"Michael Schumacher enfourche \u00e0 nouveau la Desmo. - leblogmoto.com","twitter_description":"Quelques jours sans la combarde orange AlpineStar de Schumi, son casque si d\u00e9pouill\u00e9 (contrairement \u00e0 99 % des riders pro) et son talent, c&rsquo;est presque trop. Le mauvais sort s&rsquo;en est donc m\u00eal\u00e9, faisant chuter le pilote essayeur de Ducati Corse, Vittoriani Guareschi sur le Mugello, mercredi dernier. Bien que l\u00e9g\u00e8rement bless\u00e9 au coccyx, l&rsquo;Italien [&hellip;]","twitter_image":"http:\/\/www.leblogmoto.com\/images\/2008\/04\/07\/motogp_michael_schumacher_ducati.jpg","twitter_misc":{"\u00c9crit par":"benoit rieu","Dur\u00e9e de lecture estim\u00e9e":"2 minutes"},"schema":{"@context":"https:\/\/schema.org","@graph":[{"@type":"WebPage","@id":"https:\/\/blogs.thesocialmedia.com\/leblogmoto\/2008\/04\/07\/michael-schumac\/","url":"https:\/\/blogs.thesocialmedia.com\/leblogmoto\/2008\/04\/07\/michael-schumac\/","name":"Michael Schumacher enfourche \u00e0 nouveau la Desmo. - leblogmoto.com","isPartOf":{"@id":"https:\/\/blogs.thesocialmedia.com\/leblogmoto\/#website"},"primaryImageOfPage":{"@id":"https:\/\/blogs.thesocialmedia.com\/leblogmoto\/2008\/04\/07\/michael-schumac\/#primaryimage"},"image":{"@id":"https:\/\/blogs.thesocialmedia.com\/leblogmoto\/2008\/04\/07\/michael-schumac\/#primaryimage"},"thumbnailUrl":"http:\/\/www.leblogmoto.com\/images\/2008\/04\/07\/motogp_michael_schumacher_ducati.jpg","datePublished":"2008-04-07T23:59:51+00:00","dateModified":"2012-07-11T15:34:12+00:00","author":{"@id":"https:\/\/blogs.thesocialmedia.com\/leblogmoto\/#\/schema\/person\/18bfe773e5725ed6d24f743da805362a"},"breadcrumb":{"@id":"https:\/\/blogs.thesocialmedia.com\/leblogmoto\/2008\/04\/07\/michael-schumac\/#breadcrumb"},"inLanguage":"fr-FR","potentialAction":[{"@type":"ReadAction","target":["https:\/\/blogs.thesocialmedia.com\/leblogmoto\/2008\/04\/07\/michael-schumac\/"]}]},{"@type":"ImageObject","inLanguage":"fr-FR","@id":"https:\/\/blogs.thesocialmedia.com\/leblogmoto\/2008\/04\/07\/michael-schumac\/#primaryimage","url":"http:\/\/www.leblogmoto.com\/images\/2008\/04\/07\/motogp_michael_schumacher_ducati.jpg","contentUrl":"http:\/\/www.leblogmoto.com\/images\/2008\/04\/07\/motogp_michael_schumacher_ducati.jpg"},{"@type":"BreadcrumbList","@id":"https:\/\/blogs.thesocialmedia.com\/leblogmoto\/2008\/04\/07\/michael-schumac\/#breadcrumb","itemListElement":[{"@type":"ListItem","position":1,"name":"Accueil","item":"https:\/\/blogs.thesocialmedia.com\/leblogmoto\/"},{"@type":"ListItem","position":2,"name":"Michael Schumacher enfourche \u00e0 nouveau la Desmo."}]},{"@type":"WebSite","@id":"https:\/\/blogs.thesocialmedia.com\/leblogmoto\/#website","url":"https:\/\/blogs.thesocialmedia.com\/leblogmoto\/","name":"leblogmoto","description":"Toute l&#039;actualit\u00e9 des 2 roues","potentialAction":[{"@type":"SearchAction","target":{"@type":"EntryPoint","urlTemplate":"https:\/\/blogs.thesocialmedia.com\/leblogmoto\/?s={search_term_string}"},"query-input":{"@type":"PropertyValueSpecification","valueRequired":true,"valueName":"search_term_string"}}],"inLanguage":"fr-FR"},{"@type":"Person","@id":"https:\/\/blogs.thesocialmedia.com\/leblogmoto\/#\/schema\/person\/18bfe773e5725ed6d24f743da805362a","name":"benoit rieu","image":{"@type":"ImageObject","inLanguage":"fr-FR","@id":"https:\/\/blogs.thesocialmedia.com\/leblogmoto\/#\/schema\/person\/image\/","url":"https:\/\/secure.gravatar.com\/avatar\/?s=96&d=mm&r=g","contentUrl":"https:\/\/secure.gravatar.com\/avatar\/?s=96&d=mm&r=g","caption":"benoit rieu"},"url":"https:\/\/blogs.thesocialmedia.com\/leblogmoto\/author\/benoit-rieu\/"}]}},"_links":{"self":[{"href":"https:\/\/blogs.thesocialmedia.com\/leblogmoto\/wp-json\/wp\/v2\/posts\/799","targetHints":{"allow":["GET"]}}],"collection":[{"href":"https:\/\/blogs.thesocialmedia.com\/leblogmoto\/wp-json\/wp\/v2\/posts"}],"about":[{"href":"https:\/\/blogs.thesocialmedia.com\/leblogmoto\/wp-json\/wp\/v2\/types\/post"}],"author":[{"embeddable":true,"href":"https:\/\/blogs.thesocialmedia.com\/leblogmoto\/wp-json\/wp\/v2\/users\/324"}],"replies":[{"embeddable":true,"href":"https:\/\/blogs.thesocialmedia.com\/leblogmoto\/wp-json\/wp\/v2\/comments?post=799"}],"version-history":[{"count":2,"href":"https:\/\/blogs.thesocialmedia.com\/leblogmoto\/wp-json\/wp\/v2\/posts\/799\/revisions"}],"predecessor-version":[{"id":10343,"href":"https:\/\/blogs.thesocialmedia.com\/leblogmoto\/wp-json\/wp\/v2\/posts\/799\/revisions\/10343"}],"wp:attachment":[{"href":"https:\/\/blogs.thesocialmedia.com\/leblogmoto\/wp-json\/wp\/v2\/media?parent=799"}],"wp:term":[{"taxonomy":"category","embeddable":true,"href":"https:\/\/blogs.thesocialmedia.com\/leblogmoto\/wp-json\/wp\/v2\/categories?post=799"},{"taxonomy":"post_tag","embeddable":true,"href":"https:\/\/blogs.thesocialmedia.com\/leblogmoto\/wp-json\/wp\/v2\/tags?post=799"}],"curies":[{"name":"wp","href":"https:\/\/api.w.org\/{rel}","templated":true}]}}