{"id":80,"date":"2009-07-05T15:33:34","date_gmt":"2009-07-05T15:33:34","guid":{"rendered":"http:\/\/blogs.thesocialmedia.com\/leblogmoto\/2009\/07\/05\/james-stewart-jardin-et-segway\/"},"modified":"2012-07-11T13:23:16","modified_gmt":"2012-07-11T13:23:16","slug":"james-stewart-jardin-et-segway","status":"publish","type":"post","link":"https:\/\/blogs.thesocialmedia.com\/leblogmoto\/2009\/07\/05\/james-stewart-jardin-et-segway\/","title":{"rendered":"James Stewart en son jardin, et sur un Segway."},"content":{"rendered":"<p><object height=\"360\" width=\"470\"><param name=\"movie\" value=\"http:\/\/www.youtube.com\/v\/BL-Tfyxc-_E&amp;hl=fr&amp;fs=1&amp;\" \/><param name=\"allowFullScreen\" value=\"true\" \/><param name=\"allowscriptaccess\" value=\"always\" \/><embed height=\"360\" src=\"http:\/\/www.youtube.com\/v\/BL-Tfyxc-_E&amp;hl=fr&amp;fs=1&amp;\" type=\"application\/x-shockwave-flash\" width=\"470\" \/><\/object> <\/p>\n<p>Pour <em><a href=\"http:\/\/www.answerracing.com\/\">Answer Racing<\/a><\/em>, le champion 2009 d&#039;AMA Supercross a permis le mois dernier ces superbes plans film\u00e9s d&#039;un petit h\u00e9lico, au-dessus de sa propri\u00e9t\u00e9 de Haines City, non loin de Bartow, l\u00e0 o\u00f9 ce Floridien est n\u00e9. Sauf que lorsque certains r\u00eavent d&#039;un mini-golf et de croquet, Bubba a am\u00e9nag\u00e9 un parcours en terre ocre sur lequel ont \u00e9t\u00e9 recr\u00e9\u00e9es les difficult\u00e9s classiques: camel jumps, whoops, etc. Pour pouvoir s&#039;exercer \u00e0 tout heure de la journ\u00e9e&#8230; et de la nuit, gr\u00e2ce aux projos. Avec le plaisir de pouvoir encha\u00eener imm\u00e9diatement par un bon repos chez soi. De quoi souffler un peu apr\u00e8s son \u00e9prouvante saison, un titre acquis de <a href=\"http:\/\/www.leblogmoto.com\/2009\/03\/la-nouvelle-chu.html\">haute lutte<\/a>&#160;malgr\u00e9 les apparences. Bien qu&#039;il ait remport\u00e9 onze victoires sur les 17 \u00e9preuves, il a \u00e9t\u00e9 titr\u00e9 avec l&#039;une des plus faibles marges qui soit:<\/p>\n<\/p>\n<p>seulement quatre points d&#039;avance sur l&#039;Australien et champion en titre, <a href=\"http:\/\/www.leblogmoto.com\/2008\/08\/chad-reed-passe.html\">Chad Reed<\/a>, 377 points \u00e0 373. C&#039;\u00e9tait le deux mai dernier au Sam Boyd Stadium de Las Vegas. Pour ce qui est de la seconde vid\u00e9o avec le <a href=\"http:\/\/www.segway.fr\/\">Segway<\/a>, le v\u00e9hicule \u00e9lectrique a \u00e9t\u00e9 modifi\u00e9 pour l&#039;occasion, avec des pneus sp\u00e9ciaux, ainsi qu&#039;un guidon Renthal de <em>dirt bike<\/em>. Peu performant mais amusant.<\/p>\n<p><em>Via Autobloggreen pour la seconde vid\u00e9o.<\/em><\/p>\n<\/p>\n<p><a href=\"http:\/\/vids.myspace.com\/index.cfm?fuseaction=vids.individual&amp;videoid=58390090\">Segway Supercross!<\/a><br \/><object height=\"390\" width=\"470\"><param name=\"allowFullScreen\" value=\"true\" \/><param name=\"wmode\" value=\"transparent\" \/><param name=\"movie\" value=\"http:\/\/mediaservices.myspace.com\/services\/media\/embed.aspx\/m=58390090,t=1,mt=video\" \/><embed height=\"390\" src=\"http:\/\/mediaservices.myspace.com\/services\/media\/embed.aspx\/m=58390090,t=1,mt=video\" type=\"application\/x-shockwave-flash\" width=\"470\" \/><\/object><\/p>\n","protected":false},"excerpt":{"rendered":"<p>Pour Answer Racing, le champion 2009 d&#039;AMA Supercross a permis le mois dernier ces superbes plans film\u00e9s d&#039;un petit h\u00e9lico, au-dessus de sa propri\u00e9t\u00e9 de Haines City, non loin de Bartow, l\u00e0 o\u00f9 ce Floridien est n\u00e9. Sauf que lorsque certains r\u00eavent d&#039;un mini-golf et de croquet, Bubba a am\u00e9nag\u00e9 un parcours en terre ocre [&hellip;]<\/p>\n","protected":false},"author":324,"featured_media":0,"comment_status":"open","ping_status":"open","sticky":false,"template":"","format":"standard","meta":{"footnotes":""},"categories":[30,57,12],"tags":[],"class_list":["post-80","post","type-post","status-publish","format-standard","hentry","category-bio-carburantsvehicules-propres","category-supercross","category-videos"],"yoast_head":"<!-- This site is optimized with the Yoast SEO plugin v26.0 - https:\/\/yoast.com\/wordpress\/plugins\/seo\/ -->\n<title>James Stewart en son jardin, et sur un Segway. - leblogmoto.com<\/title>\n<meta name=\"robots\" content=\"index, follow, max-snippet:-1, max-image-preview:large, max-video-preview:-1\" \/>\n<link rel=\"canonical\" href=\"https:\/\/blogs.thesocialmedia.com\/leblogmoto\/2009\/07\/05\/james-stewart-jardin-et-segway\/\" \/>\n<meta name=\"twitter:card\" content=\"summary_large_image\" \/>\n<meta name=\"twitter:title\" content=\"James Stewart en son jardin, et sur un Segway. - leblogmoto.com\" \/>\n<meta name=\"twitter:description\" content=\"Pour Answer Racing, le champion 2009 d&#039;AMA Supercross a permis le mois dernier ces superbes plans film\u00e9s d&#039;un petit h\u00e9lico, au-dessus de sa propri\u00e9t\u00e9 de Haines City, non loin de Bartow, l\u00e0 o\u00f9 ce Floridien est n\u00e9. Sauf que lorsque certains r\u00eavent d&#039;un mini-golf et de croquet, Bubba a am\u00e9nag\u00e9 un parcours en terre ocre [&hellip;]\" \/>\n<meta name=\"twitter:label1\" content=\"\u00c9crit par\" \/>\n\t<meta name=\"twitter:data1\" content=\"benoit rieu\" \/>\n\t<meta name=\"twitter:label2\" content=\"Dur\u00e9e de lecture estim\u00e9e\" \/>\n\t<meta name=\"twitter:data2\" content=\"1 minute\" \/>\n<script type=\"application\/ld+json\" class=\"yoast-schema-graph\">{\"@context\":\"https:\/\/schema.org\",\"@graph\":[{\"@type\":\"WebPage\",\"@id\":\"https:\/\/blogs.thesocialmedia.com\/leblogmoto\/2009\/07\/05\/james-stewart-jardin-et-segway\/\",\"url\":\"https:\/\/blogs.thesocialmedia.com\/leblogmoto\/2009\/07\/05\/james-stewart-jardin-et-segway\/\",\"name\":\"James Stewart en son jardin, et sur un Segway. - leblogmoto.com\",\"isPartOf\":{\"@id\":\"https:\/\/blogs.thesocialmedia.com\/leblogmoto\/#website\"},\"datePublished\":\"2009-07-05T15:33:34+00:00\",\"dateModified\":\"2012-07-11T13:23:16+00:00\",\"author\":{\"@id\":\"https:\/\/blogs.thesocialmedia.com\/leblogmoto\/#\/schema\/person\/18bfe773e5725ed6d24f743da805362a\"},\"breadcrumb\":{\"@id\":\"https:\/\/blogs.thesocialmedia.com\/leblogmoto\/2009\/07\/05\/james-stewart-jardin-et-segway\/#breadcrumb\"},\"inLanguage\":\"fr-FR\",\"potentialAction\":[{\"@type\":\"ReadAction\",\"target\":[\"https:\/\/blogs.thesocialmedia.com\/leblogmoto\/2009\/07\/05\/james-stewart-jardin-et-segway\/\"]}]},{\"@type\":\"BreadcrumbList\",\"@id\":\"https:\/\/blogs.thesocialmedia.com\/leblogmoto\/2009\/07\/05\/james-stewart-jardin-et-segway\/#breadcrumb\",\"itemListElement\":[{\"@type\":\"ListItem\",\"position\":1,\"name\":\"Accueil\",\"item\":\"https:\/\/blogs.thesocialmedia.com\/leblogmoto\/\"},{\"@type\":\"ListItem\",\"position\":2,\"name\":\"James Stewart en son jardin, et sur un Segway.\"}]},{\"@type\":\"WebSite\",\"@id\":\"https:\/\/blogs.thesocialmedia.com\/leblogmoto\/#website\",\"url\":\"https:\/\/blogs.thesocialmedia.com\/leblogmoto\/\",\"name\":\"leblogmoto\",\"description\":\"Toute l&#039;actualit\u00e9 des 2 roues\",\"potentialAction\":[{\"@type\":\"SearchAction\",\"target\":{\"@type\":\"EntryPoint\",\"urlTemplate\":\"https:\/\/blogs.thesocialmedia.com\/leblogmoto\/?s={search_term_string}\"},\"query-input\":{\"@type\":\"PropertyValueSpecification\",\"valueRequired\":true,\"valueName\":\"search_term_string\"}}],\"inLanguage\":\"fr-FR\"},{\"@type\":\"Person\",\"@id\":\"https:\/\/blogs.thesocialmedia.com\/leblogmoto\/#\/schema\/person\/18bfe773e5725ed6d24f743da805362a\",\"name\":\"benoit rieu\",\"image\":{\"@type\":\"ImageObject\",\"inLanguage\":\"fr-FR\",\"@id\":\"https:\/\/blogs.thesocialmedia.com\/leblogmoto\/#\/schema\/person\/image\/\",\"url\":\"https:\/\/secure.gravatar.com\/avatar\/?s=96&d=mm&r=g\",\"contentUrl\":\"https:\/\/secure.gravatar.com\/avatar\/?s=96&d=mm&r=g\",\"caption\":\"benoit rieu\"},\"url\":\"https:\/\/blogs.thesocialmedia.com\/leblogmoto\/author\/benoit-rieu\/\"}]}<\/script>\n<!-- \/ Yoast SEO plugin. -->","yoast_head_json":{"title":"James Stewart en son jardin, et sur un Segway. - leblogmoto.com","robots":{"index":"index","follow":"follow","max-snippet":"max-snippet:-1","max-image-preview":"max-image-preview:large","max-video-preview":"max-video-preview:-1"},"canonical":"https:\/\/blogs.thesocialmedia.com\/leblogmoto\/2009\/07\/05\/james-stewart-jardin-et-segway\/","twitter_card":"summary_large_image","twitter_title":"James Stewart en son jardin, et sur un Segway. - leblogmoto.com","twitter_description":"Pour Answer Racing, le champion 2009 d&#039;AMA Supercross a permis le mois dernier ces superbes plans film\u00e9s d&#039;un petit h\u00e9lico, au-dessus de sa propri\u00e9t\u00e9 de Haines City, non loin de Bartow, l\u00e0 o\u00f9 ce Floridien est n\u00e9. Sauf que lorsque certains r\u00eavent d&#039;un mini-golf et de croquet, Bubba a am\u00e9nag\u00e9 un parcours en terre ocre [&hellip;]","twitter_misc":{"\u00c9crit par":"benoit rieu","Dur\u00e9e de lecture estim\u00e9e":"1 minute"},"schema":{"@context":"https:\/\/schema.org","@graph":[{"@type":"WebPage","@id":"https:\/\/blogs.thesocialmedia.com\/leblogmoto\/2009\/07\/05\/james-stewart-jardin-et-segway\/","url":"https:\/\/blogs.thesocialmedia.com\/leblogmoto\/2009\/07\/05\/james-stewart-jardin-et-segway\/","name":"James Stewart en son jardin, et sur un Segway. - leblogmoto.com","isPartOf":{"@id":"https:\/\/blogs.thesocialmedia.com\/leblogmoto\/#website"},"datePublished":"2009-07-05T15:33:34+00:00","dateModified":"2012-07-11T13:23:16+00:00","author":{"@id":"https:\/\/blogs.thesocialmedia.com\/leblogmoto\/#\/schema\/person\/18bfe773e5725ed6d24f743da805362a"},"breadcrumb":{"@id":"https:\/\/blogs.thesocialmedia.com\/leblogmoto\/2009\/07\/05\/james-stewart-jardin-et-segway\/#breadcrumb"},"inLanguage":"fr-FR","potentialAction":[{"@type":"ReadAction","target":["https:\/\/blogs.thesocialmedia.com\/leblogmoto\/2009\/07\/05\/james-stewart-jardin-et-segway\/"]}]},{"@type":"BreadcrumbList","@id":"https:\/\/blogs.thesocialmedia.com\/leblogmoto\/2009\/07\/05\/james-stewart-jardin-et-segway\/#breadcrumb","itemListElement":[{"@type":"ListItem","position":1,"name":"Accueil","item":"https:\/\/blogs.thesocialmedia.com\/leblogmoto\/"},{"@type":"ListItem","position":2,"name":"James Stewart en son jardin, et sur un Segway."}]},{"@type":"WebSite","@id":"https:\/\/blogs.thesocialmedia.com\/leblogmoto\/#website","url":"https:\/\/blogs.thesocialmedia.com\/leblogmoto\/","name":"leblogmoto","description":"Toute l&#039;actualit\u00e9 des 2 roues","potentialAction":[{"@type":"SearchAction","target":{"@type":"EntryPoint","urlTemplate":"https:\/\/blogs.thesocialmedia.com\/leblogmoto\/?s={search_term_string}"},"query-input":{"@type":"PropertyValueSpecification","valueRequired":true,"valueName":"search_term_string"}}],"inLanguage":"fr-FR"},{"@type":"Person","@id":"https:\/\/blogs.thesocialmedia.com\/leblogmoto\/#\/schema\/person\/18bfe773e5725ed6d24f743da805362a","name":"benoit rieu","image":{"@type":"ImageObject","inLanguage":"fr-FR","@id":"https:\/\/blogs.thesocialmedia.com\/leblogmoto\/#\/schema\/person\/image\/","url":"https:\/\/secure.gravatar.com\/avatar\/?s=96&d=mm&r=g","contentUrl":"https:\/\/secure.gravatar.com\/avatar\/?s=96&d=mm&r=g","caption":"benoit rieu"},"url":"https:\/\/blogs.thesocialmedia.com\/leblogmoto\/author\/benoit-rieu\/"}]}},"_links":{"self":[{"href":"https:\/\/blogs.thesocialmedia.com\/leblogmoto\/wp-json\/wp\/v2\/posts\/80","targetHints":{"allow":["GET"]}}],"collection":[{"href":"https:\/\/blogs.thesocialmedia.com\/leblogmoto\/wp-json\/wp\/v2\/posts"}],"about":[{"href":"https:\/\/blogs.thesocialmedia.com\/leblogmoto\/wp-json\/wp\/v2\/types\/post"}],"author":[{"embeddable":true,"href":"https:\/\/blogs.thesocialmedia.com\/leblogmoto\/wp-json\/wp\/v2\/users\/324"}],"replies":[{"embeddable":true,"href":"https:\/\/blogs.thesocialmedia.com\/leblogmoto\/wp-json\/wp\/v2\/comments?post=80"}],"version-history":[{"count":1,"href":"https:\/\/blogs.thesocialmedia.com\/leblogmoto\/wp-json\/wp\/v2\/posts\/80\/revisions"}],"predecessor-version":[{"id":5174,"href":"https:\/\/blogs.thesocialmedia.com\/leblogmoto\/wp-json\/wp\/v2\/posts\/80\/revisions\/5174"}],"wp:attachment":[{"href":"https:\/\/blogs.thesocialmedia.com\/leblogmoto\/wp-json\/wp\/v2\/media?parent=80"}],"wp:term":[{"taxonomy":"category","embeddable":true,"href":"https:\/\/blogs.thesocialmedia.com\/leblogmoto\/wp-json\/wp\/v2\/categories?post=80"},{"taxonomy":"post_tag","embeddable":true,"href":"https:\/\/blogs.thesocialmedia.com\/leblogmoto\/wp-json\/wp\/v2\/tags?post=80"}],"curies":[{"name":"wp","href":"https:\/\/api.w.org\/{rel}","templated":true}]}}