{"id":802,"date":"2008-04-05T23:48:51","date_gmt":"2008-04-05T23:48:51","guid":{"rendered":"http:\/\/blogs.thesocialmedia.com\/leblogmoto\/2008\/04\/05\/imbroglio-sur-l\/"},"modified":"2012-07-11T15:34:08","modified_gmt":"2012-07-11T15:34:08","slug":"imbroglio-sur-l","status":"publish","type":"post","link":"https:\/\/blogs.thesocialmedia.com\/leblogmoto\/2008\/04\/05\/imbroglio-sur-l\/","title":{"rendered":"Imbroglio autour des PV estivaux."},"content":{"rendered":"<p><a href=\"http:\/\/blogs.thesocialmedia.com\/leblogmoto\/files\/2012\/07\/moto_scurit_pv.jpg\"><img loading=\"lazy\" decoding=\"async\" height=\"258\" alt=\"Moto_scurit_pv\" src=\"http:\/\/www.leblogmoto.com\/images\/2008\/04\/03\/moto_scurit_pv.jpg\" width=\"470\"  \/><\/a><\/p>\n<p>Si vous avez \u00e9t\u00e9 verbalis\u00e9 l&rsquo;\u00e9t\u00e9 dernier, ce probl\u00e8me de Droit est bigrement susceptible de vous int\u00e9resser. Un avocat sp\u00e9cialis\u00e9 dans la d\u00e9fense des usagers de la route (et le &quot;rep\u00eachage&quot; des points de permis) pr\u00e9tend que les jumelles utilis\u00e9es pour contr\u00f4ler la vitesse n&rsquo;\u00e9taient pas conformes entre le 14 mai et le 29 ao\u00fbt. L&rsquo;oubli de l&rsquo;administration au sujet du contr\u00f4le technique de ces cin\u00e9mom\u00e8tres n&rsquo;ayant \u00e9t\u00e9 r\u00e9par\u00e9 qu&rsquo;\u00e0 la fin de l&rsquo;\u00e9t\u00e9. Plus clairement: ces jumelles n&rsquo;\u00e9taient plus en mesure d&rsquo;assurer des relev\u00e9s fiables sur cette p\u00e9riode.<\/p>\n<p>D&rsquo;o\u00f9 la possibilit\u00e9 d&rsquo; &quot;annuler&quot; les PV r\u00e9dig\u00e9s sur cette m\u00eame p\u00e9riode, malgr\u00e9 la bonne foi dont se pr\u00e9valent en l&rsquo;esp\u00e8ce les forces de l&rsquo;ordre. Cependant le magazine Auto-Moto dans son <a href=\"http:\/\/www.auto-moto.com\/actualites\/7751_Jumelles-Eurolaser-illegales-Fausse-info-vraie-pub\/\">\u00e9dition de jeudi dernier<\/a> conteste cette vision des choses. Ce qui n&#8217;emp\u00eache pas Me Iosca, de maintenir son analyse du probl\u00e8me.<\/p>\n<p>Si les qualifications juridiques, et les distinguos l\u00e9gaux vous int\u00e9ressent vous pouvez vous plonger (un petit peu) plus en avant dans cette analyse en lisant l&rsquo;<a href=\"http:\/\/www.lefigaro.fr\/actualites\/2008\/04\/03\/01001-20080403ARTFIG00562-les-pv-de-l-ete-resteraient-legaux.php\">article du Figaro<\/a> \u00e9dition <em>on line,<\/em> anisi que du mag sus-cit\u00e9 (lien pr\u00e9c\u00e9dent).<\/p>\n<p>Quoiqu&rsquo;il en soit, les premi\u00e8res d\u00e9cisions de justice sur ce pataqu\u00e8s qui pourrait profiter \u00e0 de tr\u00e8s nombreux contrevenants et d\u00e9linquants* ne seront rendues que dans deux mois.<\/p>\n<p>Une certitude acquise est que depuis la fin de l&rsquo;\u00e9t\u00e9, cette ins\u00e9curit\u00e9 juridique &#8211; engendr\u00e9e par un oubli, une n\u00e9gligence des pouvoirs publics &#8211; n&rsquo;a plus lieu d&rsquo;\u00eatre. <\/p>\n<p><em>*ne me tapez pas dessus ami(e)s blogueurs(-ses), j&#8217;emploie <u>d\u00e9linquant<\/u> au sens strict du terme pas au sens du bistrot de commerce et des br\u00e8ves de comptoir: \u00e0 partir de 50 km\/h au dessus de la vitesse maximale autoris\u00e9e, on est dans le cadre du <u>d\u00e9lit<\/u> de tr\u00e8s grande vitesse.<\/em><\/p>\n","protected":false},"excerpt":{"rendered":"<p>Si vous avez \u00e9t\u00e9 verbalis\u00e9 l&rsquo;\u00e9t\u00e9 dernier, ce probl\u00e8me de Droit est bigrement susceptible de vous int\u00e9resser. Un avocat sp\u00e9cialis\u00e9 dans la d\u00e9fense des usagers de la route (et le &quot;rep\u00eachage&quot; des points de permis) pr\u00e9tend que les jumelles utilis\u00e9es pour contr\u00f4ler la vitesse n&rsquo;\u00e9taient pas conformes entre le 14 mai et le 29 ao\u00fbt. [&hellip;]<\/p>\n","protected":false},"author":324,"featured_media":0,"comment_status":"open","ping_status":"open","sticky":false,"template":"","format":"standard","meta":{"footnotes":""},"categories":[3,27],"tags":[],"class_list":["post-802","post","type-post","status-publish","format-standard","hentry","category-actualite","category-securite"],"yoast_head":"<!-- This site is optimized with the Yoast SEO plugin v26.0 - https:\/\/yoast.com\/wordpress\/plugins\/seo\/ -->\n<title>Imbroglio autour des PV estivaux. - leblogmoto.com<\/title>\n<meta name=\"robots\" content=\"index, follow, max-snippet:-1, max-image-preview:large, max-video-preview:-1\" \/>\n<link rel=\"canonical\" href=\"https:\/\/blogs.thesocialmedia.com\/leblogmoto\/2008\/04\/05\/imbroglio-sur-l\/\" \/>\n<meta name=\"twitter:card\" content=\"summary_large_image\" \/>\n<meta name=\"twitter:title\" content=\"Imbroglio autour des PV estivaux. - leblogmoto.com\" \/>\n<meta name=\"twitter:description\" content=\"Si vous avez \u00e9t\u00e9 verbalis\u00e9 l&rsquo;\u00e9t\u00e9 dernier, ce probl\u00e8me de Droit est bigrement susceptible de vous int\u00e9resser. Un avocat sp\u00e9cialis\u00e9 dans la d\u00e9fense des usagers de la route (et le &quot;rep\u00eachage&quot; des points de permis) pr\u00e9tend que les jumelles utilis\u00e9es pour contr\u00f4ler la vitesse n&rsquo;\u00e9taient pas conformes entre le 14 mai et le 29 ao\u00fbt. [&hellip;]\" \/>\n<meta name=\"twitter:image\" content=\"http:\/\/www.leblogmoto.com\/images\/2008\/04\/03\/moto_scurit_pv.jpg\" \/>\n<meta name=\"twitter:label1\" content=\"\u00c9crit par\" \/>\n\t<meta name=\"twitter:data1\" content=\"benoit rieu\" \/>\n\t<meta name=\"twitter:label2\" content=\"Dur\u00e9e de lecture estim\u00e9e\" \/>\n\t<meta name=\"twitter:data2\" content=\"2 minutes\" \/>\n<script type=\"application\/ld+json\" class=\"yoast-schema-graph\">{\"@context\":\"https:\/\/schema.org\",\"@graph\":[{\"@type\":\"WebPage\",\"@id\":\"https:\/\/blogs.thesocialmedia.com\/leblogmoto\/2008\/04\/05\/imbroglio-sur-l\/\",\"url\":\"https:\/\/blogs.thesocialmedia.com\/leblogmoto\/2008\/04\/05\/imbroglio-sur-l\/\",\"name\":\"Imbroglio autour des PV estivaux. - leblogmoto.com\",\"isPartOf\":{\"@id\":\"https:\/\/blogs.thesocialmedia.com\/leblogmoto\/#website\"},\"primaryImageOfPage\":{\"@id\":\"https:\/\/blogs.thesocialmedia.com\/leblogmoto\/2008\/04\/05\/imbroglio-sur-l\/#primaryimage\"},\"image\":{\"@id\":\"https:\/\/blogs.thesocialmedia.com\/leblogmoto\/2008\/04\/05\/imbroglio-sur-l\/#primaryimage\"},\"thumbnailUrl\":\"http:\/\/www.leblogmoto.com\/images\/2008\/04\/03\/moto_scurit_pv.jpg\",\"datePublished\":\"2008-04-05T23:48:51+00:00\",\"dateModified\":\"2012-07-11T15:34:08+00:00\",\"author\":{\"@id\":\"https:\/\/blogs.thesocialmedia.com\/leblogmoto\/#\/schema\/person\/18bfe773e5725ed6d24f743da805362a\"},\"breadcrumb\":{\"@id\":\"https:\/\/blogs.thesocialmedia.com\/leblogmoto\/2008\/04\/05\/imbroglio-sur-l\/#breadcrumb\"},\"inLanguage\":\"fr-FR\",\"potentialAction\":[{\"@type\":\"ReadAction\",\"target\":[\"https:\/\/blogs.thesocialmedia.com\/leblogmoto\/2008\/04\/05\/imbroglio-sur-l\/\"]}]},{\"@type\":\"ImageObject\",\"inLanguage\":\"fr-FR\",\"@id\":\"https:\/\/blogs.thesocialmedia.com\/leblogmoto\/2008\/04\/05\/imbroglio-sur-l\/#primaryimage\",\"url\":\"http:\/\/www.leblogmoto.com\/images\/2008\/04\/03\/moto_scurit_pv.jpg\",\"contentUrl\":\"http:\/\/www.leblogmoto.com\/images\/2008\/04\/03\/moto_scurit_pv.jpg\"},{\"@type\":\"BreadcrumbList\",\"@id\":\"https:\/\/blogs.thesocialmedia.com\/leblogmoto\/2008\/04\/05\/imbroglio-sur-l\/#breadcrumb\",\"itemListElement\":[{\"@type\":\"ListItem\",\"position\":1,\"name\":\"Accueil\",\"item\":\"https:\/\/blogs.thesocialmedia.com\/leblogmoto\/\"},{\"@type\":\"ListItem\",\"position\":2,\"name\":\"Imbroglio autour des PV estivaux.\"}]},{\"@type\":\"WebSite\",\"@id\":\"https:\/\/blogs.thesocialmedia.com\/leblogmoto\/#website\",\"url\":\"https:\/\/blogs.thesocialmedia.com\/leblogmoto\/\",\"name\":\"leblogmoto\",\"description\":\"Toute l&#039;actualit\u00e9 des 2 roues\",\"potentialAction\":[{\"@type\":\"SearchAction\",\"target\":{\"@type\":\"EntryPoint\",\"urlTemplate\":\"https:\/\/blogs.thesocialmedia.com\/leblogmoto\/?s={search_term_string}\"},\"query-input\":{\"@type\":\"PropertyValueSpecification\",\"valueRequired\":true,\"valueName\":\"search_term_string\"}}],\"inLanguage\":\"fr-FR\"},{\"@type\":\"Person\",\"@id\":\"https:\/\/blogs.thesocialmedia.com\/leblogmoto\/#\/schema\/person\/18bfe773e5725ed6d24f743da805362a\",\"name\":\"benoit rieu\",\"image\":{\"@type\":\"ImageObject\",\"inLanguage\":\"fr-FR\",\"@id\":\"https:\/\/blogs.thesocialmedia.com\/leblogmoto\/#\/schema\/person\/image\/\",\"url\":\"https:\/\/secure.gravatar.com\/avatar\/?s=96&d=mm&r=g\",\"contentUrl\":\"https:\/\/secure.gravatar.com\/avatar\/?s=96&d=mm&r=g\",\"caption\":\"benoit rieu\"},\"url\":\"https:\/\/blogs.thesocialmedia.com\/leblogmoto\/author\/benoit-rieu\/\"}]}<\/script>\n<!-- \/ Yoast SEO plugin. -->","yoast_head_json":{"title":"Imbroglio autour des PV estivaux. - leblogmoto.com","robots":{"index":"index","follow":"follow","max-snippet":"max-snippet:-1","max-image-preview":"max-image-preview:large","max-video-preview":"max-video-preview:-1"},"canonical":"https:\/\/blogs.thesocialmedia.com\/leblogmoto\/2008\/04\/05\/imbroglio-sur-l\/","twitter_card":"summary_large_image","twitter_title":"Imbroglio autour des PV estivaux. - leblogmoto.com","twitter_description":"Si vous avez \u00e9t\u00e9 verbalis\u00e9 l&rsquo;\u00e9t\u00e9 dernier, ce probl\u00e8me de Droit est bigrement susceptible de vous int\u00e9resser. Un avocat sp\u00e9cialis\u00e9 dans la d\u00e9fense des usagers de la route (et le &quot;rep\u00eachage&quot; des points de permis) pr\u00e9tend que les jumelles utilis\u00e9es pour contr\u00f4ler la vitesse n&rsquo;\u00e9taient pas conformes entre le 14 mai et le 29 ao\u00fbt. [&hellip;]","twitter_image":"http:\/\/www.leblogmoto.com\/images\/2008\/04\/03\/moto_scurit_pv.jpg","twitter_misc":{"\u00c9crit par":"benoit rieu","Dur\u00e9e de lecture estim\u00e9e":"2 minutes"},"schema":{"@context":"https:\/\/schema.org","@graph":[{"@type":"WebPage","@id":"https:\/\/blogs.thesocialmedia.com\/leblogmoto\/2008\/04\/05\/imbroglio-sur-l\/","url":"https:\/\/blogs.thesocialmedia.com\/leblogmoto\/2008\/04\/05\/imbroglio-sur-l\/","name":"Imbroglio autour des PV estivaux. - leblogmoto.com","isPartOf":{"@id":"https:\/\/blogs.thesocialmedia.com\/leblogmoto\/#website"},"primaryImageOfPage":{"@id":"https:\/\/blogs.thesocialmedia.com\/leblogmoto\/2008\/04\/05\/imbroglio-sur-l\/#primaryimage"},"image":{"@id":"https:\/\/blogs.thesocialmedia.com\/leblogmoto\/2008\/04\/05\/imbroglio-sur-l\/#primaryimage"},"thumbnailUrl":"http:\/\/www.leblogmoto.com\/images\/2008\/04\/03\/moto_scurit_pv.jpg","datePublished":"2008-04-05T23:48:51+00:00","dateModified":"2012-07-11T15:34:08+00:00","author":{"@id":"https:\/\/blogs.thesocialmedia.com\/leblogmoto\/#\/schema\/person\/18bfe773e5725ed6d24f743da805362a"},"breadcrumb":{"@id":"https:\/\/blogs.thesocialmedia.com\/leblogmoto\/2008\/04\/05\/imbroglio-sur-l\/#breadcrumb"},"inLanguage":"fr-FR","potentialAction":[{"@type":"ReadAction","target":["https:\/\/blogs.thesocialmedia.com\/leblogmoto\/2008\/04\/05\/imbroglio-sur-l\/"]}]},{"@type":"ImageObject","inLanguage":"fr-FR","@id":"https:\/\/blogs.thesocialmedia.com\/leblogmoto\/2008\/04\/05\/imbroglio-sur-l\/#primaryimage","url":"http:\/\/www.leblogmoto.com\/images\/2008\/04\/03\/moto_scurit_pv.jpg","contentUrl":"http:\/\/www.leblogmoto.com\/images\/2008\/04\/03\/moto_scurit_pv.jpg"},{"@type":"BreadcrumbList","@id":"https:\/\/blogs.thesocialmedia.com\/leblogmoto\/2008\/04\/05\/imbroglio-sur-l\/#breadcrumb","itemListElement":[{"@type":"ListItem","position":1,"name":"Accueil","item":"https:\/\/blogs.thesocialmedia.com\/leblogmoto\/"},{"@type":"ListItem","position":2,"name":"Imbroglio autour des PV estivaux."}]},{"@type":"WebSite","@id":"https:\/\/blogs.thesocialmedia.com\/leblogmoto\/#website","url":"https:\/\/blogs.thesocialmedia.com\/leblogmoto\/","name":"leblogmoto","description":"Toute l&#039;actualit\u00e9 des 2 roues","potentialAction":[{"@type":"SearchAction","target":{"@type":"EntryPoint","urlTemplate":"https:\/\/blogs.thesocialmedia.com\/leblogmoto\/?s={search_term_string}"},"query-input":{"@type":"PropertyValueSpecification","valueRequired":true,"valueName":"search_term_string"}}],"inLanguage":"fr-FR"},{"@type":"Person","@id":"https:\/\/blogs.thesocialmedia.com\/leblogmoto\/#\/schema\/person\/18bfe773e5725ed6d24f743da805362a","name":"benoit rieu","image":{"@type":"ImageObject","inLanguage":"fr-FR","@id":"https:\/\/blogs.thesocialmedia.com\/leblogmoto\/#\/schema\/person\/image\/","url":"https:\/\/secure.gravatar.com\/avatar\/?s=96&d=mm&r=g","contentUrl":"https:\/\/secure.gravatar.com\/avatar\/?s=96&d=mm&r=g","caption":"benoit rieu"},"url":"https:\/\/blogs.thesocialmedia.com\/leblogmoto\/author\/benoit-rieu\/"}]}},"_links":{"self":[{"href":"https:\/\/blogs.thesocialmedia.com\/leblogmoto\/wp-json\/wp\/v2\/posts\/802","targetHints":{"allow":["GET"]}}],"collection":[{"href":"https:\/\/blogs.thesocialmedia.com\/leblogmoto\/wp-json\/wp\/v2\/posts"}],"about":[{"href":"https:\/\/blogs.thesocialmedia.com\/leblogmoto\/wp-json\/wp\/v2\/types\/post"}],"author":[{"embeddable":true,"href":"https:\/\/blogs.thesocialmedia.com\/leblogmoto\/wp-json\/wp\/v2\/users\/324"}],"replies":[{"embeddable":true,"href":"https:\/\/blogs.thesocialmedia.com\/leblogmoto\/wp-json\/wp\/v2\/comments?post=802"}],"version-history":[{"count":2,"href":"https:\/\/blogs.thesocialmedia.com\/leblogmoto\/wp-json\/wp\/v2\/posts\/802\/revisions"}],"predecessor-version":[{"id":10339,"href":"https:\/\/blogs.thesocialmedia.com\/leblogmoto\/wp-json\/wp\/v2\/posts\/802\/revisions\/10339"}],"wp:attachment":[{"href":"https:\/\/blogs.thesocialmedia.com\/leblogmoto\/wp-json\/wp\/v2\/media?parent=802"}],"wp:term":[{"taxonomy":"category","embeddable":true,"href":"https:\/\/blogs.thesocialmedia.com\/leblogmoto\/wp-json\/wp\/v2\/categories?post=802"},{"taxonomy":"post_tag","embeddable":true,"href":"https:\/\/blogs.thesocialmedia.com\/leblogmoto\/wp-json\/wp\/v2\/tags?post=802"}],"curies":[{"name":"wp","href":"https:\/\/api.w.org\/{rel}","templated":true}]}}