{"id":803,"date":"2008-04-05T23:00:14","date_gmt":"2008-04-05T23:00:14","guid":{"rendered":"http:\/\/blogs.thesocialmedia.com\/leblogmoto\/2008\/04\/05\/gt4\/"},"modified":"2012-07-11T15:34:06","modified_gmt":"2012-07-11T15:34:06","slug":"gt4","status":"publish","type":"post","link":"https:\/\/blogs.thesocialmedia.com\/leblogmoto\/2008\/04\/05\/gt4\/","title":{"rendered":"Apr\u00e8s la moto, KTM est fin pr\u00eat pour les courses auto."},"content":{"rendered":"<p><a href=\"http:\/\/blogs.thesocialmedia.com\/leblogmoto\/files\/2012\/07\/08_ktm_xbow_gt4.jpg\"><img loading=\"lazy\" decoding=\"async\" height=\"321\" alt=\"08_ktm_xbow_gt4\" src=\"http:\/\/www.leblogmoto.com\/images\/2008\/04\/03\/08_ktm_xbow_gt4.jpg\" width=\"470\"  \/><\/a><\/p>\n<p>Contre toute attente*, voici les photos du bolide qui permettra \u00e0 KTM de marcher sur les bris\u00e9es de Lotus**. Pr\u00e9par\u00e9s en un temps record par Dallara et cornaqu\u00e9s par Reiter Engineering, deux mod\u00e8les KTM X-bow seront engag\u00e9s dans moins de deux semaines en FIA GT4 Light Class. Les deux pilotes de course (photos) seront Loris Bicocchi, qui, fait rare, a lui m\u00eame d\u00e9velopp\u00e9 la voiture en tant que pilote essayeur. Ainsi que la belle et exp\u00e9riment\u00e9e pilote allemande <a href=\"http:\/\/www.catharina-felser.de\/en-index.php\">Catharina Felser<\/a>, qui a t\u00e2t\u00e9 de nombreux volants sur les v\u00e9hicules les plus divers.<\/p>\n<p><em>*la c\u00e9l\u00e9rit\u00e9 et la promptitude du constructeur autrichien dans le d\u00e9veloppement de la GT4 laisse pr\u00e9sager un respect (et peut-\u00eatre mieux que \u00e7a) des d\u00e9lais dans la production des v\u00e9hicules de s\u00e9ries, contrairement \u00e0 ce que nous pensions.<\/em><\/p>\n<p><em>**le lien entre la comp\u00e9tition et les voitures de s\u00e9rie est aussi un principe fondateur de Lotus Cars depuis Colin Chapman. Rappelons que les diff\u00e9rences entre la X-bow version(s) routes ouvertes et version circuit sont minimes, comme nous l&rsquo;annoncions d\u00e9j\u00e0 <a href=\"http:\/\/www.leblogmoto.com\/2008\/03\/des-nouvelles-f.html\">ici<\/a>. Le lien de Lotus avec la moto est aussi av\u00e9r\u00e9, dans la renaissance de Triumph notamment, commme nous l&rsquo;avions <a href=\"http:\/\/www.leblogmoto.com\/2008\/02\/ktm-prvoit-3-ve.html\">pr\u00e9c\u00e9demment<\/a> fait remarquer.<\/em><\/p>\n<p><a href=\"http:\/\/clabedan.typepad.com\/.shared\/image.html?\/photos\/uncategorized\/2008\/04\/03\/06_ktm_xbow_gt4.jpg\"><img loading=\"lazy\" decoding=\"async\" height=\"321\" alt=\"06_ktm_xbow_gt4\" src=\"http:\/\/www.leblogmoto.com\/images\/2008\/04\/03\/06_ktm_xbow_gt4.jpg\" width=\"470\"  \/><\/a> <\/p>\n<p><a href=\"http:\/\/blogs.thesocialmedia.com\/leblogmoto\/files\/2012\/07\/04_ktm_xbow_gt4.jpg\"><img loading=\"lazy\" decoding=\"async\" height=\"321\" alt=\"04_ktm_xbow_gt4\" src=\"http:\/\/www.leblogmoto.com\/images\/2008\/04\/03\/04_ktm_xbow_gt4.jpg\" width=\"470\"  \/><\/a><\/p>\n<p><a href=\"http:\/\/blogs.thesocialmedia.com\/leblogmoto\/files\/2012\/07\/03_ktm_xbow_gt4.jpg\"><img loading=\"lazy\" decoding=\"async\" height=\"321\" alt=\"03_ktm_xbow_gt4\" src=\"http:\/\/www.leblogmoto.com\/images\/2008\/04\/03\/03_ktm_xbow_gt4.jpg\" width=\"470\"  \/><\/a> <\/p>\n<p><a href=\"http:\/\/blogs.thesocialmedia.com\/leblogmoto\/files\/2012\/07\/05_ktm_xbow_gt4.jpg\"><img loading=\"lazy\" decoding=\"async\" height=\"321\" alt=\"05_ktm_xbow_gt4\" src=\"http:\/\/www.leblogmoto.com\/images\/2008\/04\/03\/05_ktm_xbow_gt4.jpg\" width=\"470\"  \/><\/a> <\/p>\n<p><a href=\"http:\/\/blogs.thesocialmedia.com\/leblogmoto\/files\/2012\/07\/07_ktm_xbow_gt4.jpg\"><img loading=\"lazy\" decoding=\"async\" height=\"321\" alt=\"07_ktm_xbow_gt4\" src=\"http:\/\/www.leblogmoto.com\/images\/2008\/04\/03\/07_ktm_xbow_gt4.jpg\" width=\"470\"  \/><\/a> <\/p>\n<p><a href=\"http:\/\/blogs.thesocialmedia.com\/leblogmoto\/files\/2012\/07\/01_ktm_xbow_gt4.jpg\"><img loading=\"lazy\" decoding=\"async\" height=\"321\" alt=\"01_ktm_xbow_gt4\" src=\"http:\/\/www.leblogmoto.com\/images\/2008\/04\/03\/01_ktm_xbow_gt4.jpg\" width=\"470\"  \/><\/a> <\/p>\n<p><a href=\"http:\/\/blogs.thesocialmedia.com\/leblogmoto\/files\/2012\/07\/02_ktm_xbow_gt4.jpg\"><img loading=\"lazy\" decoding=\"async\" height=\"321\" alt=\"02_ktm_xbow_gt4\" src=\"http:\/\/www.leblogmoto.com\/images\/2008\/04\/03\/02_ktm_xbow_gt4.jpg\" width=\"470\"  \/><\/a>&nbsp; <\/p>\n<p><a href=\"http:\/\/blogs.thesocialmedia.com\/leblogmoto\/files\/2012\/07\/11_ktm_xbow_gt4.jpg\"><img loading=\"lazy\" decoding=\"async\" height=\"321\" alt=\"11_ktm_xbow_gt4\" src=\"http:\/\/www.leblogmoto.com\/images\/2008\/04\/05\/11_ktm_xbow_gt4.jpg\" width=\"470\"  \/><\/a> <\/p>\n<p><a href=\"http:\/\/blogs.thesocialmedia.com\/leblogmoto\/files\/2012\/07\/10_ktm_xbow_gt4.jpg\"><img loading=\"lazy\" decoding=\"async\" height=\"321\" alt=\"10_ktm_xbow_gt4\" src=\"http:\/\/www.leblogmoto.com\/images\/2008\/04\/05\/10_ktm_xbow_gt4.jpg\" width=\"470\"  \/><\/a> <\/p>\n","protected":false},"excerpt":{"rendered":"<p>Contre toute attente*, voici les photos du bolide qui permettra \u00e0 KTM de marcher sur les bris\u00e9es de Lotus**. Pr\u00e9par\u00e9s en un temps record par Dallara et cornaqu\u00e9s par Reiter Engineering, deux mod\u00e8les KTM X-bow seront engag\u00e9s dans moins de deux semaines en FIA GT4 Light Class. Les deux pilotes de course (photos) seront Loris [&hellip;]<\/p>\n","protected":false},"author":324,"featured_media":0,"comment_status":"open","ping_status":"open","sticky":false,"template":"","format":"standard","meta":{"footnotes":""},"categories":[49,39],"tags":[],"class_list":["post-803","post","type-post","status-publish","format-standard","hentry","category-actualites-entreprise","category-ktm"],"yoast_head":"<!-- This site is optimized with the Yoast SEO plugin v26.0 - https:\/\/yoast.com\/wordpress\/plugins\/seo\/ -->\n<title>Apr\u00e8s la moto, KTM est fin pr\u00eat pour les courses auto. - leblogmoto.com<\/title>\n<meta name=\"robots\" content=\"index, follow, max-snippet:-1, max-image-preview:large, max-video-preview:-1\" \/>\n<link rel=\"canonical\" href=\"https:\/\/blogs.thesocialmedia.com\/leblogmoto\/2008\/04\/05\/gt4\/\" \/>\n<meta name=\"twitter:card\" content=\"summary_large_image\" \/>\n<meta name=\"twitter:title\" content=\"Apr\u00e8s la moto, KTM est fin pr\u00eat pour les courses auto. - leblogmoto.com\" \/>\n<meta name=\"twitter:description\" content=\"Contre toute attente*, voici les photos du bolide qui permettra \u00e0 KTM de marcher sur les bris\u00e9es de Lotus**. Pr\u00e9par\u00e9s en un temps record par Dallara et cornaqu\u00e9s par Reiter Engineering, deux mod\u00e8les KTM X-bow seront engag\u00e9s dans moins de deux semaines en FIA GT4 Light Class. Les deux pilotes de course (photos) seront Loris [&hellip;]\" \/>\n<meta name=\"twitter:image\" content=\"http:\/\/www.leblogmoto.com\/images\/2008\/04\/03\/08_ktm_xbow_gt4.jpg\" \/>\n<meta name=\"twitter:label1\" content=\"\u00c9crit par\" \/>\n\t<meta name=\"twitter:data1\" content=\"benoit rieu\" \/>\n\t<meta name=\"twitter:label2\" content=\"Dur\u00e9e de lecture estim\u00e9e\" \/>\n\t<meta name=\"twitter:data2\" content=\"1 minute\" \/>\n<script type=\"application\/ld+json\" class=\"yoast-schema-graph\">{\"@context\":\"https:\/\/schema.org\",\"@graph\":[{\"@type\":\"WebPage\",\"@id\":\"https:\/\/blogs.thesocialmedia.com\/leblogmoto\/2008\/04\/05\/gt4\/\",\"url\":\"https:\/\/blogs.thesocialmedia.com\/leblogmoto\/2008\/04\/05\/gt4\/\",\"name\":\"Apr\u00e8s la moto, KTM est fin pr\u00eat pour les courses auto. - leblogmoto.com\",\"isPartOf\":{\"@id\":\"https:\/\/blogs.thesocialmedia.com\/leblogmoto\/#website\"},\"primaryImageOfPage\":{\"@id\":\"https:\/\/blogs.thesocialmedia.com\/leblogmoto\/2008\/04\/05\/gt4\/#primaryimage\"},\"image\":{\"@id\":\"https:\/\/blogs.thesocialmedia.com\/leblogmoto\/2008\/04\/05\/gt4\/#primaryimage\"},\"thumbnailUrl\":\"http:\/\/www.leblogmoto.com\/images\/2008\/04\/03\/08_ktm_xbow_gt4.jpg\",\"datePublished\":\"2008-04-05T23:00:14+00:00\",\"dateModified\":\"2012-07-11T15:34:06+00:00\",\"author\":{\"@id\":\"https:\/\/blogs.thesocialmedia.com\/leblogmoto\/#\/schema\/person\/18bfe773e5725ed6d24f743da805362a\"},\"breadcrumb\":{\"@id\":\"https:\/\/blogs.thesocialmedia.com\/leblogmoto\/2008\/04\/05\/gt4\/#breadcrumb\"},\"inLanguage\":\"fr-FR\",\"potentialAction\":[{\"@type\":\"ReadAction\",\"target\":[\"https:\/\/blogs.thesocialmedia.com\/leblogmoto\/2008\/04\/05\/gt4\/\"]}]},{\"@type\":\"ImageObject\",\"inLanguage\":\"fr-FR\",\"@id\":\"https:\/\/blogs.thesocialmedia.com\/leblogmoto\/2008\/04\/05\/gt4\/#primaryimage\",\"url\":\"http:\/\/www.leblogmoto.com\/images\/2008\/04\/03\/08_ktm_xbow_gt4.jpg\",\"contentUrl\":\"http:\/\/www.leblogmoto.com\/images\/2008\/04\/03\/08_ktm_xbow_gt4.jpg\"},{\"@type\":\"BreadcrumbList\",\"@id\":\"https:\/\/blogs.thesocialmedia.com\/leblogmoto\/2008\/04\/05\/gt4\/#breadcrumb\",\"itemListElement\":[{\"@type\":\"ListItem\",\"position\":1,\"name\":\"Accueil\",\"item\":\"https:\/\/blogs.thesocialmedia.com\/leblogmoto\/\"},{\"@type\":\"ListItem\",\"position\":2,\"name\":\"Apr\u00e8s la moto, KTM est fin pr\u00eat pour les courses auto.\"}]},{\"@type\":\"WebSite\",\"@id\":\"https:\/\/blogs.thesocialmedia.com\/leblogmoto\/#website\",\"url\":\"https:\/\/blogs.thesocialmedia.com\/leblogmoto\/\",\"name\":\"leblogmoto\",\"description\":\"Toute l&#039;actualit\u00e9 des 2 roues\",\"potentialAction\":[{\"@type\":\"SearchAction\",\"target\":{\"@type\":\"EntryPoint\",\"urlTemplate\":\"https:\/\/blogs.thesocialmedia.com\/leblogmoto\/?s={search_term_string}\"},\"query-input\":{\"@type\":\"PropertyValueSpecification\",\"valueRequired\":true,\"valueName\":\"search_term_string\"}}],\"inLanguage\":\"fr-FR\"},{\"@type\":\"Person\",\"@id\":\"https:\/\/blogs.thesocialmedia.com\/leblogmoto\/#\/schema\/person\/18bfe773e5725ed6d24f743da805362a\",\"name\":\"benoit rieu\",\"image\":{\"@type\":\"ImageObject\",\"inLanguage\":\"fr-FR\",\"@id\":\"https:\/\/blogs.thesocialmedia.com\/leblogmoto\/#\/schema\/person\/image\/\",\"url\":\"https:\/\/secure.gravatar.com\/avatar\/?s=96&d=mm&r=g\",\"contentUrl\":\"https:\/\/secure.gravatar.com\/avatar\/?s=96&d=mm&r=g\",\"caption\":\"benoit rieu\"},\"url\":\"https:\/\/blogs.thesocialmedia.com\/leblogmoto\/author\/benoit-rieu\/\"}]}<\/script>\n<!-- \/ Yoast SEO plugin. -->","yoast_head_json":{"title":"Apr\u00e8s la moto, KTM est fin pr\u00eat pour les courses auto. - leblogmoto.com","robots":{"index":"index","follow":"follow","max-snippet":"max-snippet:-1","max-image-preview":"max-image-preview:large","max-video-preview":"max-video-preview:-1"},"canonical":"https:\/\/blogs.thesocialmedia.com\/leblogmoto\/2008\/04\/05\/gt4\/","twitter_card":"summary_large_image","twitter_title":"Apr\u00e8s la moto, KTM est fin pr\u00eat pour les courses auto. - leblogmoto.com","twitter_description":"Contre toute attente*, voici les photos du bolide qui permettra \u00e0 KTM de marcher sur les bris\u00e9es de Lotus**. Pr\u00e9par\u00e9s en un temps record par Dallara et cornaqu\u00e9s par Reiter Engineering, deux mod\u00e8les KTM X-bow seront engag\u00e9s dans moins de deux semaines en FIA GT4 Light Class. Les deux pilotes de course (photos) seront Loris [&hellip;]","twitter_image":"http:\/\/www.leblogmoto.com\/images\/2008\/04\/03\/08_ktm_xbow_gt4.jpg","twitter_misc":{"\u00c9crit par":"benoit rieu","Dur\u00e9e de lecture estim\u00e9e":"1 minute"},"schema":{"@context":"https:\/\/schema.org","@graph":[{"@type":"WebPage","@id":"https:\/\/blogs.thesocialmedia.com\/leblogmoto\/2008\/04\/05\/gt4\/","url":"https:\/\/blogs.thesocialmedia.com\/leblogmoto\/2008\/04\/05\/gt4\/","name":"Apr\u00e8s la moto, KTM est fin pr\u00eat pour les courses auto. - leblogmoto.com","isPartOf":{"@id":"https:\/\/blogs.thesocialmedia.com\/leblogmoto\/#website"},"primaryImageOfPage":{"@id":"https:\/\/blogs.thesocialmedia.com\/leblogmoto\/2008\/04\/05\/gt4\/#primaryimage"},"image":{"@id":"https:\/\/blogs.thesocialmedia.com\/leblogmoto\/2008\/04\/05\/gt4\/#primaryimage"},"thumbnailUrl":"http:\/\/www.leblogmoto.com\/images\/2008\/04\/03\/08_ktm_xbow_gt4.jpg","datePublished":"2008-04-05T23:00:14+00:00","dateModified":"2012-07-11T15:34:06+00:00","author":{"@id":"https:\/\/blogs.thesocialmedia.com\/leblogmoto\/#\/schema\/person\/18bfe773e5725ed6d24f743da805362a"},"breadcrumb":{"@id":"https:\/\/blogs.thesocialmedia.com\/leblogmoto\/2008\/04\/05\/gt4\/#breadcrumb"},"inLanguage":"fr-FR","potentialAction":[{"@type":"ReadAction","target":["https:\/\/blogs.thesocialmedia.com\/leblogmoto\/2008\/04\/05\/gt4\/"]}]},{"@type":"ImageObject","inLanguage":"fr-FR","@id":"https:\/\/blogs.thesocialmedia.com\/leblogmoto\/2008\/04\/05\/gt4\/#primaryimage","url":"http:\/\/www.leblogmoto.com\/images\/2008\/04\/03\/08_ktm_xbow_gt4.jpg","contentUrl":"http:\/\/www.leblogmoto.com\/images\/2008\/04\/03\/08_ktm_xbow_gt4.jpg"},{"@type":"BreadcrumbList","@id":"https:\/\/blogs.thesocialmedia.com\/leblogmoto\/2008\/04\/05\/gt4\/#breadcrumb","itemListElement":[{"@type":"ListItem","position":1,"name":"Accueil","item":"https:\/\/blogs.thesocialmedia.com\/leblogmoto\/"},{"@type":"ListItem","position":2,"name":"Apr\u00e8s la moto, KTM est fin pr\u00eat pour les courses auto."}]},{"@type":"WebSite","@id":"https:\/\/blogs.thesocialmedia.com\/leblogmoto\/#website","url":"https:\/\/blogs.thesocialmedia.com\/leblogmoto\/","name":"leblogmoto","description":"Toute l&#039;actualit\u00e9 des 2 roues","potentialAction":[{"@type":"SearchAction","target":{"@type":"EntryPoint","urlTemplate":"https:\/\/blogs.thesocialmedia.com\/leblogmoto\/?s={search_term_string}"},"query-input":{"@type":"PropertyValueSpecification","valueRequired":true,"valueName":"search_term_string"}}],"inLanguage":"fr-FR"},{"@type":"Person","@id":"https:\/\/blogs.thesocialmedia.com\/leblogmoto\/#\/schema\/person\/18bfe773e5725ed6d24f743da805362a","name":"benoit rieu","image":{"@type":"ImageObject","inLanguage":"fr-FR","@id":"https:\/\/blogs.thesocialmedia.com\/leblogmoto\/#\/schema\/person\/image\/","url":"https:\/\/secure.gravatar.com\/avatar\/?s=96&d=mm&r=g","contentUrl":"https:\/\/secure.gravatar.com\/avatar\/?s=96&d=mm&r=g","caption":"benoit rieu"},"url":"https:\/\/blogs.thesocialmedia.com\/leblogmoto\/author\/benoit-rieu\/"}]}},"_links":{"self":[{"href":"https:\/\/blogs.thesocialmedia.com\/leblogmoto\/wp-json\/wp\/v2\/posts\/803","targetHints":{"allow":["GET"]}}],"collection":[{"href":"https:\/\/blogs.thesocialmedia.com\/leblogmoto\/wp-json\/wp\/v2\/posts"}],"about":[{"href":"https:\/\/blogs.thesocialmedia.com\/leblogmoto\/wp-json\/wp\/v2\/types\/post"}],"author":[{"embeddable":true,"href":"https:\/\/blogs.thesocialmedia.com\/leblogmoto\/wp-json\/wp\/v2\/users\/324"}],"replies":[{"embeddable":true,"href":"https:\/\/blogs.thesocialmedia.com\/leblogmoto\/wp-json\/wp\/v2\/comments?post=803"}],"version-history":[{"count":2,"href":"https:\/\/blogs.thesocialmedia.com\/leblogmoto\/wp-json\/wp\/v2\/posts\/803\/revisions"}],"predecessor-version":[{"id":10337,"href":"https:\/\/blogs.thesocialmedia.com\/leblogmoto\/wp-json\/wp\/v2\/posts\/803\/revisions\/10337"}],"wp:attachment":[{"href":"https:\/\/blogs.thesocialmedia.com\/leblogmoto\/wp-json\/wp\/v2\/media?parent=803"}],"wp:term":[{"taxonomy":"category","embeddable":true,"href":"https:\/\/blogs.thesocialmedia.com\/leblogmoto\/wp-json\/wp\/v2\/categories?post=803"},{"taxonomy":"post_tag","embeddable":true,"href":"https:\/\/blogs.thesocialmedia.com\/leblogmoto\/wp-json\/wp\/v2\/tags?post=803"}],"curies":[{"name":"wp","href":"https:\/\/api.w.org\/{rel}","templated":true}]}}