{"id":809,"date":"2008-04-03T02:02:51","date_gmt":"2008-04-03T02:02:51","guid":{"rendered":"http:\/\/blogs.thesocialmedia.com\/leblogmoto\/2008\/04\/03\/harley-davidson-7\/"},"modified":"2012-07-11T15:32:43","modified_gmt":"2012-07-11T15:32:43","slug":"harley-davidson-7","status":"publish","type":"post","link":"https:\/\/blogs.thesocialmedia.com\/leblogmoto\/2008\/04\/03\/harley-davidson-7\/","title":{"rendered":"Harley-Davidson fait son entr\u00e9e au mus\u00e9e"},"content":{"rendered":"<p><a href=\"http:\/\/blogs.thesocialmedia.com\/leblogmoto\/files\/2012\/07\/harley6.jpg\"><img loading=\"lazy\" decoding=\"async\" width=\"470\" height=\"189\"  src=\"http:\/\/www.leblogmoto.com\/images\/2008\/04\/02\/harley6.jpg\" alt=\"Harley6\" \/><\/a> <\/p>\n<p><a href=\"http:\/\/www.harley-davidson.com\/wcm\/Content\/Pages\/home.jsp?locale=fr_FR\">Harley-Davidson<\/a> inaugurera en juillet prochain un tout nouveau mus\u00e9e d\u00e9di\u00e9 \u00e0 la gloire de sa longue histoire, juste \u00e0 temps pour son 105e anniversaire. Situ\u00e9 \u00e0 <a href=\"http:\/\/fr.wikipedia.org\/wiki\/Milwaukee\">Milwaukee<\/a> en bordure du lac Michigan, le mus\u00e9e fait sa niche le long de la rivi\u00e8re Menomonee pr\u00e8s du centre de la ville.<\/p>\n<p>Plus de 400 v\u00e9hicules y seront expos\u00e9s dont la premi\u00e8re Harley d&rsquo;<a href=\"http:\/\/fr.wikipedia.org\/wiki\/Elvis_Presley\">Elvis Presley<\/a> achet\u00e9 en 1956. Comme tout bon mus\u00e9e qui se respecte, on y retrouvera des expositions th\u00e9matiques, les archives, boutiques, resto, terrasse et promenades.<\/p>\n<p>La premi\u00e8re \u00abpellet\u00e9e de terre\u00bb toute symbolique, effectu\u00e9e le premier juin 2006 s&rsquo;est d\u00e9roul\u00e9e dans le plus pur style Harley, avec un Sportster XL883 cassant le terrain en mode \u00abburnout\u00bb.<\/p>\n<p><a href=\"http:\/\/clabedan.typepad.com\/.shared\/image.html?\/photos\/uncategorized\/2008\/04\/02\/harley3.jpg\"><img loading=\"lazy\" decoding=\"async\" width=\"470\" height=\"274\"  src=\"http:\/\/www.leblogmoto.com\/images\/2008\/04\/02\/harley3.jpg\" alt=\"Harley3\" \/><\/a> <\/p>\n<p>Une autre bonne id\u00e9e est celle de proposer des rivets personnalis\u00e9s aux amateurs, rivets qui seront install\u00e9s sur les diff\u00e9rentes promenades et aires de repos autour du mus\u00e9e. Fait d&rsquo;acier inoxydable, ces rivets seront grav\u00e9s d&rsquo;inscriptions choisies par le donateur, et plac\u00e9s sur le site de fa\u00e7on permanente.<\/p>\n<p>Il est aussi possible de devenir membre, avec les diff\u00e9rents niveaux d&rsquo;adh\u00e9sion ayant chacun ses privil\u00e8ges sp\u00e9cifiques. Mais ceux qui seront devenus membres avant le 1er juin seront consid\u00e9r\u00e9s comme membres fondateurs. Ce qui conf\u00e9rera son lot de gratification, comme la possibilit\u00e9 de visiter le mus\u00e9e en avant-premi\u00e8re, d&rsquo;avoir un acc\u00e8s direct au mus\u00e9e sans devoir faire la file aux guichets, des petits cadeaux (t-shirt, porte-cl\u00e9, etc.) et toutes les invitations pour les soir\u00e9es mondaines, couvert non inclus.<\/p>\n<p><a href=\"http:\/\/blogs.thesocialmedia.com\/leblogmoto\/files\/2012\/07\/harley21.jpg\"><img loading=\"lazy\" decoding=\"async\" width=\"470\" height=\"274\"  src=\"http:\/\/www.leblogmoto.com\/images\/2008\/04\/02\/harley2.jpg\" alt=\"Harley2\" \/><\/a> <\/p>\n<p>Toutes les informations suppl\u00e9mentaires sur le <a href=\"http:\/\/www.harley-davidson.com\/wcm\/Content\/Pages\/HD_Museum\/Museum.jsp?locale=en_US\">site internet de Harley-Davidson<\/a> am\u00e9ricain, donc en anglais uniquement, mais tr\u00e8s bien fait au demeurant.<br \/>Eh!, plus de 100 ans d&rsquo;histoires, \u00e7a m\u00e9ritait bien un mus\u00e9e.<\/p>\n<p><a href=\"http:\/\/clabedan.typepad.com\/.shared\/image.html?\/photos\/uncategorized\/2008\/04\/02\/harley5.jpg\"><img loading=\"lazy\" decoding=\"async\" width=\"470\" height=\"312\"  src=\"http:\/\/www.leblogmoto.com\/images\/2008\/04\/02\/harley5.jpg\" alt=\"Harley5\" \/><\/a> <\/p>\n<p><a href=\"http:\/\/blogs.thesocialmedia.com\/leblogmoto\/files\/2012\/07\/harley4.jpg\"><img loading=\"lazy\" decoding=\"async\" width=\"470\" height=\"273\"  src=\"http:\/\/www.leblogmoto.com\/images\/2008\/04\/02\/harley4.jpg\" alt=\"Harley4\" \/><\/a> <\/p>\n<p><a href=\"http:\/\/www.h-dmuseum.oxblue.com\/?locale=en_US&amp;bmLocale=en_US\">Lien vers la webcam<\/a> pour espionner l&rsquo;avancement des travaux.<\/p>\n","protected":false},"excerpt":{"rendered":"<p>Harley-Davidson inaugurera en juillet prochain un tout nouveau mus\u00e9e d\u00e9di\u00e9 \u00e0 la gloire de sa longue histoire, juste \u00e0 temps pour son 105e anniversaire. Situ\u00e9 \u00e0 Milwaukee en bordure du lac Michigan, le mus\u00e9e fait sa niche le long de la rivi\u00e8re Menomonee pr\u00e8s du centre de la ville. Plus de 400 v\u00e9hicules y seront [&hellip;]<\/p>\n","protected":false},"author":325,"featured_media":0,"comment_status":"open","ping_status":"open","sticky":false,"template":"","format":"standard","meta":{"footnotes":""},"categories":[29],"tags":[],"class_list":["post-809","post","type-post","status-publish","format-standard","hentry","category-harley-davidson"],"yoast_head":"<!-- This site is optimized with the Yoast SEO plugin v26.0 - https:\/\/yoast.com\/wordpress\/plugins\/seo\/ -->\n<title>Harley-Davidson fait son entr\u00e9e au mus\u00e9e - leblogmoto.com<\/title>\n<meta name=\"robots\" content=\"index, follow, max-snippet:-1, max-image-preview:large, max-video-preview:-1\" \/>\n<link rel=\"canonical\" href=\"https:\/\/blogs.thesocialmedia.com\/leblogmoto\/2008\/04\/03\/harley-davidson-7\/\" \/>\n<meta name=\"twitter:card\" content=\"summary_large_image\" \/>\n<meta name=\"twitter:title\" content=\"Harley-Davidson fait son entr\u00e9e au mus\u00e9e - leblogmoto.com\" \/>\n<meta name=\"twitter:description\" content=\"Harley-Davidson inaugurera en juillet prochain un tout nouveau mus\u00e9e d\u00e9di\u00e9 \u00e0 la gloire de sa longue histoire, juste \u00e0 temps pour son 105e anniversaire. Situ\u00e9 \u00e0 Milwaukee en bordure du lac Michigan, le mus\u00e9e fait sa niche le long de la rivi\u00e8re Menomonee pr\u00e8s du centre de la ville. Plus de 400 v\u00e9hicules y seront [&hellip;]\" \/>\n<meta name=\"twitter:image\" content=\"http:\/\/www.leblogmoto.com\/images\/2008\/04\/02\/harley6.jpg\" \/>\n<meta name=\"twitter:label1\" content=\"\u00c9crit par\" \/>\n\t<meta name=\"twitter:data1\" content=\"jacques lesage\" \/>\n\t<meta name=\"twitter:label2\" content=\"Dur\u00e9e de lecture estim\u00e9e\" \/>\n\t<meta name=\"twitter:data2\" content=\"2 minutes\" \/>\n<script type=\"application\/ld+json\" class=\"yoast-schema-graph\">{\"@context\":\"https:\/\/schema.org\",\"@graph\":[{\"@type\":\"WebPage\",\"@id\":\"https:\/\/blogs.thesocialmedia.com\/leblogmoto\/2008\/04\/03\/harley-davidson-7\/\",\"url\":\"https:\/\/blogs.thesocialmedia.com\/leblogmoto\/2008\/04\/03\/harley-davidson-7\/\",\"name\":\"Harley-Davidson fait son entr\u00e9e au mus\u00e9e - leblogmoto.com\",\"isPartOf\":{\"@id\":\"https:\/\/blogs.thesocialmedia.com\/leblogmoto\/#website\"},\"primaryImageOfPage\":{\"@id\":\"https:\/\/blogs.thesocialmedia.com\/leblogmoto\/2008\/04\/03\/harley-davidson-7\/#primaryimage\"},\"image\":{\"@id\":\"https:\/\/blogs.thesocialmedia.com\/leblogmoto\/2008\/04\/03\/harley-davidson-7\/#primaryimage\"},\"thumbnailUrl\":\"http:\/\/www.leblogmoto.com\/images\/2008\/04\/02\/harley6.jpg\",\"datePublished\":\"2008-04-03T02:02:51+00:00\",\"dateModified\":\"2012-07-11T15:32:43+00:00\",\"author\":{\"@id\":\"https:\/\/blogs.thesocialmedia.com\/leblogmoto\/#\/schema\/person\/e82a0ca8a9a63d031586097a3ed58526\"},\"breadcrumb\":{\"@id\":\"https:\/\/blogs.thesocialmedia.com\/leblogmoto\/2008\/04\/03\/harley-davidson-7\/#breadcrumb\"},\"inLanguage\":\"fr-FR\",\"potentialAction\":[{\"@type\":\"ReadAction\",\"target\":[\"https:\/\/blogs.thesocialmedia.com\/leblogmoto\/2008\/04\/03\/harley-davidson-7\/\"]}]},{\"@type\":\"ImageObject\",\"inLanguage\":\"fr-FR\",\"@id\":\"https:\/\/blogs.thesocialmedia.com\/leblogmoto\/2008\/04\/03\/harley-davidson-7\/#primaryimage\",\"url\":\"http:\/\/www.leblogmoto.com\/images\/2008\/04\/02\/harley6.jpg\",\"contentUrl\":\"http:\/\/www.leblogmoto.com\/images\/2008\/04\/02\/harley6.jpg\"},{\"@type\":\"BreadcrumbList\",\"@id\":\"https:\/\/blogs.thesocialmedia.com\/leblogmoto\/2008\/04\/03\/harley-davidson-7\/#breadcrumb\",\"itemListElement\":[{\"@type\":\"ListItem\",\"position\":1,\"name\":\"Accueil\",\"item\":\"https:\/\/blogs.thesocialmedia.com\/leblogmoto\/\"},{\"@type\":\"ListItem\",\"position\":2,\"name\":\"Harley-Davidson fait son entr\u00e9e au mus\u00e9e\"}]},{\"@type\":\"WebSite\",\"@id\":\"https:\/\/blogs.thesocialmedia.com\/leblogmoto\/#website\",\"url\":\"https:\/\/blogs.thesocialmedia.com\/leblogmoto\/\",\"name\":\"leblogmoto\",\"description\":\"Toute l&#039;actualit\u00e9 des 2 roues\",\"potentialAction\":[{\"@type\":\"SearchAction\",\"target\":{\"@type\":\"EntryPoint\",\"urlTemplate\":\"https:\/\/blogs.thesocialmedia.com\/leblogmoto\/?s={search_term_string}\"},\"query-input\":{\"@type\":\"PropertyValueSpecification\",\"valueRequired\":true,\"valueName\":\"search_term_string\"}}],\"inLanguage\":\"fr-FR\"},{\"@type\":\"Person\",\"@id\":\"https:\/\/blogs.thesocialmedia.com\/leblogmoto\/#\/schema\/person\/e82a0ca8a9a63d031586097a3ed58526\",\"name\":\"jacques lesage\",\"image\":{\"@type\":\"ImageObject\",\"inLanguage\":\"fr-FR\",\"@id\":\"https:\/\/blogs.thesocialmedia.com\/leblogmoto\/#\/schema\/person\/image\/\",\"url\":\"https:\/\/secure.gravatar.com\/avatar\/?s=96&d=mm&r=g\",\"contentUrl\":\"https:\/\/secure.gravatar.com\/avatar\/?s=96&d=mm&r=g\",\"caption\":\"jacques lesage\"},\"url\":\"https:\/\/blogs.thesocialmedia.com\/leblogmoto\/author\/jacques-lesage\/\"}]}<\/script>\n<!-- \/ Yoast SEO plugin. -->","yoast_head_json":{"title":"Harley-Davidson fait son entr\u00e9e au mus\u00e9e - leblogmoto.com","robots":{"index":"index","follow":"follow","max-snippet":"max-snippet:-1","max-image-preview":"max-image-preview:large","max-video-preview":"max-video-preview:-1"},"canonical":"https:\/\/blogs.thesocialmedia.com\/leblogmoto\/2008\/04\/03\/harley-davidson-7\/","twitter_card":"summary_large_image","twitter_title":"Harley-Davidson fait son entr\u00e9e au mus\u00e9e - leblogmoto.com","twitter_description":"Harley-Davidson inaugurera en juillet prochain un tout nouveau mus\u00e9e d\u00e9di\u00e9 \u00e0 la gloire de sa longue histoire, juste \u00e0 temps pour son 105e anniversaire. Situ\u00e9 \u00e0 Milwaukee en bordure du lac Michigan, le mus\u00e9e fait sa niche le long de la rivi\u00e8re Menomonee pr\u00e8s du centre de la ville. Plus de 400 v\u00e9hicules y seront [&hellip;]","twitter_image":"http:\/\/www.leblogmoto.com\/images\/2008\/04\/02\/harley6.jpg","twitter_misc":{"\u00c9crit par":"jacques lesage","Dur\u00e9e de lecture estim\u00e9e":"2 minutes"},"schema":{"@context":"https:\/\/schema.org","@graph":[{"@type":"WebPage","@id":"https:\/\/blogs.thesocialmedia.com\/leblogmoto\/2008\/04\/03\/harley-davidson-7\/","url":"https:\/\/blogs.thesocialmedia.com\/leblogmoto\/2008\/04\/03\/harley-davidson-7\/","name":"Harley-Davidson fait son entr\u00e9e au mus\u00e9e - leblogmoto.com","isPartOf":{"@id":"https:\/\/blogs.thesocialmedia.com\/leblogmoto\/#website"},"primaryImageOfPage":{"@id":"https:\/\/blogs.thesocialmedia.com\/leblogmoto\/2008\/04\/03\/harley-davidson-7\/#primaryimage"},"image":{"@id":"https:\/\/blogs.thesocialmedia.com\/leblogmoto\/2008\/04\/03\/harley-davidson-7\/#primaryimage"},"thumbnailUrl":"http:\/\/www.leblogmoto.com\/images\/2008\/04\/02\/harley6.jpg","datePublished":"2008-04-03T02:02:51+00:00","dateModified":"2012-07-11T15:32:43+00:00","author":{"@id":"https:\/\/blogs.thesocialmedia.com\/leblogmoto\/#\/schema\/person\/e82a0ca8a9a63d031586097a3ed58526"},"breadcrumb":{"@id":"https:\/\/blogs.thesocialmedia.com\/leblogmoto\/2008\/04\/03\/harley-davidson-7\/#breadcrumb"},"inLanguage":"fr-FR","potentialAction":[{"@type":"ReadAction","target":["https:\/\/blogs.thesocialmedia.com\/leblogmoto\/2008\/04\/03\/harley-davidson-7\/"]}]},{"@type":"ImageObject","inLanguage":"fr-FR","@id":"https:\/\/blogs.thesocialmedia.com\/leblogmoto\/2008\/04\/03\/harley-davidson-7\/#primaryimage","url":"http:\/\/www.leblogmoto.com\/images\/2008\/04\/02\/harley6.jpg","contentUrl":"http:\/\/www.leblogmoto.com\/images\/2008\/04\/02\/harley6.jpg"},{"@type":"BreadcrumbList","@id":"https:\/\/blogs.thesocialmedia.com\/leblogmoto\/2008\/04\/03\/harley-davidson-7\/#breadcrumb","itemListElement":[{"@type":"ListItem","position":1,"name":"Accueil","item":"https:\/\/blogs.thesocialmedia.com\/leblogmoto\/"},{"@type":"ListItem","position":2,"name":"Harley-Davidson fait son entr\u00e9e au mus\u00e9e"}]},{"@type":"WebSite","@id":"https:\/\/blogs.thesocialmedia.com\/leblogmoto\/#website","url":"https:\/\/blogs.thesocialmedia.com\/leblogmoto\/","name":"leblogmoto","description":"Toute l&#039;actualit\u00e9 des 2 roues","potentialAction":[{"@type":"SearchAction","target":{"@type":"EntryPoint","urlTemplate":"https:\/\/blogs.thesocialmedia.com\/leblogmoto\/?s={search_term_string}"},"query-input":{"@type":"PropertyValueSpecification","valueRequired":true,"valueName":"search_term_string"}}],"inLanguage":"fr-FR"},{"@type":"Person","@id":"https:\/\/blogs.thesocialmedia.com\/leblogmoto\/#\/schema\/person\/e82a0ca8a9a63d031586097a3ed58526","name":"jacques lesage","image":{"@type":"ImageObject","inLanguage":"fr-FR","@id":"https:\/\/blogs.thesocialmedia.com\/leblogmoto\/#\/schema\/person\/image\/","url":"https:\/\/secure.gravatar.com\/avatar\/?s=96&d=mm&r=g","contentUrl":"https:\/\/secure.gravatar.com\/avatar\/?s=96&d=mm&r=g","caption":"jacques lesage"},"url":"https:\/\/blogs.thesocialmedia.com\/leblogmoto\/author\/jacques-lesage\/"}]}},"_links":{"self":[{"href":"https:\/\/blogs.thesocialmedia.com\/leblogmoto\/wp-json\/wp\/v2\/posts\/809","targetHints":{"allow":["GET"]}}],"collection":[{"href":"https:\/\/blogs.thesocialmedia.com\/leblogmoto\/wp-json\/wp\/v2\/posts"}],"about":[{"href":"https:\/\/blogs.thesocialmedia.com\/leblogmoto\/wp-json\/wp\/v2\/types\/post"}],"author":[{"embeddable":true,"href":"https:\/\/blogs.thesocialmedia.com\/leblogmoto\/wp-json\/wp\/v2\/users\/325"}],"replies":[{"embeddable":true,"href":"https:\/\/blogs.thesocialmedia.com\/leblogmoto\/wp-json\/wp\/v2\/comments?post=809"}],"version-history":[{"count":2,"href":"https:\/\/blogs.thesocialmedia.com\/leblogmoto\/wp-json\/wp\/v2\/posts\/809\/revisions"}],"predecessor-version":[{"id":10297,"href":"https:\/\/blogs.thesocialmedia.com\/leblogmoto\/wp-json\/wp\/v2\/posts\/809\/revisions\/10297"}],"wp:attachment":[{"href":"https:\/\/blogs.thesocialmedia.com\/leblogmoto\/wp-json\/wp\/v2\/media?parent=809"}],"wp:term":[{"taxonomy":"category","embeddable":true,"href":"https:\/\/blogs.thesocialmedia.com\/leblogmoto\/wp-json\/wp\/v2\/categories?post=809"},{"taxonomy":"post_tag","embeddable":true,"href":"https:\/\/blogs.thesocialmedia.com\/leblogmoto\/wp-json\/wp\/v2\/tags?post=809"}],"curies":[{"name":"wp","href":"https:\/\/api.w.org\/{rel}","templated":true}]}}