{"id":81,"date":"2009-07-05T15:21:28","date_gmt":"2009-07-05T15:21:28","guid":{"rendered":"http:\/\/blogs.thesocialmedia.com\/leblogmoto\/2009\/07\/05\/christian-audigier-ducati-monster\/"},"modified":"2012-07-11T17:35:32","modified_gmt":"2012-07-11T17:35:32","slug":"christian-audigier-ducati-monster","status":"publish","type":"post","link":"https:\/\/blogs.thesocialmedia.com\/leblogmoto\/2009\/07\/05\/christian-audigier-ducati-monster\/","title":{"rendered":"Non, Christian, non, pas \u00e7a."},"content":{"rendered":"<p><a href=\"http:\/\/blogs.thesocialmedia.com\/leblogmoto\/files\/2012\/07\/6a00d83451b18369e2011571b84446970b-popup.png\"><img decoding=\"async\" alt=\"Moto Ducati Monster Audigier R\u00e9servoir\" class=\"at-xid-6a00d83451b18369e2011571b84446970b \" src=\"http:\/\/blogs.thesocialmedia.com\/leblogmoto\/files\/2012\/07\/6a00d83451b18369e2011571b84446970b-500wi.jpg\" style=\"width: 470px\" \/><\/a> <\/p>\n<p>Pour celles et ceux qui n&#039;auraient pas entrevu lors d&#039;un reportage t\u00e9l\u00e9vis\u00e9, sa dispendieuse f\u00eate d&#039;anniversaire lors du festival de Cannes, Christian Audigier (n\u00e9 Ginutti*) est un autodidacte, styliste et entrepreneur pour les marques Ed Hardy et Smet. L&#039;homme a d\u00e9velopp\u00e9 un sens aigu des affaires, lors de son travail pour Von Dutch**, qu&#039;il a quitt\u00e9 il y a cinq ans. Une marque qui faisait distribuer des casquettes \u00e0 l&#039;entr\u00e9e des bo\u00eetes branchouilles qui finirent par arriver sur les t\u00eates de c\u00e9l\u00e9brit\u00e9s. Les photos dans la presse g\u00e9n\u00e9rant un buzz propice au commerce. Mais a t&#039;il du go\u00fbt ? Je sais que cette notion est \u00e9minemment subjective. Posons la question autrement. Respecte t&#039;il l&#039;esprit <a href=\"http:\/\/www.ducati.com\/od\/ducatifrance\/\">ducatiste<\/a> ? Je n&#039;en suis pas le gardien, mais il me semble \u00e9vident que non.<\/p>\n<p>Le style rococo des feuilles d&#039;or, et le c\u00f4t\u00e9 ostentatoire du f\u00e9lin sur le r\u00e9servoir, vont \u00e0 contre-courant du style \u00e9pur\u00e9 ou d\u00e9nud\u00e9 des machines bolognaises. J&#039;ai l&#039;impression qu&#039;on a transform\u00e9*** notre <a href=\"http:\/\/www.leblogmoto.com\/2008\/09\/ducati-monster.html\">nouveau Monster<\/a> en moto de <a href=\"http:\/\/fr.wikipedia.org\/wiki\/M%C3%A9trosexuel\">m\u00e9trosexuel<\/a>, ou en roadster d&#039;apparat. Vous ne risquez pas de l&#039;admirer, ou alors, hausser les sourcils puis pouffer de rire \u00e0 son passage, car seuls 25 exemplaires de ces 1100cc sont \u00e0 la vente, pour 55.000 $ pi\u00e8ce.<\/p>\n<p><em>*le nombre en chiffres d&#039;or sur le capot de selle renvoie \u00e0 son ann\u00e9e de naissance, 1958, je suppose.<\/em><\/p>\n<p><em>**\u00e0 l&#039;origine, Von Dutch, Kenny Howard de son vrai nom, \u00e9tait un pinstriper et m\u00e9canicien, pionnier de la culture custom, dont les h\u00e9ritiers vendirent le surnom, maintenant appos\u00e9 sur des <a href=\"http:\/\/www.vondutch.com\/\">fringues<\/a> de fashionistas. Reste son c\u00e9l\u00e8brissime &quot;flying eyeball&quot;.&#160;<\/em><\/p>\n<p><em>***avec l&#039;aide de Rever Corsa et des accessoires Ducati Corse, le moulbif d\u00e9livre 110 chevaux soit 15 de plus que l&#039;originale, il faut le signaler.<\/em><\/p>\n<p><a href=\"http:\/\/clabedan.typepad.com\/.a\/6a00d83451b18369e2011570c32fcf970c-popup\"><img decoding=\"async\" alt=\"Moto Ducati Monster Audigier B\u00e9quille Atelier\" class=\"at-xid-6a00d83451b18369e2011570c32fcf970c \" src=\"http:\/\/blogs.thesocialmedia.com\/leblogmoto\/files\/2012\/07\/6a00d83451b18369e2011570c32fcf970c-500wi.jpg\" style=\"width: 470px\" \/><\/a><\/p>\n<p><a href=\"http:\/\/blogs.thesocialmedia.com\/leblogmoto\/files\/2012\/07\/6a00d83451b18369e2011571b848a7970b-popup.png\"><img decoding=\"async\" alt=\"Moto Ducati Monster Audigier Flanc D.\" class=\"at-xid-6a00d83451b18369e2011571b848a7970b \" src=\"http:\/\/blogs.thesocialmedia.com\/leblogmoto\/files\/2012\/07\/6a00d83451b18369e2011571b848a7970b-500wi.jpg\" style=\"width: 470px\" \/><\/a><\/p>\n<p><a href=\"http:\/\/blogs.thesocialmedia.com\/leblogmoto\/files\/2012\/07\/6a00d83451b18369e2011570c33af6970c-popup.png\"><img decoding=\"async\" alt=\"Moto Ducati Monster Audigier Flanc G.\" class=\"at-xid-6a00d83451b18369e2011570c33af6970c \" src=\"http:\/\/blogs.thesocialmedia.com\/leblogmoto\/files\/2012\/07\/6a00d83451b18369e2011570c33af6970c-500wi.jpg\" style=\"width: 470px\" \/><\/a> <\/p>\n<p><a href=\"http:\/\/blogs.thesocialmedia.com\/leblogmoto\/files\/2012\/07\/6a00d83451b18369e2011570c4d2fe970c-popup.png\"><img decoding=\"async\" alt=\"Christian_Audigier\" class=\"at-xid-6a00d83451b18369e2011570c4d2fe970c \" src=\"http:\/\/blogs.thesocialmedia.com\/leblogmoto\/files\/2012\/07\/6a00d83451b18369e2011570c4d2fe970c-500wi.jpg\" style=\"width: 470px\" \/><\/a> <\/p>\n","protected":false},"excerpt":{"rendered":"<p>Pour celles et ceux qui n&#039;auraient pas entrevu lors d&#039;un reportage t\u00e9l\u00e9vis\u00e9, sa dispendieuse f\u00eate d&#039;anniversaire lors du festival de Cannes, Christian Audigier (n\u00e9 Ginutti*) est un autodidacte, styliste et entrepreneur pour les marques Ed Hardy et Smet. L&#039;homme a d\u00e9velopp\u00e9 un sens aigu des affaires, lors de son travail pour Von Dutch**, qu&#039;il a [&hellip;]<\/p>\n","protected":false},"author":324,"featured_media":13997,"comment_status":"open","ping_status":"open","sticky":false,"template":"","format":"standard","meta":{"footnotes":""},"categories":[3,38,8,41],"tags":[],"class_list":["post-81","post","type-post","status-publish","format-standard","has-post-thumbnail","hentry","category-actualite","category-atelier","category-chaines-et-cuirs","category-ducati"],"yoast_head":"<!-- This site is optimized with the Yoast SEO plugin v26.0 - https:\/\/yoast.com\/wordpress\/plugins\/seo\/ -->\n<title>Non, Christian, non, pas \u00e7a. - leblogmoto.com<\/title>\n<meta name=\"robots\" content=\"index, follow, max-snippet:-1, max-image-preview:large, max-video-preview:-1\" \/>\n<link rel=\"canonical\" href=\"https:\/\/blogs.thesocialmedia.com\/leblogmoto\/2009\/07\/05\/christian-audigier-ducati-monster\/\" \/>\n<meta name=\"twitter:card\" content=\"summary_large_image\" \/>\n<meta name=\"twitter:title\" content=\"Non, Christian, non, pas \u00e7a. - leblogmoto.com\" \/>\n<meta name=\"twitter:description\" content=\"Pour celles et ceux qui n&#039;auraient pas entrevu lors d&#039;un reportage t\u00e9l\u00e9vis\u00e9, sa dispendieuse f\u00eate d&#039;anniversaire lors du festival de Cannes, Christian Audigier (n\u00e9 Ginutti*) est un autodidacte, styliste et entrepreneur pour les marques Ed Hardy et Smet. L&#039;homme a d\u00e9velopp\u00e9 un sens aigu des affaires, lors de son travail pour Von Dutch**, qu&#039;il a [&hellip;]\" \/>\n<meta name=\"twitter:image\" content=\"https:\/\/blogs.thesocialmedia.com\/leblogmoto\/files\/2012\/07\/6a00d83451b18369e2011571b84446970b-500wi.jpg\" \/>\n<meta name=\"twitter:label1\" content=\"\u00c9crit par\" \/>\n\t<meta name=\"twitter:data1\" content=\"benoit rieu\" \/>\n\t<meta name=\"twitter:label2\" content=\"Dur\u00e9e de lecture estim\u00e9e\" \/>\n\t<meta name=\"twitter:data2\" content=\"2 minutes\" \/>\n<script type=\"application\/ld+json\" class=\"yoast-schema-graph\">{\"@context\":\"https:\/\/schema.org\",\"@graph\":[{\"@type\":\"WebPage\",\"@id\":\"https:\/\/blogs.thesocialmedia.com\/leblogmoto\/2009\/07\/05\/christian-audigier-ducati-monster\/\",\"url\":\"https:\/\/blogs.thesocialmedia.com\/leblogmoto\/2009\/07\/05\/christian-audigier-ducati-monster\/\",\"name\":\"Non, Christian, non, pas \u00e7a. - leblogmoto.com\",\"isPartOf\":{\"@id\":\"https:\/\/blogs.thesocialmedia.com\/leblogmoto\/#website\"},\"primaryImageOfPage\":{\"@id\":\"https:\/\/blogs.thesocialmedia.com\/leblogmoto\/2009\/07\/05\/christian-audigier-ducati-monster\/#primaryimage\"},\"image\":{\"@id\":\"https:\/\/blogs.thesocialmedia.com\/leblogmoto\/2009\/07\/05\/christian-audigier-ducati-monster\/#primaryimage\"},\"thumbnailUrl\":\"https:\/\/blogs.thesocialmedia.com\/leblogmoto\/files\/2012\/07\/6a00d83451b18369e2011571b84446970b-500wi.jpg\",\"datePublished\":\"2009-07-05T15:21:28+00:00\",\"dateModified\":\"2012-07-11T17:35:32+00:00\",\"author\":{\"@id\":\"https:\/\/blogs.thesocialmedia.com\/leblogmoto\/#\/schema\/person\/18bfe773e5725ed6d24f743da805362a\"},\"breadcrumb\":{\"@id\":\"https:\/\/blogs.thesocialmedia.com\/leblogmoto\/2009\/07\/05\/christian-audigier-ducati-monster\/#breadcrumb\"},\"inLanguage\":\"fr-FR\",\"potentialAction\":[{\"@type\":\"ReadAction\",\"target\":[\"https:\/\/blogs.thesocialmedia.com\/leblogmoto\/2009\/07\/05\/christian-audigier-ducati-monster\/\"]}]},{\"@type\":\"ImageObject\",\"inLanguage\":\"fr-FR\",\"@id\":\"https:\/\/blogs.thesocialmedia.com\/leblogmoto\/2009\/07\/05\/christian-audigier-ducati-monster\/#primaryimage\",\"url\":\"https:\/\/blogs.thesocialmedia.com\/leblogmoto\/files\/2012\/07\/6a00d83451b18369e2011571b84446970b-500wi.jpg\",\"contentUrl\":\"https:\/\/blogs.thesocialmedia.com\/leblogmoto\/files\/2012\/07\/6a00d83451b18369e2011571b84446970b-500wi.jpg\",\"width\":\"500\",\"height\":\"636\"},{\"@type\":\"BreadcrumbList\",\"@id\":\"https:\/\/blogs.thesocialmedia.com\/leblogmoto\/2009\/07\/05\/christian-audigier-ducati-monster\/#breadcrumb\",\"itemListElement\":[{\"@type\":\"ListItem\",\"position\":1,\"name\":\"Accueil\",\"item\":\"https:\/\/blogs.thesocialmedia.com\/leblogmoto\/\"},{\"@type\":\"ListItem\",\"position\":2,\"name\":\"Non, Christian, non, pas \u00e7a.\"}]},{\"@type\":\"WebSite\",\"@id\":\"https:\/\/blogs.thesocialmedia.com\/leblogmoto\/#website\",\"url\":\"https:\/\/blogs.thesocialmedia.com\/leblogmoto\/\",\"name\":\"leblogmoto\",\"description\":\"Toute l&#039;actualit\u00e9 des 2 roues\",\"potentialAction\":[{\"@type\":\"SearchAction\",\"target\":{\"@type\":\"EntryPoint\",\"urlTemplate\":\"https:\/\/blogs.thesocialmedia.com\/leblogmoto\/?s={search_term_string}\"},\"query-input\":{\"@type\":\"PropertyValueSpecification\",\"valueRequired\":true,\"valueName\":\"search_term_string\"}}],\"inLanguage\":\"fr-FR\"},{\"@type\":\"Person\",\"@id\":\"https:\/\/blogs.thesocialmedia.com\/leblogmoto\/#\/schema\/person\/18bfe773e5725ed6d24f743da805362a\",\"name\":\"benoit rieu\",\"image\":{\"@type\":\"ImageObject\",\"inLanguage\":\"fr-FR\",\"@id\":\"https:\/\/blogs.thesocialmedia.com\/leblogmoto\/#\/schema\/person\/image\/\",\"url\":\"https:\/\/secure.gravatar.com\/avatar\/?s=96&d=mm&r=g\",\"contentUrl\":\"https:\/\/secure.gravatar.com\/avatar\/?s=96&d=mm&r=g\",\"caption\":\"benoit rieu\"},\"url\":\"https:\/\/blogs.thesocialmedia.com\/leblogmoto\/author\/benoit-rieu\/\"}]}<\/script>\n<!-- \/ Yoast SEO plugin. -->","yoast_head_json":{"title":"Non, Christian, non, pas \u00e7a. - leblogmoto.com","robots":{"index":"index","follow":"follow","max-snippet":"max-snippet:-1","max-image-preview":"max-image-preview:large","max-video-preview":"max-video-preview:-1"},"canonical":"https:\/\/blogs.thesocialmedia.com\/leblogmoto\/2009\/07\/05\/christian-audigier-ducati-monster\/","twitter_card":"summary_large_image","twitter_title":"Non, Christian, non, pas \u00e7a. - leblogmoto.com","twitter_description":"Pour celles et ceux qui n&#039;auraient pas entrevu lors d&#039;un reportage t\u00e9l\u00e9vis\u00e9, sa dispendieuse f\u00eate d&#039;anniversaire lors du festival de Cannes, Christian Audigier (n\u00e9 Ginutti*) est un autodidacte, styliste et entrepreneur pour les marques Ed Hardy et Smet. L&#039;homme a d\u00e9velopp\u00e9 un sens aigu des affaires, lors de son travail pour Von Dutch**, qu&#039;il a [&hellip;]","twitter_image":"https:\/\/blogs.thesocialmedia.com\/leblogmoto\/files\/2012\/07\/6a00d83451b18369e2011571b84446970b-500wi.jpg","twitter_misc":{"\u00c9crit par":"benoit rieu","Dur\u00e9e de lecture estim\u00e9e":"2 minutes"},"schema":{"@context":"https:\/\/schema.org","@graph":[{"@type":"WebPage","@id":"https:\/\/blogs.thesocialmedia.com\/leblogmoto\/2009\/07\/05\/christian-audigier-ducati-monster\/","url":"https:\/\/blogs.thesocialmedia.com\/leblogmoto\/2009\/07\/05\/christian-audigier-ducati-monster\/","name":"Non, Christian, non, pas \u00e7a. - leblogmoto.com","isPartOf":{"@id":"https:\/\/blogs.thesocialmedia.com\/leblogmoto\/#website"},"primaryImageOfPage":{"@id":"https:\/\/blogs.thesocialmedia.com\/leblogmoto\/2009\/07\/05\/christian-audigier-ducati-monster\/#primaryimage"},"image":{"@id":"https:\/\/blogs.thesocialmedia.com\/leblogmoto\/2009\/07\/05\/christian-audigier-ducati-monster\/#primaryimage"},"thumbnailUrl":"https:\/\/blogs.thesocialmedia.com\/leblogmoto\/files\/2012\/07\/6a00d83451b18369e2011571b84446970b-500wi.jpg","datePublished":"2009-07-05T15:21:28+00:00","dateModified":"2012-07-11T17:35:32+00:00","author":{"@id":"https:\/\/blogs.thesocialmedia.com\/leblogmoto\/#\/schema\/person\/18bfe773e5725ed6d24f743da805362a"},"breadcrumb":{"@id":"https:\/\/blogs.thesocialmedia.com\/leblogmoto\/2009\/07\/05\/christian-audigier-ducati-monster\/#breadcrumb"},"inLanguage":"fr-FR","potentialAction":[{"@type":"ReadAction","target":["https:\/\/blogs.thesocialmedia.com\/leblogmoto\/2009\/07\/05\/christian-audigier-ducati-monster\/"]}]},{"@type":"ImageObject","inLanguage":"fr-FR","@id":"https:\/\/blogs.thesocialmedia.com\/leblogmoto\/2009\/07\/05\/christian-audigier-ducati-monster\/#primaryimage","url":"https:\/\/blogs.thesocialmedia.com\/leblogmoto\/files\/2012\/07\/6a00d83451b18369e2011571b84446970b-500wi.jpg","contentUrl":"https:\/\/blogs.thesocialmedia.com\/leblogmoto\/files\/2012\/07\/6a00d83451b18369e2011571b84446970b-500wi.jpg","width":"500","height":"636"},{"@type":"BreadcrumbList","@id":"https:\/\/blogs.thesocialmedia.com\/leblogmoto\/2009\/07\/05\/christian-audigier-ducati-monster\/#breadcrumb","itemListElement":[{"@type":"ListItem","position":1,"name":"Accueil","item":"https:\/\/blogs.thesocialmedia.com\/leblogmoto\/"},{"@type":"ListItem","position":2,"name":"Non, Christian, non, pas \u00e7a."}]},{"@type":"WebSite","@id":"https:\/\/blogs.thesocialmedia.com\/leblogmoto\/#website","url":"https:\/\/blogs.thesocialmedia.com\/leblogmoto\/","name":"leblogmoto","description":"Toute l&#039;actualit\u00e9 des 2 roues","potentialAction":[{"@type":"SearchAction","target":{"@type":"EntryPoint","urlTemplate":"https:\/\/blogs.thesocialmedia.com\/leblogmoto\/?s={search_term_string}"},"query-input":{"@type":"PropertyValueSpecification","valueRequired":true,"valueName":"search_term_string"}}],"inLanguage":"fr-FR"},{"@type":"Person","@id":"https:\/\/blogs.thesocialmedia.com\/leblogmoto\/#\/schema\/person\/18bfe773e5725ed6d24f743da805362a","name":"benoit rieu","image":{"@type":"ImageObject","inLanguage":"fr-FR","@id":"https:\/\/blogs.thesocialmedia.com\/leblogmoto\/#\/schema\/person\/image\/","url":"https:\/\/secure.gravatar.com\/avatar\/?s=96&d=mm&r=g","contentUrl":"https:\/\/secure.gravatar.com\/avatar\/?s=96&d=mm&r=g","caption":"benoit rieu"},"url":"https:\/\/blogs.thesocialmedia.com\/leblogmoto\/author\/benoit-rieu\/"}]}},"_links":{"self":[{"href":"https:\/\/blogs.thesocialmedia.com\/leblogmoto\/wp-json\/wp\/v2\/posts\/81","targetHints":{"allow":["GET"]}}],"collection":[{"href":"https:\/\/blogs.thesocialmedia.com\/leblogmoto\/wp-json\/wp\/v2\/posts"}],"about":[{"href":"https:\/\/blogs.thesocialmedia.com\/leblogmoto\/wp-json\/wp\/v2\/types\/post"}],"author":[{"embeddable":true,"href":"https:\/\/blogs.thesocialmedia.com\/leblogmoto\/wp-json\/wp\/v2\/users\/324"}],"replies":[{"embeddable":true,"href":"https:\/\/blogs.thesocialmedia.com\/leblogmoto\/wp-json\/wp\/v2\/comments?post=81"}],"version-history":[{"count":2,"href":"https:\/\/blogs.thesocialmedia.com\/leblogmoto\/wp-json\/wp\/v2\/posts\/81\/revisions"}],"predecessor-version":[{"id":14006,"href":"https:\/\/blogs.thesocialmedia.com\/leblogmoto\/wp-json\/wp\/v2\/posts\/81\/revisions\/14006"}],"wp:featuredmedia":[{"embeddable":true,"href":"https:\/\/blogs.thesocialmedia.com\/leblogmoto\/wp-json\/wp\/v2\/media\/13997"}],"wp:attachment":[{"href":"https:\/\/blogs.thesocialmedia.com\/leblogmoto\/wp-json\/wp\/v2\/media?parent=81"}],"wp:term":[{"taxonomy":"category","embeddable":true,"href":"https:\/\/blogs.thesocialmedia.com\/leblogmoto\/wp-json\/wp\/v2\/categories?post=81"},{"taxonomy":"post_tag","embeddable":true,"href":"https:\/\/blogs.thesocialmedia.com\/leblogmoto\/wp-json\/wp\/v2\/tags?post=81"}],"curies":[{"name":"wp","href":"https:\/\/api.w.org\/{rel}","templated":true}]}}