{"id":812,"date":"2008-03-30T13:37:48","date_gmt":"2008-03-30T13:37:48","guid":{"rendered":"http:\/\/blogs.thesocialmedia.com\/leblogmoto\/2008\/03\/30\/salon-de-la-mot\/"},"modified":"2012-07-11T15:32:38","modified_gmt":"2012-07-11T15:32:38","slug":"salon-de-la-mot","status":"publish","type":"post","link":"https:\/\/blogs.thesocialmedia.com\/leblogmoto\/2008\/03\/30\/salon-de-la-mot\/","title":{"rendered":"Salon de la Moto de Grenoble"},"content":{"rendered":"<p><a href=\"http:\/\/blogs.thesocialmedia.com\/leblogmoto\/files\/2012\/07\/p1010249.jpg\"><img loading=\"lazy\" decoding=\"async\" width=\"470\" height=\"352\"  alt=\"P1010249\" src=\"http:\/\/www.leblogmoto.com\/images\/2008\/03\/30\/p1010249.jpg\" style=\"margin: 0px 5px 5px 0px;float: left\" \/><\/a>Les 15 et 16 mars 2008 s&rsquo;est tenu le Salon de la Moto des Alpes \u00e0 Grenoble. Au programme, une pr\u00e9sentation de la vitrine d&rsquo;\u00e0 peu pr\u00e8s tous les constructeurs moto.<\/p>\n<p>Voici quelques photos \u00e0 commencer par la CBR 600RR HANNspree Replica qui est aux couleurs, vous l&rsquo;aurez compris, du team HANNspree Ten Kate.<br \/><a href=\"http:\/\/blogs.thesocialmedia.com\/leblogmoto\/files\/2012\/07\/p1010252.jpg\"><img loading=\"lazy\" decoding=\"async\" width=\"470\" height=\"352\"  src=\"http:\/\/www.leblogmoto.com\/images\/2008\/03\/30\/p1010252.jpg\" alt=\"P1010252\" style=\"margin: 0px 5px 5px 0px;float: left\" \/><\/a>Toujours chez Honda avec la nouvelle CBR 1000 RR Fireblade&nbsp; toute de rouge dress\u00e9e. Esth\u00e9tiquement&nbsp; r\u00e9ussie&nbsp; avec son pot typ\u00e9 Moto GP et ses clignotants int\u00e9gr\u00e9s aux r\u00e9tros, elle n&rsquo;en est pas moins sportive<a href=\"http:\/\/blogs.thesocialmedia.com\/leblogmoto\/files\/2012\/07\/p1010290.jpg\"><img loading=\"lazy\" decoding=\"async\" width=\"250\" height=\"333\"  alt=\"P1010290\" src=\"http:\/\/www.leblogmoto.com\/images\/2008\/03\/30\/p1010290.jpg\" style=\"margin: 0px 5px 5px 0px;float: left\" \/><\/a> avec ses 177 cv pour 199 kg tous pleins faits. Continuons maintenant chez KTM avec la RC8, premi\u00e8re hypersport de la marque autrichienne. <a href=\"http:\/\/blogs.thesocialmedia.com\/leblogmoto\/files\/2012\/07\/session-de-ratt.html_1.png\">Rappelez-vous<\/a>, Benoit vous en avait parl\u00e9 fin novembre dernier.<a href=\"http:\/\/clabedan.typepad.com\/.shared\/image.html?\/photos\/uncategorized\/2008\/03\/30\/p1010243.jpg\"><img loading=\"lazy\" decoding=\"async\" width=\"470\" height=\"352\"  alt=\"P1010243\" src=\"http:\/\/www.leblogmoto.com\/images\/2008\/03\/30\/p1010243.jpg\" style=\"margin: 0px 5px 5px 0px;float: left\" \/><\/a> Terminons avec MV Agusta qui nous aura offert, cette ann\u00e9e encore, une h\u00f4tesse pour orner sa F4. <br \/>En conclusion, un salon int\u00e9ressant et toujours sans pr\u00e9tentions. Une bonne transition en attendant le prochain mondial du Deux-Roues. <\/p>\n","protected":false},"excerpt":{"rendered":"<p>Les 15 et 16 mars 2008 s&rsquo;est tenu le Salon de la Moto des Alpes \u00e0 Grenoble. Au programme, une pr\u00e9sentation de la vitrine d&rsquo;\u00e0 peu pr\u00e8s tous les constructeurs moto. Voici quelques photos \u00e0 commencer par la CBR 600RR HANNspree Replica qui est aux couleurs, vous l&rsquo;aurez compris, du team HANNspree Ten Kate.Toujours chez [&hellip;]<\/p>\n","protected":false},"author":329,"featured_media":0,"comment_status":"open","ping_status":"open","sticky":false,"template":"","format":"standard","meta":{"footnotes":""},"categories":[36],"tags":[],"class_list":["post-812","post","type-post","status-publish","format-standard","hentry","category-salons"],"yoast_head":"<!-- This site is optimized with the Yoast SEO plugin v26.0 - https:\/\/yoast.com\/wordpress\/plugins\/seo\/ -->\n<title>Salon de la Moto de Grenoble - leblogmoto.com<\/title>\n<meta name=\"robots\" content=\"index, follow, max-snippet:-1, max-image-preview:large, max-video-preview:-1\" \/>\n<link rel=\"canonical\" href=\"https:\/\/blogs.thesocialmedia.com\/leblogmoto\/2008\/03\/30\/salon-de-la-mot\/\" \/>\n<meta name=\"twitter:card\" content=\"summary_large_image\" \/>\n<meta name=\"twitter:title\" content=\"Salon de la Moto de Grenoble - leblogmoto.com\" \/>\n<meta name=\"twitter:description\" content=\"Les 15 et 16 mars 2008 s&rsquo;est tenu le Salon de la Moto des Alpes \u00e0 Grenoble. Au programme, une pr\u00e9sentation de la vitrine d&rsquo;\u00e0 peu pr\u00e8s tous les constructeurs moto. Voici quelques photos \u00e0 commencer par la CBR 600RR HANNspree Replica qui est aux couleurs, vous l&rsquo;aurez compris, du team HANNspree Ten Kate.Toujours chez [&hellip;]\" \/>\n<meta name=\"twitter:image\" content=\"http:\/\/www.leblogmoto.com\/images\/2008\/03\/30\/p1010249.jpg\" \/>\n<meta name=\"twitter:label1\" content=\"\u00c9crit par\" \/>\n\t<meta name=\"twitter:data1\" content=\"gregory boucaud\" \/>\n\t<meta name=\"twitter:label2\" content=\"Dur\u00e9e de lecture estim\u00e9e\" \/>\n\t<meta name=\"twitter:data2\" content=\"1 minute\" \/>\n<script type=\"application\/ld+json\" class=\"yoast-schema-graph\">{\"@context\":\"https:\/\/schema.org\",\"@graph\":[{\"@type\":\"WebPage\",\"@id\":\"https:\/\/blogs.thesocialmedia.com\/leblogmoto\/2008\/03\/30\/salon-de-la-mot\/\",\"url\":\"https:\/\/blogs.thesocialmedia.com\/leblogmoto\/2008\/03\/30\/salon-de-la-mot\/\",\"name\":\"Salon de la Moto de Grenoble - leblogmoto.com\",\"isPartOf\":{\"@id\":\"https:\/\/blogs.thesocialmedia.com\/leblogmoto\/#website\"},\"primaryImageOfPage\":{\"@id\":\"https:\/\/blogs.thesocialmedia.com\/leblogmoto\/2008\/03\/30\/salon-de-la-mot\/#primaryimage\"},\"image\":{\"@id\":\"https:\/\/blogs.thesocialmedia.com\/leblogmoto\/2008\/03\/30\/salon-de-la-mot\/#primaryimage\"},\"thumbnailUrl\":\"http:\/\/www.leblogmoto.com\/images\/2008\/03\/30\/p1010249.jpg\",\"datePublished\":\"2008-03-30T13:37:48+00:00\",\"dateModified\":\"2012-07-11T15:32:38+00:00\",\"author\":{\"@id\":\"https:\/\/blogs.thesocialmedia.com\/leblogmoto\/#\/schema\/person\/769623f89741cc3381675029a37764f8\"},\"breadcrumb\":{\"@id\":\"https:\/\/blogs.thesocialmedia.com\/leblogmoto\/2008\/03\/30\/salon-de-la-mot\/#breadcrumb\"},\"inLanguage\":\"fr-FR\",\"potentialAction\":[{\"@type\":\"ReadAction\",\"target\":[\"https:\/\/blogs.thesocialmedia.com\/leblogmoto\/2008\/03\/30\/salon-de-la-mot\/\"]}]},{\"@type\":\"ImageObject\",\"inLanguage\":\"fr-FR\",\"@id\":\"https:\/\/blogs.thesocialmedia.com\/leblogmoto\/2008\/03\/30\/salon-de-la-mot\/#primaryimage\",\"url\":\"http:\/\/www.leblogmoto.com\/images\/2008\/03\/30\/p1010249.jpg\",\"contentUrl\":\"http:\/\/www.leblogmoto.com\/images\/2008\/03\/30\/p1010249.jpg\"},{\"@type\":\"BreadcrumbList\",\"@id\":\"https:\/\/blogs.thesocialmedia.com\/leblogmoto\/2008\/03\/30\/salon-de-la-mot\/#breadcrumb\",\"itemListElement\":[{\"@type\":\"ListItem\",\"position\":1,\"name\":\"Accueil\",\"item\":\"https:\/\/blogs.thesocialmedia.com\/leblogmoto\/\"},{\"@type\":\"ListItem\",\"position\":2,\"name\":\"Salon de la Moto de Grenoble\"}]},{\"@type\":\"WebSite\",\"@id\":\"https:\/\/blogs.thesocialmedia.com\/leblogmoto\/#website\",\"url\":\"https:\/\/blogs.thesocialmedia.com\/leblogmoto\/\",\"name\":\"leblogmoto\",\"description\":\"Toute l&#039;actualit\u00e9 des 2 roues\",\"potentialAction\":[{\"@type\":\"SearchAction\",\"target\":{\"@type\":\"EntryPoint\",\"urlTemplate\":\"https:\/\/blogs.thesocialmedia.com\/leblogmoto\/?s={search_term_string}\"},\"query-input\":{\"@type\":\"PropertyValueSpecification\",\"valueRequired\":true,\"valueName\":\"search_term_string\"}}],\"inLanguage\":\"fr-FR\"},{\"@type\":\"Person\",\"@id\":\"https:\/\/blogs.thesocialmedia.com\/leblogmoto\/#\/schema\/person\/769623f89741cc3381675029a37764f8\",\"name\":\"gregory boucaud\",\"image\":{\"@type\":\"ImageObject\",\"inLanguage\":\"fr-FR\",\"@id\":\"https:\/\/blogs.thesocialmedia.com\/leblogmoto\/#\/schema\/person\/image\/\",\"url\":\"https:\/\/secure.gravatar.com\/avatar\/?s=96&d=mm&r=g\",\"contentUrl\":\"https:\/\/secure.gravatar.com\/avatar\/?s=96&d=mm&r=g\",\"caption\":\"gregory boucaud\"},\"url\":\"https:\/\/blogs.thesocialmedia.com\/leblogmoto\/author\/gregory-boucaud\/\"}]}<\/script>\n<!-- \/ Yoast SEO plugin. -->","yoast_head_json":{"title":"Salon de la Moto de Grenoble - leblogmoto.com","robots":{"index":"index","follow":"follow","max-snippet":"max-snippet:-1","max-image-preview":"max-image-preview:large","max-video-preview":"max-video-preview:-1"},"canonical":"https:\/\/blogs.thesocialmedia.com\/leblogmoto\/2008\/03\/30\/salon-de-la-mot\/","twitter_card":"summary_large_image","twitter_title":"Salon de la Moto de Grenoble - leblogmoto.com","twitter_description":"Les 15 et 16 mars 2008 s&rsquo;est tenu le Salon de la Moto des Alpes \u00e0 Grenoble. Au programme, une pr\u00e9sentation de la vitrine d&rsquo;\u00e0 peu pr\u00e8s tous les constructeurs moto. Voici quelques photos \u00e0 commencer par la CBR 600RR HANNspree Replica qui est aux couleurs, vous l&rsquo;aurez compris, du team HANNspree Ten Kate.Toujours chez [&hellip;]","twitter_image":"http:\/\/www.leblogmoto.com\/images\/2008\/03\/30\/p1010249.jpg","twitter_misc":{"\u00c9crit par":"gregory boucaud","Dur\u00e9e de lecture estim\u00e9e":"1 minute"},"schema":{"@context":"https:\/\/schema.org","@graph":[{"@type":"WebPage","@id":"https:\/\/blogs.thesocialmedia.com\/leblogmoto\/2008\/03\/30\/salon-de-la-mot\/","url":"https:\/\/blogs.thesocialmedia.com\/leblogmoto\/2008\/03\/30\/salon-de-la-mot\/","name":"Salon de la Moto de Grenoble - leblogmoto.com","isPartOf":{"@id":"https:\/\/blogs.thesocialmedia.com\/leblogmoto\/#website"},"primaryImageOfPage":{"@id":"https:\/\/blogs.thesocialmedia.com\/leblogmoto\/2008\/03\/30\/salon-de-la-mot\/#primaryimage"},"image":{"@id":"https:\/\/blogs.thesocialmedia.com\/leblogmoto\/2008\/03\/30\/salon-de-la-mot\/#primaryimage"},"thumbnailUrl":"http:\/\/www.leblogmoto.com\/images\/2008\/03\/30\/p1010249.jpg","datePublished":"2008-03-30T13:37:48+00:00","dateModified":"2012-07-11T15:32:38+00:00","author":{"@id":"https:\/\/blogs.thesocialmedia.com\/leblogmoto\/#\/schema\/person\/769623f89741cc3381675029a37764f8"},"breadcrumb":{"@id":"https:\/\/blogs.thesocialmedia.com\/leblogmoto\/2008\/03\/30\/salon-de-la-mot\/#breadcrumb"},"inLanguage":"fr-FR","potentialAction":[{"@type":"ReadAction","target":["https:\/\/blogs.thesocialmedia.com\/leblogmoto\/2008\/03\/30\/salon-de-la-mot\/"]}]},{"@type":"ImageObject","inLanguage":"fr-FR","@id":"https:\/\/blogs.thesocialmedia.com\/leblogmoto\/2008\/03\/30\/salon-de-la-mot\/#primaryimage","url":"http:\/\/www.leblogmoto.com\/images\/2008\/03\/30\/p1010249.jpg","contentUrl":"http:\/\/www.leblogmoto.com\/images\/2008\/03\/30\/p1010249.jpg"},{"@type":"BreadcrumbList","@id":"https:\/\/blogs.thesocialmedia.com\/leblogmoto\/2008\/03\/30\/salon-de-la-mot\/#breadcrumb","itemListElement":[{"@type":"ListItem","position":1,"name":"Accueil","item":"https:\/\/blogs.thesocialmedia.com\/leblogmoto\/"},{"@type":"ListItem","position":2,"name":"Salon de la Moto de Grenoble"}]},{"@type":"WebSite","@id":"https:\/\/blogs.thesocialmedia.com\/leblogmoto\/#website","url":"https:\/\/blogs.thesocialmedia.com\/leblogmoto\/","name":"leblogmoto","description":"Toute l&#039;actualit\u00e9 des 2 roues","potentialAction":[{"@type":"SearchAction","target":{"@type":"EntryPoint","urlTemplate":"https:\/\/blogs.thesocialmedia.com\/leblogmoto\/?s={search_term_string}"},"query-input":{"@type":"PropertyValueSpecification","valueRequired":true,"valueName":"search_term_string"}}],"inLanguage":"fr-FR"},{"@type":"Person","@id":"https:\/\/blogs.thesocialmedia.com\/leblogmoto\/#\/schema\/person\/769623f89741cc3381675029a37764f8","name":"gregory boucaud","image":{"@type":"ImageObject","inLanguage":"fr-FR","@id":"https:\/\/blogs.thesocialmedia.com\/leblogmoto\/#\/schema\/person\/image\/","url":"https:\/\/secure.gravatar.com\/avatar\/?s=96&d=mm&r=g","contentUrl":"https:\/\/secure.gravatar.com\/avatar\/?s=96&d=mm&r=g","caption":"gregory boucaud"},"url":"https:\/\/blogs.thesocialmedia.com\/leblogmoto\/author\/gregory-boucaud\/"}]}},"_links":{"self":[{"href":"https:\/\/blogs.thesocialmedia.com\/leblogmoto\/wp-json\/wp\/v2\/posts\/812","targetHints":{"allow":["GET"]}}],"collection":[{"href":"https:\/\/blogs.thesocialmedia.com\/leblogmoto\/wp-json\/wp\/v2\/posts"}],"about":[{"href":"https:\/\/blogs.thesocialmedia.com\/leblogmoto\/wp-json\/wp\/v2\/types\/post"}],"author":[{"embeddable":true,"href":"https:\/\/blogs.thesocialmedia.com\/leblogmoto\/wp-json\/wp\/v2\/users\/329"}],"replies":[{"embeddable":true,"href":"https:\/\/blogs.thesocialmedia.com\/leblogmoto\/wp-json\/wp\/v2\/comments?post=812"}],"version-history":[{"count":2,"href":"https:\/\/blogs.thesocialmedia.com\/leblogmoto\/wp-json\/wp\/v2\/posts\/812\/revisions"}],"predecessor-version":[{"id":10293,"href":"https:\/\/blogs.thesocialmedia.com\/leblogmoto\/wp-json\/wp\/v2\/posts\/812\/revisions\/10293"}],"wp:attachment":[{"href":"https:\/\/blogs.thesocialmedia.com\/leblogmoto\/wp-json\/wp\/v2\/media?parent=812"}],"wp:term":[{"taxonomy":"category","embeddable":true,"href":"https:\/\/blogs.thesocialmedia.com\/leblogmoto\/wp-json\/wp\/v2\/categories?post=812"},{"taxonomy":"post_tag","embeddable":true,"href":"https:\/\/blogs.thesocialmedia.com\/leblogmoto\/wp-json\/wp\/v2\/tags?post=812"}],"curies":[{"name":"wp","href":"https:\/\/api.w.org\/{rel}","templated":true}]}}