{"id":817,"date":"2008-03-27T12:30:42","date_gmt":"2008-03-27T12:30:42","guid":{"rendered":"http:\/\/blogs.thesocialmedia.com\/leblogmoto\/2008\/03\/27\/premiere-victoi\/"},"modified":"2012-07-11T15:31:33","modified_gmt":"2012-07-11T15:31:33","slug":"premiere-victoi","status":"publish","type":"post","link":"https:\/\/blogs.thesocialmedia.com\/leblogmoto\/2008\/03\/27\/premiere-victoi\/","title":{"rendered":"Premi\u00e8re victoire moto, sur Triumph, de Schumi !"},"content":{"rendered":"<p><a href=\"http:\/\/blogs.thesocialmedia.com\/leblogmoto\/files\/2012\/07\/motogp_schumacher_sur_triumph_en__2.jpg\"><img loading=\"lazy\" decoding=\"async\" height=\"296\" alt=\"Motogp_schumacher_sur_triumph_en__2\" src=\"http:\/\/www.leblogmoto.com\/images\/2008\/03\/27\/motogp_schumacher_sur_triumph_en__2.jpg\" width=\"470\"  \/><\/a> <\/p>\n<p>La presse allemande par l&rsquo;interm\u00e9diaire d&rsquo;une <a href=\"http:\/\/www.lefigaro.fr\/flash-actu\/2008\/03\/27\/01011-20080327FILWWW00372-ere-victoire-en-moto-de-chumacher.php\">d\u00e9p\u00eache AFP<\/a> dat\u00e9e d&rsquo;aujourd&rsquo;hui, rapporte que Michael Schumacher, septuple champion du monde de Formule 1, a remport\u00e9 sa 2\u00e8me course de moto, en semi-pro. C&rsquo;\u00e9tait lors du weekend pascal, au guidon d&rsquo;une Triumph 675 (la petite Daytona, comme on la surnomme), sur le circuit de Catalunya, o\u00f9 se jouent les manches de F1 et Moto GP. Schumi avait fini 3\u00e8me de sa premi\u00e8re course officielle sur le circuit de Pannonia en Hongrie, il y a dix jours.<\/p>\n<p>On avait beaucoup sp\u00e9cul\u00e9, <a href=\"http:\/\/www.leblogmoto.com\/2008\/02\/schumi-tord-le.html\">\u00e0 tort<\/a> sur une arriv\u00e9e du champion allemand en MotoGP. Il semble bien que le retrait\u00e9 de la F1 (depuis fin 2006) ait d\u00e9cid\u00e9 de commencer&#8230; par le commencement, quitte \u00e0 le voir progresser vers la cat\u00e9gorie reine. <\/p>\n<p>La photo* est issue d&rsquo;une capture d&rsquo;\u00e9cran du magazine allemand <a href=\"http:\/\/www.bild.de\/\">Bild<\/a> (version <em>on line<\/em>), o\u00f9 l&rsquo;on voit le champion lors d&rsquo;un passage en courbe** avec sa d\u00e9sormais fameuse combi Alpinestar, le m\u00eame mod\u00e8le qu&rsquo;il avait \u00e9trenn\u00e9 lors de la fin de saison MotoGP 2007 au guidon de la Ducati Desmosedici officielle \u00e0 Valencia (ci-dessous avec la l\u00e9gende Randi Mamola, l&rsquo;am\u00e9ricain est de dos avec le n\u00b039). Rappelez-vous, nous vous <a href=\"http:\/\/www.leblogmoto.com\/2007\/11\/quand-les-lgend.html\">en avions parl\u00e9 <\/a>en novembre dernier. Et la Triumph 675 en livr\u00e9e noire donc, frapp\u00e9e du num\u00e9ro 7.<\/p>\n<p><em>*Pour f\u00eater l&rsquo;\u00e9v\u00e9nement, je n&rsquo;ai pas os\u00e9 mettre une photo de sa belle-soeur comme je l&rsquo;avais fait <\/em><a href=\"http:\/\/www.leblogmoto.com\/2008\/02\/schumi-tord-le.html\"><em>la derni\u00e8re fois<\/em><\/a><em>. Ce n&rsquo;est que partie remise.<\/em><\/p>\n<p><em>**Non, pour l&rsquo;instant, et contrairement \u00e0 ce que laisse penser cette capture, pas de vid\u00e9o dispo.<\/em><\/p>\n<p><a href=\"http:\/\/clabedan.typepad.com\/.shared\/image.html?\/photos\/uncategorized\/2008\/03\/27\/schumacher2_2.jpg\"><img loading=\"lazy\" decoding=\"async\" height=\"293\" alt=\"Schumacher2_2\" src=\"http:\/\/www.leblogmoto.com\/images\/2008\/03\/27\/schumacher2_2.jpg\" width=\"470\"  \/><\/a><\/p>\n<p><em>source de la news: AFP<\/em><\/p>\n<p><em>cr\u00e9dits photos: Bild et Motorcycle News.<\/em> <\/p>\n","protected":false},"excerpt":{"rendered":"<p>La presse allemande par l&rsquo;interm\u00e9diaire d&rsquo;une d\u00e9p\u00eache AFP dat\u00e9e d&rsquo;aujourd&rsquo;hui, rapporte que Michael Schumacher, septuple champion du monde de Formule 1, a remport\u00e9 sa 2\u00e8me course de moto, en semi-pro. C&rsquo;\u00e9tait lors du weekend pascal, au guidon d&rsquo;une Triumph 675 (la petite Daytona, comme on la surnomme), sur le circuit de Catalunya, o\u00f9 se jouent [&hellip;]<\/p>\n","protected":false},"author":324,"featured_media":0,"comment_status":"open","ping_status":"open","sticky":false,"template":"","format":"standard","meta":{"footnotes":""},"categories":[3,32,54],"tags":[],"class_list":["post-817","post","type-post","status-publish","format-standard","hentry","category-actualite","category-sport-moto","category-triumph"],"yoast_head":"<!-- This site is optimized with the Yoast SEO plugin v26.0 - https:\/\/yoast.com\/wordpress\/plugins\/seo\/ -->\n<title>Premi\u00e8re victoire moto, sur Triumph, de Schumi ! - leblogmoto.com<\/title>\n<meta name=\"robots\" content=\"index, follow, max-snippet:-1, max-image-preview:large, max-video-preview:-1\" \/>\n<link rel=\"canonical\" href=\"https:\/\/blogs.thesocialmedia.com\/leblogmoto\/2008\/03\/27\/premiere-victoi\/\" \/>\n<meta name=\"twitter:card\" content=\"summary_large_image\" \/>\n<meta name=\"twitter:title\" content=\"Premi\u00e8re victoire moto, sur Triumph, de Schumi ! - leblogmoto.com\" \/>\n<meta name=\"twitter:description\" content=\"La presse allemande par l&rsquo;interm\u00e9diaire d&rsquo;une d\u00e9p\u00eache AFP dat\u00e9e d&rsquo;aujourd&rsquo;hui, rapporte que Michael Schumacher, septuple champion du monde de Formule 1, a remport\u00e9 sa 2\u00e8me course de moto, en semi-pro. C&rsquo;\u00e9tait lors du weekend pascal, au guidon d&rsquo;une Triumph 675 (la petite Daytona, comme on la surnomme), sur le circuit de Catalunya, o\u00f9 se jouent [&hellip;]\" \/>\n<meta name=\"twitter:image\" content=\"http:\/\/www.leblogmoto.com\/images\/2008\/03\/27\/motogp_schumacher_sur_triumph_en__2.jpg\" \/>\n<meta name=\"twitter:label1\" content=\"\u00c9crit par\" \/>\n\t<meta name=\"twitter:data1\" content=\"benoit rieu\" \/>\n\t<meta name=\"twitter:label2\" content=\"Dur\u00e9e de lecture estim\u00e9e\" \/>\n\t<meta name=\"twitter:data2\" content=\"1 minute\" \/>\n<script type=\"application\/ld+json\" class=\"yoast-schema-graph\">{\"@context\":\"https:\/\/schema.org\",\"@graph\":[{\"@type\":\"WebPage\",\"@id\":\"https:\/\/blogs.thesocialmedia.com\/leblogmoto\/2008\/03\/27\/premiere-victoi\/\",\"url\":\"https:\/\/blogs.thesocialmedia.com\/leblogmoto\/2008\/03\/27\/premiere-victoi\/\",\"name\":\"Premi\u00e8re victoire moto, sur Triumph, de Schumi ! - leblogmoto.com\",\"isPartOf\":{\"@id\":\"https:\/\/blogs.thesocialmedia.com\/leblogmoto\/#website\"},\"primaryImageOfPage\":{\"@id\":\"https:\/\/blogs.thesocialmedia.com\/leblogmoto\/2008\/03\/27\/premiere-victoi\/#primaryimage\"},\"image\":{\"@id\":\"https:\/\/blogs.thesocialmedia.com\/leblogmoto\/2008\/03\/27\/premiere-victoi\/#primaryimage\"},\"thumbnailUrl\":\"http:\/\/www.leblogmoto.com\/images\/2008\/03\/27\/motogp_schumacher_sur_triumph_en__2.jpg\",\"datePublished\":\"2008-03-27T12:30:42+00:00\",\"dateModified\":\"2012-07-11T15:31:33+00:00\",\"author\":{\"@id\":\"https:\/\/blogs.thesocialmedia.com\/leblogmoto\/#\/schema\/person\/18bfe773e5725ed6d24f743da805362a\"},\"breadcrumb\":{\"@id\":\"https:\/\/blogs.thesocialmedia.com\/leblogmoto\/2008\/03\/27\/premiere-victoi\/#breadcrumb\"},\"inLanguage\":\"fr-FR\",\"potentialAction\":[{\"@type\":\"ReadAction\",\"target\":[\"https:\/\/blogs.thesocialmedia.com\/leblogmoto\/2008\/03\/27\/premiere-victoi\/\"]}]},{\"@type\":\"ImageObject\",\"inLanguage\":\"fr-FR\",\"@id\":\"https:\/\/blogs.thesocialmedia.com\/leblogmoto\/2008\/03\/27\/premiere-victoi\/#primaryimage\",\"url\":\"http:\/\/www.leblogmoto.com\/images\/2008\/03\/27\/motogp_schumacher_sur_triumph_en__2.jpg\",\"contentUrl\":\"http:\/\/www.leblogmoto.com\/images\/2008\/03\/27\/motogp_schumacher_sur_triumph_en__2.jpg\"},{\"@type\":\"BreadcrumbList\",\"@id\":\"https:\/\/blogs.thesocialmedia.com\/leblogmoto\/2008\/03\/27\/premiere-victoi\/#breadcrumb\",\"itemListElement\":[{\"@type\":\"ListItem\",\"position\":1,\"name\":\"Accueil\",\"item\":\"https:\/\/blogs.thesocialmedia.com\/leblogmoto\/\"},{\"@type\":\"ListItem\",\"position\":2,\"name\":\"Premi\u00e8re victoire moto, sur Triumph, de Schumi !\"}]},{\"@type\":\"WebSite\",\"@id\":\"https:\/\/blogs.thesocialmedia.com\/leblogmoto\/#website\",\"url\":\"https:\/\/blogs.thesocialmedia.com\/leblogmoto\/\",\"name\":\"leblogmoto\",\"description\":\"Toute l&#039;actualit\u00e9 des 2 roues\",\"potentialAction\":[{\"@type\":\"SearchAction\",\"target\":{\"@type\":\"EntryPoint\",\"urlTemplate\":\"https:\/\/blogs.thesocialmedia.com\/leblogmoto\/?s={search_term_string}\"},\"query-input\":{\"@type\":\"PropertyValueSpecification\",\"valueRequired\":true,\"valueName\":\"search_term_string\"}}],\"inLanguage\":\"fr-FR\"},{\"@type\":\"Person\",\"@id\":\"https:\/\/blogs.thesocialmedia.com\/leblogmoto\/#\/schema\/person\/18bfe773e5725ed6d24f743da805362a\",\"name\":\"benoit rieu\",\"image\":{\"@type\":\"ImageObject\",\"inLanguage\":\"fr-FR\",\"@id\":\"https:\/\/blogs.thesocialmedia.com\/leblogmoto\/#\/schema\/person\/image\/\",\"url\":\"https:\/\/secure.gravatar.com\/avatar\/?s=96&d=mm&r=g\",\"contentUrl\":\"https:\/\/secure.gravatar.com\/avatar\/?s=96&d=mm&r=g\",\"caption\":\"benoit rieu\"},\"url\":\"https:\/\/blogs.thesocialmedia.com\/leblogmoto\/author\/benoit-rieu\/\"}]}<\/script>\n<!-- \/ Yoast SEO plugin. -->","yoast_head_json":{"title":"Premi\u00e8re victoire moto, sur Triumph, de Schumi ! - leblogmoto.com","robots":{"index":"index","follow":"follow","max-snippet":"max-snippet:-1","max-image-preview":"max-image-preview:large","max-video-preview":"max-video-preview:-1"},"canonical":"https:\/\/blogs.thesocialmedia.com\/leblogmoto\/2008\/03\/27\/premiere-victoi\/","twitter_card":"summary_large_image","twitter_title":"Premi\u00e8re victoire moto, sur Triumph, de Schumi ! - leblogmoto.com","twitter_description":"La presse allemande par l&rsquo;interm\u00e9diaire d&rsquo;une d\u00e9p\u00eache AFP dat\u00e9e d&rsquo;aujourd&rsquo;hui, rapporte que Michael Schumacher, septuple champion du monde de Formule 1, a remport\u00e9 sa 2\u00e8me course de moto, en semi-pro. C&rsquo;\u00e9tait lors du weekend pascal, au guidon d&rsquo;une Triumph 675 (la petite Daytona, comme on la surnomme), sur le circuit de Catalunya, o\u00f9 se jouent [&hellip;]","twitter_image":"http:\/\/www.leblogmoto.com\/images\/2008\/03\/27\/motogp_schumacher_sur_triumph_en__2.jpg","twitter_misc":{"\u00c9crit par":"benoit rieu","Dur\u00e9e de lecture estim\u00e9e":"1 minute"},"schema":{"@context":"https:\/\/schema.org","@graph":[{"@type":"WebPage","@id":"https:\/\/blogs.thesocialmedia.com\/leblogmoto\/2008\/03\/27\/premiere-victoi\/","url":"https:\/\/blogs.thesocialmedia.com\/leblogmoto\/2008\/03\/27\/premiere-victoi\/","name":"Premi\u00e8re victoire moto, sur Triumph, de Schumi ! - leblogmoto.com","isPartOf":{"@id":"https:\/\/blogs.thesocialmedia.com\/leblogmoto\/#website"},"primaryImageOfPage":{"@id":"https:\/\/blogs.thesocialmedia.com\/leblogmoto\/2008\/03\/27\/premiere-victoi\/#primaryimage"},"image":{"@id":"https:\/\/blogs.thesocialmedia.com\/leblogmoto\/2008\/03\/27\/premiere-victoi\/#primaryimage"},"thumbnailUrl":"http:\/\/www.leblogmoto.com\/images\/2008\/03\/27\/motogp_schumacher_sur_triumph_en__2.jpg","datePublished":"2008-03-27T12:30:42+00:00","dateModified":"2012-07-11T15:31:33+00:00","author":{"@id":"https:\/\/blogs.thesocialmedia.com\/leblogmoto\/#\/schema\/person\/18bfe773e5725ed6d24f743da805362a"},"breadcrumb":{"@id":"https:\/\/blogs.thesocialmedia.com\/leblogmoto\/2008\/03\/27\/premiere-victoi\/#breadcrumb"},"inLanguage":"fr-FR","potentialAction":[{"@type":"ReadAction","target":["https:\/\/blogs.thesocialmedia.com\/leblogmoto\/2008\/03\/27\/premiere-victoi\/"]}]},{"@type":"ImageObject","inLanguage":"fr-FR","@id":"https:\/\/blogs.thesocialmedia.com\/leblogmoto\/2008\/03\/27\/premiere-victoi\/#primaryimage","url":"http:\/\/www.leblogmoto.com\/images\/2008\/03\/27\/motogp_schumacher_sur_triumph_en__2.jpg","contentUrl":"http:\/\/www.leblogmoto.com\/images\/2008\/03\/27\/motogp_schumacher_sur_triumph_en__2.jpg"},{"@type":"BreadcrumbList","@id":"https:\/\/blogs.thesocialmedia.com\/leblogmoto\/2008\/03\/27\/premiere-victoi\/#breadcrumb","itemListElement":[{"@type":"ListItem","position":1,"name":"Accueil","item":"https:\/\/blogs.thesocialmedia.com\/leblogmoto\/"},{"@type":"ListItem","position":2,"name":"Premi\u00e8re victoire moto, sur Triumph, de Schumi !"}]},{"@type":"WebSite","@id":"https:\/\/blogs.thesocialmedia.com\/leblogmoto\/#website","url":"https:\/\/blogs.thesocialmedia.com\/leblogmoto\/","name":"leblogmoto","description":"Toute l&#039;actualit\u00e9 des 2 roues","potentialAction":[{"@type":"SearchAction","target":{"@type":"EntryPoint","urlTemplate":"https:\/\/blogs.thesocialmedia.com\/leblogmoto\/?s={search_term_string}"},"query-input":{"@type":"PropertyValueSpecification","valueRequired":true,"valueName":"search_term_string"}}],"inLanguage":"fr-FR"},{"@type":"Person","@id":"https:\/\/blogs.thesocialmedia.com\/leblogmoto\/#\/schema\/person\/18bfe773e5725ed6d24f743da805362a","name":"benoit rieu","image":{"@type":"ImageObject","inLanguage":"fr-FR","@id":"https:\/\/blogs.thesocialmedia.com\/leblogmoto\/#\/schema\/person\/image\/","url":"https:\/\/secure.gravatar.com\/avatar\/?s=96&d=mm&r=g","contentUrl":"https:\/\/secure.gravatar.com\/avatar\/?s=96&d=mm&r=g","caption":"benoit rieu"},"url":"https:\/\/blogs.thesocialmedia.com\/leblogmoto\/author\/benoit-rieu\/"}]}},"_links":{"self":[{"href":"https:\/\/blogs.thesocialmedia.com\/leblogmoto\/wp-json\/wp\/v2\/posts\/817","targetHints":{"allow":["GET"]}}],"collection":[{"href":"https:\/\/blogs.thesocialmedia.com\/leblogmoto\/wp-json\/wp\/v2\/posts"}],"about":[{"href":"https:\/\/blogs.thesocialmedia.com\/leblogmoto\/wp-json\/wp\/v2\/types\/post"}],"author":[{"embeddable":true,"href":"https:\/\/blogs.thesocialmedia.com\/leblogmoto\/wp-json\/wp\/v2\/users\/324"}],"replies":[{"embeddable":true,"href":"https:\/\/blogs.thesocialmedia.com\/leblogmoto\/wp-json\/wp\/v2\/comments?post=817"}],"version-history":[{"count":2,"href":"https:\/\/blogs.thesocialmedia.com\/leblogmoto\/wp-json\/wp\/v2\/posts\/817\/revisions"}],"predecessor-version":[{"id":10265,"href":"https:\/\/blogs.thesocialmedia.com\/leblogmoto\/wp-json\/wp\/v2\/posts\/817\/revisions\/10265"}],"wp:attachment":[{"href":"https:\/\/blogs.thesocialmedia.com\/leblogmoto\/wp-json\/wp\/v2\/media?parent=817"}],"wp:term":[{"taxonomy":"category","embeddable":true,"href":"https:\/\/blogs.thesocialmedia.com\/leblogmoto\/wp-json\/wp\/v2\/categories?post=817"},{"taxonomy":"post_tag","embeddable":true,"href":"https:\/\/blogs.thesocialmedia.com\/leblogmoto\/wp-json\/wp\/v2\/tags?post=817"}],"curies":[{"name":"wp","href":"https:\/\/api.w.org\/{rel}","templated":true}]}}