{"id":82,"date":"2009-07-05T15:08:56","date_gmt":"2009-07-05T15:08:56","guid":{"rendered":"http:\/\/blogs.thesocialmedia.com\/leblogmoto\/2009\/07\/05\/une-pole-aux-allures-de-victoire-a-la-pyrrhus\/"},"modified":"2012-07-11T17:35:22","modified_gmt":"2012-07-11T17:35:22","slug":"une-pole-aux-allures-de-victoire-a-la-pyrrhus","status":"publish","type":"post","link":"https:\/\/blogs.thesocialmedia.com\/leblogmoto\/2009\/07\/05\/une-pole-aux-allures-de-victoire-a-la-pyrrhus\/","title":{"rendered":"Une pole aux allures de victoire \u00e0 la Pyrrhus ?"},"content":{"rendered":"<p><a href=\"http:\/\/blogs.thesocialmedia.com\/leblogmoto\/files\/2012\/07\/6a00d83451b18369e2011571c0a004970b-popup.png\"><img decoding=\"async\" alt=\"MotoGP Lorenzo Laguna Seca Qualifying 2009, pole b4 crashing\" class=\"at-xid-6a00d83451b18369e2011571c0a004970b \" src=\"http:\/\/blogs.thesocialmedia.com\/leblogmoto\/files\/2012\/07\/6a00d83451b18369e2011571c0a004970b-500wi.jpg\" style=\"width: 470px\" \/><\/a> <\/p>\n<p>Selon le Dr.Claudio Costa, cit\u00e9 par <em><a href=\"http:\/\/www.repubblica.it\/\">La Repubblica<\/a><\/em>, Jorge Lorenzo a subi une dislocation partielle de sa clavicule droite, et une blessure au pied droit, alors que Casey Stoner souffre d&#039;une contusion \u00e0 la hanche. Toujours selon le directeur de la Clinica Mobile, les deux pilotes sont en mesure de participer au d\u00e9part du Grand Prix de Laguna Seca dans huit heures. La veille, le <a href=\"http:\/\/www.leblogmoto.com\/2009\/06\/le-poleman-du-jour-se-la-raconte-d%C3%A9j%C3%A0.html\">Majorquin<\/a> avait \u00e9tabli la meilleure marque de la s\u00e9ance qualificative, avec un temps de 1&#039;21&#039;&#039;678, ce qui n&#039;a surpris personne venant d&#039;un pilote ayant domin\u00e9 les essais libres. Or vingt minutes auparavant, il \u00e9tait parti \u00e0 la faute, sans grande cons\u00e9quence. Mais, rebelote, apr\u00e8s s&#039;\u00eatre empar\u00e9 de la position de pointe, il chuta \u00e0 trois minutes de la fin des qualifs.<\/p>\n<\/p>\n<p>C&#039;est \u00e9galement sur un spectaculaire <em>high side<\/em>, que l&#039;Australien avait \u00e9galement chut\u00e9. Alors que l&#039;on \u00e9vacuait Lorenzo sur une civi\u00e8re, apr\u00e8s qu&#039;il eut tent\u00e9 quand m\u00eame de faire quelques m\u00e8tres \u00e0 pied, Valentino se lan\u00e7ait \u00e0 l&#039;assaut de la pole mais \u00e9choua \u00e0 167 milli\u00e8mes de son co\u00e9quipier. Voil\u00e0 le champion italien enserr\u00e9 par deux \u00e9clop\u00e9s sur la premi\u00e8re ligne. Selon lui, les <em>high sides<\/em> pourraient \u00eatre dus \u00e0 un choix de gommes trop dures, comme lu sur <em><a href=\"http:\/\/www.autosport.com\/news\/report.php\/id\/76703\">Autosport<\/a><\/em>.<\/p>\n<p>Colin Edwards, la Texas Tornado, en campagne active de lobbying pour rester l&#039;an prochain en MotoGP, est septi\u00e8me devant le r\u00e9gional de l&#039;\u00e9tape, Nicky Hayden, pour une fois satisfait de la GP9. Au contraire de Randy De Puniet, d\u00e9cevant et laborieux quatorzi\u00e8me.<\/p>\n<p>Pyrrhus 1er qui a donn\u00e9 l&#039;expression utilis\u00e9 en titre avait d\u00e9clar\u00e9 \u00e0 l&#039;issue d&#039;une bataille qui lui co\u00fbta cher en hommes : &quot;Si nous devons remporter une autre victoire sur les Romains, nous sommes perdus&quot;. En souvenir de sa chute en Chine qui lui co\u00fbta si cher l&#039;ann\u00e9e derni\u00e8re, lui qui pouvait contester avec Stoner le titre 2008 au Dottore, on lui souhaite, au mieux, une victoire propre et sans heurt.<\/p>\n<p>&#160;1. Jorge Lorenzo Yamaha 1m21.678s <br \/>&#160;2. Valentino Rossi Yamaha 1m21.845s + 0.167s <br \/>&#160;3. Casey Stoner Ducati 1m21.910s + 0.232s<br \/>&#160;4. Dani Pedrosa Honda 1m22.113s + 0.435s <br \/>&#160;5. Andrea Dovizioso Honda 1m22.135s + 0.457s <br \/>&#160;6. Toni Elias Gresini Honda 1m22.146s + 0.468s <br \/>&#160;7. Colin Edwards Tech 3 Yamaha 1m22.490s + 0.812s <br \/>&#160;8. Nicky Hayden Ducati 1m22.540s + 0.862s <br \/>&#160;9. Chris Vermeulen Suzuki 1m22.633s + 0.955s <br \/>10. Loris Capirossi Suzuki 1m22.662s + 0.984s <br \/>11. Marco Melandri Hayate Kawasaki 1m22.842s + 1.164s <br \/>12. Alex de Angelis Gresini Honda 1m23.004s + 1.326s <br \/>13. Sete Gibernau Hernando Ducati 1m23.106s + 1.428s <br \/>14. Randy de Puniet LCR Honda 1m23.147s + 1.469s <br \/>15. James Toseland Tech 3 Yamaha 1m23.390s + 1.712s <br \/>16. Niccolo Canepa Pramac Ducati 1m23.912s + 2.234s <br \/>17. Gabor Talmacsi Scot Honda 1m24.528s + 2.850s<\/p><\/p>\n","protected":false},"excerpt":{"rendered":"<p>Selon le Dr.Claudio Costa, cit\u00e9 par La Repubblica, Jorge Lorenzo a subi une dislocation partielle de sa clavicule droite, et une blessure au pied droit, alors que Casey Stoner souffre d&#039;une contusion \u00e0 la hanche. Toujours selon le directeur de la Clinica Mobile, les deux pilotes sont en mesure de participer au d\u00e9part du Grand [&hellip;]<\/p>\n","protected":false},"author":324,"featured_media":13994,"comment_status":"open","ping_status":"open","sticky":false,"template":"","format":"standard","meta":{"footnotes":""},"categories":[3,22],"tags":[],"class_list":["post-82","post","type-post","status-publish","format-standard","has-post-thumbnail","hentry","category-actualite","category-motogp"],"yoast_head":"<!-- This site is optimized with the Yoast SEO plugin v26.0 - https:\/\/yoast.com\/wordpress\/plugins\/seo\/ -->\n<title>Une pole aux allures de victoire \u00e0 la Pyrrhus ? - leblogmoto.com<\/title>\n<meta name=\"robots\" content=\"index, follow, max-snippet:-1, max-image-preview:large, max-video-preview:-1\" \/>\n<link rel=\"canonical\" href=\"https:\/\/blogs.thesocialmedia.com\/leblogmoto\/2009\/07\/05\/une-pole-aux-allures-de-victoire-a-la-pyrrhus\/\" \/>\n<meta name=\"twitter:card\" content=\"summary_large_image\" \/>\n<meta name=\"twitter:title\" content=\"Une pole aux allures de victoire \u00e0 la Pyrrhus ? - leblogmoto.com\" \/>\n<meta name=\"twitter:description\" content=\"Selon le Dr.Claudio Costa, cit\u00e9 par La Repubblica, Jorge Lorenzo a subi une dislocation partielle de sa clavicule droite, et une blessure au pied droit, alors que Casey Stoner souffre d&#039;une contusion \u00e0 la hanche. Toujours selon le directeur de la Clinica Mobile, les deux pilotes sont en mesure de participer au d\u00e9part du Grand [&hellip;]\" \/>\n<meta name=\"twitter:image\" content=\"https:\/\/blogs.thesocialmedia.com\/leblogmoto\/files\/2012\/07\/6a00d83451b18369e2011571c0a004970b-500wi.jpg\" \/>\n<meta name=\"twitter:label1\" content=\"\u00c9crit par\" \/>\n\t<meta name=\"twitter:data1\" content=\"benoit rieu\" \/>\n\t<meta name=\"twitter:label2\" content=\"Dur\u00e9e de lecture estim\u00e9e\" \/>\n\t<meta name=\"twitter:data2\" content=\"2 minutes\" \/>\n<script type=\"application\/ld+json\" class=\"yoast-schema-graph\">{\"@context\":\"https:\/\/schema.org\",\"@graph\":[{\"@type\":\"WebPage\",\"@id\":\"https:\/\/blogs.thesocialmedia.com\/leblogmoto\/2009\/07\/05\/une-pole-aux-allures-de-victoire-a-la-pyrrhus\/\",\"url\":\"https:\/\/blogs.thesocialmedia.com\/leblogmoto\/2009\/07\/05\/une-pole-aux-allures-de-victoire-a-la-pyrrhus\/\",\"name\":\"Une pole aux allures de victoire \u00e0 la Pyrrhus ? - leblogmoto.com\",\"isPartOf\":{\"@id\":\"https:\/\/blogs.thesocialmedia.com\/leblogmoto\/#website\"},\"primaryImageOfPage\":{\"@id\":\"https:\/\/blogs.thesocialmedia.com\/leblogmoto\/2009\/07\/05\/une-pole-aux-allures-de-victoire-a-la-pyrrhus\/#primaryimage\"},\"image\":{\"@id\":\"https:\/\/blogs.thesocialmedia.com\/leblogmoto\/2009\/07\/05\/une-pole-aux-allures-de-victoire-a-la-pyrrhus\/#primaryimage\"},\"thumbnailUrl\":\"https:\/\/blogs.thesocialmedia.com\/leblogmoto\/files\/2012\/07\/6a00d83451b18369e2011571c0a004970b-500wi.jpg\",\"datePublished\":\"2009-07-05T15:08:56+00:00\",\"dateModified\":\"2012-07-11T17:35:22+00:00\",\"author\":{\"@id\":\"https:\/\/blogs.thesocialmedia.com\/leblogmoto\/#\/schema\/person\/18bfe773e5725ed6d24f743da805362a\"},\"breadcrumb\":{\"@id\":\"https:\/\/blogs.thesocialmedia.com\/leblogmoto\/2009\/07\/05\/une-pole-aux-allures-de-victoire-a-la-pyrrhus\/#breadcrumb\"},\"inLanguage\":\"fr-FR\",\"potentialAction\":[{\"@type\":\"ReadAction\",\"target\":[\"https:\/\/blogs.thesocialmedia.com\/leblogmoto\/2009\/07\/05\/une-pole-aux-allures-de-victoire-a-la-pyrrhus\/\"]}]},{\"@type\":\"ImageObject\",\"inLanguage\":\"fr-FR\",\"@id\":\"https:\/\/blogs.thesocialmedia.com\/leblogmoto\/2009\/07\/05\/une-pole-aux-allures-de-victoire-a-la-pyrrhus\/#primaryimage\",\"url\":\"https:\/\/blogs.thesocialmedia.com\/leblogmoto\/files\/2012\/07\/6a00d83451b18369e2011571c0a004970b-500wi.jpg\",\"contentUrl\":\"https:\/\/blogs.thesocialmedia.com\/leblogmoto\/files\/2012\/07\/6a00d83451b18369e2011571c0a004970b-500wi.jpg\",\"width\":\"500\",\"height\":\"375\"},{\"@type\":\"BreadcrumbList\",\"@id\":\"https:\/\/blogs.thesocialmedia.com\/leblogmoto\/2009\/07\/05\/une-pole-aux-allures-de-victoire-a-la-pyrrhus\/#breadcrumb\",\"itemListElement\":[{\"@type\":\"ListItem\",\"position\":1,\"name\":\"Accueil\",\"item\":\"https:\/\/blogs.thesocialmedia.com\/leblogmoto\/\"},{\"@type\":\"ListItem\",\"position\":2,\"name\":\"Une pole aux allures de victoire \u00e0 la Pyrrhus ?\"}]},{\"@type\":\"WebSite\",\"@id\":\"https:\/\/blogs.thesocialmedia.com\/leblogmoto\/#website\",\"url\":\"https:\/\/blogs.thesocialmedia.com\/leblogmoto\/\",\"name\":\"leblogmoto\",\"description\":\"Toute l&#039;actualit\u00e9 des 2 roues\",\"potentialAction\":[{\"@type\":\"SearchAction\",\"target\":{\"@type\":\"EntryPoint\",\"urlTemplate\":\"https:\/\/blogs.thesocialmedia.com\/leblogmoto\/?s={search_term_string}\"},\"query-input\":{\"@type\":\"PropertyValueSpecification\",\"valueRequired\":true,\"valueName\":\"search_term_string\"}}],\"inLanguage\":\"fr-FR\"},{\"@type\":\"Person\",\"@id\":\"https:\/\/blogs.thesocialmedia.com\/leblogmoto\/#\/schema\/person\/18bfe773e5725ed6d24f743da805362a\",\"name\":\"benoit rieu\",\"image\":{\"@type\":\"ImageObject\",\"inLanguage\":\"fr-FR\",\"@id\":\"https:\/\/blogs.thesocialmedia.com\/leblogmoto\/#\/schema\/person\/image\/\",\"url\":\"https:\/\/secure.gravatar.com\/avatar\/?s=96&d=mm&r=g\",\"contentUrl\":\"https:\/\/secure.gravatar.com\/avatar\/?s=96&d=mm&r=g\",\"caption\":\"benoit rieu\"},\"url\":\"https:\/\/blogs.thesocialmedia.com\/leblogmoto\/author\/benoit-rieu\/\"}]}<\/script>\n<!-- \/ Yoast SEO plugin. -->","yoast_head_json":{"title":"Une pole aux allures de victoire \u00e0 la Pyrrhus ? - leblogmoto.com","robots":{"index":"index","follow":"follow","max-snippet":"max-snippet:-1","max-image-preview":"max-image-preview:large","max-video-preview":"max-video-preview:-1"},"canonical":"https:\/\/blogs.thesocialmedia.com\/leblogmoto\/2009\/07\/05\/une-pole-aux-allures-de-victoire-a-la-pyrrhus\/","twitter_card":"summary_large_image","twitter_title":"Une pole aux allures de victoire \u00e0 la Pyrrhus ? - leblogmoto.com","twitter_description":"Selon le Dr.Claudio Costa, cit\u00e9 par La Repubblica, Jorge Lorenzo a subi une dislocation partielle de sa clavicule droite, et une blessure au pied droit, alors que Casey Stoner souffre d&#039;une contusion \u00e0 la hanche. Toujours selon le directeur de la Clinica Mobile, les deux pilotes sont en mesure de participer au d\u00e9part du Grand [&hellip;]","twitter_image":"https:\/\/blogs.thesocialmedia.com\/leblogmoto\/files\/2012\/07\/6a00d83451b18369e2011571c0a004970b-500wi.jpg","twitter_misc":{"\u00c9crit par":"benoit rieu","Dur\u00e9e de lecture estim\u00e9e":"2 minutes"},"schema":{"@context":"https:\/\/schema.org","@graph":[{"@type":"WebPage","@id":"https:\/\/blogs.thesocialmedia.com\/leblogmoto\/2009\/07\/05\/une-pole-aux-allures-de-victoire-a-la-pyrrhus\/","url":"https:\/\/blogs.thesocialmedia.com\/leblogmoto\/2009\/07\/05\/une-pole-aux-allures-de-victoire-a-la-pyrrhus\/","name":"Une pole aux allures de victoire \u00e0 la Pyrrhus ? - leblogmoto.com","isPartOf":{"@id":"https:\/\/blogs.thesocialmedia.com\/leblogmoto\/#website"},"primaryImageOfPage":{"@id":"https:\/\/blogs.thesocialmedia.com\/leblogmoto\/2009\/07\/05\/une-pole-aux-allures-de-victoire-a-la-pyrrhus\/#primaryimage"},"image":{"@id":"https:\/\/blogs.thesocialmedia.com\/leblogmoto\/2009\/07\/05\/une-pole-aux-allures-de-victoire-a-la-pyrrhus\/#primaryimage"},"thumbnailUrl":"https:\/\/blogs.thesocialmedia.com\/leblogmoto\/files\/2012\/07\/6a00d83451b18369e2011571c0a004970b-500wi.jpg","datePublished":"2009-07-05T15:08:56+00:00","dateModified":"2012-07-11T17:35:22+00:00","author":{"@id":"https:\/\/blogs.thesocialmedia.com\/leblogmoto\/#\/schema\/person\/18bfe773e5725ed6d24f743da805362a"},"breadcrumb":{"@id":"https:\/\/blogs.thesocialmedia.com\/leblogmoto\/2009\/07\/05\/une-pole-aux-allures-de-victoire-a-la-pyrrhus\/#breadcrumb"},"inLanguage":"fr-FR","potentialAction":[{"@type":"ReadAction","target":["https:\/\/blogs.thesocialmedia.com\/leblogmoto\/2009\/07\/05\/une-pole-aux-allures-de-victoire-a-la-pyrrhus\/"]}]},{"@type":"ImageObject","inLanguage":"fr-FR","@id":"https:\/\/blogs.thesocialmedia.com\/leblogmoto\/2009\/07\/05\/une-pole-aux-allures-de-victoire-a-la-pyrrhus\/#primaryimage","url":"https:\/\/blogs.thesocialmedia.com\/leblogmoto\/files\/2012\/07\/6a00d83451b18369e2011571c0a004970b-500wi.jpg","contentUrl":"https:\/\/blogs.thesocialmedia.com\/leblogmoto\/files\/2012\/07\/6a00d83451b18369e2011571c0a004970b-500wi.jpg","width":"500","height":"375"},{"@type":"BreadcrumbList","@id":"https:\/\/blogs.thesocialmedia.com\/leblogmoto\/2009\/07\/05\/une-pole-aux-allures-de-victoire-a-la-pyrrhus\/#breadcrumb","itemListElement":[{"@type":"ListItem","position":1,"name":"Accueil","item":"https:\/\/blogs.thesocialmedia.com\/leblogmoto\/"},{"@type":"ListItem","position":2,"name":"Une pole aux allures de victoire \u00e0 la Pyrrhus ?"}]},{"@type":"WebSite","@id":"https:\/\/blogs.thesocialmedia.com\/leblogmoto\/#website","url":"https:\/\/blogs.thesocialmedia.com\/leblogmoto\/","name":"leblogmoto","description":"Toute l&#039;actualit\u00e9 des 2 roues","potentialAction":[{"@type":"SearchAction","target":{"@type":"EntryPoint","urlTemplate":"https:\/\/blogs.thesocialmedia.com\/leblogmoto\/?s={search_term_string}"},"query-input":{"@type":"PropertyValueSpecification","valueRequired":true,"valueName":"search_term_string"}}],"inLanguage":"fr-FR"},{"@type":"Person","@id":"https:\/\/blogs.thesocialmedia.com\/leblogmoto\/#\/schema\/person\/18bfe773e5725ed6d24f743da805362a","name":"benoit rieu","image":{"@type":"ImageObject","inLanguage":"fr-FR","@id":"https:\/\/blogs.thesocialmedia.com\/leblogmoto\/#\/schema\/person\/image\/","url":"https:\/\/secure.gravatar.com\/avatar\/?s=96&d=mm&r=g","contentUrl":"https:\/\/secure.gravatar.com\/avatar\/?s=96&d=mm&r=g","caption":"benoit rieu"},"url":"https:\/\/blogs.thesocialmedia.com\/leblogmoto\/author\/benoit-rieu\/"}]}},"_links":{"self":[{"href":"https:\/\/blogs.thesocialmedia.com\/leblogmoto\/wp-json\/wp\/v2\/posts\/82","targetHints":{"allow":["GET"]}}],"collection":[{"href":"https:\/\/blogs.thesocialmedia.com\/leblogmoto\/wp-json\/wp\/v2\/posts"}],"about":[{"href":"https:\/\/blogs.thesocialmedia.com\/leblogmoto\/wp-json\/wp\/v2\/types\/post"}],"author":[{"embeddable":true,"href":"https:\/\/blogs.thesocialmedia.com\/leblogmoto\/wp-json\/wp\/v2\/users\/324"}],"replies":[{"embeddable":true,"href":"https:\/\/blogs.thesocialmedia.com\/leblogmoto\/wp-json\/wp\/v2\/comments?post=82"}],"version-history":[{"count":2,"href":"https:\/\/blogs.thesocialmedia.com\/leblogmoto\/wp-json\/wp\/v2\/posts\/82\/revisions"}],"predecessor-version":[{"id":13996,"href":"https:\/\/blogs.thesocialmedia.com\/leblogmoto\/wp-json\/wp\/v2\/posts\/82\/revisions\/13996"}],"wp:featuredmedia":[{"embeddable":true,"href":"https:\/\/blogs.thesocialmedia.com\/leblogmoto\/wp-json\/wp\/v2\/media\/13994"}],"wp:attachment":[{"href":"https:\/\/blogs.thesocialmedia.com\/leblogmoto\/wp-json\/wp\/v2\/media?parent=82"}],"wp:term":[{"taxonomy":"category","embeddable":true,"href":"https:\/\/blogs.thesocialmedia.com\/leblogmoto\/wp-json\/wp\/v2\/categories?post=82"},{"taxonomy":"post_tag","embeddable":true,"href":"https:\/\/blogs.thesocialmedia.com\/leblogmoto\/wp-json\/wp\/v2\/tags?post=82"}],"curies":[{"name":"wp","href":"https:\/\/api.w.org\/{rel}","templated":true}]}}