{"id":820,"date":"2008-03-25T23:45:41","date_gmt":"2008-03-25T23:45:41","guid":{"rendered":"http:\/\/blogs.thesocialmedia.com\/leblogmoto\/2008\/03\/25\/la-camra-emba-1\/"},"modified":"2012-07-11T15:31:24","modified_gmt":"2012-07-11T15:31:24","slug":"la-camra-emba-1","status":"publish","type":"post","link":"https:\/\/blogs.thesocialmedia.com\/leblogmoto\/2008\/03\/25\/la-camra-emba-1\/","title":{"rendered":"Finale Supercross de Minneapolis en cam\u00e9ra embarqu\u00e9e"},"content":{"rendered":"<p><a href=\"http:\/\/clabedan.typepad.com\/.shared\/image.html?\/photos\/uncategorized\/2008\/03\/25\/joshhillracing01.jpeg\"><img loading=\"lazy\" decoding=\"async\" width=\"470\" height=\"312\"  alt=\"Joshhillracing01\" src=\"http:\/\/www.leblogmoto.com\/images\/2008\/03\/25\/joshhillracing01.jpeg\" style=\"margin: 0px 5px 5px 0px;float: left\" \/><\/a> Aujourd&rsquo;hui la &quot;cam\u00e9ra embarqu\u00e9e du jour&quot; nous enm\u00e8ne \u00e0 Minneapolis sur la Yamaha YZ450F de Josh Hill lors de la finale Supercross le week end dernier&#8230;<\/p>\n<p>Apr\u00e8s quelques difficult\u00e9s d&rsquo;adaptation \u00e0 sa nouvelle machine ces derniers mois Josh Hill s&rsquo;impose enfin pour la premi\u00e8re fois lors d&rsquo;une finale de Supercross. <\/p>\n<p><a href=\"http:\/\/blogs.thesocialmedia.com\/leblogmoto\/files\/2012\/07\/josh_hill.jpg\"><img loading=\"lazy\" decoding=\"async\" width=\"470\" height=\"314\"  alt=\"Josh_hill\" src=\"http:\/\/www.leblogmoto.com\/images\/2008\/03\/25\/josh_hill.jpg\" style=\"margin: 0px 5px 5px 0px;float: left\" \/><\/a>Exploitant au mieux son avance provoqu\u00e9e par une erreur (chute) de Chad Reed il s&rsquo;impose devant Ryan Dungey sur Suzuki RM-Z450 et la Honda CRF450R de Kevin Windham.<\/p>\n<p>Chad Reed finit 7\u00e8me devant David Vuillemin&nbsp; mais reste premier au classement g\u00e9n\u00e9ral du championnat.<\/p>\n<p> <embed width=\"590\" height=\"510\" src=\"http:\/\/www.vsocial.com\/ups\/16754e1c94dc416c150db39257a0515f\"><\/embed><\/p>\n<p>&nbsp;<\/p>\n<p><embed width=\"510\" height=\"500\" src=\"http:\/\/www.vsocial.com\/ups\/59810caacc0439dcd8b67df087453ce5\"><\/embed> <\/p>\n<p><a href=\"http:\/\/blogs.thesocialmedia.com\/leblogmoto\/files\/2012\/07\/joshhillrace01.jpg\"><img loading=\"lazy\" decoding=\"async\" width=\"470\" height=\"313\"  alt=\"Joshhillrace01\" src=\"http:\/\/www.leblogmoto.com\/images\/2008\/03\/25\/joshhillrace01.jpg\" style=\"margin: 0px 5px 5px 0px;float: left\" \/><\/a> Plus de vid\u00e9os embarqu\u00e9es sur le site officiel de <a href=\"http:\/\/www.yamaha-motor.com\/sport\/racing\/raceCam\/08sxRaceCam_home.aspx\">Yamaha<\/a><\/p>\n<p><a href=\"http:\/\/clabedan.typepad.com\/.shared\/image.html?\/photos\/uncategorized\/2008\/03\/25\/josh_hill_yz450f.jpg\"><br \/><\/a> <\/p>\n","protected":false},"excerpt":{"rendered":"<p>Aujourd&rsquo;hui la &quot;cam\u00e9ra embarqu\u00e9e du jour&quot; nous enm\u00e8ne \u00e0 Minneapolis sur la Yamaha YZ450F de Josh Hill lors de la finale Supercross le week end dernier&#8230; Apr\u00e8s quelques difficult\u00e9s d&rsquo;adaptation \u00e0 sa nouvelle machine ces derniers mois Josh Hill s&rsquo;impose enfin pour la premi\u00e8re fois lors d&rsquo;une finale de Supercross. Exploitant au mieux son avance [&hellip;]<\/p>\n","protected":false},"author":323,"featured_media":0,"comment_status":"open","ping_status":"open","sticky":false,"template":"","format":"standard","meta":{"footnotes":""},"categories":[12,44],"tags":[],"class_list":["post-820","post","type-post","status-publish","format-standard","hentry","category-videos","category-yamaha"],"yoast_head":"<!-- This site is optimized with the Yoast SEO plugin v26.0 - https:\/\/yoast.com\/wordpress\/plugins\/seo\/ -->\n<title>Finale Supercross de Minneapolis en cam\u00e9ra embarqu\u00e9e - leblogmoto.com<\/title>\n<meta name=\"robots\" content=\"index, follow, max-snippet:-1, max-image-preview:large, max-video-preview:-1\" \/>\n<link rel=\"canonical\" href=\"https:\/\/blogs.thesocialmedia.com\/leblogmoto\/2008\/03\/25\/la-camra-emba-1\/\" \/>\n<meta name=\"twitter:card\" content=\"summary_large_image\" \/>\n<meta name=\"twitter:title\" content=\"Finale Supercross de Minneapolis en cam\u00e9ra embarqu\u00e9e - leblogmoto.com\" \/>\n<meta name=\"twitter:description\" content=\"Aujourd&rsquo;hui la &quot;cam\u00e9ra embarqu\u00e9e du jour&quot; nous enm\u00e8ne \u00e0 Minneapolis sur la Yamaha YZ450F de Josh Hill lors de la finale Supercross le week end dernier&#8230; Apr\u00e8s quelques difficult\u00e9s d&rsquo;adaptation \u00e0 sa nouvelle machine ces derniers mois Josh Hill s&rsquo;impose enfin pour la premi\u00e8re fois lors d&rsquo;une finale de Supercross. Exploitant au mieux son avance [&hellip;]\" \/>\n<meta name=\"twitter:image\" content=\"http:\/\/www.leblogmoto.com\/images\/2008\/03\/25\/joshhillracing01.jpeg\" \/>\n<meta name=\"twitter:label1\" content=\"\u00c9crit par\" \/>\n\t<meta name=\"twitter:data1\" content=\"albin le guyader\" \/>\n\t<meta name=\"twitter:label2\" content=\"Dur\u00e9e de lecture estim\u00e9e\" \/>\n\t<meta name=\"twitter:data2\" content=\"1 minute\" \/>\n<script type=\"application\/ld+json\" class=\"yoast-schema-graph\">{\"@context\":\"https:\/\/schema.org\",\"@graph\":[{\"@type\":\"WebPage\",\"@id\":\"https:\/\/blogs.thesocialmedia.com\/leblogmoto\/2008\/03\/25\/la-camra-emba-1\/\",\"url\":\"https:\/\/blogs.thesocialmedia.com\/leblogmoto\/2008\/03\/25\/la-camra-emba-1\/\",\"name\":\"Finale Supercross de Minneapolis en cam\u00e9ra embarqu\u00e9e - leblogmoto.com\",\"isPartOf\":{\"@id\":\"https:\/\/blogs.thesocialmedia.com\/leblogmoto\/#website\"},\"primaryImageOfPage\":{\"@id\":\"https:\/\/blogs.thesocialmedia.com\/leblogmoto\/2008\/03\/25\/la-camra-emba-1\/#primaryimage\"},\"image\":{\"@id\":\"https:\/\/blogs.thesocialmedia.com\/leblogmoto\/2008\/03\/25\/la-camra-emba-1\/#primaryimage\"},\"thumbnailUrl\":\"http:\/\/www.leblogmoto.com\/images\/2008\/03\/25\/joshhillracing01.jpeg\",\"datePublished\":\"2008-03-25T23:45:41+00:00\",\"dateModified\":\"2012-07-11T15:31:24+00:00\",\"author\":{\"@id\":\"https:\/\/blogs.thesocialmedia.com\/leblogmoto\/#\/schema\/person\/b496d27c898c29a39678e2425cafb9ae\"},\"breadcrumb\":{\"@id\":\"https:\/\/blogs.thesocialmedia.com\/leblogmoto\/2008\/03\/25\/la-camra-emba-1\/#breadcrumb\"},\"inLanguage\":\"fr-FR\",\"potentialAction\":[{\"@type\":\"ReadAction\",\"target\":[\"https:\/\/blogs.thesocialmedia.com\/leblogmoto\/2008\/03\/25\/la-camra-emba-1\/\"]}]},{\"@type\":\"ImageObject\",\"inLanguage\":\"fr-FR\",\"@id\":\"https:\/\/blogs.thesocialmedia.com\/leblogmoto\/2008\/03\/25\/la-camra-emba-1\/#primaryimage\",\"url\":\"http:\/\/www.leblogmoto.com\/images\/2008\/03\/25\/joshhillracing01.jpeg\",\"contentUrl\":\"http:\/\/www.leblogmoto.com\/images\/2008\/03\/25\/joshhillracing01.jpeg\"},{\"@type\":\"BreadcrumbList\",\"@id\":\"https:\/\/blogs.thesocialmedia.com\/leblogmoto\/2008\/03\/25\/la-camra-emba-1\/#breadcrumb\",\"itemListElement\":[{\"@type\":\"ListItem\",\"position\":1,\"name\":\"Accueil\",\"item\":\"https:\/\/blogs.thesocialmedia.com\/leblogmoto\/\"},{\"@type\":\"ListItem\",\"position\":2,\"name\":\"Finale Supercross de Minneapolis en cam\u00e9ra embarqu\u00e9e\"}]},{\"@type\":\"WebSite\",\"@id\":\"https:\/\/blogs.thesocialmedia.com\/leblogmoto\/#website\",\"url\":\"https:\/\/blogs.thesocialmedia.com\/leblogmoto\/\",\"name\":\"leblogmoto\",\"description\":\"Toute l&#039;actualit\u00e9 des 2 roues\",\"potentialAction\":[{\"@type\":\"SearchAction\",\"target\":{\"@type\":\"EntryPoint\",\"urlTemplate\":\"https:\/\/blogs.thesocialmedia.com\/leblogmoto\/?s={search_term_string}\"},\"query-input\":{\"@type\":\"PropertyValueSpecification\",\"valueRequired\":true,\"valueName\":\"search_term_string\"}}],\"inLanguage\":\"fr-FR\"},{\"@type\":\"Person\",\"@id\":\"https:\/\/blogs.thesocialmedia.com\/leblogmoto\/#\/schema\/person\/b496d27c898c29a39678e2425cafb9ae\",\"name\":\"albin le guyader\",\"image\":{\"@type\":\"ImageObject\",\"inLanguage\":\"fr-FR\",\"@id\":\"https:\/\/blogs.thesocialmedia.com\/leblogmoto\/#\/schema\/person\/image\/\",\"url\":\"https:\/\/secure.gravatar.com\/avatar\/?s=96&d=mm&r=g\",\"contentUrl\":\"https:\/\/secure.gravatar.com\/avatar\/?s=96&d=mm&r=g\",\"caption\":\"albin le guyader\"},\"url\":\"https:\/\/blogs.thesocialmedia.com\/leblogmoto\/author\/albin-le-guyader\/\"}]}<\/script>\n<!-- \/ Yoast SEO plugin. -->","yoast_head_json":{"title":"Finale Supercross de Minneapolis en cam\u00e9ra embarqu\u00e9e - leblogmoto.com","robots":{"index":"index","follow":"follow","max-snippet":"max-snippet:-1","max-image-preview":"max-image-preview:large","max-video-preview":"max-video-preview:-1"},"canonical":"https:\/\/blogs.thesocialmedia.com\/leblogmoto\/2008\/03\/25\/la-camra-emba-1\/","twitter_card":"summary_large_image","twitter_title":"Finale Supercross de Minneapolis en cam\u00e9ra embarqu\u00e9e - leblogmoto.com","twitter_description":"Aujourd&rsquo;hui la &quot;cam\u00e9ra embarqu\u00e9e du jour&quot; nous enm\u00e8ne \u00e0 Minneapolis sur la Yamaha YZ450F de Josh Hill lors de la finale Supercross le week end dernier&#8230; Apr\u00e8s quelques difficult\u00e9s d&rsquo;adaptation \u00e0 sa nouvelle machine ces derniers mois Josh Hill s&rsquo;impose enfin pour la premi\u00e8re fois lors d&rsquo;une finale de Supercross. Exploitant au mieux son avance [&hellip;]","twitter_image":"http:\/\/www.leblogmoto.com\/images\/2008\/03\/25\/joshhillracing01.jpeg","twitter_misc":{"\u00c9crit par":"albin le guyader","Dur\u00e9e de lecture estim\u00e9e":"1 minute"},"schema":{"@context":"https:\/\/schema.org","@graph":[{"@type":"WebPage","@id":"https:\/\/blogs.thesocialmedia.com\/leblogmoto\/2008\/03\/25\/la-camra-emba-1\/","url":"https:\/\/blogs.thesocialmedia.com\/leblogmoto\/2008\/03\/25\/la-camra-emba-1\/","name":"Finale Supercross de Minneapolis en cam\u00e9ra embarqu\u00e9e - leblogmoto.com","isPartOf":{"@id":"https:\/\/blogs.thesocialmedia.com\/leblogmoto\/#website"},"primaryImageOfPage":{"@id":"https:\/\/blogs.thesocialmedia.com\/leblogmoto\/2008\/03\/25\/la-camra-emba-1\/#primaryimage"},"image":{"@id":"https:\/\/blogs.thesocialmedia.com\/leblogmoto\/2008\/03\/25\/la-camra-emba-1\/#primaryimage"},"thumbnailUrl":"http:\/\/www.leblogmoto.com\/images\/2008\/03\/25\/joshhillracing01.jpeg","datePublished":"2008-03-25T23:45:41+00:00","dateModified":"2012-07-11T15:31:24+00:00","author":{"@id":"https:\/\/blogs.thesocialmedia.com\/leblogmoto\/#\/schema\/person\/b496d27c898c29a39678e2425cafb9ae"},"breadcrumb":{"@id":"https:\/\/blogs.thesocialmedia.com\/leblogmoto\/2008\/03\/25\/la-camra-emba-1\/#breadcrumb"},"inLanguage":"fr-FR","potentialAction":[{"@type":"ReadAction","target":["https:\/\/blogs.thesocialmedia.com\/leblogmoto\/2008\/03\/25\/la-camra-emba-1\/"]}]},{"@type":"ImageObject","inLanguage":"fr-FR","@id":"https:\/\/blogs.thesocialmedia.com\/leblogmoto\/2008\/03\/25\/la-camra-emba-1\/#primaryimage","url":"http:\/\/www.leblogmoto.com\/images\/2008\/03\/25\/joshhillracing01.jpeg","contentUrl":"http:\/\/www.leblogmoto.com\/images\/2008\/03\/25\/joshhillracing01.jpeg"},{"@type":"BreadcrumbList","@id":"https:\/\/blogs.thesocialmedia.com\/leblogmoto\/2008\/03\/25\/la-camra-emba-1\/#breadcrumb","itemListElement":[{"@type":"ListItem","position":1,"name":"Accueil","item":"https:\/\/blogs.thesocialmedia.com\/leblogmoto\/"},{"@type":"ListItem","position":2,"name":"Finale Supercross de Minneapolis en cam\u00e9ra embarqu\u00e9e"}]},{"@type":"WebSite","@id":"https:\/\/blogs.thesocialmedia.com\/leblogmoto\/#website","url":"https:\/\/blogs.thesocialmedia.com\/leblogmoto\/","name":"leblogmoto","description":"Toute l&#039;actualit\u00e9 des 2 roues","potentialAction":[{"@type":"SearchAction","target":{"@type":"EntryPoint","urlTemplate":"https:\/\/blogs.thesocialmedia.com\/leblogmoto\/?s={search_term_string}"},"query-input":{"@type":"PropertyValueSpecification","valueRequired":true,"valueName":"search_term_string"}}],"inLanguage":"fr-FR"},{"@type":"Person","@id":"https:\/\/blogs.thesocialmedia.com\/leblogmoto\/#\/schema\/person\/b496d27c898c29a39678e2425cafb9ae","name":"albin le guyader","image":{"@type":"ImageObject","inLanguage":"fr-FR","@id":"https:\/\/blogs.thesocialmedia.com\/leblogmoto\/#\/schema\/person\/image\/","url":"https:\/\/secure.gravatar.com\/avatar\/?s=96&d=mm&r=g","contentUrl":"https:\/\/secure.gravatar.com\/avatar\/?s=96&d=mm&r=g","caption":"albin le guyader"},"url":"https:\/\/blogs.thesocialmedia.com\/leblogmoto\/author\/albin-le-guyader\/"}]}},"_links":{"self":[{"href":"https:\/\/blogs.thesocialmedia.com\/leblogmoto\/wp-json\/wp\/v2\/posts\/820","targetHints":{"allow":["GET"]}}],"collection":[{"href":"https:\/\/blogs.thesocialmedia.com\/leblogmoto\/wp-json\/wp\/v2\/posts"}],"about":[{"href":"https:\/\/blogs.thesocialmedia.com\/leblogmoto\/wp-json\/wp\/v2\/types\/post"}],"author":[{"embeddable":true,"href":"https:\/\/blogs.thesocialmedia.com\/leblogmoto\/wp-json\/wp\/v2\/users\/323"}],"replies":[{"embeddable":true,"href":"https:\/\/blogs.thesocialmedia.com\/leblogmoto\/wp-json\/wp\/v2\/comments?post=820"}],"version-history":[{"count":2,"href":"https:\/\/blogs.thesocialmedia.com\/leblogmoto\/wp-json\/wp\/v2\/posts\/820\/revisions"}],"predecessor-version":[{"id":10257,"href":"https:\/\/blogs.thesocialmedia.com\/leblogmoto\/wp-json\/wp\/v2\/posts\/820\/revisions\/10257"}],"wp:attachment":[{"href":"https:\/\/blogs.thesocialmedia.com\/leblogmoto\/wp-json\/wp\/v2\/media?parent=820"}],"wp:term":[{"taxonomy":"category","embeddable":true,"href":"https:\/\/blogs.thesocialmedia.com\/leblogmoto\/wp-json\/wp\/v2\/categories?post=820"},{"taxonomy":"post_tag","embeddable":true,"href":"https:\/\/blogs.thesocialmedia.com\/leblogmoto\/wp-json\/wp\/v2\/tags?post=820"}],"curies":[{"name":"wp","href":"https:\/\/api.w.org\/{rel}","templated":true}]}}