{"id":822,"date":"2008-03-23T18:01:12","date_gmt":"2008-03-23T18:01:12","guid":{"rendered":"http:\/\/blogs.thesocialmedia.com\/leblogmoto\/2008\/03\/23\/technique-de-vo\/"},"modified":"2012-07-11T13:22:37","modified_gmt":"2012-07-11T13:22:37","slug":"technique-de-vo","status":"publish","type":"post","link":"https:\/\/blogs.thesocialmedia.com\/leblogmoto\/2008\/03\/23\/technique-de-vo\/","title":{"rendered":"Technique de vol de moto \u00e0 la porti\u00e8re coulissante."},"content":{"rendered":"<p><embed id=\"VideoPlayback\" src=\"http:\/\/video.google.com\/googleplayer.swf?docId=8482629018824801271&amp;hl=fr\" type=\"application\/x-shockwave-flash\"><\/embed> <\/p>\n<p>Une cam\u00e9ra de surveillance, \u00e0 Brooklyn, New York, il y a quelques mois. Un v\u00e9hicule de type monospace se range pr\u00e8s de la moto convoit\u00e9e, avec peut-\u00eatre un guetteur tout proche. La suite se d\u00e9roule sous nos yeux effar\u00e9s, et l&rsquo;on pense que c&rsquo;est rageant cette facilit\u00e9 dans le vol, que cette b\u00e9cane \u00e7a aurait tr\u00e8s bien pu \u00eatre la n\u00f4tre. Et ce n&rsquo;est certainement pas un antivol en U, un bloc disc ou une cl\u00e9 cod\u00e9e qui aurait pu l&#8217;emp\u00eacher. A moins de l&rsquo;avoir bien arrim\u00e9e \u00e0 un point fixe, et encore&#8230; <\/p>\n<p><em>source: Blog <\/em><a href=\"http:\/\/www.doubitchou.com\/la-demonstration-de-ce-qui-mest-arrive.html\"><em>Doubitchou<\/em><\/a><em> (attention, site optimis\u00e9 pour Firefox).<\/em><\/p>\n","protected":false},"excerpt":{"rendered":"<p>Une cam\u00e9ra de surveillance, \u00e0 Brooklyn, New York, il y a quelques mois. Un v\u00e9hicule de type monospace se range pr\u00e8s de la moto convoit\u00e9e, avec peut-\u00eatre un guetteur tout proche. La suite se d\u00e9roule sous nos yeux effar\u00e9s, et l&rsquo;on pense que c&rsquo;est rageant cette facilit\u00e9 dans le vol, que cette b\u00e9cane \u00e7a aurait [&hellip;]<\/p>\n","protected":false},"author":324,"featured_media":0,"comment_status":"open","ping_status":"open","sticky":false,"template":"","format":"standard","meta":{"footnotes":""},"categories":[3,17,27,12],"tags":[],"class_list":["post-822","post","type-post","status-publish","format-standard","hentry","category-actualite","category-divers","category-securite","category-videos"],"yoast_head":"<!-- This site is optimized with the Yoast SEO plugin v26.0 - https:\/\/yoast.com\/wordpress\/plugins\/seo\/ -->\n<title>Technique de vol de moto \u00e0 la porti\u00e8re coulissante. - leblogmoto.com<\/title>\n<meta name=\"robots\" content=\"index, follow, max-snippet:-1, max-image-preview:large, max-video-preview:-1\" \/>\n<link rel=\"canonical\" href=\"https:\/\/blogs.thesocialmedia.com\/leblogmoto\/2008\/03\/23\/technique-de-vo\/\" \/>\n<meta name=\"twitter:card\" content=\"summary_large_image\" \/>\n<meta name=\"twitter:title\" content=\"Technique de vol de moto \u00e0 la porti\u00e8re coulissante. - leblogmoto.com\" \/>\n<meta name=\"twitter:description\" content=\"Une cam\u00e9ra de surveillance, \u00e0 Brooklyn, New York, il y a quelques mois. Un v\u00e9hicule de type monospace se range pr\u00e8s de la moto convoit\u00e9e, avec peut-\u00eatre un guetteur tout proche. La suite se d\u00e9roule sous nos yeux effar\u00e9s, et l&rsquo;on pense que c&rsquo;est rageant cette facilit\u00e9 dans le vol, que cette b\u00e9cane \u00e7a aurait [&hellip;]\" \/>\n<meta name=\"twitter:label1\" content=\"\u00c9crit par\" \/>\n\t<meta name=\"twitter:data1\" content=\"benoit rieu\" \/>\n\t<meta name=\"twitter:label2\" content=\"Dur\u00e9e de lecture estim\u00e9e\" \/>\n\t<meta name=\"twitter:data2\" content=\"1 minute\" \/>\n<script type=\"application\/ld+json\" class=\"yoast-schema-graph\">{\"@context\":\"https:\/\/schema.org\",\"@graph\":[{\"@type\":\"WebPage\",\"@id\":\"https:\/\/blogs.thesocialmedia.com\/leblogmoto\/2008\/03\/23\/technique-de-vo\/\",\"url\":\"https:\/\/blogs.thesocialmedia.com\/leblogmoto\/2008\/03\/23\/technique-de-vo\/\",\"name\":\"Technique de vol de moto \u00e0 la porti\u00e8re coulissante. - leblogmoto.com\",\"isPartOf\":{\"@id\":\"https:\/\/blogs.thesocialmedia.com\/leblogmoto\/#website\"},\"datePublished\":\"2008-03-23T18:01:12+00:00\",\"dateModified\":\"2012-07-11T13:22:37+00:00\",\"author\":{\"@id\":\"https:\/\/blogs.thesocialmedia.com\/leblogmoto\/#\/schema\/person\/18bfe773e5725ed6d24f743da805362a\"},\"breadcrumb\":{\"@id\":\"https:\/\/blogs.thesocialmedia.com\/leblogmoto\/2008\/03\/23\/technique-de-vo\/#breadcrumb\"},\"inLanguage\":\"fr-FR\",\"potentialAction\":[{\"@type\":\"ReadAction\",\"target\":[\"https:\/\/blogs.thesocialmedia.com\/leblogmoto\/2008\/03\/23\/technique-de-vo\/\"]}]},{\"@type\":\"BreadcrumbList\",\"@id\":\"https:\/\/blogs.thesocialmedia.com\/leblogmoto\/2008\/03\/23\/technique-de-vo\/#breadcrumb\",\"itemListElement\":[{\"@type\":\"ListItem\",\"position\":1,\"name\":\"Accueil\",\"item\":\"https:\/\/blogs.thesocialmedia.com\/leblogmoto\/\"},{\"@type\":\"ListItem\",\"position\":2,\"name\":\"Technique de vol de moto \u00e0 la porti\u00e8re coulissante.\"}]},{\"@type\":\"WebSite\",\"@id\":\"https:\/\/blogs.thesocialmedia.com\/leblogmoto\/#website\",\"url\":\"https:\/\/blogs.thesocialmedia.com\/leblogmoto\/\",\"name\":\"leblogmoto\",\"description\":\"Toute l&#039;actualit\u00e9 des 2 roues\",\"potentialAction\":[{\"@type\":\"SearchAction\",\"target\":{\"@type\":\"EntryPoint\",\"urlTemplate\":\"https:\/\/blogs.thesocialmedia.com\/leblogmoto\/?s={search_term_string}\"},\"query-input\":{\"@type\":\"PropertyValueSpecification\",\"valueRequired\":true,\"valueName\":\"search_term_string\"}}],\"inLanguage\":\"fr-FR\"},{\"@type\":\"Person\",\"@id\":\"https:\/\/blogs.thesocialmedia.com\/leblogmoto\/#\/schema\/person\/18bfe773e5725ed6d24f743da805362a\",\"name\":\"benoit rieu\",\"image\":{\"@type\":\"ImageObject\",\"inLanguage\":\"fr-FR\",\"@id\":\"https:\/\/blogs.thesocialmedia.com\/leblogmoto\/#\/schema\/person\/image\/\",\"url\":\"https:\/\/secure.gravatar.com\/avatar\/?s=96&d=mm&r=g\",\"contentUrl\":\"https:\/\/secure.gravatar.com\/avatar\/?s=96&d=mm&r=g\",\"caption\":\"benoit rieu\"},\"url\":\"https:\/\/blogs.thesocialmedia.com\/leblogmoto\/author\/benoit-rieu\/\"}]}<\/script>\n<!-- \/ Yoast SEO plugin. -->","yoast_head_json":{"title":"Technique de vol de moto \u00e0 la porti\u00e8re coulissante. - leblogmoto.com","robots":{"index":"index","follow":"follow","max-snippet":"max-snippet:-1","max-image-preview":"max-image-preview:large","max-video-preview":"max-video-preview:-1"},"canonical":"https:\/\/blogs.thesocialmedia.com\/leblogmoto\/2008\/03\/23\/technique-de-vo\/","twitter_card":"summary_large_image","twitter_title":"Technique de vol de moto \u00e0 la porti\u00e8re coulissante. - leblogmoto.com","twitter_description":"Une cam\u00e9ra de surveillance, \u00e0 Brooklyn, New York, il y a quelques mois. Un v\u00e9hicule de type monospace se range pr\u00e8s de la moto convoit\u00e9e, avec peut-\u00eatre un guetteur tout proche. La suite se d\u00e9roule sous nos yeux effar\u00e9s, et l&rsquo;on pense que c&rsquo;est rageant cette facilit\u00e9 dans le vol, que cette b\u00e9cane \u00e7a aurait [&hellip;]","twitter_misc":{"\u00c9crit par":"benoit rieu","Dur\u00e9e de lecture estim\u00e9e":"1 minute"},"schema":{"@context":"https:\/\/schema.org","@graph":[{"@type":"WebPage","@id":"https:\/\/blogs.thesocialmedia.com\/leblogmoto\/2008\/03\/23\/technique-de-vo\/","url":"https:\/\/blogs.thesocialmedia.com\/leblogmoto\/2008\/03\/23\/technique-de-vo\/","name":"Technique de vol de moto \u00e0 la porti\u00e8re coulissante. - leblogmoto.com","isPartOf":{"@id":"https:\/\/blogs.thesocialmedia.com\/leblogmoto\/#website"},"datePublished":"2008-03-23T18:01:12+00:00","dateModified":"2012-07-11T13:22:37+00:00","author":{"@id":"https:\/\/blogs.thesocialmedia.com\/leblogmoto\/#\/schema\/person\/18bfe773e5725ed6d24f743da805362a"},"breadcrumb":{"@id":"https:\/\/blogs.thesocialmedia.com\/leblogmoto\/2008\/03\/23\/technique-de-vo\/#breadcrumb"},"inLanguage":"fr-FR","potentialAction":[{"@type":"ReadAction","target":["https:\/\/blogs.thesocialmedia.com\/leblogmoto\/2008\/03\/23\/technique-de-vo\/"]}]},{"@type":"BreadcrumbList","@id":"https:\/\/blogs.thesocialmedia.com\/leblogmoto\/2008\/03\/23\/technique-de-vo\/#breadcrumb","itemListElement":[{"@type":"ListItem","position":1,"name":"Accueil","item":"https:\/\/blogs.thesocialmedia.com\/leblogmoto\/"},{"@type":"ListItem","position":2,"name":"Technique de vol de moto \u00e0 la porti\u00e8re coulissante."}]},{"@type":"WebSite","@id":"https:\/\/blogs.thesocialmedia.com\/leblogmoto\/#website","url":"https:\/\/blogs.thesocialmedia.com\/leblogmoto\/","name":"leblogmoto","description":"Toute l&#039;actualit\u00e9 des 2 roues","potentialAction":[{"@type":"SearchAction","target":{"@type":"EntryPoint","urlTemplate":"https:\/\/blogs.thesocialmedia.com\/leblogmoto\/?s={search_term_string}"},"query-input":{"@type":"PropertyValueSpecification","valueRequired":true,"valueName":"search_term_string"}}],"inLanguage":"fr-FR"},{"@type":"Person","@id":"https:\/\/blogs.thesocialmedia.com\/leblogmoto\/#\/schema\/person\/18bfe773e5725ed6d24f743da805362a","name":"benoit rieu","image":{"@type":"ImageObject","inLanguage":"fr-FR","@id":"https:\/\/blogs.thesocialmedia.com\/leblogmoto\/#\/schema\/person\/image\/","url":"https:\/\/secure.gravatar.com\/avatar\/?s=96&d=mm&r=g","contentUrl":"https:\/\/secure.gravatar.com\/avatar\/?s=96&d=mm&r=g","caption":"benoit rieu"},"url":"https:\/\/blogs.thesocialmedia.com\/leblogmoto\/author\/benoit-rieu\/"}]}},"_links":{"self":[{"href":"https:\/\/blogs.thesocialmedia.com\/leblogmoto\/wp-json\/wp\/v2\/posts\/822","targetHints":{"allow":["GET"]}}],"collection":[{"href":"https:\/\/blogs.thesocialmedia.com\/leblogmoto\/wp-json\/wp\/v2\/posts"}],"about":[{"href":"https:\/\/blogs.thesocialmedia.com\/leblogmoto\/wp-json\/wp\/v2\/types\/post"}],"author":[{"embeddable":true,"href":"https:\/\/blogs.thesocialmedia.com\/leblogmoto\/wp-json\/wp\/v2\/users\/324"}],"replies":[{"embeddable":true,"href":"https:\/\/blogs.thesocialmedia.com\/leblogmoto\/wp-json\/wp\/v2\/comments?post=822"}],"version-history":[{"count":1,"href":"https:\/\/blogs.thesocialmedia.com\/leblogmoto\/wp-json\/wp\/v2\/posts\/822\/revisions"}],"predecessor-version":[{"id":4398,"href":"https:\/\/blogs.thesocialmedia.com\/leblogmoto\/wp-json\/wp\/v2\/posts\/822\/revisions\/4398"}],"wp:attachment":[{"href":"https:\/\/blogs.thesocialmedia.com\/leblogmoto\/wp-json\/wp\/v2\/media?parent=822"}],"wp:term":[{"taxonomy":"category","embeddable":true,"href":"https:\/\/blogs.thesocialmedia.com\/leblogmoto\/wp-json\/wp\/v2\/categories?post=822"},{"taxonomy":"post_tag","embeddable":true,"href":"https:\/\/blogs.thesocialmedia.com\/leblogmoto\/wp-json\/wp\/v2\/tags?post=822"}],"curies":[{"name":"wp","href":"https:\/\/api.w.org\/{rel}","templated":true}]}}