{"id":823,"date":"2008-03-23T17:22:26","date_gmt":"2008-03-23T17:22:26","guid":{"rendered":"http:\/\/blogs.thesocialmedia.com\/leblogmoto\/2008\/03\/23\/la-bestial-est\/"},"modified":"2012-07-11T15:31:13","modified_gmt":"2012-07-11T15:31:13","slug":"la-bestial-est","status":"publish","type":"post","link":"https:\/\/blogs.thesocialmedia.com\/leblogmoto\/2008\/03\/23\/la-bestial-est\/","title":{"rendered":"La Bestiale redessin\u00e9e est au Monaco Motor Show."},"content":{"rendered":"<p><a href=\"http:\/\/blogs.thesocialmedia.com\/leblogmoto\/files\/2012\/07\/moto_streetfighter_roadster_naked_b.jpg\"><img loading=\"lazy\" decoding=\"async\" height=\"263\" alt=\"Moto_streetfighter_roadster_naked_b\" src=\"http:\/\/www.leblogmoto.com\/images\/2008\/03\/21\/moto_streetfighter_roadster_naked_b.jpg\" width=\"470\"  \/><\/a><\/p>\n<p>Un esprit <em>streetfighter<\/em> flotte dans l&rsquo;air, esprit frappeur pr\u00eat \u00e0 en d\u00e9coudre avec ses congen\u00e8res, ces superbikes d\u00e9barrass\u00e9es de leur car\u00e9nage et customis\u00e9es pour rendre leur apparence encore plus agressive. Avant le <a href=\"http:\/\/blogs.thesocialmedia.com\/leblogmoto\/files\/2012\/07\/bfo-motorcycles.html_.png\">Hayabusa project<\/a> de BFO design, un autre kit sur base Brutale de MV Agusta \u00e9tait apparu, Jacques vous avez pr\u00e9sent\u00e9 <a href=\"http:\/\/www.leblogmoto.com\/2007\/12\/mv-agusta-besti.html\">l&rsquo;original<\/a> du Salon de Paris. Voici son aboutissement. Malheureusement ce sont les seules photos actuellement dispo, mais cela suffit pour remarquer les modifications de style, notamment au niveau de la t\u00eate de fourche. <\/p>\n<p>Selon le site <a href=\"http:\/\/www.motoplanete.com\/\">motoplanete<\/a>, le designer Yacouba Galle et le modeleur maquettiste Laurent Dupas ont \u00e9t\u00e9 re\u00e7u \u00e0 l&rsquo;usine MV Agusta de Var\u00e8se pour \u00e9tudier la possibilit\u00e9 d&rsquo;int\u00e9grer ce mod\u00e8le \u00e0 leur catalogue. Eventualit\u00e9 finalement repouss\u00e9e par ces deux cr\u00e9atifs, l&rsquo;int\u00e9gration de ce mod\u00e8le \u00e0 la gamme de la marque de Verghera aurait pris deux ans, alors que leur projet \u00e9tait d\u00e9j\u00e0 finalis\u00e9 et pr\u00eat \u00e0 la vente.<\/p>\n<p>A ce sujet toujours selon le m\u00eame site, une s\u00e9rie limit\u00e9e de 50 exemplaires sera propos\u00e9e en version blanc perle et monoselle, pour 5500 \u20ac. Ses g\u00e9niteurs sont actuellement pr\u00e9sents au <a href=\"http:\/\/www.monaco-motor-show.com\/\">Monaco Motor Show<\/a> depuis vendredi et jusqu&rsquo;\u00e0 demain encore<em>.<\/em><\/p>\n<p>Pour comparaison, voicie la Bestiale pr\u00e9sent\u00e9e au Salon de Paris, toujours pos\u00e9e sur sa b\u00e9quille d&rsquo;atelier rouge:<\/p>\n<p><a href=\"http:\/\/clabedan.typepad.com\/.shared\/image.html?\/photos\/uncategorized\/2008\/03\/23\/008.jpg\"><img loading=\"lazy\" decoding=\"async\" height=\"312\" alt=\"008\" src=\"http:\/\/www.leblogmoto.com\/images\/2008\/03\/23\/008.jpg\" width=\"470\"  \/><\/a> <\/p>\n","protected":false},"excerpt":{"rendered":"<p>Un esprit streetfighter flotte dans l&rsquo;air, esprit frappeur pr\u00eat \u00e0 en d\u00e9coudre avec ses congen\u00e8res, ces superbikes d\u00e9barrass\u00e9es de leur car\u00e9nage et customis\u00e9es pour rendre leur apparence encore plus agressive. Avant le Hayabusa project de BFO design, un autre kit sur base Brutale de MV Agusta \u00e9tait apparu, Jacques vous avez pr\u00e9sent\u00e9 l&rsquo;original du Salon [&hellip;]<\/p>\n","protected":false},"author":324,"featured_media":0,"comment_status":"open","ping_status":"open","sticky":false,"template":"","format":"standard","meta":{"footnotes":""},"categories":[49,38,50,36,46],"tags":[],"class_list":["post-823","post","type-post","status-publish","format-standard","hentry","category-actualites-entreprise","category-atelier","category-mv-agusta","category-salons","category-superbike"],"yoast_head":"<!-- This site is optimized with the Yoast SEO plugin v26.0 - https:\/\/yoast.com\/wordpress\/plugins\/seo\/ -->\n<title>La Bestiale redessin\u00e9e est au Monaco Motor Show. - leblogmoto.com<\/title>\n<meta name=\"robots\" content=\"index, follow, max-snippet:-1, max-image-preview:large, max-video-preview:-1\" \/>\n<link rel=\"canonical\" href=\"https:\/\/blogs.thesocialmedia.com\/leblogmoto\/2008\/03\/23\/la-bestial-est\/\" \/>\n<meta name=\"twitter:card\" content=\"summary_large_image\" \/>\n<meta name=\"twitter:title\" content=\"La Bestiale redessin\u00e9e est au Monaco Motor Show. - leblogmoto.com\" \/>\n<meta name=\"twitter:description\" content=\"Un esprit streetfighter flotte dans l&rsquo;air, esprit frappeur pr\u00eat \u00e0 en d\u00e9coudre avec ses congen\u00e8res, ces superbikes d\u00e9barrass\u00e9es de leur car\u00e9nage et customis\u00e9es pour rendre leur apparence encore plus agressive. Avant le Hayabusa project de BFO design, un autre kit sur base Brutale de MV Agusta \u00e9tait apparu, Jacques vous avez pr\u00e9sent\u00e9 l&rsquo;original du Salon [&hellip;]\" \/>\n<meta name=\"twitter:image\" content=\"http:\/\/www.leblogmoto.com\/images\/2008\/03\/21\/moto_streetfighter_roadster_naked_b.jpg\" \/>\n<meta name=\"twitter:label1\" content=\"\u00c9crit par\" \/>\n\t<meta name=\"twitter:data1\" content=\"benoit rieu\" \/>\n\t<meta name=\"twitter:label2\" content=\"Dur\u00e9e de lecture estim\u00e9e\" \/>\n\t<meta name=\"twitter:data2\" content=\"1 minute\" \/>\n<script type=\"application\/ld+json\" class=\"yoast-schema-graph\">{\"@context\":\"https:\/\/schema.org\",\"@graph\":[{\"@type\":\"WebPage\",\"@id\":\"https:\/\/blogs.thesocialmedia.com\/leblogmoto\/2008\/03\/23\/la-bestial-est\/\",\"url\":\"https:\/\/blogs.thesocialmedia.com\/leblogmoto\/2008\/03\/23\/la-bestial-est\/\",\"name\":\"La Bestiale redessin\u00e9e est au Monaco Motor Show. - leblogmoto.com\",\"isPartOf\":{\"@id\":\"https:\/\/blogs.thesocialmedia.com\/leblogmoto\/#website\"},\"primaryImageOfPage\":{\"@id\":\"https:\/\/blogs.thesocialmedia.com\/leblogmoto\/2008\/03\/23\/la-bestial-est\/#primaryimage\"},\"image\":{\"@id\":\"https:\/\/blogs.thesocialmedia.com\/leblogmoto\/2008\/03\/23\/la-bestial-est\/#primaryimage\"},\"thumbnailUrl\":\"http:\/\/www.leblogmoto.com\/images\/2008\/03\/21\/moto_streetfighter_roadster_naked_b.jpg\",\"datePublished\":\"2008-03-23T17:22:26+00:00\",\"dateModified\":\"2012-07-11T15:31:13+00:00\",\"author\":{\"@id\":\"https:\/\/blogs.thesocialmedia.com\/leblogmoto\/#\/schema\/person\/18bfe773e5725ed6d24f743da805362a\"},\"breadcrumb\":{\"@id\":\"https:\/\/blogs.thesocialmedia.com\/leblogmoto\/2008\/03\/23\/la-bestial-est\/#breadcrumb\"},\"inLanguage\":\"fr-FR\",\"potentialAction\":[{\"@type\":\"ReadAction\",\"target\":[\"https:\/\/blogs.thesocialmedia.com\/leblogmoto\/2008\/03\/23\/la-bestial-est\/\"]}]},{\"@type\":\"ImageObject\",\"inLanguage\":\"fr-FR\",\"@id\":\"https:\/\/blogs.thesocialmedia.com\/leblogmoto\/2008\/03\/23\/la-bestial-est\/#primaryimage\",\"url\":\"http:\/\/www.leblogmoto.com\/images\/2008\/03\/21\/moto_streetfighter_roadster_naked_b.jpg\",\"contentUrl\":\"http:\/\/www.leblogmoto.com\/images\/2008\/03\/21\/moto_streetfighter_roadster_naked_b.jpg\"},{\"@type\":\"BreadcrumbList\",\"@id\":\"https:\/\/blogs.thesocialmedia.com\/leblogmoto\/2008\/03\/23\/la-bestial-est\/#breadcrumb\",\"itemListElement\":[{\"@type\":\"ListItem\",\"position\":1,\"name\":\"Accueil\",\"item\":\"https:\/\/blogs.thesocialmedia.com\/leblogmoto\/\"},{\"@type\":\"ListItem\",\"position\":2,\"name\":\"La Bestiale redessin\u00e9e est au Monaco Motor Show.\"}]},{\"@type\":\"WebSite\",\"@id\":\"https:\/\/blogs.thesocialmedia.com\/leblogmoto\/#website\",\"url\":\"https:\/\/blogs.thesocialmedia.com\/leblogmoto\/\",\"name\":\"leblogmoto\",\"description\":\"Toute l&#039;actualit\u00e9 des 2 roues\",\"potentialAction\":[{\"@type\":\"SearchAction\",\"target\":{\"@type\":\"EntryPoint\",\"urlTemplate\":\"https:\/\/blogs.thesocialmedia.com\/leblogmoto\/?s={search_term_string}\"},\"query-input\":{\"@type\":\"PropertyValueSpecification\",\"valueRequired\":true,\"valueName\":\"search_term_string\"}}],\"inLanguage\":\"fr-FR\"},{\"@type\":\"Person\",\"@id\":\"https:\/\/blogs.thesocialmedia.com\/leblogmoto\/#\/schema\/person\/18bfe773e5725ed6d24f743da805362a\",\"name\":\"benoit rieu\",\"image\":{\"@type\":\"ImageObject\",\"inLanguage\":\"fr-FR\",\"@id\":\"https:\/\/blogs.thesocialmedia.com\/leblogmoto\/#\/schema\/person\/image\/\",\"url\":\"https:\/\/secure.gravatar.com\/avatar\/?s=96&d=mm&r=g\",\"contentUrl\":\"https:\/\/secure.gravatar.com\/avatar\/?s=96&d=mm&r=g\",\"caption\":\"benoit rieu\"},\"url\":\"https:\/\/blogs.thesocialmedia.com\/leblogmoto\/author\/benoit-rieu\/\"}]}<\/script>\n<!-- \/ Yoast SEO plugin. -->","yoast_head_json":{"title":"La Bestiale redessin\u00e9e est au Monaco Motor Show. - leblogmoto.com","robots":{"index":"index","follow":"follow","max-snippet":"max-snippet:-1","max-image-preview":"max-image-preview:large","max-video-preview":"max-video-preview:-1"},"canonical":"https:\/\/blogs.thesocialmedia.com\/leblogmoto\/2008\/03\/23\/la-bestial-est\/","twitter_card":"summary_large_image","twitter_title":"La Bestiale redessin\u00e9e est au Monaco Motor Show. - leblogmoto.com","twitter_description":"Un esprit streetfighter flotte dans l&rsquo;air, esprit frappeur pr\u00eat \u00e0 en d\u00e9coudre avec ses congen\u00e8res, ces superbikes d\u00e9barrass\u00e9es de leur car\u00e9nage et customis\u00e9es pour rendre leur apparence encore plus agressive. Avant le Hayabusa project de BFO design, un autre kit sur base Brutale de MV Agusta \u00e9tait apparu, Jacques vous avez pr\u00e9sent\u00e9 l&rsquo;original du Salon [&hellip;]","twitter_image":"http:\/\/www.leblogmoto.com\/images\/2008\/03\/21\/moto_streetfighter_roadster_naked_b.jpg","twitter_misc":{"\u00c9crit par":"benoit rieu","Dur\u00e9e de lecture estim\u00e9e":"1 minute"},"schema":{"@context":"https:\/\/schema.org","@graph":[{"@type":"WebPage","@id":"https:\/\/blogs.thesocialmedia.com\/leblogmoto\/2008\/03\/23\/la-bestial-est\/","url":"https:\/\/blogs.thesocialmedia.com\/leblogmoto\/2008\/03\/23\/la-bestial-est\/","name":"La Bestiale redessin\u00e9e est au Monaco Motor Show. - leblogmoto.com","isPartOf":{"@id":"https:\/\/blogs.thesocialmedia.com\/leblogmoto\/#website"},"primaryImageOfPage":{"@id":"https:\/\/blogs.thesocialmedia.com\/leblogmoto\/2008\/03\/23\/la-bestial-est\/#primaryimage"},"image":{"@id":"https:\/\/blogs.thesocialmedia.com\/leblogmoto\/2008\/03\/23\/la-bestial-est\/#primaryimage"},"thumbnailUrl":"http:\/\/www.leblogmoto.com\/images\/2008\/03\/21\/moto_streetfighter_roadster_naked_b.jpg","datePublished":"2008-03-23T17:22:26+00:00","dateModified":"2012-07-11T15:31:13+00:00","author":{"@id":"https:\/\/blogs.thesocialmedia.com\/leblogmoto\/#\/schema\/person\/18bfe773e5725ed6d24f743da805362a"},"breadcrumb":{"@id":"https:\/\/blogs.thesocialmedia.com\/leblogmoto\/2008\/03\/23\/la-bestial-est\/#breadcrumb"},"inLanguage":"fr-FR","potentialAction":[{"@type":"ReadAction","target":["https:\/\/blogs.thesocialmedia.com\/leblogmoto\/2008\/03\/23\/la-bestial-est\/"]}]},{"@type":"ImageObject","inLanguage":"fr-FR","@id":"https:\/\/blogs.thesocialmedia.com\/leblogmoto\/2008\/03\/23\/la-bestial-est\/#primaryimage","url":"http:\/\/www.leblogmoto.com\/images\/2008\/03\/21\/moto_streetfighter_roadster_naked_b.jpg","contentUrl":"http:\/\/www.leblogmoto.com\/images\/2008\/03\/21\/moto_streetfighter_roadster_naked_b.jpg"},{"@type":"BreadcrumbList","@id":"https:\/\/blogs.thesocialmedia.com\/leblogmoto\/2008\/03\/23\/la-bestial-est\/#breadcrumb","itemListElement":[{"@type":"ListItem","position":1,"name":"Accueil","item":"https:\/\/blogs.thesocialmedia.com\/leblogmoto\/"},{"@type":"ListItem","position":2,"name":"La Bestiale redessin\u00e9e est au Monaco Motor Show."}]},{"@type":"WebSite","@id":"https:\/\/blogs.thesocialmedia.com\/leblogmoto\/#website","url":"https:\/\/blogs.thesocialmedia.com\/leblogmoto\/","name":"leblogmoto","description":"Toute l&#039;actualit\u00e9 des 2 roues","potentialAction":[{"@type":"SearchAction","target":{"@type":"EntryPoint","urlTemplate":"https:\/\/blogs.thesocialmedia.com\/leblogmoto\/?s={search_term_string}"},"query-input":{"@type":"PropertyValueSpecification","valueRequired":true,"valueName":"search_term_string"}}],"inLanguage":"fr-FR"},{"@type":"Person","@id":"https:\/\/blogs.thesocialmedia.com\/leblogmoto\/#\/schema\/person\/18bfe773e5725ed6d24f743da805362a","name":"benoit rieu","image":{"@type":"ImageObject","inLanguage":"fr-FR","@id":"https:\/\/blogs.thesocialmedia.com\/leblogmoto\/#\/schema\/person\/image\/","url":"https:\/\/secure.gravatar.com\/avatar\/?s=96&d=mm&r=g","contentUrl":"https:\/\/secure.gravatar.com\/avatar\/?s=96&d=mm&r=g","caption":"benoit rieu"},"url":"https:\/\/blogs.thesocialmedia.com\/leblogmoto\/author\/benoit-rieu\/"}]}},"_links":{"self":[{"href":"https:\/\/blogs.thesocialmedia.com\/leblogmoto\/wp-json\/wp\/v2\/posts\/823","targetHints":{"allow":["GET"]}}],"collection":[{"href":"https:\/\/blogs.thesocialmedia.com\/leblogmoto\/wp-json\/wp\/v2\/posts"}],"about":[{"href":"https:\/\/blogs.thesocialmedia.com\/leblogmoto\/wp-json\/wp\/v2\/types\/post"}],"author":[{"embeddable":true,"href":"https:\/\/blogs.thesocialmedia.com\/leblogmoto\/wp-json\/wp\/v2\/users\/324"}],"replies":[{"embeddable":true,"href":"https:\/\/blogs.thesocialmedia.com\/leblogmoto\/wp-json\/wp\/v2\/comments?post=823"}],"version-history":[{"count":2,"href":"https:\/\/blogs.thesocialmedia.com\/leblogmoto\/wp-json\/wp\/v2\/posts\/823\/revisions"}],"predecessor-version":[{"id":10251,"href":"https:\/\/blogs.thesocialmedia.com\/leblogmoto\/wp-json\/wp\/v2\/posts\/823\/revisions\/10251"}],"wp:attachment":[{"href":"https:\/\/blogs.thesocialmedia.com\/leblogmoto\/wp-json\/wp\/v2\/media?parent=823"}],"wp:term":[{"taxonomy":"category","embeddable":true,"href":"https:\/\/blogs.thesocialmedia.com\/leblogmoto\/wp-json\/wp\/v2\/categories?post=823"},{"taxonomy":"post_tag","embeddable":true,"href":"https:\/\/blogs.thesocialmedia.com\/leblogmoto\/wp-json\/wp\/v2\/tags?post=823"}],"curies":[{"name":"wp","href":"https:\/\/api.w.org\/{rel}","templated":true}]}}