{"id":824,"date":"2008-03-21T18:11:00","date_gmt":"2008-03-21T18:11:00","guid":{"rendered":"http:\/\/blogs.thesocialmedia.com\/leblogmoto\/2008\/03\/21\/vale-et-son-pre\/"},"modified":"2012-07-11T13:22:36","modified_gmt":"2012-07-11T13:22:36","slug":"vale-et-son-pre","status":"publish","type":"post","link":"https:\/\/blogs.thesocialmedia.com\/leblogmoto\/2008\/03\/21\/vale-et-son-pre\/","title":{"rendered":"Vale et son p\u00e8re r\u00e9unis pour un spot Yamaha."},"content":{"rendered":"<p><embed src=\"http:\/\/www.youtube.com\/v\/aF2vZdaJTwk&amp;hl=en\" width=\"425\" height=\"355\" type=\"application\/x-shockwave-flash\"><\/embed><\/p>\n<p>Si cela continue, apr\u00e8s la nouvelle <a href=\"http:\/\/www.leblogmoto.com\/2008\/03\/le-cuir-de-la-s.html\">campagne Dainese<\/a>, il nous faudra s\u00e9rieusement envisager de demander \u00e0 Christophe Labedan, notre grand chef, de cr\u00e9er un nouveau <em>tag*<\/em> intitul\u00e9 <em>Valentino Rossi<\/em>. Ou plut\u00f4t Rossi tout court. Car ce nouveau spot publicitaire pour Yam et destin\u00e9 \u00e0 \u00eatre diffus\u00e9 en Asie, reste dans la famille. Profitons-en pour nous arr\u00eater rapidement sur la bio du papa Graziano, une fois n&rsquo;est pas coutume. Cela nous permettra au moins de v\u00e9rifier la justesse de l&rsquo;adage &quot;Bon chien chasse de race&quot;.<\/p>\n<p>N\u00e9 le 14 Mars 1954, il commence \u00e0 courir au niveau international 23 ans plus tard, en pilotant sur Suzuki en 500 cc. Mais c&rsquo;est la cylindr\u00e9e inf\u00e9rieure qui lui sourira le plus, il y affiche trois victoires sur Morbidelli toutes acquises en 1979, l&rsquo;ann\u00e9e de la naissance de son fils, un 16 f\u00e9vrier. Heureux pr\u00e9sage pour le rejeton et source de motivation pour son paternel. Son dernier grand prix il l&rsquo;a couru \u00e0 San Marin en 1982 en 500cc, encore.<\/p>\n<p>Dans la derni\u00e8re interview de Vale (conduite par Kevin Schwantz, rien que \u00e7a) que j&rsquo;ai eu entre les mains celui-ci faisait \u00e9tat de la passion actuelle de son p\u00e8re pour les comp\u00e9titions auto, nouvelle passion de Vale aussi avec le Rally. Extrait du Moto Journal de Novembre-D\u00e9cembre 2007, Hors S\u00e9rie sp\u00e9cial Gand Prix 2007, page 9, vous allez voir que c&rsquo;est tr\u00e8s direct et tr\u00e8s franc:<\/p>\n<p><strong>&quot;Kevin Schwantz: Et que devient ton p\u00e8re ?<\/strong><\/p>\n<p><strong>Valentino Rossi: Graziano est en super forme. Il fait des comp\u00e9titions de glisse avec des voitures tr\u00e8s puissantes &#8211; je crois que vous en avez aux USA &#8211; il s&rsquo;\u00e9clate. 400 chevaux et des d\u00e9rapages: son sport ! Ma m\u00e8re vient sur les GP. Elle me casse un peu les c.. \u00e0 me parler de ma fourche et de mes pneus. Je lui dis: &lsquo;Mais pourquoi tu regardes pas les courses \u00e0 la t\u00e9l\u00e9 comme avant ?&rsquo; &quot;<\/strong><\/p>\n<p>Pour terminer, n&rsquo;h\u00e9sitez pas \u00e0 aller sur le site MotoGP, vous y trouverez aussi le <em>making of<\/em> de cette publicit\u00e9.<\/p>\n<p><em>*un tag c&rsquo;est cette cat\u00e9gorie soulign\u00e9e, qui vous permet de retrouver rapidement votre constructeur pr\u00e9f\u00e9r\u00e9, votre \u00e9preuve sportive recherch\u00e9e, sur le Blog Moto, en cliquant dessus.<\/em><\/p>\n<p><em>**il a donc f\u00eat\u00e9 son 54\u00e8me anniversaire, il y a une semaine tout juste. Buon Compleanno Graziano !<\/em><\/p>\n<p><em>source: site <a href=\"http:\/\/www.motogp.com\/\">MotoGP.com<\/a> pour la pub, et <a href=\"http:\/\/www.moto-journal.fr\/\">Moto Journal<\/a> (\u00e9dition papier) pour le court extrait de l&rsquo;interview.<\/em><\/p>\n","protected":false},"excerpt":{"rendered":"<p>Si cela continue, apr\u00e8s la nouvelle campagne Dainese, il nous faudra s\u00e9rieusement envisager de demander \u00e0 Christophe Labedan, notre grand chef, de cr\u00e9er un nouveau tag* intitul\u00e9 Valentino Rossi. Ou plut\u00f4t Rossi tout court. Car ce nouveau spot publicitaire pour Yam et destin\u00e9 \u00e0 \u00eatre diffus\u00e9 en Asie, reste dans la famille. Profitons-en pour nous [&hellip;]<\/p>\n","protected":false},"author":324,"featured_media":0,"comment_status":"open","ping_status":"open","sticky":false,"template":"","format":"standard","meta":{"footnotes":""},"categories":[49,22,12,44],"tags":[],"class_list":["post-824","post","type-post","status-publish","format-standard","hentry","category-actualites-entreprise","category-motogp","category-videos","category-yamaha"],"yoast_head":"<!-- This site is optimized with the Yoast SEO plugin v26.0 - https:\/\/yoast.com\/wordpress\/plugins\/seo\/ -->\n<title>Vale et son p\u00e8re r\u00e9unis pour un spot Yamaha. - leblogmoto.com<\/title>\n<meta name=\"robots\" content=\"index, follow, max-snippet:-1, max-image-preview:large, max-video-preview:-1\" \/>\n<link rel=\"canonical\" href=\"https:\/\/blogs.thesocialmedia.com\/leblogmoto\/2008\/03\/21\/vale-et-son-pre\/\" \/>\n<meta name=\"twitter:card\" content=\"summary_large_image\" \/>\n<meta name=\"twitter:title\" content=\"Vale et son p\u00e8re r\u00e9unis pour un spot Yamaha. - leblogmoto.com\" \/>\n<meta name=\"twitter:description\" content=\"Si cela continue, apr\u00e8s la nouvelle campagne Dainese, il nous faudra s\u00e9rieusement envisager de demander \u00e0 Christophe Labedan, notre grand chef, de cr\u00e9er un nouveau tag* intitul\u00e9 Valentino Rossi. Ou plut\u00f4t Rossi tout court. Car ce nouveau spot publicitaire pour Yam et destin\u00e9 \u00e0 \u00eatre diffus\u00e9 en Asie, reste dans la famille. Profitons-en pour nous [&hellip;]\" \/>\n<meta name=\"twitter:label1\" content=\"\u00c9crit par\" \/>\n\t<meta name=\"twitter:data1\" content=\"benoit rieu\" \/>\n\t<meta name=\"twitter:label2\" content=\"Dur\u00e9e de lecture estim\u00e9e\" \/>\n\t<meta name=\"twitter:data2\" content=\"2 minutes\" \/>\n<script type=\"application\/ld+json\" class=\"yoast-schema-graph\">{\"@context\":\"https:\/\/schema.org\",\"@graph\":[{\"@type\":\"WebPage\",\"@id\":\"https:\/\/blogs.thesocialmedia.com\/leblogmoto\/2008\/03\/21\/vale-et-son-pre\/\",\"url\":\"https:\/\/blogs.thesocialmedia.com\/leblogmoto\/2008\/03\/21\/vale-et-son-pre\/\",\"name\":\"Vale et son p\u00e8re r\u00e9unis pour un spot Yamaha. - leblogmoto.com\",\"isPartOf\":{\"@id\":\"https:\/\/blogs.thesocialmedia.com\/leblogmoto\/#website\"},\"datePublished\":\"2008-03-21T18:11:00+00:00\",\"dateModified\":\"2012-07-11T13:22:36+00:00\",\"author\":{\"@id\":\"https:\/\/blogs.thesocialmedia.com\/leblogmoto\/#\/schema\/person\/18bfe773e5725ed6d24f743da805362a\"},\"breadcrumb\":{\"@id\":\"https:\/\/blogs.thesocialmedia.com\/leblogmoto\/2008\/03\/21\/vale-et-son-pre\/#breadcrumb\"},\"inLanguage\":\"fr-FR\",\"potentialAction\":[{\"@type\":\"ReadAction\",\"target\":[\"https:\/\/blogs.thesocialmedia.com\/leblogmoto\/2008\/03\/21\/vale-et-son-pre\/\"]}]},{\"@type\":\"BreadcrumbList\",\"@id\":\"https:\/\/blogs.thesocialmedia.com\/leblogmoto\/2008\/03\/21\/vale-et-son-pre\/#breadcrumb\",\"itemListElement\":[{\"@type\":\"ListItem\",\"position\":1,\"name\":\"Accueil\",\"item\":\"https:\/\/blogs.thesocialmedia.com\/leblogmoto\/\"},{\"@type\":\"ListItem\",\"position\":2,\"name\":\"Vale et son p\u00e8re r\u00e9unis pour un spot Yamaha.\"}]},{\"@type\":\"WebSite\",\"@id\":\"https:\/\/blogs.thesocialmedia.com\/leblogmoto\/#website\",\"url\":\"https:\/\/blogs.thesocialmedia.com\/leblogmoto\/\",\"name\":\"leblogmoto\",\"description\":\"Toute l&#039;actualit\u00e9 des 2 roues\",\"potentialAction\":[{\"@type\":\"SearchAction\",\"target\":{\"@type\":\"EntryPoint\",\"urlTemplate\":\"https:\/\/blogs.thesocialmedia.com\/leblogmoto\/?s={search_term_string}\"},\"query-input\":{\"@type\":\"PropertyValueSpecification\",\"valueRequired\":true,\"valueName\":\"search_term_string\"}}],\"inLanguage\":\"fr-FR\"},{\"@type\":\"Person\",\"@id\":\"https:\/\/blogs.thesocialmedia.com\/leblogmoto\/#\/schema\/person\/18bfe773e5725ed6d24f743da805362a\",\"name\":\"benoit rieu\",\"image\":{\"@type\":\"ImageObject\",\"inLanguage\":\"fr-FR\",\"@id\":\"https:\/\/blogs.thesocialmedia.com\/leblogmoto\/#\/schema\/person\/image\/\",\"url\":\"https:\/\/secure.gravatar.com\/avatar\/?s=96&d=mm&r=g\",\"contentUrl\":\"https:\/\/secure.gravatar.com\/avatar\/?s=96&d=mm&r=g\",\"caption\":\"benoit rieu\"},\"url\":\"https:\/\/blogs.thesocialmedia.com\/leblogmoto\/author\/benoit-rieu\/\"}]}<\/script>\n<!-- \/ Yoast SEO plugin. -->","yoast_head_json":{"title":"Vale et son p\u00e8re r\u00e9unis pour un spot Yamaha. - leblogmoto.com","robots":{"index":"index","follow":"follow","max-snippet":"max-snippet:-1","max-image-preview":"max-image-preview:large","max-video-preview":"max-video-preview:-1"},"canonical":"https:\/\/blogs.thesocialmedia.com\/leblogmoto\/2008\/03\/21\/vale-et-son-pre\/","twitter_card":"summary_large_image","twitter_title":"Vale et son p\u00e8re r\u00e9unis pour un spot Yamaha. - leblogmoto.com","twitter_description":"Si cela continue, apr\u00e8s la nouvelle campagne Dainese, il nous faudra s\u00e9rieusement envisager de demander \u00e0 Christophe Labedan, notre grand chef, de cr\u00e9er un nouveau tag* intitul\u00e9 Valentino Rossi. Ou plut\u00f4t Rossi tout court. Car ce nouveau spot publicitaire pour Yam et destin\u00e9 \u00e0 \u00eatre diffus\u00e9 en Asie, reste dans la famille. Profitons-en pour nous [&hellip;]","twitter_misc":{"\u00c9crit par":"benoit rieu","Dur\u00e9e de lecture estim\u00e9e":"2 minutes"},"schema":{"@context":"https:\/\/schema.org","@graph":[{"@type":"WebPage","@id":"https:\/\/blogs.thesocialmedia.com\/leblogmoto\/2008\/03\/21\/vale-et-son-pre\/","url":"https:\/\/blogs.thesocialmedia.com\/leblogmoto\/2008\/03\/21\/vale-et-son-pre\/","name":"Vale et son p\u00e8re r\u00e9unis pour un spot Yamaha. - leblogmoto.com","isPartOf":{"@id":"https:\/\/blogs.thesocialmedia.com\/leblogmoto\/#website"},"datePublished":"2008-03-21T18:11:00+00:00","dateModified":"2012-07-11T13:22:36+00:00","author":{"@id":"https:\/\/blogs.thesocialmedia.com\/leblogmoto\/#\/schema\/person\/18bfe773e5725ed6d24f743da805362a"},"breadcrumb":{"@id":"https:\/\/blogs.thesocialmedia.com\/leblogmoto\/2008\/03\/21\/vale-et-son-pre\/#breadcrumb"},"inLanguage":"fr-FR","potentialAction":[{"@type":"ReadAction","target":["https:\/\/blogs.thesocialmedia.com\/leblogmoto\/2008\/03\/21\/vale-et-son-pre\/"]}]},{"@type":"BreadcrumbList","@id":"https:\/\/blogs.thesocialmedia.com\/leblogmoto\/2008\/03\/21\/vale-et-son-pre\/#breadcrumb","itemListElement":[{"@type":"ListItem","position":1,"name":"Accueil","item":"https:\/\/blogs.thesocialmedia.com\/leblogmoto\/"},{"@type":"ListItem","position":2,"name":"Vale et son p\u00e8re r\u00e9unis pour un spot Yamaha."}]},{"@type":"WebSite","@id":"https:\/\/blogs.thesocialmedia.com\/leblogmoto\/#website","url":"https:\/\/blogs.thesocialmedia.com\/leblogmoto\/","name":"leblogmoto","description":"Toute l&#039;actualit\u00e9 des 2 roues","potentialAction":[{"@type":"SearchAction","target":{"@type":"EntryPoint","urlTemplate":"https:\/\/blogs.thesocialmedia.com\/leblogmoto\/?s={search_term_string}"},"query-input":{"@type":"PropertyValueSpecification","valueRequired":true,"valueName":"search_term_string"}}],"inLanguage":"fr-FR"},{"@type":"Person","@id":"https:\/\/blogs.thesocialmedia.com\/leblogmoto\/#\/schema\/person\/18bfe773e5725ed6d24f743da805362a","name":"benoit rieu","image":{"@type":"ImageObject","inLanguage":"fr-FR","@id":"https:\/\/blogs.thesocialmedia.com\/leblogmoto\/#\/schema\/person\/image\/","url":"https:\/\/secure.gravatar.com\/avatar\/?s=96&d=mm&r=g","contentUrl":"https:\/\/secure.gravatar.com\/avatar\/?s=96&d=mm&r=g","caption":"benoit rieu"},"url":"https:\/\/blogs.thesocialmedia.com\/leblogmoto\/author\/benoit-rieu\/"}]}},"_links":{"self":[{"href":"https:\/\/blogs.thesocialmedia.com\/leblogmoto\/wp-json\/wp\/v2\/posts\/824","targetHints":{"allow":["GET"]}}],"collection":[{"href":"https:\/\/blogs.thesocialmedia.com\/leblogmoto\/wp-json\/wp\/v2\/posts"}],"about":[{"href":"https:\/\/blogs.thesocialmedia.com\/leblogmoto\/wp-json\/wp\/v2\/types\/post"}],"author":[{"embeddable":true,"href":"https:\/\/blogs.thesocialmedia.com\/leblogmoto\/wp-json\/wp\/v2\/users\/324"}],"replies":[{"embeddable":true,"href":"https:\/\/blogs.thesocialmedia.com\/leblogmoto\/wp-json\/wp\/v2\/comments?post=824"}],"version-history":[{"count":1,"href":"https:\/\/blogs.thesocialmedia.com\/leblogmoto\/wp-json\/wp\/v2\/posts\/824\/revisions"}],"predecessor-version":[{"id":4395,"href":"https:\/\/blogs.thesocialmedia.com\/leblogmoto\/wp-json\/wp\/v2\/posts\/824\/revisions\/4395"}],"wp:attachment":[{"href":"https:\/\/blogs.thesocialmedia.com\/leblogmoto\/wp-json\/wp\/v2\/media?parent=824"}],"wp:term":[{"taxonomy":"category","embeddable":true,"href":"https:\/\/blogs.thesocialmedia.com\/leblogmoto\/wp-json\/wp\/v2\/categories?post=824"},{"taxonomy":"post_tag","embeddable":true,"href":"https:\/\/blogs.thesocialmedia.com\/leblogmoto\/wp-json\/wp\/v2\/tags?post=824"}],"curies":[{"name":"wp","href":"https:\/\/api.w.org\/{rel}","templated":true}]}}