{"id":826,"date":"2008-03-21T12:58:56","date_gmt":"2008-03-21T12:58:56","guid":{"rendered":"http:\/\/blogs.thesocialmedia.com\/leblogmoto\/2008\/03\/21\/des-nouvelles-f\/"},"modified":"2012-07-11T15:31:11","modified_gmt":"2012-07-11T15:31:11","slug":"des-nouvelles-f","status":"publish","type":"post","link":"https:\/\/blogs.thesocialmedia.com\/leblogmoto\/2008\/03\/21\/des-nouvelles-f\/","title":{"rendered":"Vid\u00e9os, photos et nouvelles fra\u00eeches du KTM X-bow."},"content":{"rendered":"<p><a href=\"http:\/\/blogs.thesocialmedia.com\/leblogmoto\/files\/2012\/07\/ktm_press_62_n.jpg\"><img loading=\"lazy\" decoding=\"async\" height=\"301\" alt=\"Ktm_press_62_n\" src=\"http:\/\/www.leblogmoto.com\/images\/2008\/03\/21\/ktm_press_62_n.jpg\" width=\"470\"  \/><\/a><\/p>\n<p>Cela fait <a href=\"http:\/\/blogs.thesocialmedia.com\/leblogmoto\/files\/2012\/07\/ktm-prvoit-3-ve.html_.png\">quelque temps<\/a> d\u00e9j\u00e0 que nous couvons du regard le X-bow ou Crossbow, de (maigres) sorties en pr\u00e9sences encalmin\u00e9es en <a href=\"http:\/\/www.leblogmoto.com\/2008\/01\/pour-la-premire.html\">salons<\/a>. J&rsquo;esp\u00e8re seulement, comme la derni\u00e8re fois <a href=\"http:\/\/www.leblogmoto.com\/2008\/03\/des-guidons-au.html\">en commentaires<\/a>, ne pas avoir \u00e0 (re-re)justifier la pr\u00e9sence de voitures dans nos colonnes virtuelles. Nos amis du Blog Auto et de l&rsquo;Autoblog ne se posent pas la question quand il s&rsquo;agit de publier un papier f\u00fbt-il num\u00e9rique sur des motos. C&rsquo;\u00e9tait juste pour la mise au point, en pr\u00e9alable. Les motard(e)s int\u00e9ress\u00e9(e)s ou simplement curieux(-ses), peuvent rester avec nous pour la suite, avec des news, deux vid\u00e9os et des photos nocturnes du pr\u00e9dateur d&rsquo;asphalte.<\/p>\n<p>Premi\u00e8re nouvelle, une d\u00e9claration qui se veut officielle sur la date de sortie du v\u00e9hicule, pour les futurs heureux propri\u00e9taires &#8230;cet \u00e9t\u00e9 (!). Je ne sais pas si KTM, appelle cela une date <em>pr\u00e9cise<\/em>, mais force est de constater que cela leur accorde une jolie marge en cas de retard de production. Je douterai alors de la proverbiale ponctualit\u00e9 germanique.<\/p>\n<p>De plus, KTM l&rsquo;a confirm\u00e9 il y a quelques jours, une Crossbow sera bien align\u00e9e en comp\u00e9tition, plus exactement en FIA GT4 European Cup dans la nouvelle cat\u00e9gorie &quot;Sport Light&quot; (en fait quasiment b\u00e2tie pour elle). Version qui comme nous l&rsquo;avions <a href=\"http:\/\/blogs.thesocialmedia.com\/leblogmoto\/files\/2012\/07\/ktm-prvoit-3-ve.html_.png\">indiqu\u00e9 pr\u00e9c\u00e9demment<\/a> vient s&rsquo;ajouter aux autres d\u00e9clinaisons de ce mod\u00e8le. <\/p>\n<p>Pour bien souligner la radicalit\u00e9 d&rsquo;un tel v\u00e9hicule en version de base, telle qu&rsquo;elle sortira de l&rsquo;usine de Graz, les modifs et specs (modifications et sp\u00e9cifications) n\u00e9cessaires et exig\u00e9es pour la transformer en version de comp\u00e9tition seront mineures: Une suspension l\u00e9g\u00e8rement revue (plus ferme), des arceaux de protection en acier (\u00e0 la place de l&rsquo;aluminium), un silencieux de course, et des enjoliveurs plus grands (extended wheel cover, je ne fais que traduire).<\/p>\n<p>Paradoxalement rien ne dit que cette version GT4 sera effectivement plus performante que la version de s\u00e9rie, beaucoup de r\u00e9glementations de comp\u00e9titions auto contribuent en effet intentionnellement \u00e0 alourdir le v\u00e9hicule trop fougueux ainsi qu&rsquo;\u00e0 prot\u00e9ger les pilotes engag\u00e9s. Et celles-ci, dans leur \u00e9nonc\u00e9 tout au moins, (cf. pr\u00e9c\u00e9dent paragraphe) visent <em>surtout<\/em> \u00e0 assurer plus de s\u00e9curit\u00e9 au comp\u00e9titeur.<\/p>\n<p>Gage suppl\u00e9mentaire du s\u00e9rieux de l&rsquo;engagement de Katoche en comp\u00e9tition auto, la firme autrichienne s&rsquo;adjoint les services de <em>Reiter Engineering<\/em>, qui a collabor\u00e9 avec Lamborghini en cat\u00e9gories GT1, GT2 et GT3.<\/p>\n<p><a href=\"http:\/\/clabedan.typepad.com\/.shared\/image.html?\/photos\/uncategorized\/2008\/03\/21\/ktm_press_77_n.jpg\"><img loading=\"lazy\" decoding=\"async\" height=\"312\" alt=\"Ktm_press_77_n\" src=\"http:\/\/www.leblogmoto.com\/images\/2008\/03\/21\/ktm_press_77_n.jpg\" width=\"470\"  \/><\/a> <\/p>\n<p><a href=\"http:\/\/blogs.thesocialmedia.com\/leblogmoto\/files\/2012\/07\/ktm_press_76_n.jpg\"><img loading=\"lazy\" decoding=\"async\" height=\"312\" alt=\"Ktm_press_76_n\" src=\"http:\/\/www.leblogmoto.com\/images\/2008\/03\/21\/ktm_press_76_n.jpg\" width=\"470\"  \/><\/a> <\/p>\n<p><a href=\"http:\/\/blogs.thesocialmedia.com\/leblogmoto\/files\/2012\/07\/ktm_press_75_n.jpg\"><img loading=\"lazy\" decoding=\"async\" height=\"278\" alt=\"Ktm_press_75_n\" src=\"http:\/\/www.leblogmoto.com\/images\/2008\/03\/21\/ktm_press_75_n.jpg\" width=\"470\"  \/><\/a><\/p>\n<p>Deux vid\u00e9os, l&rsquo;une officielle (fa\u00e7on vid\u00e9oclip), et la seconde, l&rsquo;est heureusement beaucoup moins: <\/p>\n<p><embed src=\"http:\/\/www.youtube.com\/v\/qXwbcPamDD4&amp;hl=en\" width=\"425\" height=\"355\" type=\"application\/x-shockwave-flash\"><\/embed><\/p>\n<p><embed src=\"http:\/\/www.youtube.com\/v\/_WTS-7eEoqg&amp;hl=en\" width=\"425\" height=\"355\" type=\"application\/x-shockwave-flash\"><\/embed><\/p>\n","protected":false},"excerpt":{"rendered":"<p>Cela fait quelque temps d\u00e9j\u00e0 que nous couvons du regard le X-bow ou Crossbow, de (maigres) sorties en pr\u00e9sences encalmin\u00e9es en salons. J&rsquo;esp\u00e8re seulement, comme la derni\u00e8re fois en commentaires, ne pas avoir \u00e0 (re-re)justifier la pr\u00e9sence de voitures dans nos colonnes virtuelles. Nos amis du Blog Auto et de l&rsquo;Autoblog ne se posent pas [&hellip;]<\/p>\n","protected":false},"author":324,"featured_media":0,"comment_status":"open","ping_status":"open","sticky":false,"template":"","format":"standard","meta":{"footnotes":""},"categories":[49,39,12],"tags":[],"class_list":["post-826","post","type-post","status-publish","format-standard","hentry","category-actualites-entreprise","category-ktm","category-videos"],"yoast_head":"<!-- This site is optimized with the Yoast SEO plugin v26.0 - https:\/\/yoast.com\/wordpress\/plugins\/seo\/ -->\n<title>Vid\u00e9os, photos et nouvelles fra\u00eeches du KTM X-bow. - leblogmoto.com<\/title>\n<meta name=\"robots\" content=\"index, follow, max-snippet:-1, max-image-preview:large, max-video-preview:-1\" \/>\n<link rel=\"canonical\" href=\"https:\/\/blogs.thesocialmedia.com\/leblogmoto\/2008\/03\/21\/des-nouvelles-f\/\" \/>\n<meta name=\"twitter:card\" content=\"summary_large_image\" \/>\n<meta name=\"twitter:title\" content=\"Vid\u00e9os, photos et nouvelles fra\u00eeches du KTM X-bow. - leblogmoto.com\" \/>\n<meta name=\"twitter:description\" content=\"Cela fait quelque temps d\u00e9j\u00e0 que nous couvons du regard le X-bow ou Crossbow, de (maigres) sorties en pr\u00e9sences encalmin\u00e9es en salons. J&rsquo;esp\u00e8re seulement, comme la derni\u00e8re fois en commentaires, ne pas avoir \u00e0 (re-re)justifier la pr\u00e9sence de voitures dans nos colonnes virtuelles. Nos amis du Blog Auto et de l&rsquo;Autoblog ne se posent pas [&hellip;]\" \/>\n<meta name=\"twitter:image\" content=\"http:\/\/www.leblogmoto.com\/images\/2008\/03\/21\/ktm_press_62_n.jpg\" \/>\n<meta name=\"twitter:label1\" content=\"\u00c9crit par\" \/>\n\t<meta name=\"twitter:data1\" content=\"benoit rieu\" \/>\n\t<meta name=\"twitter:label2\" content=\"Dur\u00e9e de lecture estim\u00e9e\" \/>\n\t<meta name=\"twitter:data2\" content=\"2 minutes\" \/>\n<script type=\"application\/ld+json\" class=\"yoast-schema-graph\">{\"@context\":\"https:\/\/schema.org\",\"@graph\":[{\"@type\":\"WebPage\",\"@id\":\"https:\/\/blogs.thesocialmedia.com\/leblogmoto\/2008\/03\/21\/des-nouvelles-f\/\",\"url\":\"https:\/\/blogs.thesocialmedia.com\/leblogmoto\/2008\/03\/21\/des-nouvelles-f\/\",\"name\":\"Vid\u00e9os, photos et nouvelles fra\u00eeches du KTM X-bow. - leblogmoto.com\",\"isPartOf\":{\"@id\":\"https:\/\/blogs.thesocialmedia.com\/leblogmoto\/#website\"},\"primaryImageOfPage\":{\"@id\":\"https:\/\/blogs.thesocialmedia.com\/leblogmoto\/2008\/03\/21\/des-nouvelles-f\/#primaryimage\"},\"image\":{\"@id\":\"https:\/\/blogs.thesocialmedia.com\/leblogmoto\/2008\/03\/21\/des-nouvelles-f\/#primaryimage\"},\"thumbnailUrl\":\"http:\/\/www.leblogmoto.com\/images\/2008\/03\/21\/ktm_press_62_n.jpg\",\"datePublished\":\"2008-03-21T12:58:56+00:00\",\"dateModified\":\"2012-07-11T15:31:11+00:00\",\"author\":{\"@id\":\"https:\/\/blogs.thesocialmedia.com\/leblogmoto\/#\/schema\/person\/18bfe773e5725ed6d24f743da805362a\"},\"breadcrumb\":{\"@id\":\"https:\/\/blogs.thesocialmedia.com\/leblogmoto\/2008\/03\/21\/des-nouvelles-f\/#breadcrumb\"},\"inLanguage\":\"fr-FR\",\"potentialAction\":[{\"@type\":\"ReadAction\",\"target\":[\"https:\/\/blogs.thesocialmedia.com\/leblogmoto\/2008\/03\/21\/des-nouvelles-f\/\"]}]},{\"@type\":\"ImageObject\",\"inLanguage\":\"fr-FR\",\"@id\":\"https:\/\/blogs.thesocialmedia.com\/leblogmoto\/2008\/03\/21\/des-nouvelles-f\/#primaryimage\",\"url\":\"http:\/\/www.leblogmoto.com\/images\/2008\/03\/21\/ktm_press_62_n.jpg\",\"contentUrl\":\"http:\/\/www.leblogmoto.com\/images\/2008\/03\/21\/ktm_press_62_n.jpg\"},{\"@type\":\"BreadcrumbList\",\"@id\":\"https:\/\/blogs.thesocialmedia.com\/leblogmoto\/2008\/03\/21\/des-nouvelles-f\/#breadcrumb\",\"itemListElement\":[{\"@type\":\"ListItem\",\"position\":1,\"name\":\"Accueil\",\"item\":\"https:\/\/blogs.thesocialmedia.com\/leblogmoto\/\"},{\"@type\":\"ListItem\",\"position\":2,\"name\":\"Vid\u00e9os, photos et nouvelles fra\u00eeches du KTM X-bow.\"}]},{\"@type\":\"WebSite\",\"@id\":\"https:\/\/blogs.thesocialmedia.com\/leblogmoto\/#website\",\"url\":\"https:\/\/blogs.thesocialmedia.com\/leblogmoto\/\",\"name\":\"leblogmoto\",\"description\":\"Toute l&#039;actualit\u00e9 des 2 roues\",\"potentialAction\":[{\"@type\":\"SearchAction\",\"target\":{\"@type\":\"EntryPoint\",\"urlTemplate\":\"https:\/\/blogs.thesocialmedia.com\/leblogmoto\/?s={search_term_string}\"},\"query-input\":{\"@type\":\"PropertyValueSpecification\",\"valueRequired\":true,\"valueName\":\"search_term_string\"}}],\"inLanguage\":\"fr-FR\"},{\"@type\":\"Person\",\"@id\":\"https:\/\/blogs.thesocialmedia.com\/leblogmoto\/#\/schema\/person\/18bfe773e5725ed6d24f743da805362a\",\"name\":\"benoit rieu\",\"image\":{\"@type\":\"ImageObject\",\"inLanguage\":\"fr-FR\",\"@id\":\"https:\/\/blogs.thesocialmedia.com\/leblogmoto\/#\/schema\/person\/image\/\",\"url\":\"https:\/\/secure.gravatar.com\/avatar\/?s=96&d=mm&r=g\",\"contentUrl\":\"https:\/\/secure.gravatar.com\/avatar\/?s=96&d=mm&r=g\",\"caption\":\"benoit rieu\"},\"url\":\"https:\/\/blogs.thesocialmedia.com\/leblogmoto\/author\/benoit-rieu\/\"}]}<\/script>\n<!-- \/ Yoast SEO plugin. -->","yoast_head_json":{"title":"Vid\u00e9os, photos et nouvelles fra\u00eeches du KTM X-bow. - leblogmoto.com","robots":{"index":"index","follow":"follow","max-snippet":"max-snippet:-1","max-image-preview":"max-image-preview:large","max-video-preview":"max-video-preview:-1"},"canonical":"https:\/\/blogs.thesocialmedia.com\/leblogmoto\/2008\/03\/21\/des-nouvelles-f\/","twitter_card":"summary_large_image","twitter_title":"Vid\u00e9os, photos et nouvelles fra\u00eeches du KTM X-bow. - leblogmoto.com","twitter_description":"Cela fait quelque temps d\u00e9j\u00e0 que nous couvons du regard le X-bow ou Crossbow, de (maigres) sorties en pr\u00e9sences encalmin\u00e9es en salons. J&rsquo;esp\u00e8re seulement, comme la derni\u00e8re fois en commentaires, ne pas avoir \u00e0 (re-re)justifier la pr\u00e9sence de voitures dans nos colonnes virtuelles. Nos amis du Blog Auto et de l&rsquo;Autoblog ne se posent pas [&hellip;]","twitter_image":"http:\/\/www.leblogmoto.com\/images\/2008\/03\/21\/ktm_press_62_n.jpg","twitter_misc":{"\u00c9crit par":"benoit rieu","Dur\u00e9e de lecture estim\u00e9e":"2 minutes"},"schema":{"@context":"https:\/\/schema.org","@graph":[{"@type":"WebPage","@id":"https:\/\/blogs.thesocialmedia.com\/leblogmoto\/2008\/03\/21\/des-nouvelles-f\/","url":"https:\/\/blogs.thesocialmedia.com\/leblogmoto\/2008\/03\/21\/des-nouvelles-f\/","name":"Vid\u00e9os, photos et nouvelles fra\u00eeches du KTM X-bow. - leblogmoto.com","isPartOf":{"@id":"https:\/\/blogs.thesocialmedia.com\/leblogmoto\/#website"},"primaryImageOfPage":{"@id":"https:\/\/blogs.thesocialmedia.com\/leblogmoto\/2008\/03\/21\/des-nouvelles-f\/#primaryimage"},"image":{"@id":"https:\/\/blogs.thesocialmedia.com\/leblogmoto\/2008\/03\/21\/des-nouvelles-f\/#primaryimage"},"thumbnailUrl":"http:\/\/www.leblogmoto.com\/images\/2008\/03\/21\/ktm_press_62_n.jpg","datePublished":"2008-03-21T12:58:56+00:00","dateModified":"2012-07-11T15:31:11+00:00","author":{"@id":"https:\/\/blogs.thesocialmedia.com\/leblogmoto\/#\/schema\/person\/18bfe773e5725ed6d24f743da805362a"},"breadcrumb":{"@id":"https:\/\/blogs.thesocialmedia.com\/leblogmoto\/2008\/03\/21\/des-nouvelles-f\/#breadcrumb"},"inLanguage":"fr-FR","potentialAction":[{"@type":"ReadAction","target":["https:\/\/blogs.thesocialmedia.com\/leblogmoto\/2008\/03\/21\/des-nouvelles-f\/"]}]},{"@type":"ImageObject","inLanguage":"fr-FR","@id":"https:\/\/blogs.thesocialmedia.com\/leblogmoto\/2008\/03\/21\/des-nouvelles-f\/#primaryimage","url":"http:\/\/www.leblogmoto.com\/images\/2008\/03\/21\/ktm_press_62_n.jpg","contentUrl":"http:\/\/www.leblogmoto.com\/images\/2008\/03\/21\/ktm_press_62_n.jpg"},{"@type":"BreadcrumbList","@id":"https:\/\/blogs.thesocialmedia.com\/leblogmoto\/2008\/03\/21\/des-nouvelles-f\/#breadcrumb","itemListElement":[{"@type":"ListItem","position":1,"name":"Accueil","item":"https:\/\/blogs.thesocialmedia.com\/leblogmoto\/"},{"@type":"ListItem","position":2,"name":"Vid\u00e9os, photos et nouvelles fra\u00eeches du KTM X-bow."}]},{"@type":"WebSite","@id":"https:\/\/blogs.thesocialmedia.com\/leblogmoto\/#website","url":"https:\/\/blogs.thesocialmedia.com\/leblogmoto\/","name":"leblogmoto","description":"Toute l&#039;actualit\u00e9 des 2 roues","potentialAction":[{"@type":"SearchAction","target":{"@type":"EntryPoint","urlTemplate":"https:\/\/blogs.thesocialmedia.com\/leblogmoto\/?s={search_term_string}"},"query-input":{"@type":"PropertyValueSpecification","valueRequired":true,"valueName":"search_term_string"}}],"inLanguage":"fr-FR"},{"@type":"Person","@id":"https:\/\/blogs.thesocialmedia.com\/leblogmoto\/#\/schema\/person\/18bfe773e5725ed6d24f743da805362a","name":"benoit rieu","image":{"@type":"ImageObject","inLanguage":"fr-FR","@id":"https:\/\/blogs.thesocialmedia.com\/leblogmoto\/#\/schema\/person\/image\/","url":"https:\/\/secure.gravatar.com\/avatar\/?s=96&d=mm&r=g","contentUrl":"https:\/\/secure.gravatar.com\/avatar\/?s=96&d=mm&r=g","caption":"benoit rieu"},"url":"https:\/\/blogs.thesocialmedia.com\/leblogmoto\/author\/benoit-rieu\/"}]}},"_links":{"self":[{"href":"https:\/\/blogs.thesocialmedia.com\/leblogmoto\/wp-json\/wp\/v2\/posts\/826","targetHints":{"allow":["GET"]}}],"collection":[{"href":"https:\/\/blogs.thesocialmedia.com\/leblogmoto\/wp-json\/wp\/v2\/posts"}],"about":[{"href":"https:\/\/blogs.thesocialmedia.com\/leblogmoto\/wp-json\/wp\/v2\/types\/post"}],"author":[{"embeddable":true,"href":"https:\/\/blogs.thesocialmedia.com\/leblogmoto\/wp-json\/wp\/v2\/users\/324"}],"replies":[{"embeddable":true,"href":"https:\/\/blogs.thesocialmedia.com\/leblogmoto\/wp-json\/wp\/v2\/comments?post=826"}],"version-history":[{"count":2,"href":"https:\/\/blogs.thesocialmedia.com\/leblogmoto\/wp-json\/wp\/v2\/posts\/826\/revisions"}],"predecessor-version":[{"id":10249,"href":"https:\/\/blogs.thesocialmedia.com\/leblogmoto\/wp-json\/wp\/v2\/posts\/826\/revisions\/10249"}],"wp:attachment":[{"href":"https:\/\/blogs.thesocialmedia.com\/leblogmoto\/wp-json\/wp\/v2\/media?parent=826"}],"wp:term":[{"taxonomy":"category","embeddable":true,"href":"https:\/\/blogs.thesocialmedia.com\/leblogmoto\/wp-json\/wp\/v2\/categories?post=826"},{"taxonomy":"post_tag","embeddable":true,"href":"https:\/\/blogs.thesocialmedia.com\/leblogmoto\/wp-json\/wp\/v2\/tags?post=826"}],"curies":[{"name":"wp","href":"https:\/\/api.w.org\/{rel}","templated":true}]}}