{"id":827,"date":"2008-03-21T02:45:01","date_gmt":"2008-03-21T02:45:01","guid":{"rendered":"http:\/\/blogs.thesocialmedia.com\/leblogmoto\/2008\/03\/21\/album-du-vend-2-12\/"},"modified":"2012-07-11T15:31:02","modified_gmt":"2012-07-11T15:31:02","slug":"album-du-vend-2-12","status":"publish","type":"post","link":"https:\/\/blogs.thesocialmedia.com\/leblogmoto\/2008\/03\/21\/album-du-vend-2-12\/","title":{"rendered":"Album du vendredi, les MBI awards"},"content":{"rendered":"<p><a href=\"http:\/\/blogs.thesocialmedia.com\/leblogmoto\/files\/2012\/07\/logo.gif\"><img loading=\"lazy\" decoding=\"async\" width=\"210\" height=\"205\"  src=\"http:\/\/www.leblogmoto.com\/images\/2008\/03\/20\/logo.gif\" alt=\"Logo\" style=\"margin: 0px 5px 5px 0px;float: left\" \/><\/a> La \u00ab<a href=\"http:\/\/www.mbiweb.org\/\">Motorcycle Bloggers International<\/a>\u00bb dont fait partit Le Blog Moto, publiait mercredi dernier son troisi\u00e8me palmar\u00e8s. Comptant 159 membres, cette association est compos\u00e9e d&rsquo;enthousiastes qui, quand ils ne roulent pas, partagent avec la communaut\u00e9 des internautes leur passion. Il va sans dire que cette communaut\u00e9 est principalement compos\u00e9e d&rsquo;anglophones, voire d&rsquo;anglophiles, ce qui peut transpara\u00eetre dans la teinte prise par le vote.<br \/>Mais ne chipotons pas, pour une fois que ce type d&rsquo;exercice n&rsquo;est pas que l&rsquo;apanage de professionnels.<\/p>\n<p>Deux marques se distinguent, d&rsquo;abord Ducati avec une premi\u00e8re et une deuxi\u00e8me place, mais dans les cat\u00e9gories phares, soient la cat\u00e9gorie de la moto la plus d\u00e9sirable avec la Desmosedici RR grande gagnante, et l&rsquo;Hypermotard sur la deuxi\u00e8me marche dans la cat\u00e9gorie nouveaut\u00e9.<br \/>Puis vient KTM, avec pas moins de 5 podiums, dont une premi\u00e8re place pour un&#8230; grille-pain. BMW fait plut\u00f4t bien, mais son premier rang est pour ses sites web, et Yamaha avec 3 podiums.<br \/>Le grand perdant est Suzuki, qui se retrouve avec le pompon de la plus grande d\u00e9ception avec la B-King.<\/p>\n<p>Tous les gagnants et perdants en images de l&rsquo;autre c\u00f4t\u00e9.<\/p>\n<p><em><a href=\"http:\/\/clabedan.typepad.com\/.shared\/image.html?\/photos\/uncategorized\/2008\/03\/20\/vote1.jpg\"><img loading=\"lazy\" decoding=\"async\" width=\"470\" height=\"332\"  src=\"http:\/\/www.leblogmoto.com\/images\/2008\/03\/20\/vote1.jpg\" alt=\"Vote1\" \/><\/a> <br \/>Cat\u00e9gorie: Concept<\/em>, Honda Evo 6<\/p>\n<p><em><a href=\"http:\/\/blogs.thesocialmedia.com\/leblogmoto\/files\/2012\/07\/vote2.jpg\"><img loading=\"lazy\" decoding=\"async\" width=\"470\" height=\"311\"  src=\"http:\/\/www.leblogmoto.com\/images\/2008\/03\/20\/vote2.jpg\" alt=\"Vote2\" \/><\/a> <br \/>Cat\u00e9gorie: Nouveaut\u00e9<\/em>, Triumph Street Triple 675<\/p>\n<p><em><a href=\"http:\/\/blogs.thesocialmedia.com\/leblogmoto\/files\/2012\/07\/vote3.jpg\"><img loading=\"lazy\" decoding=\"async\" width=\"470\" height=\"398\"  src=\"http:\/\/www.leblogmoto.com\/images\/2008\/03\/20\/vote3.jpg\" alt=\"Vote3\" \/><\/a> <br \/>Cat\u00e9gorie: Scooter<\/em>, Piaggio MP3 400<\/p>\n<p><em><a href=\"http:\/\/blogs.thesocialmedia.com\/leblogmoto\/files\/2012\/07\/vote4.jpg\"><img loading=\"lazy\" decoding=\"async\" width=\"470\" height=\"256\"  src=\"http:\/\/www.leblogmoto.com\/images\/2008\/03\/20\/vote4.jpg\" alt=\"Vote4\" \/><\/a> <br \/>Cat\u00e9gorie: \u00c9cocentrique<\/em>, ElectricMoto Corp. Blade XT<\/p>\n<p><em><a href=\"http:\/\/blogs.thesocialmedia.com\/leblogmoto\/files\/2012\/07\/vote5.jpg\"><img loading=\"lazy\" decoding=\"async\" width=\"470\" height=\"272\"  src=\"http:\/\/www.leblogmoto.com\/images\/2008\/03\/20\/vote5.jpg\" alt=\"Vote5\" \/><\/a> <br \/>Cat\u00e9gorie: Objet de d\u00e9sirs<\/em>, Ducati Desmosedici RR<\/p>\n<p><em><a href=\"http:\/\/blogs.thesocialmedia.com\/leblogmoto\/files\/2012\/07\/vote6.jpg\"><img loading=\"lazy\" decoding=\"async\" width=\"470\" height=\"330\"  src=\"http:\/\/www.leblogmoto.com\/images\/2008\/03\/20\/vote6.jpg\" alt=\"Vote6\" \/><\/a> <br \/>Cat\u00e9gorie: Tape dans le dos<\/em>, Ewan McGregor &amp; Charlie Boorman<\/p>\n<p><em><a href=\"http:\/\/blogs.thesocialmedia.com\/leblogmoto\/files\/2012\/07\/vote7.jpg\"><img loading=\"lazy\" decoding=\"async\" width=\"470\" height=\"425\"  src=\"http:\/\/www.leblogmoto.com\/images\/2008\/03\/20\/vote7.jpg\" alt=\"Vote7\" \/><\/a> <br \/>Cat\u00e9gorie: Id\u00e9e d\u00e9cal\u00e9e<\/em>, KTM grille-pain<\/p>\n<p><em><a href=\"http:\/\/blogs.thesocialmedia.com\/leblogmoto\/files\/2012\/07\/vote8.jpg\"><img loading=\"lazy\" decoding=\"async\" width=\"470\" height=\"306\"  src=\"http:\/\/www.leblogmoto.com\/images\/2008\/03\/20\/vote8.jpg\" alt=\"Vote8\" \/><\/a> <br \/>Cat\u00e9gorie: Inspiration<\/em>, Lois Pryce<\/p>\n<p><em><a href=\"http:\/\/blogs.thesocialmedia.com\/leblogmoto\/files\/2012\/07\/bking_27.jpg\"><img loading=\"lazy\" decoding=\"async\" width=\"470\" height=\"351\"  src=\"http:\/\/www.leblogmoto.com\/images\/2008\/03\/21\/bking_27.jpg\" alt=\"Bking_27\" \/><\/a> <br \/>Cat\u00e9gorie: D\u00e9ception<\/em>, Suzuki B-King<\/p>\n<p><em><a href=\"http:\/\/blogs.thesocialmedia.com\/leblogmoto\/files\/2012\/07\/vote10.jpg\"><img loading=\"lazy\" decoding=\"async\" width=\"470\" height=\"243\"  src=\"http:\/\/www.leblogmoto.com\/images\/2008\/03\/20\/vote10.jpg\" alt=\"Vote10\" \/><\/a> <br \/>Cat\u00e9gorie: Pied au derri\u00e8re<\/em>, Loud Pipes Save lives<\/p>\n<p><em><a href=\"http:\/\/blogs.thesocialmedia.com\/leblogmoto\/files\/2012\/07\/vote11.jpg\"><img loading=\"lazy\" decoding=\"async\" width=\"470\" height=\"353\"  src=\"http:\/\/www.leblogmoto.com\/images\/2008\/03\/20\/vote11.jpg\" alt=\"Vote11\" \/><\/a> <br \/>Cat\u00e9gorie: \u00c7a va pas non!<\/em>, Cage \u00e0 poule<\/p>\n<p>Les autres membres en territoire fran\u00e7ais du MBI sont \u00ab<a href=\"http:\/\/flatfab.wordpress.com\/\">Passion Moto GT<\/a>\u00bb et \u00ab<a href=\"http:\/\/news.motorbiker.org\/blogs.nsf\">Bikes in the Fast Lane<\/a>\u00bb.<\/p>\n","protected":false},"excerpt":{"rendered":"<p>La \u00abMotorcycle Bloggers International\u00bb dont fait partit Le Blog Moto, publiait mercredi dernier son troisi\u00e8me palmar\u00e8s. Comptant 159 membres, cette association est compos\u00e9e d&rsquo;enthousiastes qui, quand ils ne roulent pas, partagent avec la communaut\u00e9 des internautes leur passion. Il va sans dire que cette communaut\u00e9 est principalement compos\u00e9e d&rsquo;anglophones, voire d&rsquo;anglophiles, ce qui peut transpara\u00eetre [&hellip;]<\/p>\n","protected":false},"author":325,"featured_media":0,"comment_status":"open","ping_status":"open","sticky":false,"template":"","format":"standard","meta":{"footnotes":""},"categories":[3],"tags":[],"class_list":["post-827","post","type-post","status-publish","format-standard","hentry","category-actualite"],"yoast_head":"<!-- This site is optimized with the Yoast SEO plugin v26.0 - https:\/\/yoast.com\/wordpress\/plugins\/seo\/ -->\n<title>Album du vendredi, les MBI awards - leblogmoto.com<\/title>\n<meta name=\"robots\" content=\"index, follow, max-snippet:-1, max-image-preview:large, max-video-preview:-1\" \/>\n<link rel=\"canonical\" href=\"https:\/\/blogs.thesocialmedia.com\/leblogmoto\/2008\/03\/21\/album-du-vend-2-12\/\" \/>\n<meta name=\"twitter:card\" content=\"summary_large_image\" \/>\n<meta name=\"twitter:title\" content=\"Album du vendredi, les MBI awards - leblogmoto.com\" \/>\n<meta name=\"twitter:description\" content=\"La \u00abMotorcycle Bloggers International\u00bb dont fait partit Le Blog Moto, publiait mercredi dernier son troisi\u00e8me palmar\u00e8s. Comptant 159 membres, cette association est compos\u00e9e d&rsquo;enthousiastes qui, quand ils ne roulent pas, partagent avec la communaut\u00e9 des internautes leur passion. Il va sans dire que cette communaut\u00e9 est principalement compos\u00e9e d&rsquo;anglophones, voire d&rsquo;anglophiles, ce qui peut transpara\u00eetre [&hellip;]\" \/>\n<meta name=\"twitter:image\" content=\"http:\/\/www.leblogmoto.com\/images\/2008\/03\/20\/logo.gif\" \/>\n<meta name=\"twitter:label1\" content=\"\u00c9crit par\" \/>\n\t<meta name=\"twitter:data1\" content=\"jacques lesage\" \/>\n\t<meta name=\"twitter:label2\" content=\"Dur\u00e9e de lecture estim\u00e9e\" \/>\n\t<meta name=\"twitter:data2\" content=\"1 minute\" \/>\n<script type=\"application\/ld+json\" class=\"yoast-schema-graph\">{\"@context\":\"https:\/\/schema.org\",\"@graph\":[{\"@type\":\"WebPage\",\"@id\":\"https:\/\/blogs.thesocialmedia.com\/leblogmoto\/2008\/03\/21\/album-du-vend-2-12\/\",\"url\":\"https:\/\/blogs.thesocialmedia.com\/leblogmoto\/2008\/03\/21\/album-du-vend-2-12\/\",\"name\":\"Album du vendredi, les MBI awards - leblogmoto.com\",\"isPartOf\":{\"@id\":\"https:\/\/blogs.thesocialmedia.com\/leblogmoto\/#website\"},\"primaryImageOfPage\":{\"@id\":\"https:\/\/blogs.thesocialmedia.com\/leblogmoto\/2008\/03\/21\/album-du-vend-2-12\/#primaryimage\"},\"image\":{\"@id\":\"https:\/\/blogs.thesocialmedia.com\/leblogmoto\/2008\/03\/21\/album-du-vend-2-12\/#primaryimage\"},\"thumbnailUrl\":\"http:\/\/www.leblogmoto.com\/images\/2008\/03\/20\/logo.gif\",\"datePublished\":\"2008-03-21T02:45:01+00:00\",\"dateModified\":\"2012-07-11T15:31:02+00:00\",\"author\":{\"@id\":\"https:\/\/blogs.thesocialmedia.com\/leblogmoto\/#\/schema\/person\/e82a0ca8a9a63d031586097a3ed58526\"},\"breadcrumb\":{\"@id\":\"https:\/\/blogs.thesocialmedia.com\/leblogmoto\/2008\/03\/21\/album-du-vend-2-12\/#breadcrumb\"},\"inLanguage\":\"fr-FR\",\"potentialAction\":[{\"@type\":\"ReadAction\",\"target\":[\"https:\/\/blogs.thesocialmedia.com\/leblogmoto\/2008\/03\/21\/album-du-vend-2-12\/\"]}]},{\"@type\":\"ImageObject\",\"inLanguage\":\"fr-FR\",\"@id\":\"https:\/\/blogs.thesocialmedia.com\/leblogmoto\/2008\/03\/21\/album-du-vend-2-12\/#primaryimage\",\"url\":\"http:\/\/www.leblogmoto.com\/images\/2008\/03\/20\/logo.gif\",\"contentUrl\":\"http:\/\/www.leblogmoto.com\/images\/2008\/03\/20\/logo.gif\"},{\"@type\":\"BreadcrumbList\",\"@id\":\"https:\/\/blogs.thesocialmedia.com\/leblogmoto\/2008\/03\/21\/album-du-vend-2-12\/#breadcrumb\",\"itemListElement\":[{\"@type\":\"ListItem\",\"position\":1,\"name\":\"Accueil\",\"item\":\"https:\/\/blogs.thesocialmedia.com\/leblogmoto\/\"},{\"@type\":\"ListItem\",\"position\":2,\"name\":\"Album du vendredi, les MBI awards\"}]},{\"@type\":\"WebSite\",\"@id\":\"https:\/\/blogs.thesocialmedia.com\/leblogmoto\/#website\",\"url\":\"https:\/\/blogs.thesocialmedia.com\/leblogmoto\/\",\"name\":\"leblogmoto\",\"description\":\"Toute l&#039;actualit\u00e9 des 2 roues\",\"potentialAction\":[{\"@type\":\"SearchAction\",\"target\":{\"@type\":\"EntryPoint\",\"urlTemplate\":\"https:\/\/blogs.thesocialmedia.com\/leblogmoto\/?s={search_term_string}\"},\"query-input\":{\"@type\":\"PropertyValueSpecification\",\"valueRequired\":true,\"valueName\":\"search_term_string\"}}],\"inLanguage\":\"fr-FR\"},{\"@type\":\"Person\",\"@id\":\"https:\/\/blogs.thesocialmedia.com\/leblogmoto\/#\/schema\/person\/e82a0ca8a9a63d031586097a3ed58526\",\"name\":\"jacques lesage\",\"image\":{\"@type\":\"ImageObject\",\"inLanguage\":\"fr-FR\",\"@id\":\"https:\/\/blogs.thesocialmedia.com\/leblogmoto\/#\/schema\/person\/image\/\",\"url\":\"https:\/\/secure.gravatar.com\/avatar\/?s=96&d=mm&r=g\",\"contentUrl\":\"https:\/\/secure.gravatar.com\/avatar\/?s=96&d=mm&r=g\",\"caption\":\"jacques lesage\"},\"url\":\"https:\/\/blogs.thesocialmedia.com\/leblogmoto\/author\/jacques-lesage\/\"}]}<\/script>\n<!-- \/ Yoast SEO plugin. -->","yoast_head_json":{"title":"Album du vendredi, les MBI awards - leblogmoto.com","robots":{"index":"index","follow":"follow","max-snippet":"max-snippet:-1","max-image-preview":"max-image-preview:large","max-video-preview":"max-video-preview:-1"},"canonical":"https:\/\/blogs.thesocialmedia.com\/leblogmoto\/2008\/03\/21\/album-du-vend-2-12\/","twitter_card":"summary_large_image","twitter_title":"Album du vendredi, les MBI awards - leblogmoto.com","twitter_description":"La \u00abMotorcycle Bloggers International\u00bb dont fait partit Le Blog Moto, publiait mercredi dernier son troisi\u00e8me palmar\u00e8s. Comptant 159 membres, cette association est compos\u00e9e d&rsquo;enthousiastes qui, quand ils ne roulent pas, partagent avec la communaut\u00e9 des internautes leur passion. Il va sans dire que cette communaut\u00e9 est principalement compos\u00e9e d&rsquo;anglophones, voire d&rsquo;anglophiles, ce qui peut transpara\u00eetre [&hellip;]","twitter_image":"http:\/\/www.leblogmoto.com\/images\/2008\/03\/20\/logo.gif","twitter_misc":{"\u00c9crit par":"jacques lesage","Dur\u00e9e de lecture estim\u00e9e":"1 minute"},"schema":{"@context":"https:\/\/schema.org","@graph":[{"@type":"WebPage","@id":"https:\/\/blogs.thesocialmedia.com\/leblogmoto\/2008\/03\/21\/album-du-vend-2-12\/","url":"https:\/\/blogs.thesocialmedia.com\/leblogmoto\/2008\/03\/21\/album-du-vend-2-12\/","name":"Album du vendredi, les MBI awards - leblogmoto.com","isPartOf":{"@id":"https:\/\/blogs.thesocialmedia.com\/leblogmoto\/#website"},"primaryImageOfPage":{"@id":"https:\/\/blogs.thesocialmedia.com\/leblogmoto\/2008\/03\/21\/album-du-vend-2-12\/#primaryimage"},"image":{"@id":"https:\/\/blogs.thesocialmedia.com\/leblogmoto\/2008\/03\/21\/album-du-vend-2-12\/#primaryimage"},"thumbnailUrl":"http:\/\/www.leblogmoto.com\/images\/2008\/03\/20\/logo.gif","datePublished":"2008-03-21T02:45:01+00:00","dateModified":"2012-07-11T15:31:02+00:00","author":{"@id":"https:\/\/blogs.thesocialmedia.com\/leblogmoto\/#\/schema\/person\/e82a0ca8a9a63d031586097a3ed58526"},"breadcrumb":{"@id":"https:\/\/blogs.thesocialmedia.com\/leblogmoto\/2008\/03\/21\/album-du-vend-2-12\/#breadcrumb"},"inLanguage":"fr-FR","potentialAction":[{"@type":"ReadAction","target":["https:\/\/blogs.thesocialmedia.com\/leblogmoto\/2008\/03\/21\/album-du-vend-2-12\/"]}]},{"@type":"ImageObject","inLanguage":"fr-FR","@id":"https:\/\/blogs.thesocialmedia.com\/leblogmoto\/2008\/03\/21\/album-du-vend-2-12\/#primaryimage","url":"http:\/\/www.leblogmoto.com\/images\/2008\/03\/20\/logo.gif","contentUrl":"http:\/\/www.leblogmoto.com\/images\/2008\/03\/20\/logo.gif"},{"@type":"BreadcrumbList","@id":"https:\/\/blogs.thesocialmedia.com\/leblogmoto\/2008\/03\/21\/album-du-vend-2-12\/#breadcrumb","itemListElement":[{"@type":"ListItem","position":1,"name":"Accueil","item":"https:\/\/blogs.thesocialmedia.com\/leblogmoto\/"},{"@type":"ListItem","position":2,"name":"Album du vendredi, les MBI awards"}]},{"@type":"WebSite","@id":"https:\/\/blogs.thesocialmedia.com\/leblogmoto\/#website","url":"https:\/\/blogs.thesocialmedia.com\/leblogmoto\/","name":"leblogmoto","description":"Toute l&#039;actualit\u00e9 des 2 roues","potentialAction":[{"@type":"SearchAction","target":{"@type":"EntryPoint","urlTemplate":"https:\/\/blogs.thesocialmedia.com\/leblogmoto\/?s={search_term_string}"},"query-input":{"@type":"PropertyValueSpecification","valueRequired":true,"valueName":"search_term_string"}}],"inLanguage":"fr-FR"},{"@type":"Person","@id":"https:\/\/blogs.thesocialmedia.com\/leblogmoto\/#\/schema\/person\/e82a0ca8a9a63d031586097a3ed58526","name":"jacques lesage","image":{"@type":"ImageObject","inLanguage":"fr-FR","@id":"https:\/\/blogs.thesocialmedia.com\/leblogmoto\/#\/schema\/person\/image\/","url":"https:\/\/secure.gravatar.com\/avatar\/?s=96&d=mm&r=g","contentUrl":"https:\/\/secure.gravatar.com\/avatar\/?s=96&d=mm&r=g","caption":"jacques lesage"},"url":"https:\/\/blogs.thesocialmedia.com\/leblogmoto\/author\/jacques-lesage\/"}]}},"_links":{"self":[{"href":"https:\/\/blogs.thesocialmedia.com\/leblogmoto\/wp-json\/wp\/v2\/posts\/827","targetHints":{"allow":["GET"]}}],"collection":[{"href":"https:\/\/blogs.thesocialmedia.com\/leblogmoto\/wp-json\/wp\/v2\/posts"}],"about":[{"href":"https:\/\/blogs.thesocialmedia.com\/leblogmoto\/wp-json\/wp\/v2\/types\/post"}],"author":[{"embeddable":true,"href":"https:\/\/blogs.thesocialmedia.com\/leblogmoto\/wp-json\/wp\/v2\/users\/325"}],"replies":[{"embeddable":true,"href":"https:\/\/blogs.thesocialmedia.com\/leblogmoto\/wp-json\/wp\/v2\/comments?post=827"}],"version-history":[{"count":2,"href":"https:\/\/blogs.thesocialmedia.com\/leblogmoto\/wp-json\/wp\/v2\/posts\/827\/revisions"}],"predecessor-version":[{"id":10245,"href":"https:\/\/blogs.thesocialmedia.com\/leblogmoto\/wp-json\/wp\/v2\/posts\/827\/revisions\/10245"}],"wp:attachment":[{"href":"https:\/\/blogs.thesocialmedia.com\/leblogmoto\/wp-json\/wp\/v2\/media?parent=827"}],"wp:term":[{"taxonomy":"category","embeddable":true,"href":"https:\/\/blogs.thesocialmedia.com\/leblogmoto\/wp-json\/wp\/v2\/categories?post=827"},{"taxonomy":"post_tag","embeddable":true,"href":"https:\/\/blogs.thesocialmedia.com\/leblogmoto\/wp-json\/wp\/v2\/tags?post=827"}],"curies":[{"name":"wp","href":"https:\/\/api.w.org\/{rel}","templated":true}]}}