{"id":831,"date":"2008-03-19T18:17:36","date_gmt":"2008-03-19T18:17:36","guid":{"rendered":"http:\/\/blogs.thesocialmedia.com\/leblogmoto\/2008\/03\/19\/le-cuir-de-la-s-3\/"},"modified":"2012-07-11T15:30:28","modified_gmt":"2012-07-11T15:30:28","slug":"le-cuir-de-la-s-3","status":"publish","type":"post","link":"https:\/\/blogs.thesocialmedia.com\/leblogmoto\/2008\/03\/19\/le-cuir-de-la-s-3\/","title":{"rendered":"Le cuir de la semaine: Vale et Alessia pour Dainese."},"content":{"rendered":"<p><a href=\"http:\/\/blogs.thesocialmedia.com\/leblogmoto\/files\/2012\/07\/vale_et_alessia_pour_dainese_2008_2.jpg\"><img loading=\"lazy\" decoding=\"async\" height=\"626\" alt=\"Vale_et_alessia_pour_dainese_2008_2\" src=\"http:\/\/www.leblogmoto.com\/images\/2008\/03\/19\/vale_et_alessia_pour_dainese_2008_2.jpg\" width=\"470\"  \/><\/a> <\/p>\n<p>Dainese poursuit son partenariat avec Valentino Rossi, et pour sa campagne 2008, le prodige de Tavullia se voit associ\u00e9 \u00e0 une star montante du cin\u00e9ma transalpin en la personne d&rsquo;Alessia Piovan. La s\u00e9millante actrice et le charismatique septuple champion du monde posent dans des sc\u00e8nes assez improbables (vous jouez \u00e0 la console en combinaison et avec des gants vous ?) de la vie quotidienne et devant l&rsquo;objectif du photographe Toni Thorimbert. En passant, superbe moquette pour des sensations tr\u00e8s moto verte. Via nos voisins italiens du <a href=\"http:\/\/www.motoblog.it\/\">motoblog<\/a>.<\/p>\n<p><a href=\"http:\/\/clabedan.typepad.com\/.shared\/image.html?\/photos\/uncategorized\/2008\/03\/19\/vale_et_alessia_pour_dainese_2008_1.jpg\"><img loading=\"lazy\" decoding=\"async\" height=\"313\" alt=\"Vale_et_alessia_pour_dainese_2008_1\" src=\"http:\/\/www.leblogmoto.com\/images\/2008\/03\/19\/vale_et_alessia_pour_dainese_2008_1.jpg\" width=\"470\"  \/><\/a> <\/p>\n<p><a href=\"http:\/\/blogs.thesocialmedia.com\/leblogmoto\/files\/2012\/07\/vale_et_alessia_pour_dainese_2008_3.jpg\"><img loading=\"lazy\" decoding=\"async\" height=\"704\" alt=\"Vale_et_alessia_pour_dainese_2008_3\" src=\"http:\/\/www.leblogmoto.com\/images\/2008\/03\/19\/vale_et_alessia_pour_dainese_2008_3.jpg\" width=\"470\"  \/><\/a> <\/p>\n<p><a href=\"http:\/\/blogs.thesocialmedia.com\/leblogmoto\/files\/2012\/07\/vale_et_alessia_pour_dainese_2008_4.jpg\"><img loading=\"lazy\" decoding=\"async\" height=\"705\" alt=\"Vale_et_alessia_pour_dainese_2008_4\" src=\"http:\/\/www.leblogmoto.com\/images\/2008\/03\/19\/vale_et_alessia_pour_dainese_2008_4.jpg\" width=\"470\"  \/><\/a> <\/p>\n","protected":false},"excerpt":{"rendered":"<p>Dainese poursuit son partenariat avec Valentino Rossi, et pour sa campagne 2008, le prodige de Tavullia se voit associ\u00e9 \u00e0 une star montante du cin\u00e9ma transalpin en la personne d&rsquo;Alessia Piovan. La s\u00e9millante actrice et le charismatique septuple champion du monde posent dans des sc\u00e8nes assez improbables (vous jouez \u00e0 la console en combinaison et [&hellip;]<\/p>\n","protected":false},"author":324,"featured_media":0,"comment_status":"open","ping_status":"open","sticky":false,"template":"","format":"standard","meta":{"footnotes":""},"categories":[49,8,22],"tags":[],"class_list":["post-831","post","type-post","status-publish","format-standard","hentry","category-actualites-entreprise","category-chaines-et-cuirs","category-motogp"],"yoast_head":"<!-- This site is optimized with the Yoast SEO plugin v26.0 - https:\/\/yoast.com\/wordpress\/plugins\/seo\/ -->\n<title>Le cuir de la semaine: Vale et Alessia pour Dainese. - leblogmoto.com<\/title>\n<meta name=\"robots\" content=\"index, follow, max-snippet:-1, max-image-preview:large, max-video-preview:-1\" \/>\n<link rel=\"canonical\" href=\"https:\/\/blogs.thesocialmedia.com\/leblogmoto\/2008\/03\/19\/le-cuir-de-la-s-3\/\" \/>\n<meta name=\"twitter:card\" content=\"summary_large_image\" \/>\n<meta name=\"twitter:title\" content=\"Le cuir de la semaine: Vale et Alessia pour Dainese. - leblogmoto.com\" \/>\n<meta name=\"twitter:description\" content=\"Dainese poursuit son partenariat avec Valentino Rossi, et pour sa campagne 2008, le prodige de Tavullia se voit associ\u00e9 \u00e0 une star montante du cin\u00e9ma transalpin en la personne d&rsquo;Alessia Piovan. La s\u00e9millante actrice et le charismatique septuple champion du monde posent dans des sc\u00e8nes assez improbables (vous jouez \u00e0 la console en combinaison et [&hellip;]\" \/>\n<meta name=\"twitter:image\" content=\"http:\/\/www.leblogmoto.com\/images\/2008\/03\/19\/vale_et_alessia_pour_dainese_2008_2.jpg\" \/>\n<meta name=\"twitter:label1\" content=\"\u00c9crit par\" \/>\n\t<meta name=\"twitter:data1\" content=\"benoit rieu\" \/>\n<script type=\"application\/ld+json\" class=\"yoast-schema-graph\">{\"@context\":\"https:\/\/schema.org\",\"@graph\":[{\"@type\":\"WebPage\",\"@id\":\"https:\/\/blogs.thesocialmedia.com\/leblogmoto\/2008\/03\/19\/le-cuir-de-la-s-3\/\",\"url\":\"https:\/\/blogs.thesocialmedia.com\/leblogmoto\/2008\/03\/19\/le-cuir-de-la-s-3\/\",\"name\":\"Le cuir de la semaine: Vale et Alessia pour Dainese. - leblogmoto.com\",\"isPartOf\":{\"@id\":\"https:\/\/blogs.thesocialmedia.com\/leblogmoto\/#website\"},\"primaryImageOfPage\":{\"@id\":\"https:\/\/blogs.thesocialmedia.com\/leblogmoto\/2008\/03\/19\/le-cuir-de-la-s-3\/#primaryimage\"},\"image\":{\"@id\":\"https:\/\/blogs.thesocialmedia.com\/leblogmoto\/2008\/03\/19\/le-cuir-de-la-s-3\/#primaryimage\"},\"thumbnailUrl\":\"http:\/\/www.leblogmoto.com\/images\/2008\/03\/19\/vale_et_alessia_pour_dainese_2008_2.jpg\",\"datePublished\":\"2008-03-19T18:17:36+00:00\",\"dateModified\":\"2012-07-11T15:30:28+00:00\",\"author\":{\"@id\":\"https:\/\/blogs.thesocialmedia.com\/leblogmoto\/#\/schema\/person\/18bfe773e5725ed6d24f743da805362a\"},\"breadcrumb\":{\"@id\":\"https:\/\/blogs.thesocialmedia.com\/leblogmoto\/2008\/03\/19\/le-cuir-de-la-s-3\/#breadcrumb\"},\"inLanguage\":\"fr-FR\",\"potentialAction\":[{\"@type\":\"ReadAction\",\"target\":[\"https:\/\/blogs.thesocialmedia.com\/leblogmoto\/2008\/03\/19\/le-cuir-de-la-s-3\/\"]}]},{\"@type\":\"ImageObject\",\"inLanguage\":\"fr-FR\",\"@id\":\"https:\/\/blogs.thesocialmedia.com\/leblogmoto\/2008\/03\/19\/le-cuir-de-la-s-3\/#primaryimage\",\"url\":\"http:\/\/www.leblogmoto.com\/images\/2008\/03\/19\/vale_et_alessia_pour_dainese_2008_2.jpg\",\"contentUrl\":\"http:\/\/www.leblogmoto.com\/images\/2008\/03\/19\/vale_et_alessia_pour_dainese_2008_2.jpg\"},{\"@type\":\"BreadcrumbList\",\"@id\":\"https:\/\/blogs.thesocialmedia.com\/leblogmoto\/2008\/03\/19\/le-cuir-de-la-s-3\/#breadcrumb\",\"itemListElement\":[{\"@type\":\"ListItem\",\"position\":1,\"name\":\"Accueil\",\"item\":\"https:\/\/blogs.thesocialmedia.com\/leblogmoto\/\"},{\"@type\":\"ListItem\",\"position\":2,\"name\":\"Le cuir de la semaine: Vale et Alessia pour Dainese.\"}]},{\"@type\":\"WebSite\",\"@id\":\"https:\/\/blogs.thesocialmedia.com\/leblogmoto\/#website\",\"url\":\"https:\/\/blogs.thesocialmedia.com\/leblogmoto\/\",\"name\":\"leblogmoto\",\"description\":\"Toute l&#039;actualit\u00e9 des 2 roues\",\"potentialAction\":[{\"@type\":\"SearchAction\",\"target\":{\"@type\":\"EntryPoint\",\"urlTemplate\":\"https:\/\/blogs.thesocialmedia.com\/leblogmoto\/?s={search_term_string}\"},\"query-input\":{\"@type\":\"PropertyValueSpecification\",\"valueRequired\":true,\"valueName\":\"search_term_string\"}}],\"inLanguage\":\"fr-FR\"},{\"@type\":\"Person\",\"@id\":\"https:\/\/blogs.thesocialmedia.com\/leblogmoto\/#\/schema\/person\/18bfe773e5725ed6d24f743da805362a\",\"name\":\"benoit rieu\",\"image\":{\"@type\":\"ImageObject\",\"inLanguage\":\"fr-FR\",\"@id\":\"https:\/\/blogs.thesocialmedia.com\/leblogmoto\/#\/schema\/person\/image\/\",\"url\":\"https:\/\/secure.gravatar.com\/avatar\/?s=96&d=mm&r=g\",\"contentUrl\":\"https:\/\/secure.gravatar.com\/avatar\/?s=96&d=mm&r=g\",\"caption\":\"benoit rieu\"},\"url\":\"https:\/\/blogs.thesocialmedia.com\/leblogmoto\/author\/benoit-rieu\/\"}]}<\/script>\n<!-- \/ Yoast SEO plugin. -->","yoast_head_json":{"title":"Le cuir de la semaine: Vale et Alessia pour Dainese. - leblogmoto.com","robots":{"index":"index","follow":"follow","max-snippet":"max-snippet:-1","max-image-preview":"max-image-preview:large","max-video-preview":"max-video-preview:-1"},"canonical":"https:\/\/blogs.thesocialmedia.com\/leblogmoto\/2008\/03\/19\/le-cuir-de-la-s-3\/","twitter_card":"summary_large_image","twitter_title":"Le cuir de la semaine: Vale et Alessia pour Dainese. - leblogmoto.com","twitter_description":"Dainese poursuit son partenariat avec Valentino Rossi, et pour sa campagne 2008, le prodige de Tavullia se voit associ\u00e9 \u00e0 une star montante du cin\u00e9ma transalpin en la personne d&rsquo;Alessia Piovan. La s\u00e9millante actrice et le charismatique septuple champion du monde posent dans des sc\u00e8nes assez improbables (vous jouez \u00e0 la console en combinaison et [&hellip;]","twitter_image":"http:\/\/www.leblogmoto.com\/images\/2008\/03\/19\/vale_et_alessia_pour_dainese_2008_2.jpg","twitter_misc":{"\u00c9crit par":"benoit rieu"},"schema":{"@context":"https:\/\/schema.org","@graph":[{"@type":"WebPage","@id":"https:\/\/blogs.thesocialmedia.com\/leblogmoto\/2008\/03\/19\/le-cuir-de-la-s-3\/","url":"https:\/\/blogs.thesocialmedia.com\/leblogmoto\/2008\/03\/19\/le-cuir-de-la-s-3\/","name":"Le cuir de la semaine: Vale et Alessia pour Dainese. - leblogmoto.com","isPartOf":{"@id":"https:\/\/blogs.thesocialmedia.com\/leblogmoto\/#website"},"primaryImageOfPage":{"@id":"https:\/\/blogs.thesocialmedia.com\/leblogmoto\/2008\/03\/19\/le-cuir-de-la-s-3\/#primaryimage"},"image":{"@id":"https:\/\/blogs.thesocialmedia.com\/leblogmoto\/2008\/03\/19\/le-cuir-de-la-s-3\/#primaryimage"},"thumbnailUrl":"http:\/\/www.leblogmoto.com\/images\/2008\/03\/19\/vale_et_alessia_pour_dainese_2008_2.jpg","datePublished":"2008-03-19T18:17:36+00:00","dateModified":"2012-07-11T15:30:28+00:00","author":{"@id":"https:\/\/blogs.thesocialmedia.com\/leblogmoto\/#\/schema\/person\/18bfe773e5725ed6d24f743da805362a"},"breadcrumb":{"@id":"https:\/\/blogs.thesocialmedia.com\/leblogmoto\/2008\/03\/19\/le-cuir-de-la-s-3\/#breadcrumb"},"inLanguage":"fr-FR","potentialAction":[{"@type":"ReadAction","target":["https:\/\/blogs.thesocialmedia.com\/leblogmoto\/2008\/03\/19\/le-cuir-de-la-s-3\/"]}]},{"@type":"ImageObject","inLanguage":"fr-FR","@id":"https:\/\/blogs.thesocialmedia.com\/leblogmoto\/2008\/03\/19\/le-cuir-de-la-s-3\/#primaryimage","url":"http:\/\/www.leblogmoto.com\/images\/2008\/03\/19\/vale_et_alessia_pour_dainese_2008_2.jpg","contentUrl":"http:\/\/www.leblogmoto.com\/images\/2008\/03\/19\/vale_et_alessia_pour_dainese_2008_2.jpg"},{"@type":"BreadcrumbList","@id":"https:\/\/blogs.thesocialmedia.com\/leblogmoto\/2008\/03\/19\/le-cuir-de-la-s-3\/#breadcrumb","itemListElement":[{"@type":"ListItem","position":1,"name":"Accueil","item":"https:\/\/blogs.thesocialmedia.com\/leblogmoto\/"},{"@type":"ListItem","position":2,"name":"Le cuir de la semaine: Vale et Alessia pour Dainese."}]},{"@type":"WebSite","@id":"https:\/\/blogs.thesocialmedia.com\/leblogmoto\/#website","url":"https:\/\/blogs.thesocialmedia.com\/leblogmoto\/","name":"leblogmoto","description":"Toute l&#039;actualit\u00e9 des 2 roues","potentialAction":[{"@type":"SearchAction","target":{"@type":"EntryPoint","urlTemplate":"https:\/\/blogs.thesocialmedia.com\/leblogmoto\/?s={search_term_string}"},"query-input":{"@type":"PropertyValueSpecification","valueRequired":true,"valueName":"search_term_string"}}],"inLanguage":"fr-FR"},{"@type":"Person","@id":"https:\/\/blogs.thesocialmedia.com\/leblogmoto\/#\/schema\/person\/18bfe773e5725ed6d24f743da805362a","name":"benoit rieu","image":{"@type":"ImageObject","inLanguage":"fr-FR","@id":"https:\/\/blogs.thesocialmedia.com\/leblogmoto\/#\/schema\/person\/image\/","url":"https:\/\/secure.gravatar.com\/avatar\/?s=96&d=mm&r=g","contentUrl":"https:\/\/secure.gravatar.com\/avatar\/?s=96&d=mm&r=g","caption":"benoit rieu"},"url":"https:\/\/blogs.thesocialmedia.com\/leblogmoto\/author\/benoit-rieu\/"}]}},"_links":{"self":[{"href":"https:\/\/blogs.thesocialmedia.com\/leblogmoto\/wp-json\/wp\/v2\/posts\/831","targetHints":{"allow":["GET"]}}],"collection":[{"href":"https:\/\/blogs.thesocialmedia.com\/leblogmoto\/wp-json\/wp\/v2\/posts"}],"about":[{"href":"https:\/\/blogs.thesocialmedia.com\/leblogmoto\/wp-json\/wp\/v2\/types\/post"}],"author":[{"embeddable":true,"href":"https:\/\/blogs.thesocialmedia.com\/leblogmoto\/wp-json\/wp\/v2\/users\/324"}],"replies":[{"embeddable":true,"href":"https:\/\/blogs.thesocialmedia.com\/leblogmoto\/wp-json\/wp\/v2\/comments?post=831"}],"version-history":[{"count":2,"href":"https:\/\/blogs.thesocialmedia.com\/leblogmoto\/wp-json\/wp\/v2\/posts\/831\/revisions"}],"predecessor-version":[{"id":10226,"href":"https:\/\/blogs.thesocialmedia.com\/leblogmoto\/wp-json\/wp\/v2\/posts\/831\/revisions\/10226"}],"wp:attachment":[{"href":"https:\/\/blogs.thesocialmedia.com\/leblogmoto\/wp-json\/wp\/v2\/media?parent=831"}],"wp:term":[{"taxonomy":"category","embeddable":true,"href":"https:\/\/blogs.thesocialmedia.com\/leblogmoto\/wp-json\/wp\/v2\/categories?post=831"},{"taxonomy":"post_tag","embeddable":true,"href":"https:\/\/blogs.thesocialmedia.com\/leblogmoto\/wp-json\/wp\/v2\/tags?post=831"}],"curies":[{"name":"wp","href":"https:\/\/api.w.org\/{rel}","templated":true}]}}