{"id":833,"date":"2008-03-19T03:51:11","date_gmt":"2008-03-19T03:51:11","guid":{"rendered":"http:\/\/blogs.thesocialmedia.com\/leblogmoto\/2008\/03\/19\/jolene-van-vugt\/"},"modified":"2012-07-11T15:30:07","modified_gmt":"2012-07-11T15:30:07","slug":"jolene-van-vugt","status":"publish","type":"post","link":"https:\/\/blogs.thesocialmedia.com\/leblogmoto\/2008\/03\/19\/jolene-van-vugt\/","title":{"rendered":"Jolene Van Vugt, \u00e9toile montante du FMX"},"content":{"rendered":"<p><a href=\"http:\/\/blogs.thesocialmedia.com\/leblogmoto\/files\/2012\/07\/van1.jpg\"><img loading=\"lazy\" decoding=\"async\" width=\"470\" height=\"312\"  alt=\"Van1\" src=\"http:\/\/www.leblogmoto.com\/images\/2008\/03\/18\/van1.jpg\" \/><\/a> <br \/><em>photos <a href=\"http:\/\/www.allisonkennedy.com\/\">Allison Kennedy<\/a> <\/em><\/p>\n<p>Cette Ontarienne (Canada) de 27 ans qui, en comp\u00e9tition motocross depuis l&rsquo;\u00e2ge de 15 ans, revendique \u00e0 elle seule un palmar\u00e8s que bien des gars dans la discipline, non seulement lui envie, mais dont la majorit\u00e9 se contenterait de moins.<br \/>On retiendra surtout, outre ses nombreux championats, qu&rsquo;elle est la premi\u00e8re fille \u00e0 avoir r\u00e9ussi un \u00abback flip\u00bb \u00e0 partir d&rsquo;une rampe avec atterrissage sur terre battue, et la seule \u00e0 l&rsquo;avoir fait avec Travis Pastrana au dessus du Grand Canyon. d&rsquo;ailleurs, juste de faire partie du groupe Pastrana en dit long sur la force de caract\u00e8re de la jeune femme.<\/p>\n<p>Parlant de cojones, elle raconte que le back flip est une figure relativement simple, le probl\u00e8me \u00e9tant que la figure demande un engagement complet, impossible de le r\u00e9ussir qu&rsquo;\u00e0 moiti\u00e9. Tout \u00e9tant dans la vitesse d&rsquo;approche et surtout dans le dernier petit coup de fouet donn\u00e9 \u00e0 l&rsquo;acc\u00e9l\u00e9rateur juste avant l&rsquo;envol\u00e9e.<br \/>Pour le reste, \u00e7a tourne tout seul. Dit comme \u00e7a, en effet, \u00e7a semble simple, mais je ne crois pas faire de tentative cette ann\u00e9e, je n&rsquo;ai pas la simplicit\u00e9 si volontaire que \u00e7a!<\/p>\n<p><a href=\"http:\/\/clabedan.typepad.com\/.shared\/image.html?\/photos\/uncategorized\/2008\/03\/18\/van2.jpg\"><img loading=\"lazy\" decoding=\"async\" width=\"470\" height=\"312\"  src=\"http:\/\/www.leblogmoto.com\/images\/2008\/03\/18\/van2.jpg\" alt=\"Van2\" \/><\/a> <\/p>\n<p>\u00c0 la voir, on serait port\u00e9 \u00e0 croire qu&rsquo;elle est une fille dans le groupe, pas qu&rsquo;elle est LA fille du groupe, et plusieurs la croisant en \u00abcivil\u00bb ont de la difficult\u00e9 \u00e0 se convaincre qu&rsquo;elle est championne de motocross et la premi\u00e8re du backflip.<br \/>Mais avec la visibilit\u00e9 qu&rsquo;apporte le FMX et ses exploits sur la piste comme sur la rampe, le nom et le visage de <a href=\"http:\/\/profile.myspace.com\/index.cfm?fuseaction=user.viewprofile&amp;friendid=31884080\">Jolene Van Vugt<\/a> sont de plus en plus reconnus.<\/p>\n<p><a href=\"http:\/\/clabedan.typepad.com\/.shared\/image.html?\/photos\/uncategorized\/2008\/03\/18\/van3.jpg\"><img loading=\"lazy\" decoding=\"async\" width=\"470\" height=\"312\"  src=\"http:\/\/www.leblogmoto.com\/images\/2008\/03\/18\/van3.jpg\" alt=\"Van3\" \/><\/a> <\/p>\n<p><a href=\"http:\/\/blogs.thesocialmedia.com\/leblogmoto\/files\/2012\/07\/van4.jpg\"><img loading=\"lazy\" decoding=\"async\" width=\"470\" height=\"174\"  src=\"http:\/\/www.leblogmoto.com\/images\/2008\/03\/18\/van4.jpg\" alt=\"Van4\" \/><\/a> <\/p>\n<p><object width=\"425\" height=\"373\"><param name=\"movie\" value=\"http:\/\/www.youtube.com\/v\/zn9OZljUajc&amp;rel=0&amp;border=1&amp;hl=en\" \/><param name=\"wmode\" value=\"transparent\" \/><embed width=\"425\" height=\"373\" src=\"http:\/\/www.youtube.com\/v\/zn9OZljUajc&amp;rel=0&amp;border=1&amp;hl=en\" type=\"application\/x-shockwave-flash\"><\/embed><\/object><\/p>\n<p>Parlant toujours de courage et de t\u00e9nacit\u00e9, ce jeune homme, <a href=\"http:\/\/fr.wikipedia.org\/wiki\/Aaron_Fotheringham\">Aaron Fotheringham<\/a>, est aussi le premier \u00e0 avoir r\u00e9ussi le backflip, mais en fauteuil roulant. Quand on dit qu&rsquo;il faut en avoir, le sexe, l&rsquo;\u00e2ge et la condition n&rsquo;ont que peu d&rsquo;importance.<\/p>\n<p><object width=\"425\" height=\"373\"><param name=\"movie\" value=\"http:\/\/www.youtube.com\/v\/7NJvgT60-mk&amp;rel=0&amp;border=1&amp;hl=en\" \/><param name=\"wmode\" value=\"transparent\" \/><embed width=\"425\" height=\"373\" src=\"http:\/\/www.youtube.com\/v\/7NJvgT60-mk&amp;rel=0&amp;border=1&amp;hl=en\" type=\"application\/x-shockwave-flash\"><\/embed><\/object><\/p>\n","protected":false},"excerpt":{"rendered":"<p>photos Allison Kennedy Cette Ontarienne (Canada) de 27 ans qui, en comp\u00e9tition motocross depuis l&rsquo;\u00e2ge de 15 ans, revendique \u00e0 elle seule un palmar\u00e8s que bien des gars dans la discipline, non seulement lui envie, mais dont la majorit\u00e9 se contenterait de moins.On retiendra surtout, outre ses nombreux championats, qu&rsquo;elle est la premi\u00e8re fille \u00e0 [&hellip;]<\/p>\n","protected":false},"author":325,"featured_media":0,"comment_status":"open","ping_status":"open","sticky":false,"template":"","format":"standard","meta":{"footnotes":""},"categories":[13,66,12],"tags":[],"class_list":["post-833","post","type-post","status-publish","format-standard","hentry","category-aventure","category-moto-cross","category-videos"],"yoast_head":"<!-- This site is optimized with the Yoast SEO plugin v26.0 - https:\/\/yoast.com\/wordpress\/plugins\/seo\/ -->\n<title>Jolene Van Vugt, \u00e9toile montante du FMX - leblogmoto.com<\/title>\n<meta name=\"robots\" content=\"index, follow, max-snippet:-1, max-image-preview:large, max-video-preview:-1\" \/>\n<link rel=\"canonical\" href=\"https:\/\/blogs.thesocialmedia.com\/leblogmoto\/2008\/03\/19\/jolene-van-vugt\/\" \/>\n<meta name=\"twitter:card\" content=\"summary_large_image\" \/>\n<meta name=\"twitter:title\" content=\"Jolene Van Vugt, \u00e9toile montante du FMX - leblogmoto.com\" \/>\n<meta name=\"twitter:description\" content=\"photos Allison Kennedy Cette Ontarienne (Canada) de 27 ans qui, en comp\u00e9tition motocross depuis l&rsquo;\u00e2ge de 15 ans, revendique \u00e0 elle seule un palmar\u00e8s que bien des gars dans la discipline, non seulement lui envie, mais dont la majorit\u00e9 se contenterait de moins.On retiendra surtout, outre ses nombreux championats, qu&rsquo;elle est la premi\u00e8re fille \u00e0 [&hellip;]\" \/>\n<meta name=\"twitter:image\" content=\"http:\/\/www.leblogmoto.com\/images\/2008\/03\/18\/van1.jpg\" \/>\n<meta name=\"twitter:label1\" content=\"\u00c9crit par\" \/>\n\t<meta name=\"twitter:data1\" content=\"jacques lesage\" \/>\n\t<meta name=\"twitter:label2\" content=\"Dur\u00e9e de lecture estim\u00e9e\" \/>\n\t<meta name=\"twitter:data2\" content=\"2 minutes\" \/>\n<script type=\"application\/ld+json\" class=\"yoast-schema-graph\">{\"@context\":\"https:\/\/schema.org\",\"@graph\":[{\"@type\":\"WebPage\",\"@id\":\"https:\/\/blogs.thesocialmedia.com\/leblogmoto\/2008\/03\/19\/jolene-van-vugt\/\",\"url\":\"https:\/\/blogs.thesocialmedia.com\/leblogmoto\/2008\/03\/19\/jolene-van-vugt\/\",\"name\":\"Jolene Van Vugt, \u00e9toile montante du FMX - leblogmoto.com\",\"isPartOf\":{\"@id\":\"https:\/\/blogs.thesocialmedia.com\/leblogmoto\/#website\"},\"primaryImageOfPage\":{\"@id\":\"https:\/\/blogs.thesocialmedia.com\/leblogmoto\/2008\/03\/19\/jolene-van-vugt\/#primaryimage\"},\"image\":{\"@id\":\"https:\/\/blogs.thesocialmedia.com\/leblogmoto\/2008\/03\/19\/jolene-van-vugt\/#primaryimage\"},\"thumbnailUrl\":\"http:\/\/www.leblogmoto.com\/images\/2008\/03\/18\/van1.jpg\",\"datePublished\":\"2008-03-19T03:51:11+00:00\",\"dateModified\":\"2012-07-11T15:30:07+00:00\",\"author\":{\"@id\":\"https:\/\/blogs.thesocialmedia.com\/leblogmoto\/#\/schema\/person\/e82a0ca8a9a63d031586097a3ed58526\"},\"breadcrumb\":{\"@id\":\"https:\/\/blogs.thesocialmedia.com\/leblogmoto\/2008\/03\/19\/jolene-van-vugt\/#breadcrumb\"},\"inLanguage\":\"fr-FR\",\"potentialAction\":[{\"@type\":\"ReadAction\",\"target\":[\"https:\/\/blogs.thesocialmedia.com\/leblogmoto\/2008\/03\/19\/jolene-van-vugt\/\"]}]},{\"@type\":\"ImageObject\",\"inLanguage\":\"fr-FR\",\"@id\":\"https:\/\/blogs.thesocialmedia.com\/leblogmoto\/2008\/03\/19\/jolene-van-vugt\/#primaryimage\",\"url\":\"http:\/\/www.leblogmoto.com\/images\/2008\/03\/18\/van1.jpg\",\"contentUrl\":\"http:\/\/www.leblogmoto.com\/images\/2008\/03\/18\/van1.jpg\"},{\"@type\":\"BreadcrumbList\",\"@id\":\"https:\/\/blogs.thesocialmedia.com\/leblogmoto\/2008\/03\/19\/jolene-van-vugt\/#breadcrumb\",\"itemListElement\":[{\"@type\":\"ListItem\",\"position\":1,\"name\":\"Accueil\",\"item\":\"https:\/\/blogs.thesocialmedia.com\/leblogmoto\/\"},{\"@type\":\"ListItem\",\"position\":2,\"name\":\"Jolene Van Vugt, \u00e9toile montante du FMX\"}]},{\"@type\":\"WebSite\",\"@id\":\"https:\/\/blogs.thesocialmedia.com\/leblogmoto\/#website\",\"url\":\"https:\/\/blogs.thesocialmedia.com\/leblogmoto\/\",\"name\":\"leblogmoto\",\"description\":\"Toute l&#039;actualit\u00e9 des 2 roues\",\"potentialAction\":[{\"@type\":\"SearchAction\",\"target\":{\"@type\":\"EntryPoint\",\"urlTemplate\":\"https:\/\/blogs.thesocialmedia.com\/leblogmoto\/?s={search_term_string}\"},\"query-input\":{\"@type\":\"PropertyValueSpecification\",\"valueRequired\":true,\"valueName\":\"search_term_string\"}}],\"inLanguage\":\"fr-FR\"},{\"@type\":\"Person\",\"@id\":\"https:\/\/blogs.thesocialmedia.com\/leblogmoto\/#\/schema\/person\/e82a0ca8a9a63d031586097a3ed58526\",\"name\":\"jacques lesage\",\"image\":{\"@type\":\"ImageObject\",\"inLanguage\":\"fr-FR\",\"@id\":\"https:\/\/blogs.thesocialmedia.com\/leblogmoto\/#\/schema\/person\/image\/\",\"url\":\"https:\/\/secure.gravatar.com\/avatar\/?s=96&d=mm&r=g\",\"contentUrl\":\"https:\/\/secure.gravatar.com\/avatar\/?s=96&d=mm&r=g\",\"caption\":\"jacques lesage\"},\"url\":\"https:\/\/blogs.thesocialmedia.com\/leblogmoto\/author\/jacques-lesage\/\"}]}<\/script>\n<!-- \/ Yoast SEO plugin. -->","yoast_head_json":{"title":"Jolene Van Vugt, \u00e9toile montante du FMX - leblogmoto.com","robots":{"index":"index","follow":"follow","max-snippet":"max-snippet:-1","max-image-preview":"max-image-preview:large","max-video-preview":"max-video-preview:-1"},"canonical":"https:\/\/blogs.thesocialmedia.com\/leblogmoto\/2008\/03\/19\/jolene-van-vugt\/","twitter_card":"summary_large_image","twitter_title":"Jolene Van Vugt, \u00e9toile montante du FMX - leblogmoto.com","twitter_description":"photos Allison Kennedy Cette Ontarienne (Canada) de 27 ans qui, en comp\u00e9tition motocross depuis l&rsquo;\u00e2ge de 15 ans, revendique \u00e0 elle seule un palmar\u00e8s que bien des gars dans la discipline, non seulement lui envie, mais dont la majorit\u00e9 se contenterait de moins.On retiendra surtout, outre ses nombreux championats, qu&rsquo;elle est la premi\u00e8re fille \u00e0 [&hellip;]","twitter_image":"http:\/\/www.leblogmoto.com\/images\/2008\/03\/18\/van1.jpg","twitter_misc":{"\u00c9crit par":"jacques lesage","Dur\u00e9e de lecture estim\u00e9e":"2 minutes"},"schema":{"@context":"https:\/\/schema.org","@graph":[{"@type":"WebPage","@id":"https:\/\/blogs.thesocialmedia.com\/leblogmoto\/2008\/03\/19\/jolene-van-vugt\/","url":"https:\/\/blogs.thesocialmedia.com\/leblogmoto\/2008\/03\/19\/jolene-van-vugt\/","name":"Jolene Van Vugt, \u00e9toile montante du FMX - leblogmoto.com","isPartOf":{"@id":"https:\/\/blogs.thesocialmedia.com\/leblogmoto\/#website"},"primaryImageOfPage":{"@id":"https:\/\/blogs.thesocialmedia.com\/leblogmoto\/2008\/03\/19\/jolene-van-vugt\/#primaryimage"},"image":{"@id":"https:\/\/blogs.thesocialmedia.com\/leblogmoto\/2008\/03\/19\/jolene-van-vugt\/#primaryimage"},"thumbnailUrl":"http:\/\/www.leblogmoto.com\/images\/2008\/03\/18\/van1.jpg","datePublished":"2008-03-19T03:51:11+00:00","dateModified":"2012-07-11T15:30:07+00:00","author":{"@id":"https:\/\/blogs.thesocialmedia.com\/leblogmoto\/#\/schema\/person\/e82a0ca8a9a63d031586097a3ed58526"},"breadcrumb":{"@id":"https:\/\/blogs.thesocialmedia.com\/leblogmoto\/2008\/03\/19\/jolene-van-vugt\/#breadcrumb"},"inLanguage":"fr-FR","potentialAction":[{"@type":"ReadAction","target":["https:\/\/blogs.thesocialmedia.com\/leblogmoto\/2008\/03\/19\/jolene-van-vugt\/"]}]},{"@type":"ImageObject","inLanguage":"fr-FR","@id":"https:\/\/blogs.thesocialmedia.com\/leblogmoto\/2008\/03\/19\/jolene-van-vugt\/#primaryimage","url":"http:\/\/www.leblogmoto.com\/images\/2008\/03\/18\/van1.jpg","contentUrl":"http:\/\/www.leblogmoto.com\/images\/2008\/03\/18\/van1.jpg"},{"@type":"BreadcrumbList","@id":"https:\/\/blogs.thesocialmedia.com\/leblogmoto\/2008\/03\/19\/jolene-van-vugt\/#breadcrumb","itemListElement":[{"@type":"ListItem","position":1,"name":"Accueil","item":"https:\/\/blogs.thesocialmedia.com\/leblogmoto\/"},{"@type":"ListItem","position":2,"name":"Jolene Van Vugt, \u00e9toile montante du FMX"}]},{"@type":"WebSite","@id":"https:\/\/blogs.thesocialmedia.com\/leblogmoto\/#website","url":"https:\/\/blogs.thesocialmedia.com\/leblogmoto\/","name":"leblogmoto","description":"Toute l&#039;actualit\u00e9 des 2 roues","potentialAction":[{"@type":"SearchAction","target":{"@type":"EntryPoint","urlTemplate":"https:\/\/blogs.thesocialmedia.com\/leblogmoto\/?s={search_term_string}"},"query-input":{"@type":"PropertyValueSpecification","valueRequired":true,"valueName":"search_term_string"}}],"inLanguage":"fr-FR"},{"@type":"Person","@id":"https:\/\/blogs.thesocialmedia.com\/leblogmoto\/#\/schema\/person\/e82a0ca8a9a63d031586097a3ed58526","name":"jacques lesage","image":{"@type":"ImageObject","inLanguage":"fr-FR","@id":"https:\/\/blogs.thesocialmedia.com\/leblogmoto\/#\/schema\/person\/image\/","url":"https:\/\/secure.gravatar.com\/avatar\/?s=96&d=mm&r=g","contentUrl":"https:\/\/secure.gravatar.com\/avatar\/?s=96&d=mm&r=g","caption":"jacques lesage"},"url":"https:\/\/blogs.thesocialmedia.com\/leblogmoto\/author\/jacques-lesage\/"}]}},"_links":{"self":[{"href":"https:\/\/blogs.thesocialmedia.com\/leblogmoto\/wp-json\/wp\/v2\/posts\/833","targetHints":{"allow":["GET"]}}],"collection":[{"href":"https:\/\/blogs.thesocialmedia.com\/leblogmoto\/wp-json\/wp\/v2\/posts"}],"about":[{"href":"https:\/\/blogs.thesocialmedia.com\/leblogmoto\/wp-json\/wp\/v2\/types\/post"}],"author":[{"embeddable":true,"href":"https:\/\/blogs.thesocialmedia.com\/leblogmoto\/wp-json\/wp\/v2\/users\/325"}],"replies":[{"embeddable":true,"href":"https:\/\/blogs.thesocialmedia.com\/leblogmoto\/wp-json\/wp\/v2\/comments?post=833"}],"version-history":[{"count":2,"href":"https:\/\/blogs.thesocialmedia.com\/leblogmoto\/wp-json\/wp\/v2\/posts\/833\/revisions"}],"predecessor-version":[{"id":10220,"href":"https:\/\/blogs.thesocialmedia.com\/leblogmoto\/wp-json\/wp\/v2\/posts\/833\/revisions\/10220"}],"wp:attachment":[{"href":"https:\/\/blogs.thesocialmedia.com\/leblogmoto\/wp-json\/wp\/v2\/media?parent=833"}],"wp:term":[{"taxonomy":"category","embeddable":true,"href":"https:\/\/blogs.thesocialmedia.com\/leblogmoto\/wp-json\/wp\/v2\/categories?post=833"},{"taxonomy":"post_tag","embeddable":true,"href":"https:\/\/blogs.thesocialmedia.com\/leblogmoto\/wp-json\/wp\/v2\/tags?post=833"}],"curies":[{"name":"wp","href":"https:\/\/api.w.org\/{rel}","templated":true}]}}