{"id":838,"date":"2008-03-13T23:58:14","date_gmt":"2008-03-13T23:58:14","guid":{"rendered":"http:\/\/blogs.thesocialmedia.com\/leblogmoto\/2008\/03\/13\/associ-racer-es\/"},"modified":"2012-07-11T15:29:15","modified_gmt":"2012-07-11T15:29:15","slug":"associ-racer-es","status":"publish","type":"post","link":"https:\/\/blogs.thesocialmedia.com\/leblogmoto\/2008\/03\/13\/associ-racer-es\/","title":{"rendered":"Associ\u00e9 \u00e0 Racer, Esquad produit maintenant des gants."},"content":{"rendered":"<p><a href=\"http:\/\/blogs.thesocialmedia.com\/leblogmoto\/files\/2012\/07\/moto_gants_esquad_racer.jpg\"><img loading=\"lazy\" decoding=\"async\" width=\"470\" height=\"313\"  src=\"http:\/\/www.leblogmoto.com\/images\/2008\/03\/13\/moto_gants_esquad_racer.jpg\" alt=\"Moto_gants_esquad_racer\" \/><\/a><\/p>\n<p>Associ\u00e9s aux sp\u00e9cialistes techniques des gants de motos Racer, les p&rsquo;tits gars tarnais d&rsquo;<a href=\"http:\/\/www.esquad.fr\/index.php?version=fr\">Esquad<\/a>, fabricant des d\u00e9sormais c\u00e9l\u00e8bres jeans ultra-r\u00e9sistants en Armalith, poursuivent leur d\u00e9veloppement dans l&rsquo;univers de l&rsquo;accessoire des b\u00e9canes, et prot\u00e8gent d\u00e9sormais nos patouilles avec ces gants. Sur le r\u00e9servoir, de gauche \u00e0 droite, les mitaines E-Star sont propos\u00e9es \u00e0 45 \u20ac, les gants E-one pour une pratique sportive sont vendus aux alentours de 89 \u20ac, et enfin pour une pratique routi\u00e8re plus classique, les E-denim \u00e0 69 \u20ac. <\/p>\n<p><a href=\"http:\/\/clabedan.typepad.com\/.shared\/image.html?\/photos\/uncategorized\/2008\/03\/13\/moto_gants_esquad_racer_2_3.jpg\"><img loading=\"lazy\" decoding=\"async\" width=\"470\" height=\"341\"  src=\"http:\/\/www.leblogmoto.com\/images\/2008\/03\/13\/moto_gants_esquad_racer_2_3.jpg\" alt=\"Moto_gants_esquad_racer_2_3\" \/><\/a> <\/p>\n<p>Perso, je ne vois pas trop l&rsquo;int\u00e9r\u00eat des doigts-coup\u00e9s m\u00eame pour une pratique loisir, mais pour le reste \u00e7a m&rsquo;a l&rsquo;air d&rsquo;\u00eatre du tr\u00e8s bon, comme d&rsquo;hab&rsquo;, et la bo\u00eete de Castres les fabrique \u00e9videmment toujours dans la m\u00eame fibre sus-cit\u00e9e. A&nbsp; noter que les jeans sont d\u00e9sormais vendus sur leur <a href=\"http:\/\/www.esquad.fr\/shop\/shop_1.php?zone=zone_1&amp;pays=France&amp;PHPSESSID=3e60bf760b9db9f7ac0d03bb06ce3dac\">boutique en ligne<\/a>.<\/p>\n<p>Christophe Marsella qui travaille pour eux nous a adress\u00e9 le dossier-presse hier, si vous souhaitez avoir ce fichier Pdf, donnez moi votre adresse mail, je vous l&rsquo;enverrai volontiers.<\/p>\n<p><a href=\"http:\/\/clabedan.typepad.com\/.shared\/image.html?\/photos\/uncategorized\/2008\/03\/13\/moto_gants_esquad_racer_logo.jpg\"><img loading=\"lazy\" decoding=\"async\" width=\"470\" height=\"53\"  src=\"http:\/\/www.leblogmoto.com\/images\/2008\/03\/13\/moto_gants_esquad_racer_logo.jpg\" alt=\"Moto_gants_esquad_racer_logo\" \/><\/a> <\/p>\n","protected":false},"excerpt":{"rendered":"<p>Associ\u00e9s aux sp\u00e9cialistes techniques des gants de motos Racer, les p&rsquo;tits gars tarnais d&rsquo;Esquad, fabricant des d\u00e9sormais c\u00e9l\u00e8bres jeans ultra-r\u00e9sistants en Armalith, poursuivent leur d\u00e9veloppement dans l&rsquo;univers de l&rsquo;accessoire des b\u00e9canes, et prot\u00e8gent d\u00e9sormais nos patouilles avec ces gants. Sur le r\u00e9servoir, de gauche \u00e0 droite, les mitaines E-Star sont propos\u00e9es \u00e0 45 \u20ac, les [&hellip;]<\/p>\n","protected":false},"author":324,"featured_media":0,"comment_status":"open","ping_status":"open","sticky":false,"template":"","format":"standard","meta":{"footnotes":""},"categories":[49,8,27],"tags":[],"class_list":["post-838","post","type-post","status-publish","format-standard","hentry","category-actualites-entreprise","category-chaines-et-cuirs","category-securite"],"yoast_head":"<!-- This site is optimized with the Yoast SEO plugin v26.0 - https:\/\/yoast.com\/wordpress\/plugins\/seo\/ -->\n<title>Associ\u00e9 \u00e0 Racer, Esquad produit maintenant des gants. - leblogmoto.com<\/title>\n<meta name=\"robots\" content=\"index, follow, max-snippet:-1, max-image-preview:large, max-video-preview:-1\" \/>\n<link rel=\"canonical\" href=\"https:\/\/blogs.thesocialmedia.com\/leblogmoto\/2008\/03\/13\/associ-racer-es\/\" \/>\n<meta name=\"twitter:card\" content=\"summary_large_image\" \/>\n<meta name=\"twitter:title\" content=\"Associ\u00e9 \u00e0 Racer, Esquad produit maintenant des gants. - leblogmoto.com\" \/>\n<meta name=\"twitter:description\" content=\"Associ\u00e9s aux sp\u00e9cialistes techniques des gants de motos Racer, les p&rsquo;tits gars tarnais d&rsquo;Esquad, fabricant des d\u00e9sormais c\u00e9l\u00e8bres jeans ultra-r\u00e9sistants en Armalith, poursuivent leur d\u00e9veloppement dans l&rsquo;univers de l&rsquo;accessoire des b\u00e9canes, et prot\u00e8gent d\u00e9sormais nos patouilles avec ces gants. Sur le r\u00e9servoir, de gauche \u00e0 droite, les mitaines E-Star sont propos\u00e9es \u00e0 45 \u20ac, les [&hellip;]\" \/>\n<meta name=\"twitter:image\" content=\"http:\/\/www.leblogmoto.com\/images\/2008\/03\/13\/moto_gants_esquad_racer.jpg\" \/>\n<meta name=\"twitter:label1\" content=\"\u00c9crit par\" \/>\n\t<meta name=\"twitter:data1\" content=\"benoit rieu\" \/>\n\t<meta name=\"twitter:label2\" content=\"Dur\u00e9e de lecture estim\u00e9e\" \/>\n\t<meta name=\"twitter:data2\" content=\"1 minute\" \/>\n<script type=\"application\/ld+json\" class=\"yoast-schema-graph\">{\"@context\":\"https:\/\/schema.org\",\"@graph\":[{\"@type\":\"WebPage\",\"@id\":\"https:\/\/blogs.thesocialmedia.com\/leblogmoto\/2008\/03\/13\/associ-racer-es\/\",\"url\":\"https:\/\/blogs.thesocialmedia.com\/leblogmoto\/2008\/03\/13\/associ-racer-es\/\",\"name\":\"Associ\u00e9 \u00e0 Racer, Esquad produit maintenant des gants. - leblogmoto.com\",\"isPartOf\":{\"@id\":\"https:\/\/blogs.thesocialmedia.com\/leblogmoto\/#website\"},\"primaryImageOfPage\":{\"@id\":\"https:\/\/blogs.thesocialmedia.com\/leblogmoto\/2008\/03\/13\/associ-racer-es\/#primaryimage\"},\"image\":{\"@id\":\"https:\/\/blogs.thesocialmedia.com\/leblogmoto\/2008\/03\/13\/associ-racer-es\/#primaryimage\"},\"thumbnailUrl\":\"http:\/\/www.leblogmoto.com\/images\/2008\/03\/13\/moto_gants_esquad_racer.jpg\",\"datePublished\":\"2008-03-13T23:58:14+00:00\",\"dateModified\":\"2012-07-11T15:29:15+00:00\",\"author\":{\"@id\":\"https:\/\/blogs.thesocialmedia.com\/leblogmoto\/#\/schema\/person\/18bfe773e5725ed6d24f743da805362a\"},\"breadcrumb\":{\"@id\":\"https:\/\/blogs.thesocialmedia.com\/leblogmoto\/2008\/03\/13\/associ-racer-es\/#breadcrumb\"},\"inLanguage\":\"fr-FR\",\"potentialAction\":[{\"@type\":\"ReadAction\",\"target\":[\"https:\/\/blogs.thesocialmedia.com\/leblogmoto\/2008\/03\/13\/associ-racer-es\/\"]}]},{\"@type\":\"ImageObject\",\"inLanguage\":\"fr-FR\",\"@id\":\"https:\/\/blogs.thesocialmedia.com\/leblogmoto\/2008\/03\/13\/associ-racer-es\/#primaryimage\",\"url\":\"http:\/\/www.leblogmoto.com\/images\/2008\/03\/13\/moto_gants_esquad_racer.jpg\",\"contentUrl\":\"http:\/\/www.leblogmoto.com\/images\/2008\/03\/13\/moto_gants_esquad_racer.jpg\"},{\"@type\":\"BreadcrumbList\",\"@id\":\"https:\/\/blogs.thesocialmedia.com\/leblogmoto\/2008\/03\/13\/associ-racer-es\/#breadcrumb\",\"itemListElement\":[{\"@type\":\"ListItem\",\"position\":1,\"name\":\"Accueil\",\"item\":\"https:\/\/blogs.thesocialmedia.com\/leblogmoto\/\"},{\"@type\":\"ListItem\",\"position\":2,\"name\":\"Associ\u00e9 \u00e0 Racer, Esquad produit maintenant des gants.\"}]},{\"@type\":\"WebSite\",\"@id\":\"https:\/\/blogs.thesocialmedia.com\/leblogmoto\/#website\",\"url\":\"https:\/\/blogs.thesocialmedia.com\/leblogmoto\/\",\"name\":\"leblogmoto\",\"description\":\"Toute l&#039;actualit\u00e9 des 2 roues\",\"potentialAction\":[{\"@type\":\"SearchAction\",\"target\":{\"@type\":\"EntryPoint\",\"urlTemplate\":\"https:\/\/blogs.thesocialmedia.com\/leblogmoto\/?s={search_term_string}\"},\"query-input\":{\"@type\":\"PropertyValueSpecification\",\"valueRequired\":true,\"valueName\":\"search_term_string\"}}],\"inLanguage\":\"fr-FR\"},{\"@type\":\"Person\",\"@id\":\"https:\/\/blogs.thesocialmedia.com\/leblogmoto\/#\/schema\/person\/18bfe773e5725ed6d24f743da805362a\",\"name\":\"benoit rieu\",\"image\":{\"@type\":\"ImageObject\",\"inLanguage\":\"fr-FR\",\"@id\":\"https:\/\/blogs.thesocialmedia.com\/leblogmoto\/#\/schema\/person\/image\/\",\"url\":\"https:\/\/secure.gravatar.com\/avatar\/?s=96&d=mm&r=g\",\"contentUrl\":\"https:\/\/secure.gravatar.com\/avatar\/?s=96&d=mm&r=g\",\"caption\":\"benoit rieu\"},\"url\":\"https:\/\/blogs.thesocialmedia.com\/leblogmoto\/author\/benoit-rieu\/\"}]}<\/script>\n<!-- \/ Yoast SEO plugin. -->","yoast_head_json":{"title":"Associ\u00e9 \u00e0 Racer, Esquad produit maintenant des gants. - leblogmoto.com","robots":{"index":"index","follow":"follow","max-snippet":"max-snippet:-1","max-image-preview":"max-image-preview:large","max-video-preview":"max-video-preview:-1"},"canonical":"https:\/\/blogs.thesocialmedia.com\/leblogmoto\/2008\/03\/13\/associ-racer-es\/","twitter_card":"summary_large_image","twitter_title":"Associ\u00e9 \u00e0 Racer, Esquad produit maintenant des gants. - leblogmoto.com","twitter_description":"Associ\u00e9s aux sp\u00e9cialistes techniques des gants de motos Racer, les p&rsquo;tits gars tarnais d&rsquo;Esquad, fabricant des d\u00e9sormais c\u00e9l\u00e8bres jeans ultra-r\u00e9sistants en Armalith, poursuivent leur d\u00e9veloppement dans l&rsquo;univers de l&rsquo;accessoire des b\u00e9canes, et prot\u00e8gent d\u00e9sormais nos patouilles avec ces gants. Sur le r\u00e9servoir, de gauche \u00e0 droite, les mitaines E-Star sont propos\u00e9es \u00e0 45 \u20ac, les [&hellip;]","twitter_image":"http:\/\/www.leblogmoto.com\/images\/2008\/03\/13\/moto_gants_esquad_racer.jpg","twitter_misc":{"\u00c9crit par":"benoit rieu","Dur\u00e9e de lecture estim\u00e9e":"1 minute"},"schema":{"@context":"https:\/\/schema.org","@graph":[{"@type":"WebPage","@id":"https:\/\/blogs.thesocialmedia.com\/leblogmoto\/2008\/03\/13\/associ-racer-es\/","url":"https:\/\/blogs.thesocialmedia.com\/leblogmoto\/2008\/03\/13\/associ-racer-es\/","name":"Associ\u00e9 \u00e0 Racer, Esquad produit maintenant des gants. - leblogmoto.com","isPartOf":{"@id":"https:\/\/blogs.thesocialmedia.com\/leblogmoto\/#website"},"primaryImageOfPage":{"@id":"https:\/\/blogs.thesocialmedia.com\/leblogmoto\/2008\/03\/13\/associ-racer-es\/#primaryimage"},"image":{"@id":"https:\/\/blogs.thesocialmedia.com\/leblogmoto\/2008\/03\/13\/associ-racer-es\/#primaryimage"},"thumbnailUrl":"http:\/\/www.leblogmoto.com\/images\/2008\/03\/13\/moto_gants_esquad_racer.jpg","datePublished":"2008-03-13T23:58:14+00:00","dateModified":"2012-07-11T15:29:15+00:00","author":{"@id":"https:\/\/blogs.thesocialmedia.com\/leblogmoto\/#\/schema\/person\/18bfe773e5725ed6d24f743da805362a"},"breadcrumb":{"@id":"https:\/\/blogs.thesocialmedia.com\/leblogmoto\/2008\/03\/13\/associ-racer-es\/#breadcrumb"},"inLanguage":"fr-FR","potentialAction":[{"@type":"ReadAction","target":["https:\/\/blogs.thesocialmedia.com\/leblogmoto\/2008\/03\/13\/associ-racer-es\/"]}]},{"@type":"ImageObject","inLanguage":"fr-FR","@id":"https:\/\/blogs.thesocialmedia.com\/leblogmoto\/2008\/03\/13\/associ-racer-es\/#primaryimage","url":"http:\/\/www.leblogmoto.com\/images\/2008\/03\/13\/moto_gants_esquad_racer.jpg","contentUrl":"http:\/\/www.leblogmoto.com\/images\/2008\/03\/13\/moto_gants_esquad_racer.jpg"},{"@type":"BreadcrumbList","@id":"https:\/\/blogs.thesocialmedia.com\/leblogmoto\/2008\/03\/13\/associ-racer-es\/#breadcrumb","itemListElement":[{"@type":"ListItem","position":1,"name":"Accueil","item":"https:\/\/blogs.thesocialmedia.com\/leblogmoto\/"},{"@type":"ListItem","position":2,"name":"Associ\u00e9 \u00e0 Racer, Esquad produit maintenant des gants."}]},{"@type":"WebSite","@id":"https:\/\/blogs.thesocialmedia.com\/leblogmoto\/#website","url":"https:\/\/blogs.thesocialmedia.com\/leblogmoto\/","name":"leblogmoto","description":"Toute l&#039;actualit\u00e9 des 2 roues","potentialAction":[{"@type":"SearchAction","target":{"@type":"EntryPoint","urlTemplate":"https:\/\/blogs.thesocialmedia.com\/leblogmoto\/?s={search_term_string}"},"query-input":{"@type":"PropertyValueSpecification","valueRequired":true,"valueName":"search_term_string"}}],"inLanguage":"fr-FR"},{"@type":"Person","@id":"https:\/\/blogs.thesocialmedia.com\/leblogmoto\/#\/schema\/person\/18bfe773e5725ed6d24f743da805362a","name":"benoit rieu","image":{"@type":"ImageObject","inLanguage":"fr-FR","@id":"https:\/\/blogs.thesocialmedia.com\/leblogmoto\/#\/schema\/person\/image\/","url":"https:\/\/secure.gravatar.com\/avatar\/?s=96&d=mm&r=g","contentUrl":"https:\/\/secure.gravatar.com\/avatar\/?s=96&d=mm&r=g","caption":"benoit rieu"},"url":"https:\/\/blogs.thesocialmedia.com\/leblogmoto\/author\/benoit-rieu\/"}]}},"_links":{"self":[{"href":"https:\/\/blogs.thesocialmedia.com\/leblogmoto\/wp-json\/wp\/v2\/posts\/838","targetHints":{"allow":["GET"]}}],"collection":[{"href":"https:\/\/blogs.thesocialmedia.com\/leblogmoto\/wp-json\/wp\/v2\/posts"}],"about":[{"href":"https:\/\/blogs.thesocialmedia.com\/leblogmoto\/wp-json\/wp\/v2\/types\/post"}],"author":[{"embeddable":true,"href":"https:\/\/blogs.thesocialmedia.com\/leblogmoto\/wp-json\/wp\/v2\/users\/324"}],"replies":[{"embeddable":true,"href":"https:\/\/blogs.thesocialmedia.com\/leblogmoto\/wp-json\/wp\/v2\/comments?post=838"}],"version-history":[{"count":2,"href":"https:\/\/blogs.thesocialmedia.com\/leblogmoto\/wp-json\/wp\/v2\/posts\/838\/revisions"}],"predecessor-version":[{"id":10195,"href":"https:\/\/blogs.thesocialmedia.com\/leblogmoto\/wp-json\/wp\/v2\/posts\/838\/revisions\/10195"}],"wp:attachment":[{"href":"https:\/\/blogs.thesocialmedia.com\/leblogmoto\/wp-json\/wp\/v2\/media?parent=838"}],"wp:term":[{"taxonomy":"category","embeddable":true,"href":"https:\/\/blogs.thesocialmedia.com\/leblogmoto\/wp-json\/wp\/v2\/categories?post=838"},{"taxonomy":"post_tag","embeddable":true,"href":"https:\/\/blogs.thesocialmedia.com\/leblogmoto\/wp-json\/wp\/v2\/tags?post=838"}],"curies":[{"name":"wp","href":"https:\/\/api.w.org\/{rel}","templated":true}]}}