{"id":840,"date":"2008-03-13T04:17:32","date_gmt":"2008-03-13T04:17:32","guid":{"rendered":"http:\/\/blogs.thesocialmedia.com\/leblogmoto\/2008\/03\/13\/un-concours-sud\/"},"modified":"2012-07-11T15:29:12","modified_gmt":"2012-07-11T15:29:12","slug":"un-concours-sud","status":"publish","type":"post","link":"https:\/\/blogs.thesocialmedia.com\/leblogmoto\/2008\/03\/13\/un-concours-sud\/","title":{"rendered":"Un concours sud-africain de design pour Vespa LX !"},"content":{"rendered":"<p><a href=\"http:\/\/blogs.thesocialmedia.com\/leblogmoto\/files\/2012\/07\/artvespa20083.jpg\"><img loading=\"lazy\" decoding=\"async\" width=\"470\" height=\"294\"  src=\"http:\/\/www.leblogmoto.com\/images\/2008\/03\/12\/artvespa20083.jpg\" alt=\"Artvespa20083\" \/><\/a> <br \/><a href=\"http:\/\/blogs.thesocialmedia.com\/leblogmoto\/files\/2012\/07\/artvespa20082_2.jpg\"><img loading=\"lazy\" decoding=\"async\" width=\"470\" height=\"294\"  src=\"http:\/\/www.leblogmoto.com\/images\/2008\/03\/12\/artvespa20082_2.jpg\" alt=\"Artvespa20082_2\" \/><\/a> <br \/><a href=\"http:\/\/blogs.thesocialmedia.com\/leblogmoto\/files\/2012\/07\/artvespa2008.jpg\"><img loading=\"lazy\" decoding=\"async\" width=\"470\" height=\"294\"  src=\"http:\/\/www.leblogmoto.com\/images\/2008\/03\/12\/artvespa2008.jpg\" alt=\"Artvespa2008\" \/><\/a> <\/p>\n<p>Dans notre nouvelle s\u00e9rie &quot;les &lsquo;designeux&rsquo; sont bien mieux inform\u00e9s que les sites sur les deux-roues&quot;, nos voisins du <a href=\"http:\/\/www.tendancehightech.com\/blog\/index.php\">blog Tendance High-Tech<\/a> ont d\u00e9nich\u00e9 une petite perle avec cette pr\u00e9sentation des gagnants du concours Art Vespa 2008&#8230; d&rsquo;Afrique du Sud. Couronn\u00e9s lors du Design Indala Expo \u00e0 Capetown, les LX customis\u00e9s sont pr\u00e9sent\u00e9s de haut en bas, de la premi\u00e8re \u00e0 la troisi\u00e8me place. Message perso: merci \u00e0 Laurent pour son mail sur cette trouvaille. <\/p>\n<p>Le premier prix est donc attribu\u00e9 par le designer Francesco Maffre de Piaggio \u00e0 Roy Allen, pour son &quot;Ice cream&quot;, une livr\u00e9e fa\u00e7on glace \u00e0 la fraise d\u00e9goulinante. Devant Hazel Devies de Momentum McCaan et son taxi new-yorkais (un petit clin d&rsquo;oeil involontaire \u00e0 la Police de la m\u00eame ville qui testait il ya peu les scoots \u00e9lectrique Vectrix). Alors que Mandi Brest pour Penguin International d\u00e9croche le troisi\u00e8me prix avec sa peu originale robe aux moucherons \u00e9cras\u00e9s (oui, on a d\u00e9j\u00e0 vu \u00e7a et plusieurs fois).<a href=\"http:\/\/clabedan.typepad.com\/.shared\/image.html?\/photos\/uncategorized\/2008\/03\/12\/artvespa20082.jpg\"><br \/><\/a><\/p>\n","protected":false},"excerpt":{"rendered":"<p>Dans notre nouvelle s\u00e9rie &quot;les &lsquo;designeux&rsquo; sont bien mieux inform\u00e9s que les sites sur les deux-roues&quot;, nos voisins du blog Tendance High-Tech ont d\u00e9nich\u00e9 une petite perle avec cette pr\u00e9sentation des gagnants du concours Art Vespa 2008&#8230; d&rsquo;Afrique du Sud. Couronn\u00e9s lors du Design Indala Expo \u00e0 Capetown, les LX customis\u00e9s sont pr\u00e9sent\u00e9s de haut [&hellip;]<\/p>\n","protected":false},"author":324,"featured_media":0,"comment_status":"open","ping_status":"open","sticky":false,"template":"","format":"standard","meta":{"footnotes":""},"categories":[3,16,18,19,20],"tags":[],"class_list":["post-840","post","type-post","status-publish","format-standard","hentry","category-actualite","category-art-moto","category-piaggio","category-scooter","category-vespa"],"yoast_head":"<!-- This site is optimized with the Yoast SEO plugin v26.0 - https:\/\/yoast.com\/wordpress\/plugins\/seo\/ -->\n<title>Un concours sud-africain de design pour Vespa LX ! - leblogmoto.com<\/title>\n<meta name=\"robots\" content=\"index, follow, max-snippet:-1, max-image-preview:large, max-video-preview:-1\" \/>\n<link rel=\"canonical\" href=\"https:\/\/blogs.thesocialmedia.com\/leblogmoto\/2008\/03\/13\/un-concours-sud\/\" \/>\n<meta name=\"twitter:card\" content=\"summary_large_image\" \/>\n<meta name=\"twitter:title\" content=\"Un concours sud-africain de design pour Vespa LX ! - leblogmoto.com\" \/>\n<meta name=\"twitter:description\" content=\"Dans notre nouvelle s\u00e9rie &quot;les &lsquo;designeux&rsquo; sont bien mieux inform\u00e9s que les sites sur les deux-roues&quot;, nos voisins du blog Tendance High-Tech ont d\u00e9nich\u00e9 une petite perle avec cette pr\u00e9sentation des gagnants du concours Art Vespa 2008&#8230; d&rsquo;Afrique du Sud. Couronn\u00e9s lors du Design Indala Expo \u00e0 Capetown, les LX customis\u00e9s sont pr\u00e9sent\u00e9s de haut [&hellip;]\" \/>\n<meta name=\"twitter:image\" content=\"http:\/\/www.leblogmoto.com\/images\/2008\/03\/12\/artvespa20083.jpg\" \/>\n<meta name=\"twitter:label1\" content=\"\u00c9crit par\" \/>\n\t<meta name=\"twitter:data1\" content=\"benoit rieu\" \/>\n\t<meta name=\"twitter:label2\" content=\"Dur\u00e9e de lecture estim\u00e9e\" \/>\n\t<meta name=\"twitter:data2\" content=\"1 minute\" \/>\n<script type=\"application\/ld+json\" class=\"yoast-schema-graph\">{\"@context\":\"https:\/\/schema.org\",\"@graph\":[{\"@type\":\"WebPage\",\"@id\":\"https:\/\/blogs.thesocialmedia.com\/leblogmoto\/2008\/03\/13\/un-concours-sud\/\",\"url\":\"https:\/\/blogs.thesocialmedia.com\/leblogmoto\/2008\/03\/13\/un-concours-sud\/\",\"name\":\"Un concours sud-africain de design pour Vespa LX ! - leblogmoto.com\",\"isPartOf\":{\"@id\":\"https:\/\/blogs.thesocialmedia.com\/leblogmoto\/#website\"},\"primaryImageOfPage\":{\"@id\":\"https:\/\/blogs.thesocialmedia.com\/leblogmoto\/2008\/03\/13\/un-concours-sud\/#primaryimage\"},\"image\":{\"@id\":\"https:\/\/blogs.thesocialmedia.com\/leblogmoto\/2008\/03\/13\/un-concours-sud\/#primaryimage\"},\"thumbnailUrl\":\"http:\/\/www.leblogmoto.com\/images\/2008\/03\/12\/artvespa20083.jpg\",\"datePublished\":\"2008-03-13T04:17:32+00:00\",\"dateModified\":\"2012-07-11T15:29:12+00:00\",\"author\":{\"@id\":\"https:\/\/blogs.thesocialmedia.com\/leblogmoto\/#\/schema\/person\/18bfe773e5725ed6d24f743da805362a\"},\"breadcrumb\":{\"@id\":\"https:\/\/blogs.thesocialmedia.com\/leblogmoto\/2008\/03\/13\/un-concours-sud\/#breadcrumb\"},\"inLanguage\":\"fr-FR\",\"potentialAction\":[{\"@type\":\"ReadAction\",\"target\":[\"https:\/\/blogs.thesocialmedia.com\/leblogmoto\/2008\/03\/13\/un-concours-sud\/\"]}]},{\"@type\":\"ImageObject\",\"inLanguage\":\"fr-FR\",\"@id\":\"https:\/\/blogs.thesocialmedia.com\/leblogmoto\/2008\/03\/13\/un-concours-sud\/#primaryimage\",\"url\":\"http:\/\/www.leblogmoto.com\/images\/2008\/03\/12\/artvespa20083.jpg\",\"contentUrl\":\"http:\/\/www.leblogmoto.com\/images\/2008\/03\/12\/artvespa20083.jpg\"},{\"@type\":\"BreadcrumbList\",\"@id\":\"https:\/\/blogs.thesocialmedia.com\/leblogmoto\/2008\/03\/13\/un-concours-sud\/#breadcrumb\",\"itemListElement\":[{\"@type\":\"ListItem\",\"position\":1,\"name\":\"Accueil\",\"item\":\"https:\/\/blogs.thesocialmedia.com\/leblogmoto\/\"},{\"@type\":\"ListItem\",\"position\":2,\"name\":\"Un concours sud-africain de design pour Vespa LX !\"}]},{\"@type\":\"WebSite\",\"@id\":\"https:\/\/blogs.thesocialmedia.com\/leblogmoto\/#website\",\"url\":\"https:\/\/blogs.thesocialmedia.com\/leblogmoto\/\",\"name\":\"leblogmoto\",\"description\":\"Toute l&#039;actualit\u00e9 des 2 roues\",\"potentialAction\":[{\"@type\":\"SearchAction\",\"target\":{\"@type\":\"EntryPoint\",\"urlTemplate\":\"https:\/\/blogs.thesocialmedia.com\/leblogmoto\/?s={search_term_string}\"},\"query-input\":{\"@type\":\"PropertyValueSpecification\",\"valueRequired\":true,\"valueName\":\"search_term_string\"}}],\"inLanguage\":\"fr-FR\"},{\"@type\":\"Person\",\"@id\":\"https:\/\/blogs.thesocialmedia.com\/leblogmoto\/#\/schema\/person\/18bfe773e5725ed6d24f743da805362a\",\"name\":\"benoit rieu\",\"image\":{\"@type\":\"ImageObject\",\"inLanguage\":\"fr-FR\",\"@id\":\"https:\/\/blogs.thesocialmedia.com\/leblogmoto\/#\/schema\/person\/image\/\",\"url\":\"https:\/\/secure.gravatar.com\/avatar\/?s=96&d=mm&r=g\",\"contentUrl\":\"https:\/\/secure.gravatar.com\/avatar\/?s=96&d=mm&r=g\",\"caption\":\"benoit rieu\"},\"url\":\"https:\/\/blogs.thesocialmedia.com\/leblogmoto\/author\/benoit-rieu\/\"}]}<\/script>\n<!-- \/ Yoast SEO plugin. -->","yoast_head_json":{"title":"Un concours sud-africain de design pour Vespa LX ! - leblogmoto.com","robots":{"index":"index","follow":"follow","max-snippet":"max-snippet:-1","max-image-preview":"max-image-preview:large","max-video-preview":"max-video-preview:-1"},"canonical":"https:\/\/blogs.thesocialmedia.com\/leblogmoto\/2008\/03\/13\/un-concours-sud\/","twitter_card":"summary_large_image","twitter_title":"Un concours sud-africain de design pour Vespa LX ! - leblogmoto.com","twitter_description":"Dans notre nouvelle s\u00e9rie &quot;les &lsquo;designeux&rsquo; sont bien mieux inform\u00e9s que les sites sur les deux-roues&quot;, nos voisins du blog Tendance High-Tech ont d\u00e9nich\u00e9 une petite perle avec cette pr\u00e9sentation des gagnants du concours Art Vespa 2008&#8230; d&rsquo;Afrique du Sud. Couronn\u00e9s lors du Design Indala Expo \u00e0 Capetown, les LX customis\u00e9s sont pr\u00e9sent\u00e9s de haut [&hellip;]","twitter_image":"http:\/\/www.leblogmoto.com\/images\/2008\/03\/12\/artvespa20083.jpg","twitter_misc":{"\u00c9crit par":"benoit rieu","Dur\u00e9e de lecture estim\u00e9e":"1 minute"},"schema":{"@context":"https:\/\/schema.org","@graph":[{"@type":"WebPage","@id":"https:\/\/blogs.thesocialmedia.com\/leblogmoto\/2008\/03\/13\/un-concours-sud\/","url":"https:\/\/blogs.thesocialmedia.com\/leblogmoto\/2008\/03\/13\/un-concours-sud\/","name":"Un concours sud-africain de design pour Vespa LX ! - leblogmoto.com","isPartOf":{"@id":"https:\/\/blogs.thesocialmedia.com\/leblogmoto\/#website"},"primaryImageOfPage":{"@id":"https:\/\/blogs.thesocialmedia.com\/leblogmoto\/2008\/03\/13\/un-concours-sud\/#primaryimage"},"image":{"@id":"https:\/\/blogs.thesocialmedia.com\/leblogmoto\/2008\/03\/13\/un-concours-sud\/#primaryimage"},"thumbnailUrl":"http:\/\/www.leblogmoto.com\/images\/2008\/03\/12\/artvespa20083.jpg","datePublished":"2008-03-13T04:17:32+00:00","dateModified":"2012-07-11T15:29:12+00:00","author":{"@id":"https:\/\/blogs.thesocialmedia.com\/leblogmoto\/#\/schema\/person\/18bfe773e5725ed6d24f743da805362a"},"breadcrumb":{"@id":"https:\/\/blogs.thesocialmedia.com\/leblogmoto\/2008\/03\/13\/un-concours-sud\/#breadcrumb"},"inLanguage":"fr-FR","potentialAction":[{"@type":"ReadAction","target":["https:\/\/blogs.thesocialmedia.com\/leblogmoto\/2008\/03\/13\/un-concours-sud\/"]}]},{"@type":"ImageObject","inLanguage":"fr-FR","@id":"https:\/\/blogs.thesocialmedia.com\/leblogmoto\/2008\/03\/13\/un-concours-sud\/#primaryimage","url":"http:\/\/www.leblogmoto.com\/images\/2008\/03\/12\/artvespa20083.jpg","contentUrl":"http:\/\/www.leblogmoto.com\/images\/2008\/03\/12\/artvespa20083.jpg"},{"@type":"BreadcrumbList","@id":"https:\/\/blogs.thesocialmedia.com\/leblogmoto\/2008\/03\/13\/un-concours-sud\/#breadcrumb","itemListElement":[{"@type":"ListItem","position":1,"name":"Accueil","item":"https:\/\/blogs.thesocialmedia.com\/leblogmoto\/"},{"@type":"ListItem","position":2,"name":"Un concours sud-africain de design pour Vespa LX !"}]},{"@type":"WebSite","@id":"https:\/\/blogs.thesocialmedia.com\/leblogmoto\/#website","url":"https:\/\/blogs.thesocialmedia.com\/leblogmoto\/","name":"leblogmoto","description":"Toute l&#039;actualit\u00e9 des 2 roues","potentialAction":[{"@type":"SearchAction","target":{"@type":"EntryPoint","urlTemplate":"https:\/\/blogs.thesocialmedia.com\/leblogmoto\/?s={search_term_string}"},"query-input":{"@type":"PropertyValueSpecification","valueRequired":true,"valueName":"search_term_string"}}],"inLanguage":"fr-FR"},{"@type":"Person","@id":"https:\/\/blogs.thesocialmedia.com\/leblogmoto\/#\/schema\/person\/18bfe773e5725ed6d24f743da805362a","name":"benoit rieu","image":{"@type":"ImageObject","inLanguage":"fr-FR","@id":"https:\/\/blogs.thesocialmedia.com\/leblogmoto\/#\/schema\/person\/image\/","url":"https:\/\/secure.gravatar.com\/avatar\/?s=96&d=mm&r=g","contentUrl":"https:\/\/secure.gravatar.com\/avatar\/?s=96&d=mm&r=g","caption":"benoit rieu"},"url":"https:\/\/blogs.thesocialmedia.com\/leblogmoto\/author\/benoit-rieu\/"}]}},"_links":{"self":[{"href":"https:\/\/blogs.thesocialmedia.com\/leblogmoto\/wp-json\/wp\/v2\/posts\/840","targetHints":{"allow":["GET"]}}],"collection":[{"href":"https:\/\/blogs.thesocialmedia.com\/leblogmoto\/wp-json\/wp\/v2\/posts"}],"about":[{"href":"https:\/\/blogs.thesocialmedia.com\/leblogmoto\/wp-json\/wp\/v2\/types\/post"}],"author":[{"embeddable":true,"href":"https:\/\/blogs.thesocialmedia.com\/leblogmoto\/wp-json\/wp\/v2\/users\/324"}],"replies":[{"embeddable":true,"href":"https:\/\/blogs.thesocialmedia.com\/leblogmoto\/wp-json\/wp\/v2\/comments?post=840"}],"version-history":[{"count":2,"href":"https:\/\/blogs.thesocialmedia.com\/leblogmoto\/wp-json\/wp\/v2\/posts\/840\/revisions"}],"predecessor-version":[{"id":10193,"href":"https:\/\/blogs.thesocialmedia.com\/leblogmoto\/wp-json\/wp\/v2\/posts\/840\/revisions\/10193"}],"wp:attachment":[{"href":"https:\/\/blogs.thesocialmedia.com\/leblogmoto\/wp-json\/wp\/v2\/media?parent=840"}],"wp:term":[{"taxonomy":"category","embeddable":true,"href":"https:\/\/blogs.thesocialmedia.com\/leblogmoto\/wp-json\/wp\/v2\/categories?post=840"},{"taxonomy":"post_tag","embeddable":true,"href":"https:\/\/blogs.thesocialmedia.com\/leblogmoto\/wp-json\/wp\/v2\/tags?post=840"}],"curies":[{"name":"wp","href":"https:\/\/api.w.org\/{rel}","templated":true}]}}