{"id":842,"date":"2008-03-11T04:12:57","date_gmt":"2008-03-11T04:12:57","guid":{"rendered":"http:\/\/blogs.thesocialmedia.com\/leblogmoto\/2008\/03\/11\/motogp-qatar-du\/"},"modified":"2012-07-11T15:29:03","modified_gmt":"2012-07-11T15:29:03","slug":"motogp-qatar-du","status":"publish","type":"post","link":"https:\/\/blogs.thesocialmedia.com\/leblogmoto\/2008\/03\/11\/motogp-qatar-du\/","title":{"rendered":"MotoGP Qatar, Ducati en belle de nuit pour Stoner"},"content":{"rendered":"<p><a href=\"http:\/\/blogs.thesocialmedia.com\/leblogmoto\/files\/2012\/07\/qatar.jpg\"><img loading=\"lazy\" decoding=\"async\" width=\"470\" height=\"337\"  src=\"http:\/\/www.leblogmoto.com\/images\/2008\/03\/10\/qatar.jpg\" alt=\"Qatar\" \/><\/a> <\/p>\n<p>Vous savez d\u00e9j\u00e0 tous que L&rsquo;Australien <a href=\"http:\/\/www.caseystoner.com.au\/\">Casey Stoner<\/a> sur <a href=\"http:\/\/www.ducati.com\/od\/ducatifrance\/fr\/racing\/index.jhtml\">Ducati<\/a> \u00e0 remporter le premier MotoGP de nuit dimanche au Qatar, que Valentino Rossi n&rsquo;a pu faire illusion tr\u00e8s longtemps malgr\u00e9 deux, trois petits tours en t\u00eate, et que certaines recrues semblent d\u00e9j\u00e0 vouloir prendre leurs places, sans complexes. Qui s&rsquo;en plaindra?<br \/>Toutes les statistiques ici sur <a href=\"http:\/\/www.motogp.com\/fr\/motogp\/\">Motogp.com<\/a>.<br \/>Nous, on fait place aux images, pour le souvenir.<\/p>\n<p><a href=\"http:\/\/clabedan.typepad.com\/.shared\/image.html?\/photos\/uncategorized\/2008\/03\/10\/qatar1.jpg\"><img loading=\"lazy\" decoding=\"async\" width=\"470\" height=\"236\"  src=\"http:\/\/www.leblogmoto.com\/images\/2008\/03\/10\/qatar1.jpg\" alt=\"Qatar1\" \/><\/a> <\/p>\n<p><a href=\"http:\/\/blogs.thesocialmedia.com\/leblogmoto\/files\/2012\/07\/qatar2.jpg\"><img loading=\"lazy\" decoding=\"async\" width=\"470\" height=\"312\"  src=\"http:\/\/www.leblogmoto.com\/images\/2008\/03\/10\/qatar2.jpg\" alt=\"Qatar2\" \/><\/a> <\/p>\n<p><a href=\"http:\/\/blogs.thesocialmedia.com\/leblogmoto\/files\/2012\/07\/qatar3.jpg\"><img loading=\"lazy\" decoding=\"async\" width=\"470\" height=\"317\"  src=\"http:\/\/www.leblogmoto.com\/images\/2008\/03\/10\/qatar3.jpg\" alt=\"Qatar3\" \/><\/a> <\/p>\n<p><a href=\"http:\/\/blogs.thesocialmedia.com\/leblogmoto\/files\/2012\/07\/qatar4.jpg\"><img loading=\"lazy\" decoding=\"async\" width=\"470\" height=\"144\"  src=\"http:\/\/www.leblogmoto.com\/images\/2008\/03\/10\/qatar4.jpg\" alt=\"Qatar4\" \/><\/a> <\/p>\n<p><a href=\"http:\/\/blogs.thesocialmedia.com\/leblogmoto\/files\/2012\/07\/qatar5.jpg\"><img loading=\"lazy\" decoding=\"async\" width=\"470\" height=\"308\"  src=\"http:\/\/www.leblogmoto.com\/images\/2008\/03\/10\/qatar5.jpg\" alt=\"Qatar5\" \/><\/a> <\/p>\n<p><a href=\"http:\/\/blogs.thesocialmedia.com\/leblogmoto\/files\/2012\/07\/qatar6.jpg\"><img loading=\"lazy\" decoding=\"async\" width=\"470\" height=\"275\"  src=\"http:\/\/www.leblogmoto.com\/images\/2008\/03\/10\/qatar6.jpg\" alt=\"Qatar6\" \/><\/a> <\/p>\n<p><a href=\"http:\/\/blogs.thesocialmedia.com\/leblogmoto\/files\/2012\/07\/qatar7.jpg\"><img loading=\"lazy\" decoding=\"async\" width=\"470\" height=\"325\"  src=\"http:\/\/www.leblogmoto.com\/images\/2008\/03\/10\/qatar7.jpg\" alt=\"Qatar7\" \/><\/a> <\/p>\n<p><a href=\"http:\/\/blogs.thesocialmedia.com\/leblogmoto\/files\/2012\/07\/qatar8.jpg\"><img loading=\"lazy\" decoding=\"async\" width=\"470\" height=\"237\"  src=\"http:\/\/www.leblogmoto.com\/images\/2008\/03\/10\/qatar8.jpg\" alt=\"Qatar8\" \/><\/a> <\/p>\n<p><a href=\"http:\/\/blogs.thesocialmedia.com\/leblogmoto\/files\/2012\/07\/qatar9.jpg\"><img loading=\"lazy\" decoding=\"async\" width=\"470\" height=\"480\"  src=\"http:\/\/www.leblogmoto.com\/images\/2008\/03\/10\/qatar9.jpg\" alt=\"Qatar9\" \/><\/a> <\/p>\n","protected":false},"excerpt":{"rendered":"<p>Vous savez d\u00e9j\u00e0 tous que L&rsquo;Australien Casey Stoner sur Ducati \u00e0 remporter le premier MotoGP de nuit dimanche au Qatar, que Valentino Rossi n&rsquo;a pu faire illusion tr\u00e8s longtemps malgr\u00e9 deux, trois petits tours en t\u00eate, et que certaines recrues semblent d\u00e9j\u00e0 vouloir prendre leurs places, sans complexes. Qui s&rsquo;en plaindra?Toutes les statistiques ici sur [&hellip;]<\/p>\n","protected":false},"author":325,"featured_media":0,"comment_status":"open","ping_status":"open","sticky":false,"template":"","format":"standard","meta":{"footnotes":""},"categories":[3,41,22],"tags":[],"class_list":["post-842","post","type-post","status-publish","format-standard","hentry","category-actualite","category-ducati","category-motogp"],"yoast_head":"<!-- This site is optimized with the Yoast SEO plugin v26.0 - https:\/\/yoast.com\/wordpress\/plugins\/seo\/ -->\n<title>MotoGP Qatar, Ducati en belle de nuit pour Stoner - leblogmoto.com<\/title>\n<meta name=\"robots\" content=\"index, follow, max-snippet:-1, max-image-preview:large, max-video-preview:-1\" \/>\n<link rel=\"canonical\" href=\"https:\/\/blogs.thesocialmedia.com\/leblogmoto\/2008\/03\/11\/motogp-qatar-du\/\" \/>\n<meta name=\"twitter:card\" content=\"summary_large_image\" \/>\n<meta name=\"twitter:title\" content=\"MotoGP Qatar, Ducati en belle de nuit pour Stoner - leblogmoto.com\" \/>\n<meta name=\"twitter:description\" content=\"Vous savez d\u00e9j\u00e0 tous que L&rsquo;Australien Casey Stoner sur Ducati \u00e0 remporter le premier MotoGP de nuit dimanche au Qatar, que Valentino Rossi n&rsquo;a pu faire illusion tr\u00e8s longtemps malgr\u00e9 deux, trois petits tours en t\u00eate, et que certaines recrues semblent d\u00e9j\u00e0 vouloir prendre leurs places, sans complexes. Qui s&rsquo;en plaindra?Toutes les statistiques ici sur [&hellip;]\" \/>\n<meta name=\"twitter:image\" content=\"http:\/\/www.leblogmoto.com\/images\/2008\/03\/10\/qatar.jpg\" \/>\n<meta name=\"twitter:label1\" content=\"\u00c9crit par\" \/>\n\t<meta name=\"twitter:data1\" content=\"jacques lesage\" \/>\n<script type=\"application\/ld+json\" class=\"yoast-schema-graph\">{\"@context\":\"https:\/\/schema.org\",\"@graph\":[{\"@type\":\"WebPage\",\"@id\":\"https:\/\/blogs.thesocialmedia.com\/leblogmoto\/2008\/03\/11\/motogp-qatar-du\/\",\"url\":\"https:\/\/blogs.thesocialmedia.com\/leblogmoto\/2008\/03\/11\/motogp-qatar-du\/\",\"name\":\"MotoGP Qatar, Ducati en belle de nuit pour Stoner - leblogmoto.com\",\"isPartOf\":{\"@id\":\"https:\/\/blogs.thesocialmedia.com\/leblogmoto\/#website\"},\"primaryImageOfPage\":{\"@id\":\"https:\/\/blogs.thesocialmedia.com\/leblogmoto\/2008\/03\/11\/motogp-qatar-du\/#primaryimage\"},\"image\":{\"@id\":\"https:\/\/blogs.thesocialmedia.com\/leblogmoto\/2008\/03\/11\/motogp-qatar-du\/#primaryimage\"},\"thumbnailUrl\":\"http:\/\/www.leblogmoto.com\/images\/2008\/03\/10\/qatar.jpg\",\"datePublished\":\"2008-03-11T04:12:57+00:00\",\"dateModified\":\"2012-07-11T15:29:03+00:00\",\"author\":{\"@id\":\"https:\/\/blogs.thesocialmedia.com\/leblogmoto\/#\/schema\/person\/e82a0ca8a9a63d031586097a3ed58526\"},\"breadcrumb\":{\"@id\":\"https:\/\/blogs.thesocialmedia.com\/leblogmoto\/2008\/03\/11\/motogp-qatar-du\/#breadcrumb\"},\"inLanguage\":\"fr-FR\",\"potentialAction\":[{\"@type\":\"ReadAction\",\"target\":[\"https:\/\/blogs.thesocialmedia.com\/leblogmoto\/2008\/03\/11\/motogp-qatar-du\/\"]}]},{\"@type\":\"ImageObject\",\"inLanguage\":\"fr-FR\",\"@id\":\"https:\/\/blogs.thesocialmedia.com\/leblogmoto\/2008\/03\/11\/motogp-qatar-du\/#primaryimage\",\"url\":\"http:\/\/www.leblogmoto.com\/images\/2008\/03\/10\/qatar.jpg\",\"contentUrl\":\"http:\/\/www.leblogmoto.com\/images\/2008\/03\/10\/qatar.jpg\"},{\"@type\":\"BreadcrumbList\",\"@id\":\"https:\/\/blogs.thesocialmedia.com\/leblogmoto\/2008\/03\/11\/motogp-qatar-du\/#breadcrumb\",\"itemListElement\":[{\"@type\":\"ListItem\",\"position\":1,\"name\":\"Accueil\",\"item\":\"https:\/\/blogs.thesocialmedia.com\/leblogmoto\/\"},{\"@type\":\"ListItem\",\"position\":2,\"name\":\"MotoGP Qatar, Ducati en belle de nuit pour Stoner\"}]},{\"@type\":\"WebSite\",\"@id\":\"https:\/\/blogs.thesocialmedia.com\/leblogmoto\/#website\",\"url\":\"https:\/\/blogs.thesocialmedia.com\/leblogmoto\/\",\"name\":\"leblogmoto\",\"description\":\"Toute l&#039;actualit\u00e9 des 2 roues\",\"potentialAction\":[{\"@type\":\"SearchAction\",\"target\":{\"@type\":\"EntryPoint\",\"urlTemplate\":\"https:\/\/blogs.thesocialmedia.com\/leblogmoto\/?s={search_term_string}\"},\"query-input\":{\"@type\":\"PropertyValueSpecification\",\"valueRequired\":true,\"valueName\":\"search_term_string\"}}],\"inLanguage\":\"fr-FR\"},{\"@type\":\"Person\",\"@id\":\"https:\/\/blogs.thesocialmedia.com\/leblogmoto\/#\/schema\/person\/e82a0ca8a9a63d031586097a3ed58526\",\"name\":\"jacques lesage\",\"image\":{\"@type\":\"ImageObject\",\"inLanguage\":\"fr-FR\",\"@id\":\"https:\/\/blogs.thesocialmedia.com\/leblogmoto\/#\/schema\/person\/image\/\",\"url\":\"https:\/\/secure.gravatar.com\/avatar\/?s=96&d=mm&r=g\",\"contentUrl\":\"https:\/\/secure.gravatar.com\/avatar\/?s=96&d=mm&r=g\",\"caption\":\"jacques lesage\"},\"url\":\"https:\/\/blogs.thesocialmedia.com\/leblogmoto\/author\/jacques-lesage\/\"}]}<\/script>\n<!-- \/ Yoast SEO plugin. -->","yoast_head_json":{"title":"MotoGP Qatar, Ducati en belle de nuit pour Stoner - leblogmoto.com","robots":{"index":"index","follow":"follow","max-snippet":"max-snippet:-1","max-image-preview":"max-image-preview:large","max-video-preview":"max-video-preview:-1"},"canonical":"https:\/\/blogs.thesocialmedia.com\/leblogmoto\/2008\/03\/11\/motogp-qatar-du\/","twitter_card":"summary_large_image","twitter_title":"MotoGP Qatar, Ducati en belle de nuit pour Stoner - leblogmoto.com","twitter_description":"Vous savez d\u00e9j\u00e0 tous que L&rsquo;Australien Casey Stoner sur Ducati \u00e0 remporter le premier MotoGP de nuit dimanche au Qatar, que Valentino Rossi n&rsquo;a pu faire illusion tr\u00e8s longtemps malgr\u00e9 deux, trois petits tours en t\u00eate, et que certaines recrues semblent d\u00e9j\u00e0 vouloir prendre leurs places, sans complexes. Qui s&rsquo;en plaindra?Toutes les statistiques ici sur [&hellip;]","twitter_image":"http:\/\/www.leblogmoto.com\/images\/2008\/03\/10\/qatar.jpg","twitter_misc":{"\u00c9crit par":"jacques lesage"},"schema":{"@context":"https:\/\/schema.org","@graph":[{"@type":"WebPage","@id":"https:\/\/blogs.thesocialmedia.com\/leblogmoto\/2008\/03\/11\/motogp-qatar-du\/","url":"https:\/\/blogs.thesocialmedia.com\/leblogmoto\/2008\/03\/11\/motogp-qatar-du\/","name":"MotoGP Qatar, Ducati en belle de nuit pour Stoner - leblogmoto.com","isPartOf":{"@id":"https:\/\/blogs.thesocialmedia.com\/leblogmoto\/#website"},"primaryImageOfPage":{"@id":"https:\/\/blogs.thesocialmedia.com\/leblogmoto\/2008\/03\/11\/motogp-qatar-du\/#primaryimage"},"image":{"@id":"https:\/\/blogs.thesocialmedia.com\/leblogmoto\/2008\/03\/11\/motogp-qatar-du\/#primaryimage"},"thumbnailUrl":"http:\/\/www.leblogmoto.com\/images\/2008\/03\/10\/qatar.jpg","datePublished":"2008-03-11T04:12:57+00:00","dateModified":"2012-07-11T15:29:03+00:00","author":{"@id":"https:\/\/blogs.thesocialmedia.com\/leblogmoto\/#\/schema\/person\/e82a0ca8a9a63d031586097a3ed58526"},"breadcrumb":{"@id":"https:\/\/blogs.thesocialmedia.com\/leblogmoto\/2008\/03\/11\/motogp-qatar-du\/#breadcrumb"},"inLanguage":"fr-FR","potentialAction":[{"@type":"ReadAction","target":["https:\/\/blogs.thesocialmedia.com\/leblogmoto\/2008\/03\/11\/motogp-qatar-du\/"]}]},{"@type":"ImageObject","inLanguage":"fr-FR","@id":"https:\/\/blogs.thesocialmedia.com\/leblogmoto\/2008\/03\/11\/motogp-qatar-du\/#primaryimage","url":"http:\/\/www.leblogmoto.com\/images\/2008\/03\/10\/qatar.jpg","contentUrl":"http:\/\/www.leblogmoto.com\/images\/2008\/03\/10\/qatar.jpg"},{"@type":"BreadcrumbList","@id":"https:\/\/blogs.thesocialmedia.com\/leblogmoto\/2008\/03\/11\/motogp-qatar-du\/#breadcrumb","itemListElement":[{"@type":"ListItem","position":1,"name":"Accueil","item":"https:\/\/blogs.thesocialmedia.com\/leblogmoto\/"},{"@type":"ListItem","position":2,"name":"MotoGP Qatar, Ducati en belle de nuit pour Stoner"}]},{"@type":"WebSite","@id":"https:\/\/blogs.thesocialmedia.com\/leblogmoto\/#website","url":"https:\/\/blogs.thesocialmedia.com\/leblogmoto\/","name":"leblogmoto","description":"Toute l&#039;actualit\u00e9 des 2 roues","potentialAction":[{"@type":"SearchAction","target":{"@type":"EntryPoint","urlTemplate":"https:\/\/blogs.thesocialmedia.com\/leblogmoto\/?s={search_term_string}"},"query-input":{"@type":"PropertyValueSpecification","valueRequired":true,"valueName":"search_term_string"}}],"inLanguage":"fr-FR"},{"@type":"Person","@id":"https:\/\/blogs.thesocialmedia.com\/leblogmoto\/#\/schema\/person\/e82a0ca8a9a63d031586097a3ed58526","name":"jacques lesage","image":{"@type":"ImageObject","inLanguage":"fr-FR","@id":"https:\/\/blogs.thesocialmedia.com\/leblogmoto\/#\/schema\/person\/image\/","url":"https:\/\/secure.gravatar.com\/avatar\/?s=96&d=mm&r=g","contentUrl":"https:\/\/secure.gravatar.com\/avatar\/?s=96&d=mm&r=g","caption":"jacques lesage"},"url":"https:\/\/blogs.thesocialmedia.com\/leblogmoto\/author\/jacques-lesage\/"}]}},"_links":{"self":[{"href":"https:\/\/blogs.thesocialmedia.com\/leblogmoto\/wp-json\/wp\/v2\/posts\/842","targetHints":{"allow":["GET"]}}],"collection":[{"href":"https:\/\/blogs.thesocialmedia.com\/leblogmoto\/wp-json\/wp\/v2\/posts"}],"about":[{"href":"https:\/\/blogs.thesocialmedia.com\/leblogmoto\/wp-json\/wp\/v2\/types\/post"}],"author":[{"embeddable":true,"href":"https:\/\/blogs.thesocialmedia.com\/leblogmoto\/wp-json\/wp\/v2\/users\/325"}],"replies":[{"embeddable":true,"href":"https:\/\/blogs.thesocialmedia.com\/leblogmoto\/wp-json\/wp\/v2\/comments?post=842"}],"version-history":[{"count":2,"href":"https:\/\/blogs.thesocialmedia.com\/leblogmoto\/wp-json\/wp\/v2\/posts\/842\/revisions"}],"predecessor-version":[{"id":10186,"href":"https:\/\/blogs.thesocialmedia.com\/leblogmoto\/wp-json\/wp\/v2\/posts\/842\/revisions\/10186"}],"wp:attachment":[{"href":"https:\/\/blogs.thesocialmedia.com\/leblogmoto\/wp-json\/wp\/v2\/media?parent=842"}],"wp:term":[{"taxonomy":"category","embeddable":true,"href":"https:\/\/blogs.thesocialmedia.com\/leblogmoto\/wp-json\/wp\/v2\/categories?post=842"},{"taxonomy":"post_tag","embeddable":true,"href":"https:\/\/blogs.thesocialmedia.com\/leblogmoto\/wp-json\/wp\/v2\/tags?post=842"}],"curies":[{"name":"wp","href":"https:\/\/api.w.org\/{rel}","templated":true}]}}