{"id":843,"date":"2008-03-09T18:47:12","date_gmt":"2008-03-09T18:47:12","guid":{"rendered":"http:\/\/blogs.thesocialmedia.com\/leblogmoto\/2008\/03\/09\/daytona-200-hay\/"},"modified":"2012-07-11T15:28:44","modified_gmt":"2012-07-11T15:28:44","slug":"daytona-200-hay","status":"publish","type":"post","link":"https:\/\/blogs.thesocialmedia.com\/leblogmoto\/2008\/03\/09\/daytona-200-hay\/","title":{"rendered":"Daytona 200, Hayes disqualifi\u00e9"},"content":{"rendered":"<p><a href=\"http:\/\/blogs.thesocialmedia.com\/leblogmoto\/files\/2012\/07\/hayes1.jpg\"><img loading=\"lazy\" decoding=\"async\" width=\"470\" height=\"654\"  src=\"http:\/\/www.leblogmoto.com\/images\/2008\/03\/09\/hayes1.jpg\" alt=\"Hayes1\" \/><\/a> <br \/><em>Photo: Brian J. Nelson<\/em><\/p>\n<p>Josh Hayes de l&rsquo;\u00e9curie Erion Honda a \u00e9t\u00e9 <a href=\"http:\/\/www.amasuperbike.com\/article.php?UID=WzN5MP4bFkGK7Zeh77uJNI1Dl0SZvn&amp;sc=1120&amp;aid=11269\">disqualifi\u00e9 du Daytona 200<\/a> pour modification non conforme \u00e0 une pi\u00e8ce homologu\u00e9e. Le vilebrequin de sa Honda CBR600RR aurait \u00e9tait modifi\u00e9, alors que le r\u00e8glement stipule que seul un polissage ou un traitement de surface est permis.<br \/>Le podium modifi\u00e9 est maintenant compos\u00e9 de Chaz Davies, Steve Rapp sur Kawasaki ZX-6R et Larry Pegram sur Ducati 848.<br \/>Erion Honda devrait aller en appel de cette d\u00e9cision. Et ironie de la chose, le <a href=\"http:\/\/joshhayesracing.com\/\">site web<\/a> de Josh Hayes triomphe d\u00e9j\u00e0 sa victoire. Une autre mise \u00e0 jour s&rsquo;impose dans son cas.<\/p>\n","protected":false},"excerpt":{"rendered":"<p>Photo: Brian J. Nelson Josh Hayes de l&rsquo;\u00e9curie Erion Honda a \u00e9t\u00e9 disqualifi\u00e9 du Daytona 200 pour modification non conforme \u00e0 une pi\u00e8ce homologu\u00e9e. Le vilebrequin de sa Honda CBR600RR aurait \u00e9tait modifi\u00e9, alors que le r\u00e8glement stipule que seul un polissage ou un traitement de surface est permis.Le podium modifi\u00e9 est maintenant compos\u00e9 de [&hellip;]<\/p>\n","protected":false},"author":325,"featured_media":0,"comment_status":"open","ping_status":"open","sticky":false,"template":"","format":"standard","meta":{"footnotes":""},"categories":[3],"tags":[],"class_list":["post-843","post","type-post","status-publish","format-standard","hentry","category-actualite"],"yoast_head":"<!-- This site is optimized with the Yoast SEO plugin v26.0 - https:\/\/yoast.com\/wordpress\/plugins\/seo\/ -->\n<title>Daytona 200, Hayes disqualifi\u00e9 - leblogmoto.com<\/title>\n<meta name=\"robots\" content=\"index, follow, max-snippet:-1, max-image-preview:large, max-video-preview:-1\" \/>\n<link rel=\"canonical\" href=\"https:\/\/blogs.thesocialmedia.com\/leblogmoto\/2008\/03\/09\/daytona-200-hay\/\" \/>\n<meta name=\"twitter:card\" content=\"summary_large_image\" \/>\n<meta name=\"twitter:title\" content=\"Daytona 200, Hayes disqualifi\u00e9 - leblogmoto.com\" \/>\n<meta name=\"twitter:description\" content=\"Photo: Brian J. Nelson Josh Hayes de l&rsquo;\u00e9curie Erion Honda a \u00e9t\u00e9 disqualifi\u00e9 du Daytona 200 pour modification non conforme \u00e0 une pi\u00e8ce homologu\u00e9e. Le vilebrequin de sa Honda CBR600RR aurait \u00e9tait modifi\u00e9, alors que le r\u00e8glement stipule que seul un polissage ou un traitement de surface est permis.Le podium modifi\u00e9 est maintenant compos\u00e9 de [&hellip;]\" \/>\n<meta name=\"twitter:image\" content=\"http:\/\/www.leblogmoto.com\/images\/2008\/03\/09\/hayes1.jpg\" \/>\n<meta name=\"twitter:label1\" content=\"\u00c9crit par\" \/>\n\t<meta name=\"twitter:data1\" content=\"jacques lesage\" \/>\n\t<meta name=\"twitter:label2\" content=\"Dur\u00e9e de lecture estim\u00e9e\" \/>\n\t<meta name=\"twitter:data2\" content=\"1 minute\" \/>\n<script type=\"application\/ld+json\" class=\"yoast-schema-graph\">{\"@context\":\"https:\/\/schema.org\",\"@graph\":[{\"@type\":\"WebPage\",\"@id\":\"https:\/\/blogs.thesocialmedia.com\/leblogmoto\/2008\/03\/09\/daytona-200-hay\/\",\"url\":\"https:\/\/blogs.thesocialmedia.com\/leblogmoto\/2008\/03\/09\/daytona-200-hay\/\",\"name\":\"Daytona 200, Hayes disqualifi\u00e9 - leblogmoto.com\",\"isPartOf\":{\"@id\":\"https:\/\/blogs.thesocialmedia.com\/leblogmoto\/#website\"},\"primaryImageOfPage\":{\"@id\":\"https:\/\/blogs.thesocialmedia.com\/leblogmoto\/2008\/03\/09\/daytona-200-hay\/#primaryimage\"},\"image\":{\"@id\":\"https:\/\/blogs.thesocialmedia.com\/leblogmoto\/2008\/03\/09\/daytona-200-hay\/#primaryimage\"},\"thumbnailUrl\":\"http:\/\/www.leblogmoto.com\/images\/2008\/03\/09\/hayes1.jpg\",\"datePublished\":\"2008-03-09T18:47:12+00:00\",\"dateModified\":\"2012-07-11T15:28:44+00:00\",\"author\":{\"@id\":\"https:\/\/blogs.thesocialmedia.com\/leblogmoto\/#\/schema\/person\/e82a0ca8a9a63d031586097a3ed58526\"},\"breadcrumb\":{\"@id\":\"https:\/\/blogs.thesocialmedia.com\/leblogmoto\/2008\/03\/09\/daytona-200-hay\/#breadcrumb\"},\"inLanguage\":\"fr-FR\",\"potentialAction\":[{\"@type\":\"ReadAction\",\"target\":[\"https:\/\/blogs.thesocialmedia.com\/leblogmoto\/2008\/03\/09\/daytona-200-hay\/\"]}]},{\"@type\":\"ImageObject\",\"inLanguage\":\"fr-FR\",\"@id\":\"https:\/\/blogs.thesocialmedia.com\/leblogmoto\/2008\/03\/09\/daytona-200-hay\/#primaryimage\",\"url\":\"http:\/\/www.leblogmoto.com\/images\/2008\/03\/09\/hayes1.jpg\",\"contentUrl\":\"http:\/\/www.leblogmoto.com\/images\/2008\/03\/09\/hayes1.jpg\"},{\"@type\":\"BreadcrumbList\",\"@id\":\"https:\/\/blogs.thesocialmedia.com\/leblogmoto\/2008\/03\/09\/daytona-200-hay\/#breadcrumb\",\"itemListElement\":[{\"@type\":\"ListItem\",\"position\":1,\"name\":\"Accueil\",\"item\":\"https:\/\/blogs.thesocialmedia.com\/leblogmoto\/\"},{\"@type\":\"ListItem\",\"position\":2,\"name\":\"Daytona 200, Hayes disqualifi\u00e9\"}]},{\"@type\":\"WebSite\",\"@id\":\"https:\/\/blogs.thesocialmedia.com\/leblogmoto\/#website\",\"url\":\"https:\/\/blogs.thesocialmedia.com\/leblogmoto\/\",\"name\":\"leblogmoto\",\"description\":\"Toute l&#039;actualit\u00e9 des 2 roues\",\"potentialAction\":[{\"@type\":\"SearchAction\",\"target\":{\"@type\":\"EntryPoint\",\"urlTemplate\":\"https:\/\/blogs.thesocialmedia.com\/leblogmoto\/?s={search_term_string}\"},\"query-input\":{\"@type\":\"PropertyValueSpecification\",\"valueRequired\":true,\"valueName\":\"search_term_string\"}}],\"inLanguage\":\"fr-FR\"},{\"@type\":\"Person\",\"@id\":\"https:\/\/blogs.thesocialmedia.com\/leblogmoto\/#\/schema\/person\/e82a0ca8a9a63d031586097a3ed58526\",\"name\":\"jacques lesage\",\"image\":{\"@type\":\"ImageObject\",\"inLanguage\":\"fr-FR\",\"@id\":\"https:\/\/blogs.thesocialmedia.com\/leblogmoto\/#\/schema\/person\/image\/\",\"url\":\"https:\/\/secure.gravatar.com\/avatar\/?s=96&d=mm&r=g\",\"contentUrl\":\"https:\/\/secure.gravatar.com\/avatar\/?s=96&d=mm&r=g\",\"caption\":\"jacques lesage\"},\"url\":\"https:\/\/blogs.thesocialmedia.com\/leblogmoto\/author\/jacques-lesage\/\"}]}<\/script>\n<!-- \/ Yoast SEO plugin. -->","yoast_head_json":{"title":"Daytona 200, Hayes disqualifi\u00e9 - leblogmoto.com","robots":{"index":"index","follow":"follow","max-snippet":"max-snippet:-1","max-image-preview":"max-image-preview:large","max-video-preview":"max-video-preview:-1"},"canonical":"https:\/\/blogs.thesocialmedia.com\/leblogmoto\/2008\/03\/09\/daytona-200-hay\/","twitter_card":"summary_large_image","twitter_title":"Daytona 200, Hayes disqualifi\u00e9 - leblogmoto.com","twitter_description":"Photo: Brian J. Nelson Josh Hayes de l&rsquo;\u00e9curie Erion Honda a \u00e9t\u00e9 disqualifi\u00e9 du Daytona 200 pour modification non conforme \u00e0 une pi\u00e8ce homologu\u00e9e. Le vilebrequin de sa Honda CBR600RR aurait \u00e9tait modifi\u00e9, alors que le r\u00e8glement stipule que seul un polissage ou un traitement de surface est permis.Le podium modifi\u00e9 est maintenant compos\u00e9 de [&hellip;]","twitter_image":"http:\/\/www.leblogmoto.com\/images\/2008\/03\/09\/hayes1.jpg","twitter_misc":{"\u00c9crit par":"jacques lesage","Dur\u00e9e de lecture estim\u00e9e":"1 minute"},"schema":{"@context":"https:\/\/schema.org","@graph":[{"@type":"WebPage","@id":"https:\/\/blogs.thesocialmedia.com\/leblogmoto\/2008\/03\/09\/daytona-200-hay\/","url":"https:\/\/blogs.thesocialmedia.com\/leblogmoto\/2008\/03\/09\/daytona-200-hay\/","name":"Daytona 200, Hayes disqualifi\u00e9 - leblogmoto.com","isPartOf":{"@id":"https:\/\/blogs.thesocialmedia.com\/leblogmoto\/#website"},"primaryImageOfPage":{"@id":"https:\/\/blogs.thesocialmedia.com\/leblogmoto\/2008\/03\/09\/daytona-200-hay\/#primaryimage"},"image":{"@id":"https:\/\/blogs.thesocialmedia.com\/leblogmoto\/2008\/03\/09\/daytona-200-hay\/#primaryimage"},"thumbnailUrl":"http:\/\/www.leblogmoto.com\/images\/2008\/03\/09\/hayes1.jpg","datePublished":"2008-03-09T18:47:12+00:00","dateModified":"2012-07-11T15:28:44+00:00","author":{"@id":"https:\/\/blogs.thesocialmedia.com\/leblogmoto\/#\/schema\/person\/e82a0ca8a9a63d031586097a3ed58526"},"breadcrumb":{"@id":"https:\/\/blogs.thesocialmedia.com\/leblogmoto\/2008\/03\/09\/daytona-200-hay\/#breadcrumb"},"inLanguage":"fr-FR","potentialAction":[{"@type":"ReadAction","target":["https:\/\/blogs.thesocialmedia.com\/leblogmoto\/2008\/03\/09\/daytona-200-hay\/"]}]},{"@type":"ImageObject","inLanguage":"fr-FR","@id":"https:\/\/blogs.thesocialmedia.com\/leblogmoto\/2008\/03\/09\/daytona-200-hay\/#primaryimage","url":"http:\/\/www.leblogmoto.com\/images\/2008\/03\/09\/hayes1.jpg","contentUrl":"http:\/\/www.leblogmoto.com\/images\/2008\/03\/09\/hayes1.jpg"},{"@type":"BreadcrumbList","@id":"https:\/\/blogs.thesocialmedia.com\/leblogmoto\/2008\/03\/09\/daytona-200-hay\/#breadcrumb","itemListElement":[{"@type":"ListItem","position":1,"name":"Accueil","item":"https:\/\/blogs.thesocialmedia.com\/leblogmoto\/"},{"@type":"ListItem","position":2,"name":"Daytona 200, Hayes disqualifi\u00e9"}]},{"@type":"WebSite","@id":"https:\/\/blogs.thesocialmedia.com\/leblogmoto\/#website","url":"https:\/\/blogs.thesocialmedia.com\/leblogmoto\/","name":"leblogmoto","description":"Toute l&#039;actualit\u00e9 des 2 roues","potentialAction":[{"@type":"SearchAction","target":{"@type":"EntryPoint","urlTemplate":"https:\/\/blogs.thesocialmedia.com\/leblogmoto\/?s={search_term_string}"},"query-input":{"@type":"PropertyValueSpecification","valueRequired":true,"valueName":"search_term_string"}}],"inLanguage":"fr-FR"},{"@type":"Person","@id":"https:\/\/blogs.thesocialmedia.com\/leblogmoto\/#\/schema\/person\/e82a0ca8a9a63d031586097a3ed58526","name":"jacques lesage","image":{"@type":"ImageObject","inLanguage":"fr-FR","@id":"https:\/\/blogs.thesocialmedia.com\/leblogmoto\/#\/schema\/person\/image\/","url":"https:\/\/secure.gravatar.com\/avatar\/?s=96&d=mm&r=g","contentUrl":"https:\/\/secure.gravatar.com\/avatar\/?s=96&d=mm&r=g","caption":"jacques lesage"},"url":"https:\/\/blogs.thesocialmedia.com\/leblogmoto\/author\/jacques-lesage\/"}]}},"_links":{"self":[{"href":"https:\/\/blogs.thesocialmedia.com\/leblogmoto\/wp-json\/wp\/v2\/posts\/843","targetHints":{"allow":["GET"]}}],"collection":[{"href":"https:\/\/blogs.thesocialmedia.com\/leblogmoto\/wp-json\/wp\/v2\/posts"}],"about":[{"href":"https:\/\/blogs.thesocialmedia.com\/leblogmoto\/wp-json\/wp\/v2\/types\/post"}],"author":[{"embeddable":true,"href":"https:\/\/blogs.thesocialmedia.com\/leblogmoto\/wp-json\/wp\/v2\/users\/325"}],"replies":[{"embeddable":true,"href":"https:\/\/blogs.thesocialmedia.com\/leblogmoto\/wp-json\/wp\/v2\/comments?post=843"}],"version-history":[{"count":2,"href":"https:\/\/blogs.thesocialmedia.com\/leblogmoto\/wp-json\/wp\/v2\/posts\/843\/revisions"}],"predecessor-version":[{"id":10176,"href":"https:\/\/blogs.thesocialmedia.com\/leblogmoto\/wp-json\/wp\/v2\/posts\/843\/revisions\/10176"}],"wp:attachment":[{"href":"https:\/\/blogs.thesocialmedia.com\/leblogmoto\/wp-json\/wp\/v2\/media?parent=843"}],"wp:term":[{"taxonomy":"category","embeddable":true,"href":"https:\/\/blogs.thesocialmedia.com\/leblogmoto\/wp-json\/wp\/v2\/categories?post=843"},{"taxonomy":"post_tag","embeddable":true,"href":"https:\/\/blogs.thesocialmedia.com\/leblogmoto\/wp-json\/wp\/v2\/tags?post=843"}],"curies":[{"name":"wp","href":"https:\/\/api.w.org\/{rel}","templated":true}]}}