{"id":844,"date":"2008-03-09T06:00:57","date_gmt":"2008-03-09T06:00:57","guid":{"rendered":"http:\/\/blogs.thesocialmedia.com\/leblogmoto\/2008\/03\/09\/daytona-2008-dr\/"},"modified":"2012-07-11T15:28:40","modified_gmt":"2012-07-11T15:28:40","slug":"daytona-2008-dr","status":"publish","type":"post","link":"https:\/\/blogs.thesocialmedia.com\/leblogmoto\/2008\/03\/09\/daytona-2008-dr\/","title":{"rendered":"Daytona 2008, drapeau noir, drapeau \u00e0 damiers"},"content":{"rendered":"<p>Le vent soufflait fort \u00e0 Daytona en ce samedi de course, et \u00e0 la vue des r\u00e9sultats des deux principales attractions de la journ\u00e9e, valait mieux \u00eatre \u00e0 l&rsquo;avant, tout \u00e0 l&rsquo;avant pour esp\u00e9rer y demeurer.<\/p>\n<p><a href=\"http:\/\/blogs.thesocialmedia.com\/leblogmoto\/files\/2012\/07\/daytona_1.jpg\"><img loading=\"lazy\" decoding=\"async\" width=\"470\" height=\"336\"  src=\"http:\/\/www.leblogmoto.com\/images\/2008\/03\/08\/daytona_1.jpg\" alt=\"Daytona_1\" \/><\/a> <\/p>\n<p>En <a href=\"http:\/\/www.amaproracing.com\/prorace\/raceres\/rr\/racres.asp?cls=fe&amp;snct=p8200&amp;year=2008&amp;type=f&amp;rnum=1\">Formula Xtreme<\/a>, Josh Hayes au guidon de sa Honda CBR600RR fit un sans faute pour s&rsquo;imposer sans r\u00e9el challenger, voyant ses voisins de podiums Chaz Davies et Steve Rapp sur Kawasaki ZX-6R tra\u00eener \u00e0 plus de 32 et 51 secondes, et les deux seuls \u00e0 \u00eatre sur le m\u00eame tour que le vainqueur. Vainqueur que les rumeurs de fin de journ\u00e9es voient disqualifi\u00e9 pour \u00e9quipements non conformes. \u00c0 suivre&#8230;<br \/>Mentionnons toutefois la belle prestation de Larry Pegram sur la nouvelle Ducati 848, terminant en quatri\u00e8me position \u00e0 un tour.<\/p>\n<p>En <a href=\"http:\/\/www.amaproracing.com\/prorace\/raceres\/rr\/racres.asp?cls=sb&amp;snct=p8200&amp;year=2008&amp;type=f&amp;rnum=1\">Superbike<\/a>, l&rsquo;histoire tourne en boucle avec un Mat Mladin sur la Suzuki GSX-R1000 faisant un solo du d\u00e9part \u00e0 l&rsquo;arriv\u00e9e. Son co\u00e9quipier Ben Spies ratant son d\u00e9part, Mladin se fit un petit coussin de 2, 3 secondes qu&rsquo;il garda tout au long des 15 tours. M\u00eame si Spies r\u00e9cup\u00e9ra rapidement le terrain perdu au d\u00e9part, il ne fut jamais en mesure de coller \u00e0 celui qui sera semble-t-il son principal rival tout au long de la saison \u00e0 venir. Le podium est compl\u00e9t\u00e9 par un Jason Disalvo qui, en fin de saison derni\u00e8re, semblait sur un si\u00e8ge \u00e9jectable chez Yamaha. Mais sa r\u00e9demption semble bien amorc\u00e9e, sa guigne le laisse tranquille, il devrait pouvoir se raser sans risquer trop de malchance.<\/p>\n<p>Mais l&rsquo;histoire du jour est ce <a href=\"http:\/\/www.amasuperbike.com\/article.php?UID=WzN5MP4bFkGK7Zeh77uJNI1Dl0SZvn&amp;sc=1120&amp;aid=11266\">drapeau noir<\/a> servi \u00e0 Miguel Duhamel au 54e tour. \u00c9prouvant des probl\u00e8mes avec sa Honda CBR600RR d\u00e8s le premier tour, il s&rsquo;arr\u00eata aux puits pour repartir sur son mulet, son \u00e9quipe demandant l&rsquo;avis \u00e0 un officiel de course s&rsquo;il pouvait \u00e0 ce stade de la course faire le changement. Sur une r\u00e9ponse affirmative, Duhamel amor\u00e7a alors une remont\u00e9e spectaculaire, passant de la 57e place au deuxi\u00e8me tour \u00e0 la quatri\u00e8me au moment du drapeau noir. Duhamel mis un bon 4 tours avant de r\u00e9aliser que ses chances de victoires n&rsquo;existaient plus et se convaincre de rentrer au puits. C&rsquo;est alors qu&rsquo;on appris que l&rsquo;officiel de course ayant donn\u00e9 l&rsquo;autorisation du changement de motos \u00e9tait, non seulement dans l&rsquo;erreur, ce n&rsquo;est que sous drapeau rouge qu&rsquo;il est possible de faire le changement, et ce, dans les seuls 3 premiers tours, mais qu&rsquo;il n&rsquo;\u00e9tait pas autoris\u00e9 \u00e0 le faire, uniquement le commissaire de piste ayant ce privil\u00e8ge.<br \/>On peut donc facilement imaginer dans quel \u00e9tat d&rsquo;esprit se trouvait Miguel Duhamel au d\u00e9part du Superbike quelques instants plus tard. D&rsquo;ailleurs, il se sortait de piste au 6e tour, mais remontant en selle pour terminer en 12e place au terme de 15 trop longs tours.<\/p>\n<p>Podium Formula Xtreme<br \/><a href=\"http:\/\/clabedan.typepad.com\/.shared\/image.html?\/photos\/uncategorized\/2008\/03\/08\/daytona_pod_xtreme.jpg\"><img loading=\"lazy\" decoding=\"async\" width=\"470\" height=\"312\"  src=\"http:\/\/www.leblogmoto.com\/images\/2008\/03\/08\/daytona_pod_xtreme.jpg\" alt=\"Daytona_pod_xtreme\" \/><\/a> <\/p>\n<p>Podium Superbike<br \/><a href=\"http:\/\/blogs.thesocialmedia.com\/leblogmoto\/files\/2012\/07\/daytona_pod_sbk.jpg\"><img loading=\"lazy\" decoding=\"async\" width=\"470\" height=\"293\"  src=\"http:\/\/www.leblogmoto.com\/images\/2008\/03\/08\/daytona_pod_sbk.jpg\" alt=\"Daytona_pod_sbk\" \/><\/a> <\/p>\n<p><a href=\"http:\/\/blogs.thesocialmedia.com\/leblogmoto\/files\/2012\/07\/daytona_cour_xtreme.jpg\"><img loading=\"lazy\" decoding=\"async\" width=\"470\" height=\"198\"  src=\"http:\/\/www.leblogmoto.com\/images\/2008\/03\/08\/daytona_cour_xtreme.jpg\" alt=\"Daytona_cour_xtreme\" \/><\/a> <\/p>\n<p><a href=\"http:\/\/blogs.thesocialmedia.com\/leblogmoto\/files\/2012\/07\/daytona_cou_sbk.jpg\"><img loading=\"lazy\" decoding=\"async\" width=\"470\" height=\"215\"  src=\"http:\/\/www.leblogmoto.com\/images\/2008\/03\/08\/daytona_cou_sbk.jpg\" alt=\"Daytona_cou_sbk\" \/><\/a> <\/p>\n<p><a href=\"http:\/\/blogs.thesocialmedia.com\/leblogmoto\/files\/2012\/07\/duhamel1.jpg\"><img loading=\"lazy\" decoding=\"async\" width=\"470\" height=\"157\"  src=\"http:\/\/www.leblogmoto.com\/images\/2008\/03\/08\/duhamel.jpg\" alt=\"Duhamel\" \/><\/a> <br \/><em>Photos: Brian J. Nelson<\/em><\/p>\n","protected":false},"excerpt":{"rendered":"<p>Le vent soufflait fort \u00e0 Daytona en ce samedi de course, et \u00e0 la vue des r\u00e9sultats des deux principales attractions de la journ\u00e9e, valait mieux \u00eatre \u00e0 l&rsquo;avant, tout \u00e0 l&rsquo;avant pour esp\u00e9rer y demeurer. En Formula Xtreme, Josh Hayes au guidon de sa Honda CBR600RR fit un sans faute pour s&rsquo;imposer sans r\u00e9el [&hellip;]<\/p>\n","protected":false},"author":325,"featured_media":0,"comment_status":"open","ping_status":"open","sticky":false,"template":"","format":"standard","meta":{"footnotes":""},"categories":[3,41,14,45,46,51,44],"tags":[],"class_list":["post-844","post","type-post","status-publish","format-standard","hentry","category-actualite","category-ducati","category-honda","category-kawasaki","category-superbike","category-suzuki","category-yamaha"],"yoast_head":"<!-- This site is optimized with the Yoast SEO plugin v26.0 - https:\/\/yoast.com\/wordpress\/plugins\/seo\/ -->\n<title>Daytona 2008, drapeau noir, drapeau \u00e0 damiers - leblogmoto.com<\/title>\n<meta name=\"robots\" content=\"index, follow, max-snippet:-1, max-image-preview:large, max-video-preview:-1\" \/>\n<link rel=\"canonical\" href=\"https:\/\/blogs.thesocialmedia.com\/leblogmoto\/2008\/03\/09\/daytona-2008-dr\/\" \/>\n<meta name=\"twitter:card\" content=\"summary_large_image\" \/>\n<meta name=\"twitter:title\" content=\"Daytona 2008, drapeau noir, drapeau \u00e0 damiers - leblogmoto.com\" \/>\n<meta name=\"twitter:description\" content=\"Le vent soufflait fort \u00e0 Daytona en ce samedi de course, et \u00e0 la vue des r\u00e9sultats des deux principales attractions de la journ\u00e9e, valait mieux \u00eatre \u00e0 l&rsquo;avant, tout \u00e0 l&rsquo;avant pour esp\u00e9rer y demeurer. En Formula Xtreme, Josh Hayes au guidon de sa Honda CBR600RR fit un sans faute pour s&rsquo;imposer sans r\u00e9el [&hellip;]\" \/>\n<meta name=\"twitter:image\" content=\"http:\/\/www.leblogmoto.com\/images\/2008\/03\/08\/daytona_1.jpg\" \/>\n<meta name=\"twitter:label1\" content=\"\u00c9crit par\" \/>\n\t<meta name=\"twitter:data1\" content=\"jacques lesage\" \/>\n\t<meta name=\"twitter:label2\" content=\"Dur\u00e9e de lecture estim\u00e9e\" \/>\n\t<meta name=\"twitter:data2\" content=\"2 minutes\" \/>\n<script type=\"application\/ld+json\" class=\"yoast-schema-graph\">{\"@context\":\"https:\/\/schema.org\",\"@graph\":[{\"@type\":\"WebPage\",\"@id\":\"https:\/\/blogs.thesocialmedia.com\/leblogmoto\/2008\/03\/09\/daytona-2008-dr\/\",\"url\":\"https:\/\/blogs.thesocialmedia.com\/leblogmoto\/2008\/03\/09\/daytona-2008-dr\/\",\"name\":\"Daytona 2008, drapeau noir, drapeau \u00e0 damiers - leblogmoto.com\",\"isPartOf\":{\"@id\":\"https:\/\/blogs.thesocialmedia.com\/leblogmoto\/#website\"},\"primaryImageOfPage\":{\"@id\":\"https:\/\/blogs.thesocialmedia.com\/leblogmoto\/2008\/03\/09\/daytona-2008-dr\/#primaryimage\"},\"image\":{\"@id\":\"https:\/\/blogs.thesocialmedia.com\/leblogmoto\/2008\/03\/09\/daytona-2008-dr\/#primaryimage\"},\"thumbnailUrl\":\"http:\/\/www.leblogmoto.com\/images\/2008\/03\/08\/daytona_1.jpg\",\"datePublished\":\"2008-03-09T06:00:57+00:00\",\"dateModified\":\"2012-07-11T15:28:40+00:00\",\"author\":{\"@id\":\"https:\/\/blogs.thesocialmedia.com\/leblogmoto\/#\/schema\/person\/e82a0ca8a9a63d031586097a3ed58526\"},\"breadcrumb\":{\"@id\":\"https:\/\/blogs.thesocialmedia.com\/leblogmoto\/2008\/03\/09\/daytona-2008-dr\/#breadcrumb\"},\"inLanguage\":\"fr-FR\",\"potentialAction\":[{\"@type\":\"ReadAction\",\"target\":[\"https:\/\/blogs.thesocialmedia.com\/leblogmoto\/2008\/03\/09\/daytona-2008-dr\/\"]}]},{\"@type\":\"ImageObject\",\"inLanguage\":\"fr-FR\",\"@id\":\"https:\/\/blogs.thesocialmedia.com\/leblogmoto\/2008\/03\/09\/daytona-2008-dr\/#primaryimage\",\"url\":\"http:\/\/www.leblogmoto.com\/images\/2008\/03\/08\/daytona_1.jpg\",\"contentUrl\":\"http:\/\/www.leblogmoto.com\/images\/2008\/03\/08\/daytona_1.jpg\"},{\"@type\":\"BreadcrumbList\",\"@id\":\"https:\/\/blogs.thesocialmedia.com\/leblogmoto\/2008\/03\/09\/daytona-2008-dr\/#breadcrumb\",\"itemListElement\":[{\"@type\":\"ListItem\",\"position\":1,\"name\":\"Accueil\",\"item\":\"https:\/\/blogs.thesocialmedia.com\/leblogmoto\/\"},{\"@type\":\"ListItem\",\"position\":2,\"name\":\"Daytona 2008, drapeau noir, drapeau \u00e0 damiers\"}]},{\"@type\":\"WebSite\",\"@id\":\"https:\/\/blogs.thesocialmedia.com\/leblogmoto\/#website\",\"url\":\"https:\/\/blogs.thesocialmedia.com\/leblogmoto\/\",\"name\":\"leblogmoto\",\"description\":\"Toute l&#039;actualit\u00e9 des 2 roues\",\"potentialAction\":[{\"@type\":\"SearchAction\",\"target\":{\"@type\":\"EntryPoint\",\"urlTemplate\":\"https:\/\/blogs.thesocialmedia.com\/leblogmoto\/?s={search_term_string}\"},\"query-input\":{\"@type\":\"PropertyValueSpecification\",\"valueRequired\":true,\"valueName\":\"search_term_string\"}}],\"inLanguage\":\"fr-FR\"},{\"@type\":\"Person\",\"@id\":\"https:\/\/blogs.thesocialmedia.com\/leblogmoto\/#\/schema\/person\/e82a0ca8a9a63d031586097a3ed58526\",\"name\":\"jacques lesage\",\"image\":{\"@type\":\"ImageObject\",\"inLanguage\":\"fr-FR\",\"@id\":\"https:\/\/blogs.thesocialmedia.com\/leblogmoto\/#\/schema\/person\/image\/\",\"url\":\"https:\/\/secure.gravatar.com\/avatar\/?s=96&d=mm&r=g\",\"contentUrl\":\"https:\/\/secure.gravatar.com\/avatar\/?s=96&d=mm&r=g\",\"caption\":\"jacques lesage\"},\"url\":\"https:\/\/blogs.thesocialmedia.com\/leblogmoto\/author\/jacques-lesage\/\"}]}<\/script>\n<!-- \/ Yoast SEO plugin. -->","yoast_head_json":{"title":"Daytona 2008, drapeau noir, drapeau \u00e0 damiers - leblogmoto.com","robots":{"index":"index","follow":"follow","max-snippet":"max-snippet:-1","max-image-preview":"max-image-preview:large","max-video-preview":"max-video-preview:-1"},"canonical":"https:\/\/blogs.thesocialmedia.com\/leblogmoto\/2008\/03\/09\/daytona-2008-dr\/","twitter_card":"summary_large_image","twitter_title":"Daytona 2008, drapeau noir, drapeau \u00e0 damiers - leblogmoto.com","twitter_description":"Le vent soufflait fort \u00e0 Daytona en ce samedi de course, et \u00e0 la vue des r\u00e9sultats des deux principales attractions de la journ\u00e9e, valait mieux \u00eatre \u00e0 l&rsquo;avant, tout \u00e0 l&rsquo;avant pour esp\u00e9rer y demeurer. En Formula Xtreme, Josh Hayes au guidon de sa Honda CBR600RR fit un sans faute pour s&rsquo;imposer sans r\u00e9el [&hellip;]","twitter_image":"http:\/\/www.leblogmoto.com\/images\/2008\/03\/08\/daytona_1.jpg","twitter_misc":{"\u00c9crit par":"jacques lesage","Dur\u00e9e de lecture estim\u00e9e":"2 minutes"},"schema":{"@context":"https:\/\/schema.org","@graph":[{"@type":"WebPage","@id":"https:\/\/blogs.thesocialmedia.com\/leblogmoto\/2008\/03\/09\/daytona-2008-dr\/","url":"https:\/\/blogs.thesocialmedia.com\/leblogmoto\/2008\/03\/09\/daytona-2008-dr\/","name":"Daytona 2008, drapeau noir, drapeau \u00e0 damiers - leblogmoto.com","isPartOf":{"@id":"https:\/\/blogs.thesocialmedia.com\/leblogmoto\/#website"},"primaryImageOfPage":{"@id":"https:\/\/blogs.thesocialmedia.com\/leblogmoto\/2008\/03\/09\/daytona-2008-dr\/#primaryimage"},"image":{"@id":"https:\/\/blogs.thesocialmedia.com\/leblogmoto\/2008\/03\/09\/daytona-2008-dr\/#primaryimage"},"thumbnailUrl":"http:\/\/www.leblogmoto.com\/images\/2008\/03\/08\/daytona_1.jpg","datePublished":"2008-03-09T06:00:57+00:00","dateModified":"2012-07-11T15:28:40+00:00","author":{"@id":"https:\/\/blogs.thesocialmedia.com\/leblogmoto\/#\/schema\/person\/e82a0ca8a9a63d031586097a3ed58526"},"breadcrumb":{"@id":"https:\/\/blogs.thesocialmedia.com\/leblogmoto\/2008\/03\/09\/daytona-2008-dr\/#breadcrumb"},"inLanguage":"fr-FR","potentialAction":[{"@type":"ReadAction","target":["https:\/\/blogs.thesocialmedia.com\/leblogmoto\/2008\/03\/09\/daytona-2008-dr\/"]}]},{"@type":"ImageObject","inLanguage":"fr-FR","@id":"https:\/\/blogs.thesocialmedia.com\/leblogmoto\/2008\/03\/09\/daytona-2008-dr\/#primaryimage","url":"http:\/\/www.leblogmoto.com\/images\/2008\/03\/08\/daytona_1.jpg","contentUrl":"http:\/\/www.leblogmoto.com\/images\/2008\/03\/08\/daytona_1.jpg"},{"@type":"BreadcrumbList","@id":"https:\/\/blogs.thesocialmedia.com\/leblogmoto\/2008\/03\/09\/daytona-2008-dr\/#breadcrumb","itemListElement":[{"@type":"ListItem","position":1,"name":"Accueil","item":"https:\/\/blogs.thesocialmedia.com\/leblogmoto\/"},{"@type":"ListItem","position":2,"name":"Daytona 2008, drapeau noir, drapeau \u00e0 damiers"}]},{"@type":"WebSite","@id":"https:\/\/blogs.thesocialmedia.com\/leblogmoto\/#website","url":"https:\/\/blogs.thesocialmedia.com\/leblogmoto\/","name":"leblogmoto","description":"Toute l&#039;actualit\u00e9 des 2 roues","potentialAction":[{"@type":"SearchAction","target":{"@type":"EntryPoint","urlTemplate":"https:\/\/blogs.thesocialmedia.com\/leblogmoto\/?s={search_term_string}"},"query-input":{"@type":"PropertyValueSpecification","valueRequired":true,"valueName":"search_term_string"}}],"inLanguage":"fr-FR"},{"@type":"Person","@id":"https:\/\/blogs.thesocialmedia.com\/leblogmoto\/#\/schema\/person\/e82a0ca8a9a63d031586097a3ed58526","name":"jacques lesage","image":{"@type":"ImageObject","inLanguage":"fr-FR","@id":"https:\/\/blogs.thesocialmedia.com\/leblogmoto\/#\/schema\/person\/image\/","url":"https:\/\/secure.gravatar.com\/avatar\/?s=96&d=mm&r=g","contentUrl":"https:\/\/secure.gravatar.com\/avatar\/?s=96&d=mm&r=g","caption":"jacques lesage"},"url":"https:\/\/blogs.thesocialmedia.com\/leblogmoto\/author\/jacques-lesage\/"}]}},"_links":{"self":[{"href":"https:\/\/blogs.thesocialmedia.com\/leblogmoto\/wp-json\/wp\/v2\/posts\/844","targetHints":{"allow":["GET"]}}],"collection":[{"href":"https:\/\/blogs.thesocialmedia.com\/leblogmoto\/wp-json\/wp\/v2\/posts"}],"about":[{"href":"https:\/\/blogs.thesocialmedia.com\/leblogmoto\/wp-json\/wp\/v2\/types\/post"}],"author":[{"embeddable":true,"href":"https:\/\/blogs.thesocialmedia.com\/leblogmoto\/wp-json\/wp\/v2\/users\/325"}],"replies":[{"embeddable":true,"href":"https:\/\/blogs.thesocialmedia.com\/leblogmoto\/wp-json\/wp\/v2\/comments?post=844"}],"version-history":[{"count":2,"href":"https:\/\/blogs.thesocialmedia.com\/leblogmoto\/wp-json\/wp\/v2\/posts\/844\/revisions"}],"predecessor-version":[{"id":10174,"href":"https:\/\/blogs.thesocialmedia.com\/leblogmoto\/wp-json\/wp\/v2\/posts\/844\/revisions\/10174"}],"wp:attachment":[{"href":"https:\/\/blogs.thesocialmedia.com\/leblogmoto\/wp-json\/wp\/v2\/media?parent=844"}],"wp:term":[{"taxonomy":"category","embeddable":true,"href":"https:\/\/blogs.thesocialmedia.com\/leblogmoto\/wp-json\/wp\/v2\/categories?post=844"},{"taxonomy":"post_tag","embeddable":true,"href":"https:\/\/blogs.thesocialmedia.com\/leblogmoto\/wp-json\/wp\/v2\/tags?post=844"}],"curies":[{"name":"wp","href":"https:\/\/api.w.org\/{rel}","templated":true}]}}