{"id":845,"date":"2008-03-08T15:54:41","date_gmt":"2008-03-08T15:54:41","guid":{"rendered":"http:\/\/blogs.thesocialmedia.com\/leblogmoto\/2008\/03\/08\/miguel-duhamel\/"},"modified":"2012-07-11T15:28:27","modified_gmt":"2012-07-11T15:28:27","slug":"miguel-duhamel","status":"publish","type":"post","link":"https:\/\/blogs.thesocialmedia.com\/leblogmoto\/2008\/03\/08\/miguel-duhamel\/","title":{"rendered":"Miguel Duhamel, Interview Daytona"},"content":{"rendered":"<p><a href=\"http:\/\/blogs.thesocialmedia.com\/leblogmoto\/files\/2012\/07\/duhamel_1.jpg\"><img loading=\"lazy\" decoding=\"async\" width=\"470\" height=\"257\"  src=\"http:\/\/www.leblogmoto.com\/images\/2008\/03\/08\/duhamel_1.jpg\" alt=\"Duhamel_1\" \/><\/a> <br \/><em>Photos: Brian J. Nelson<\/em><\/p>\n<p>Dans quelques heures se d\u00e9roulera le Daytona 200 en Floride, et Miguel Duhamel tentera de remporter cette course pour la sixi\u00e8me fois de sa carri\u00e8re, ce qui ferait de lui l&rsquo;indisputable champion de cette course.<br \/>Quelques instants apr\u00e8s la s\u00e9ance de qualification jeudi, Duhamel donnait une <a href=\"http:\/\/www.cycleworld.com\/article.asp?section_id=3&amp;article_id=639\">interview \u00e0 Matthew Miles<\/a> de Cycle World, la voici traduite.<\/p>\n<p>Deux petites nouvelles avant de vous laisser \u00e0 votre lecture. Duhamel en r\u00e9union de pilotes mercredi aurait milit\u00e9 en faveur de contr\u00f4les antidopage. Aucun sport de haut niveau n&rsquo;est \u00e0 l&rsquo;abri de rumeurs concernant l&rsquo;utilisation de telles substances, et il serait sage que le sport s&rsquo;occupe du probl\u00e8me avant que le probl\u00e8me s&rsquo;occupe du sport comme en cyclisme.<br \/>Vendredi, en conf\u00e9rence de presse, Roger Edmondson, le nouveau patron des affaires courantes en AMA, annon\u00e7ait que pour 2009, le Superbike serait la classe du Daytona 200. Des progr\u00e8s significatifs auraient \u00e9t\u00e9 accomplis dans la s\u00e9curit\u00e9 des pneumatiques, permettant au Superbike de n\u00e9gocier le fameux \u00abbanking\u00bb sans risque de crevaison.<\/p>\n<p>_____________________<\/p>\n<p>Q: <em>D&rsquo;abord, qu&rsquo;est-il arriv\u00e9 lors de l&rsquo;accident \u00e0 Road Atlanta l&rsquo;ann\u00e9e derni\u00e8re.<\/em><\/p>\n<p>M.D.: Le pneu arri\u00e8re a surchauff\u00e9 et \u00e9clat\u00e9, laissant la moto se d\u00e9sint\u00e9grer sous moi. Je ne suis pas stupide au point d&rsquo;aller me planter de ma propre volont\u00e9 au pire endroit en Am\u00e9rique. Mais je me consid\u00e8re extr\u00eamement chanceux. Avec un poumon perfor\u00e9, des fractures aux c\u00f4tes et le foie lac\u00e9r\u00e9, seule la blessure \u00e0 la cheville me fait encore souffrir. Mais tout le reste s&rsquo;est r\u00e9tabli.<\/p>\n<p>Q: <em>Consid\u00e9rant la gravit\u00e9 des blessures, avez-vous pensez tout arr\u00eater?<\/em><\/p>\n<p>M.D.: Comme si cette question allait de soi. Parce qu&rsquo;\u00e0 bien y penser, il n&rsquo;y a rien de pire \u00e0 demander. C&rsquo;est comme demander \u00e0 quelqu&rsquo;un sur son lit de mort s&rsquo;il pense en finir bient\u00f4t, parce qu&rsquo;il devrait d\u00e9j\u00e0 \u00eatre mort depuis longtemps. On ne fait pas \u00e7a pour passer le temps, c&rsquo;est notre vie, ce que nous sommes. On est pilote de motos.<br \/>Tous les grands athl\u00e8tes sont sous les feux des projecteurs, et les questions sont parfois rudes. \u00abVous n&rsquo;\u00eates pas aussi performant qu&rsquo;avant, allez-vous arr\u00eater bient\u00f4t?\u00bb Pourquoi ne pas l&rsquo;encourager et le laisser se d\u00e9passer? Si un constructeur croit suffisamment en lui et que son apport est positif, o\u00f9 est le probl\u00e8me?<\/p>\n<p>Q: <em>American Honda \u00e0 cr\u00e9er des Formula Xtreme uniquement pour vous et Neil (Hodsong) pour le seul Daytona 200. Avez-vous jou\u00e9 un r\u00f4le dans cette d\u00e9cision? Comme, \u00abHey les gars, j&rsquo;aimerais bien avoir l&rsquo;opportunit\u00e9 de le gagner pour une sixi\u00e8me fois ce 200!\u00bb<\/em><\/p>\n<p>M.D.: Non, je n&rsquo;ai pas eu mon mot \u00e0 dire. Je suis un pilote <a href=\"http:\/\/www.hondaredriders.com\/roadracing\/teamdetail.asp?TeamID=090111c080125f07&amp;bhcp=1\">Honda<\/a>, et reconnaissant de pouvoir courir dans le plus de classes possible au meilleur de mes capacit\u00e9s. Honda conna\u00eet bien la tradition qu&rsquo;est le Daytona 200, m\u00eame si l&rsquo;\u00e9v\u00e9nement a \u00e9t\u00e9 critiqu\u00e9, il est un grand classique, un incontournable. Tout le monde veut savoir qui d\u00e9tient la p\u00f4le pour le 200, et avec les am\u00e9liorations c\u00f4t\u00e9 s\u00e9curit\u00e9 sur la piste, il n&rsquo;y a pas de raisons pour que ce ne soit pas aussi grandiose comme dans le temps o\u00f9 les pilotes europ\u00e9ens venaient aussi s&rsquo;y frotter.<\/p>\n<p>Q: <em>Vous n&rsquo;avez pas eu beaucoup de temps de d\u00e9veloppement sur la CBR1000RR. Que pensez-vous de la moto \u00e0 ce moment-ci?<\/em><\/p>\n<p>M.D.: Je n&rsquo;ai eu qu&rsquo;un ch\u00e2ssis de pr\u00e9production en essais, alors je ne me suis pas trop forc\u00e9. Je n&rsquo;en suis qu&rsquo;\u00e0 mes premiers tours de roue avec le ch\u00e2ssis \u00abofficiel\u00bb, mais il est nettement meilleur, parce que j&rsquo;\u00e9tais 2 secondes plus lent que Neil cet hiver. Ici, je suis plus rapide que lui. Bien que je ne sois pas le roi de la qualif, je peux me tirer d&rsquo;affaire avec la moto que j&rsquo;ai entre les mains actuellement. Elle est vraiment rapide et on a la puissance n\u00e9cessaire pour \u00eatre comp\u00e9titif. Maintenant, si elle pouvait s&rsquo;extirper un peu mieux des courbes, ce serait presque parfait.<\/p>\n<p>Q: <em>Les syst\u00e8mes de tractions asservies font beaucoup parler d&rsquo;eux. Quel r\u00f4le joue l&rsquo;\u00e9lectronique en course?<\/em><\/p>\n<p>M.D.: L&rsquo;assistance \u00e9lectronique est un couteau \u00e0 double tranchant. Elle rend la moto plus pr\u00e9visible, alors on voit la plupart des pilotes prendre les courbes la manette \u00e0 fond, l&rsquo;ordinateur ne donnant de puissance que ce qu&rsquo;il faut pour rester en piste et ne pas se sortir tout seul. Honda a \u00e9t\u00e9 un peu lent dans le d\u00e9veloppement de tout \u00e7a, alors que Suzuki a pris une bonne ann\u00e9e d&rsquo;avance. Ils ont su exploiter les ambigu\u00eft\u00e9s du r\u00e8glement et en ont profit\u00e9. Dommage, mais c&rsquo;est aussi \u00e7a la course.<br \/>Par contre, je semble avoir plus de succ\u00e8s sans les aides \u00e9lectroniques. Alors, je ne serais pas contre un retour de la bonne vieille m\u00e9thode, et de remettre le contr\u00f4le de la puissance au pilote. Toute ma carri\u00e8re, j&rsquo;ai passablement bien r\u00e9ussi \u00e0 m\u00e9nager l&rsquo;usure de mes pneus, me donnant un avantage en fin de course. Sur un tour, la diff\u00e9rence entre les pilotes ne semblerait pas consid\u00e9rable, mais sur la dur\u00e9e, ce serait une autre histoire.<\/p>\n<p><a href=\"http:\/\/clabedan.typepad.com\/.shared\/image.html?\/photos\/uncategorized\/2008\/03\/08\/duhamel_1bis.jpg\"><img loading=\"lazy\" decoding=\"async\" width=\"470\" height=\"544\"  alt=\"Duhamel_1bis\" src=\"http:\/\/www.leblogmoto.com\/images\/2008\/03\/08\/duhamel_1bis.jpg\" \/><\/a> <\/p>\n<p><a href=\"http:\/\/blogs.thesocialmedia.com\/leblogmoto\/files\/2012\/07\/bjn11600.jpg\"><img loading=\"lazy\" decoding=\"async\" width=\"470\" height=\"312\"  alt=\"Bjn11600\" src=\"http:\/\/www.leblogmoto.com\/images\/2008\/03\/08\/bjn11600.jpg\" \/><\/a> <\/p>\n<p><a href=\"http:\/\/blogs.thesocialmedia.com\/leblogmoto\/files\/2012\/07\/bjn20696.jpg\"><img loading=\"lazy\" decoding=\"async\" width=\"470\" height=\"312\"  alt=\"Bjn20696\" src=\"http:\/\/www.leblogmoto.com\/images\/2008\/03\/08\/bjn20696.jpg\" \/><\/a> <\/p>\n","protected":false},"excerpt":{"rendered":"<p>Photos: Brian J. Nelson Dans quelques heures se d\u00e9roulera le Daytona 200 en Floride, et Miguel Duhamel tentera de remporter cette course pour la sixi\u00e8me fois de sa carri\u00e8re, ce qui ferait de lui l&rsquo;indisputable champion de cette course.Quelques instants apr\u00e8s la s\u00e9ance de qualification jeudi, Duhamel donnait une interview \u00e0 Matthew Miles de Cycle [&hellip;]<\/p>\n","protected":false},"author":325,"featured_media":0,"comment_status":"open","ping_status":"open","sticky":false,"template":"","format":"standard","meta":{"footnotes":""},"categories":[17,14,46],"tags":[],"class_list":["post-845","post","type-post","status-publish","format-standard","hentry","category-divers","category-honda","category-superbike"],"yoast_head":"<!-- This site is optimized with the Yoast SEO plugin v26.0 - https:\/\/yoast.com\/wordpress\/plugins\/seo\/ -->\n<title>Miguel Duhamel, Interview Daytona - leblogmoto.com<\/title>\n<meta name=\"robots\" content=\"index, follow, max-snippet:-1, max-image-preview:large, max-video-preview:-1\" \/>\n<link rel=\"canonical\" href=\"https:\/\/blogs.thesocialmedia.com\/leblogmoto\/2008\/03\/08\/miguel-duhamel\/\" \/>\n<meta name=\"twitter:card\" content=\"summary_large_image\" \/>\n<meta name=\"twitter:title\" content=\"Miguel Duhamel, Interview Daytona - leblogmoto.com\" \/>\n<meta name=\"twitter:description\" content=\"Photos: Brian J. Nelson Dans quelques heures se d\u00e9roulera le Daytona 200 en Floride, et Miguel Duhamel tentera de remporter cette course pour la sixi\u00e8me fois de sa carri\u00e8re, ce qui ferait de lui l&rsquo;indisputable champion de cette course.Quelques instants apr\u00e8s la s\u00e9ance de qualification jeudi, Duhamel donnait une interview \u00e0 Matthew Miles de Cycle [&hellip;]\" \/>\n<meta name=\"twitter:image\" content=\"http:\/\/www.leblogmoto.com\/images\/2008\/03\/08\/duhamel_1.jpg\" \/>\n<meta name=\"twitter:label1\" content=\"\u00c9crit par\" \/>\n\t<meta name=\"twitter:data1\" content=\"jacques lesage\" \/>\n\t<meta name=\"twitter:label2\" content=\"Dur\u00e9e de lecture estim\u00e9e\" \/>\n\t<meta name=\"twitter:data2\" content=\"4 minutes\" \/>\n<script type=\"application\/ld+json\" class=\"yoast-schema-graph\">{\"@context\":\"https:\/\/schema.org\",\"@graph\":[{\"@type\":\"WebPage\",\"@id\":\"https:\/\/blogs.thesocialmedia.com\/leblogmoto\/2008\/03\/08\/miguel-duhamel\/\",\"url\":\"https:\/\/blogs.thesocialmedia.com\/leblogmoto\/2008\/03\/08\/miguel-duhamel\/\",\"name\":\"Miguel Duhamel, Interview Daytona - leblogmoto.com\",\"isPartOf\":{\"@id\":\"https:\/\/blogs.thesocialmedia.com\/leblogmoto\/#website\"},\"primaryImageOfPage\":{\"@id\":\"https:\/\/blogs.thesocialmedia.com\/leblogmoto\/2008\/03\/08\/miguel-duhamel\/#primaryimage\"},\"image\":{\"@id\":\"https:\/\/blogs.thesocialmedia.com\/leblogmoto\/2008\/03\/08\/miguel-duhamel\/#primaryimage\"},\"thumbnailUrl\":\"http:\/\/www.leblogmoto.com\/images\/2008\/03\/08\/duhamel_1.jpg\",\"datePublished\":\"2008-03-08T15:54:41+00:00\",\"dateModified\":\"2012-07-11T15:28:27+00:00\",\"author\":{\"@id\":\"https:\/\/blogs.thesocialmedia.com\/leblogmoto\/#\/schema\/person\/e82a0ca8a9a63d031586097a3ed58526\"},\"breadcrumb\":{\"@id\":\"https:\/\/blogs.thesocialmedia.com\/leblogmoto\/2008\/03\/08\/miguel-duhamel\/#breadcrumb\"},\"inLanguage\":\"fr-FR\",\"potentialAction\":[{\"@type\":\"ReadAction\",\"target\":[\"https:\/\/blogs.thesocialmedia.com\/leblogmoto\/2008\/03\/08\/miguel-duhamel\/\"]}]},{\"@type\":\"ImageObject\",\"inLanguage\":\"fr-FR\",\"@id\":\"https:\/\/blogs.thesocialmedia.com\/leblogmoto\/2008\/03\/08\/miguel-duhamel\/#primaryimage\",\"url\":\"http:\/\/www.leblogmoto.com\/images\/2008\/03\/08\/duhamel_1.jpg\",\"contentUrl\":\"http:\/\/www.leblogmoto.com\/images\/2008\/03\/08\/duhamel_1.jpg\"},{\"@type\":\"BreadcrumbList\",\"@id\":\"https:\/\/blogs.thesocialmedia.com\/leblogmoto\/2008\/03\/08\/miguel-duhamel\/#breadcrumb\",\"itemListElement\":[{\"@type\":\"ListItem\",\"position\":1,\"name\":\"Accueil\",\"item\":\"https:\/\/blogs.thesocialmedia.com\/leblogmoto\/\"},{\"@type\":\"ListItem\",\"position\":2,\"name\":\"Miguel Duhamel, Interview Daytona\"}]},{\"@type\":\"WebSite\",\"@id\":\"https:\/\/blogs.thesocialmedia.com\/leblogmoto\/#website\",\"url\":\"https:\/\/blogs.thesocialmedia.com\/leblogmoto\/\",\"name\":\"leblogmoto\",\"description\":\"Toute l&#039;actualit\u00e9 des 2 roues\",\"potentialAction\":[{\"@type\":\"SearchAction\",\"target\":{\"@type\":\"EntryPoint\",\"urlTemplate\":\"https:\/\/blogs.thesocialmedia.com\/leblogmoto\/?s={search_term_string}\"},\"query-input\":{\"@type\":\"PropertyValueSpecification\",\"valueRequired\":true,\"valueName\":\"search_term_string\"}}],\"inLanguage\":\"fr-FR\"},{\"@type\":\"Person\",\"@id\":\"https:\/\/blogs.thesocialmedia.com\/leblogmoto\/#\/schema\/person\/e82a0ca8a9a63d031586097a3ed58526\",\"name\":\"jacques lesage\",\"image\":{\"@type\":\"ImageObject\",\"inLanguage\":\"fr-FR\",\"@id\":\"https:\/\/blogs.thesocialmedia.com\/leblogmoto\/#\/schema\/person\/image\/\",\"url\":\"https:\/\/secure.gravatar.com\/avatar\/?s=96&d=mm&r=g\",\"contentUrl\":\"https:\/\/secure.gravatar.com\/avatar\/?s=96&d=mm&r=g\",\"caption\":\"jacques lesage\"},\"url\":\"https:\/\/blogs.thesocialmedia.com\/leblogmoto\/author\/jacques-lesage\/\"}]}<\/script>\n<!-- \/ Yoast SEO plugin. -->","yoast_head_json":{"title":"Miguel Duhamel, Interview Daytona - leblogmoto.com","robots":{"index":"index","follow":"follow","max-snippet":"max-snippet:-1","max-image-preview":"max-image-preview:large","max-video-preview":"max-video-preview:-1"},"canonical":"https:\/\/blogs.thesocialmedia.com\/leblogmoto\/2008\/03\/08\/miguel-duhamel\/","twitter_card":"summary_large_image","twitter_title":"Miguel Duhamel, Interview Daytona - leblogmoto.com","twitter_description":"Photos: Brian J. Nelson Dans quelques heures se d\u00e9roulera le Daytona 200 en Floride, et Miguel Duhamel tentera de remporter cette course pour la sixi\u00e8me fois de sa carri\u00e8re, ce qui ferait de lui l&rsquo;indisputable champion de cette course.Quelques instants apr\u00e8s la s\u00e9ance de qualification jeudi, Duhamel donnait une interview \u00e0 Matthew Miles de Cycle [&hellip;]","twitter_image":"http:\/\/www.leblogmoto.com\/images\/2008\/03\/08\/duhamel_1.jpg","twitter_misc":{"\u00c9crit par":"jacques lesage","Dur\u00e9e de lecture estim\u00e9e":"4 minutes"},"schema":{"@context":"https:\/\/schema.org","@graph":[{"@type":"WebPage","@id":"https:\/\/blogs.thesocialmedia.com\/leblogmoto\/2008\/03\/08\/miguel-duhamel\/","url":"https:\/\/blogs.thesocialmedia.com\/leblogmoto\/2008\/03\/08\/miguel-duhamel\/","name":"Miguel Duhamel, Interview Daytona - leblogmoto.com","isPartOf":{"@id":"https:\/\/blogs.thesocialmedia.com\/leblogmoto\/#website"},"primaryImageOfPage":{"@id":"https:\/\/blogs.thesocialmedia.com\/leblogmoto\/2008\/03\/08\/miguel-duhamel\/#primaryimage"},"image":{"@id":"https:\/\/blogs.thesocialmedia.com\/leblogmoto\/2008\/03\/08\/miguel-duhamel\/#primaryimage"},"thumbnailUrl":"http:\/\/www.leblogmoto.com\/images\/2008\/03\/08\/duhamel_1.jpg","datePublished":"2008-03-08T15:54:41+00:00","dateModified":"2012-07-11T15:28:27+00:00","author":{"@id":"https:\/\/blogs.thesocialmedia.com\/leblogmoto\/#\/schema\/person\/e82a0ca8a9a63d031586097a3ed58526"},"breadcrumb":{"@id":"https:\/\/blogs.thesocialmedia.com\/leblogmoto\/2008\/03\/08\/miguel-duhamel\/#breadcrumb"},"inLanguage":"fr-FR","potentialAction":[{"@type":"ReadAction","target":["https:\/\/blogs.thesocialmedia.com\/leblogmoto\/2008\/03\/08\/miguel-duhamel\/"]}]},{"@type":"ImageObject","inLanguage":"fr-FR","@id":"https:\/\/blogs.thesocialmedia.com\/leblogmoto\/2008\/03\/08\/miguel-duhamel\/#primaryimage","url":"http:\/\/www.leblogmoto.com\/images\/2008\/03\/08\/duhamel_1.jpg","contentUrl":"http:\/\/www.leblogmoto.com\/images\/2008\/03\/08\/duhamel_1.jpg"},{"@type":"BreadcrumbList","@id":"https:\/\/blogs.thesocialmedia.com\/leblogmoto\/2008\/03\/08\/miguel-duhamel\/#breadcrumb","itemListElement":[{"@type":"ListItem","position":1,"name":"Accueil","item":"https:\/\/blogs.thesocialmedia.com\/leblogmoto\/"},{"@type":"ListItem","position":2,"name":"Miguel Duhamel, Interview Daytona"}]},{"@type":"WebSite","@id":"https:\/\/blogs.thesocialmedia.com\/leblogmoto\/#website","url":"https:\/\/blogs.thesocialmedia.com\/leblogmoto\/","name":"leblogmoto","description":"Toute l&#039;actualit\u00e9 des 2 roues","potentialAction":[{"@type":"SearchAction","target":{"@type":"EntryPoint","urlTemplate":"https:\/\/blogs.thesocialmedia.com\/leblogmoto\/?s={search_term_string}"},"query-input":{"@type":"PropertyValueSpecification","valueRequired":true,"valueName":"search_term_string"}}],"inLanguage":"fr-FR"},{"@type":"Person","@id":"https:\/\/blogs.thesocialmedia.com\/leblogmoto\/#\/schema\/person\/e82a0ca8a9a63d031586097a3ed58526","name":"jacques lesage","image":{"@type":"ImageObject","inLanguage":"fr-FR","@id":"https:\/\/blogs.thesocialmedia.com\/leblogmoto\/#\/schema\/person\/image\/","url":"https:\/\/secure.gravatar.com\/avatar\/?s=96&d=mm&r=g","contentUrl":"https:\/\/secure.gravatar.com\/avatar\/?s=96&d=mm&r=g","caption":"jacques lesage"},"url":"https:\/\/blogs.thesocialmedia.com\/leblogmoto\/author\/jacques-lesage\/"}]}},"_links":{"self":[{"href":"https:\/\/blogs.thesocialmedia.com\/leblogmoto\/wp-json\/wp\/v2\/posts\/845","targetHints":{"allow":["GET"]}}],"collection":[{"href":"https:\/\/blogs.thesocialmedia.com\/leblogmoto\/wp-json\/wp\/v2\/posts"}],"about":[{"href":"https:\/\/blogs.thesocialmedia.com\/leblogmoto\/wp-json\/wp\/v2\/types\/post"}],"author":[{"embeddable":true,"href":"https:\/\/blogs.thesocialmedia.com\/leblogmoto\/wp-json\/wp\/v2\/users\/325"}],"replies":[{"embeddable":true,"href":"https:\/\/blogs.thesocialmedia.com\/leblogmoto\/wp-json\/wp\/v2\/comments?post=845"}],"version-history":[{"count":2,"href":"https:\/\/blogs.thesocialmedia.com\/leblogmoto\/wp-json\/wp\/v2\/posts\/845\/revisions"}],"predecessor-version":[{"id":10168,"href":"https:\/\/blogs.thesocialmedia.com\/leblogmoto\/wp-json\/wp\/v2\/posts\/845\/revisions\/10168"}],"wp:attachment":[{"href":"https:\/\/blogs.thesocialmedia.com\/leblogmoto\/wp-json\/wp\/v2\/media?parent=845"}],"wp:term":[{"taxonomy":"category","embeddable":true,"href":"https:\/\/blogs.thesocialmedia.com\/leblogmoto\/wp-json\/wp\/v2\/categories?post=845"},{"taxonomy":"post_tag","embeddable":true,"href":"https:\/\/blogs.thesocialmedia.com\/leblogmoto\/wp-json\/wp\/v2\/tags?post=845"}],"curies":[{"name":"wp","href":"https:\/\/api.w.org\/{rel}","templated":true}]}}