{"id":846,"date":"2008-03-07T06:02:59","date_gmt":"2008-03-07T06:02:59","guid":{"rendered":"http:\/\/blogs.thesocialmedia.com\/leblogmoto\/2008\/03\/07\/daytona-2008-qu\/"},"modified":"2012-07-11T13:22:35","modified_gmt":"2012-07-11T13:22:35","slug":"daytona-2008-qu","status":"publish","type":"post","link":"https:\/\/blogs.thesocialmedia.com\/leblogmoto\/2008\/03\/07\/daytona-2008-qu\/","title":{"rendered":"Daytona 2008, Qualifications"},"content":{"rendered":"<p><a href=\"http:\/\/clabedan.typepad.com\/.shared\/image.html?\/photos\/uncategorized\/2008\/03\/06\/daytona1.jpeg\"><img loading=\"lazy\" decoding=\"async\" width=\"470\" height=\"222\"  src=\"http:\/\/www.leblogmoto.com\/images\/2008\/03\/06\/daytona1.jpeg\" alt=\"Daytona1\" \/><\/a> <br \/>Aaron W. Yates<\/p>\n<p>Grosse surprise hier aux qualifications de <a href=\"http:\/\/www.amasuperbike.com\/\">Superbike<\/a>, Mladin est juste devant Spies. J&rsquo;ironise, le seul suspense restant est de savoir, lequel des deux pilotes Suzuki sera le vainqueur. La troisi\u00e8me marche du podium est presque sans int\u00e9r\u00eats, surtout \u00e0 Daytona o\u00f9 c&rsquo;est la victoire ou rien.<br \/>Mathew Mladin a tourn\u00e9 en 1:35.760, alors que Ben Spies faisait 1:35. 967. Duhamel, qui esp\u00e8re une sixi\u00e8me victoire \u00e0 Daytona, ne devrait pas avoir trop d&rsquo;espoir avec le Superbike, \u00e0 moins d&rsquo;une grosse catastrophe \u00e0 l&rsquo;avant. Il a fait le neuvi\u00e8me temps en 1:37.682, juste devant son co\u00e9quipier sur Honda qui a fait 1:38.424. Le dernier qualifi\u00e9 en Superbike, Scott Young sur une Suzuki GSX-R1000 comme les 2\/3 du plateau est \u00e0 dix secondes de la p\u00f4le avec un temps de 1:45.562.<\/p>\n<p>Dans la s\u00e9rie <a href=\"http:\/\/www.superbikeplanet.com\/\">Formula Xtreme<\/a>, Neil Hodgson au guidon de la Honda CBR600RR, et qui semble avoir des choses \u00e0 prouver s&rsquo;est empar\u00e9 de la p\u00f4le en un temps de 1:39.347. Miguel Duhamel, mieux plac\u00e9 ici pour aller chercher son sixi\u00e8me titre s&rsquo;est positionn\u00e9 en quatri\u00e8me position, avec un temps de 1:39.836. En embuscade, juste comme il l&rsquo;aime, g\u00e9rant sa course tout en ayant \u00e0 l&rsquo;oeil ses proies qu&rsquo;il garde \u00e0 porter de mains, si sa m\u00e9canique, comme l&rsquo;ann\u00e9e derni\u00e8re alors que la victoire \u00e9tait \u00e0 sa port\u00e9, tient le coup, on aimerait croire en ses chances. Parce qu&rsquo;\u00e0 bient\u00f4t 40 ans, il est mieux de profiter maintenant de celles qui passent.<br \/>Pour les amateurs d&rsquo;exotisme, la premi\u00e8re Ducati 848, celle de Larry Pegram pointe en dixi\u00e8me place avec un temps de 1:41.003. La premi\u00e8re BMW HP2 Sport de Richard Cooper arrive en 26e place en 1:44.154. La premi\u00e8re Triumph Daytona 675, celle de Shane C. Narbonne est en 39e position en 1:45.509. La premi\u00e8re et unique Buell XB12R est 58e en 1:47.524, et Jessica Lynn Zalusky ferme la marche avec la 71e place sur sa Yamaha YZF-R6 en 1:50.364.<\/p>\n<p><a href=\"http:\/\/clabedan.typepad.com\/.shared\/image.html?\/photos\/uncategorized\/2008\/03\/06\/daytona2.jpeg\"><img loading=\"lazy\" decoding=\"async\" width=\"470\" height=\"312\"  src=\"http:\/\/www.leblogmoto.com\/images\/2008\/03\/06\/daytona2.jpeg\" alt=\"Daytona2\" \/><\/a> <br \/>Mat Mladin<\/p>\n<p><a href=\"http:\/\/clabedan.typepad.com\/.shared\/image.html?\/photos\/uncategorized\/2008\/03\/06\/daytona3.jpeg\"><img loading=\"lazy\" decoding=\"async\" width=\"470\" height=\"312\"  src=\"http:\/\/www.leblogmoto.com\/images\/2008\/03\/06\/daytona3.jpeg\" alt=\"Daytona3\" \/><\/a> <br \/>Ben Spies<\/p>\n<p><a href=\"http:\/\/clabedan.typepad.com\/.shared\/image.html?\/photos\/uncategorized\/2008\/03\/06\/daytona4.jpeg\"><img loading=\"lazy\" decoding=\"async\" width=\"470\" height=\"311\"  src=\"http:\/\/www.leblogmoto.com\/images\/2008\/03\/06\/daytona4.jpeg\" alt=\"Daytona4\" \/><\/a> <br \/>Neil Hodgson<\/p>\n<p><a href=\"http:\/\/clabedan.typepad.com\/.shared\/image.html?\/photos\/uncategorized\/2008\/03\/06\/daytona5.jpeg\"><img loading=\"lazy\" decoding=\"async\" width=\"470\" height=\"312\"  src=\"http:\/\/www.leblogmoto.com\/images\/2008\/03\/06\/daytona5.jpeg\" alt=\"Daytona5\" \/><\/a> <br \/>Chaz Davies<\/p>\n<p><a href=\"http:\/\/clabedan.typepad.com\/.shared\/image.html?\/photos\/uncategorized\/2008\/03\/06\/daytona6.jpeg\"><img loading=\"lazy\" decoding=\"async\" width=\"470\" height=\"312\"  src=\"http:\/\/www.leblogmoto.com\/images\/2008\/03\/06\/daytona6.jpeg\" alt=\"Daytona6\" \/><\/a> <br \/>Miguel Duhamel<\/p>\n","protected":false},"excerpt":{"rendered":"<p>Aaron W. Yates Grosse surprise hier aux qualifications de Superbike, Mladin est juste devant Spies. J&rsquo;ironise, le seul suspense restant est de savoir, lequel des deux pilotes Suzuki sera le vainqueur. La troisi\u00e8me marche du podium est presque sans int\u00e9r\u00eats, surtout \u00e0 Daytona o\u00f9 c&rsquo;est la victoire ou rien.Mathew Mladin a tourn\u00e9 en 1:35.760, alors [&hellip;]<\/p>\n","protected":false},"author":325,"featured_media":0,"comment_status":"open","ping_status":"open","sticky":false,"template":"","format":"standard","meta":{"footnotes":""},"categories":[3,46],"tags":[],"class_list":["post-846","post","type-post","status-publish","format-standard","hentry","category-actualite","category-superbike"],"yoast_head":"<!-- This site is optimized with the Yoast SEO plugin v26.0 - https:\/\/yoast.com\/wordpress\/plugins\/seo\/ -->\n<title>Daytona 2008, Qualifications - leblogmoto.com<\/title>\n<meta name=\"robots\" content=\"index, follow, max-snippet:-1, max-image-preview:large, max-video-preview:-1\" \/>\n<link rel=\"canonical\" href=\"https:\/\/blogs.thesocialmedia.com\/leblogmoto\/2008\/03\/07\/daytona-2008-qu\/\" \/>\n<meta name=\"twitter:card\" content=\"summary_large_image\" \/>\n<meta name=\"twitter:title\" content=\"Daytona 2008, Qualifications - leblogmoto.com\" \/>\n<meta name=\"twitter:description\" content=\"Aaron W. Yates Grosse surprise hier aux qualifications de Superbike, Mladin est juste devant Spies. J&rsquo;ironise, le seul suspense restant est de savoir, lequel des deux pilotes Suzuki sera le vainqueur. La troisi\u00e8me marche du podium est presque sans int\u00e9r\u00eats, surtout \u00e0 Daytona o\u00f9 c&rsquo;est la victoire ou rien.Mathew Mladin a tourn\u00e9 en 1:35.760, alors [&hellip;]\" \/>\n<meta name=\"twitter:image\" content=\"http:\/\/www.leblogmoto.com\/images\/2008\/03\/06\/daytona1.jpeg\" \/>\n<meta name=\"twitter:label1\" content=\"\u00c9crit par\" \/>\n\t<meta name=\"twitter:data1\" content=\"jacques lesage\" \/>\n\t<meta name=\"twitter:label2\" content=\"Dur\u00e9e de lecture estim\u00e9e\" \/>\n\t<meta name=\"twitter:data2\" content=\"2 minutes\" \/>\n<script type=\"application\/ld+json\" class=\"yoast-schema-graph\">{\"@context\":\"https:\/\/schema.org\",\"@graph\":[{\"@type\":\"WebPage\",\"@id\":\"https:\/\/blogs.thesocialmedia.com\/leblogmoto\/2008\/03\/07\/daytona-2008-qu\/\",\"url\":\"https:\/\/blogs.thesocialmedia.com\/leblogmoto\/2008\/03\/07\/daytona-2008-qu\/\",\"name\":\"Daytona 2008, Qualifications - leblogmoto.com\",\"isPartOf\":{\"@id\":\"https:\/\/blogs.thesocialmedia.com\/leblogmoto\/#website\"},\"primaryImageOfPage\":{\"@id\":\"https:\/\/blogs.thesocialmedia.com\/leblogmoto\/2008\/03\/07\/daytona-2008-qu\/#primaryimage\"},\"image\":{\"@id\":\"https:\/\/blogs.thesocialmedia.com\/leblogmoto\/2008\/03\/07\/daytona-2008-qu\/#primaryimage\"},\"thumbnailUrl\":\"http:\/\/www.leblogmoto.com\/images\/2008\/03\/06\/daytona1.jpeg\",\"datePublished\":\"2008-03-07T06:02:59+00:00\",\"dateModified\":\"2012-07-11T13:22:35+00:00\",\"author\":{\"@id\":\"https:\/\/blogs.thesocialmedia.com\/leblogmoto\/#\/schema\/person\/e82a0ca8a9a63d031586097a3ed58526\"},\"breadcrumb\":{\"@id\":\"https:\/\/blogs.thesocialmedia.com\/leblogmoto\/2008\/03\/07\/daytona-2008-qu\/#breadcrumb\"},\"inLanguage\":\"fr-FR\",\"potentialAction\":[{\"@type\":\"ReadAction\",\"target\":[\"https:\/\/blogs.thesocialmedia.com\/leblogmoto\/2008\/03\/07\/daytona-2008-qu\/\"]}]},{\"@type\":\"ImageObject\",\"inLanguage\":\"fr-FR\",\"@id\":\"https:\/\/blogs.thesocialmedia.com\/leblogmoto\/2008\/03\/07\/daytona-2008-qu\/#primaryimage\",\"url\":\"http:\/\/www.leblogmoto.com\/images\/2008\/03\/06\/daytona1.jpeg\",\"contentUrl\":\"http:\/\/www.leblogmoto.com\/images\/2008\/03\/06\/daytona1.jpeg\"},{\"@type\":\"BreadcrumbList\",\"@id\":\"https:\/\/blogs.thesocialmedia.com\/leblogmoto\/2008\/03\/07\/daytona-2008-qu\/#breadcrumb\",\"itemListElement\":[{\"@type\":\"ListItem\",\"position\":1,\"name\":\"Accueil\",\"item\":\"https:\/\/blogs.thesocialmedia.com\/leblogmoto\/\"},{\"@type\":\"ListItem\",\"position\":2,\"name\":\"Daytona 2008, Qualifications\"}]},{\"@type\":\"WebSite\",\"@id\":\"https:\/\/blogs.thesocialmedia.com\/leblogmoto\/#website\",\"url\":\"https:\/\/blogs.thesocialmedia.com\/leblogmoto\/\",\"name\":\"leblogmoto\",\"description\":\"Toute l&#039;actualit\u00e9 des 2 roues\",\"potentialAction\":[{\"@type\":\"SearchAction\",\"target\":{\"@type\":\"EntryPoint\",\"urlTemplate\":\"https:\/\/blogs.thesocialmedia.com\/leblogmoto\/?s={search_term_string}\"},\"query-input\":{\"@type\":\"PropertyValueSpecification\",\"valueRequired\":true,\"valueName\":\"search_term_string\"}}],\"inLanguage\":\"fr-FR\"},{\"@type\":\"Person\",\"@id\":\"https:\/\/blogs.thesocialmedia.com\/leblogmoto\/#\/schema\/person\/e82a0ca8a9a63d031586097a3ed58526\",\"name\":\"jacques lesage\",\"image\":{\"@type\":\"ImageObject\",\"inLanguage\":\"fr-FR\",\"@id\":\"https:\/\/blogs.thesocialmedia.com\/leblogmoto\/#\/schema\/person\/image\/\",\"url\":\"https:\/\/secure.gravatar.com\/avatar\/?s=96&d=mm&r=g\",\"contentUrl\":\"https:\/\/secure.gravatar.com\/avatar\/?s=96&d=mm&r=g\",\"caption\":\"jacques lesage\"},\"url\":\"https:\/\/blogs.thesocialmedia.com\/leblogmoto\/author\/jacques-lesage\/\"}]}<\/script>\n<!-- \/ Yoast SEO plugin. -->","yoast_head_json":{"title":"Daytona 2008, Qualifications - leblogmoto.com","robots":{"index":"index","follow":"follow","max-snippet":"max-snippet:-1","max-image-preview":"max-image-preview:large","max-video-preview":"max-video-preview:-1"},"canonical":"https:\/\/blogs.thesocialmedia.com\/leblogmoto\/2008\/03\/07\/daytona-2008-qu\/","twitter_card":"summary_large_image","twitter_title":"Daytona 2008, Qualifications - leblogmoto.com","twitter_description":"Aaron W. Yates Grosse surprise hier aux qualifications de Superbike, Mladin est juste devant Spies. J&rsquo;ironise, le seul suspense restant est de savoir, lequel des deux pilotes Suzuki sera le vainqueur. La troisi\u00e8me marche du podium est presque sans int\u00e9r\u00eats, surtout \u00e0 Daytona o\u00f9 c&rsquo;est la victoire ou rien.Mathew Mladin a tourn\u00e9 en 1:35.760, alors [&hellip;]","twitter_image":"http:\/\/www.leblogmoto.com\/images\/2008\/03\/06\/daytona1.jpeg","twitter_misc":{"\u00c9crit par":"jacques lesage","Dur\u00e9e de lecture estim\u00e9e":"2 minutes"},"schema":{"@context":"https:\/\/schema.org","@graph":[{"@type":"WebPage","@id":"https:\/\/blogs.thesocialmedia.com\/leblogmoto\/2008\/03\/07\/daytona-2008-qu\/","url":"https:\/\/blogs.thesocialmedia.com\/leblogmoto\/2008\/03\/07\/daytona-2008-qu\/","name":"Daytona 2008, Qualifications - leblogmoto.com","isPartOf":{"@id":"https:\/\/blogs.thesocialmedia.com\/leblogmoto\/#website"},"primaryImageOfPage":{"@id":"https:\/\/blogs.thesocialmedia.com\/leblogmoto\/2008\/03\/07\/daytona-2008-qu\/#primaryimage"},"image":{"@id":"https:\/\/blogs.thesocialmedia.com\/leblogmoto\/2008\/03\/07\/daytona-2008-qu\/#primaryimage"},"thumbnailUrl":"http:\/\/www.leblogmoto.com\/images\/2008\/03\/06\/daytona1.jpeg","datePublished":"2008-03-07T06:02:59+00:00","dateModified":"2012-07-11T13:22:35+00:00","author":{"@id":"https:\/\/blogs.thesocialmedia.com\/leblogmoto\/#\/schema\/person\/e82a0ca8a9a63d031586097a3ed58526"},"breadcrumb":{"@id":"https:\/\/blogs.thesocialmedia.com\/leblogmoto\/2008\/03\/07\/daytona-2008-qu\/#breadcrumb"},"inLanguage":"fr-FR","potentialAction":[{"@type":"ReadAction","target":["https:\/\/blogs.thesocialmedia.com\/leblogmoto\/2008\/03\/07\/daytona-2008-qu\/"]}]},{"@type":"ImageObject","inLanguage":"fr-FR","@id":"https:\/\/blogs.thesocialmedia.com\/leblogmoto\/2008\/03\/07\/daytona-2008-qu\/#primaryimage","url":"http:\/\/www.leblogmoto.com\/images\/2008\/03\/06\/daytona1.jpeg","contentUrl":"http:\/\/www.leblogmoto.com\/images\/2008\/03\/06\/daytona1.jpeg"},{"@type":"BreadcrumbList","@id":"https:\/\/blogs.thesocialmedia.com\/leblogmoto\/2008\/03\/07\/daytona-2008-qu\/#breadcrumb","itemListElement":[{"@type":"ListItem","position":1,"name":"Accueil","item":"https:\/\/blogs.thesocialmedia.com\/leblogmoto\/"},{"@type":"ListItem","position":2,"name":"Daytona 2008, Qualifications"}]},{"@type":"WebSite","@id":"https:\/\/blogs.thesocialmedia.com\/leblogmoto\/#website","url":"https:\/\/blogs.thesocialmedia.com\/leblogmoto\/","name":"leblogmoto","description":"Toute l&#039;actualit\u00e9 des 2 roues","potentialAction":[{"@type":"SearchAction","target":{"@type":"EntryPoint","urlTemplate":"https:\/\/blogs.thesocialmedia.com\/leblogmoto\/?s={search_term_string}"},"query-input":{"@type":"PropertyValueSpecification","valueRequired":true,"valueName":"search_term_string"}}],"inLanguage":"fr-FR"},{"@type":"Person","@id":"https:\/\/blogs.thesocialmedia.com\/leblogmoto\/#\/schema\/person\/e82a0ca8a9a63d031586097a3ed58526","name":"jacques lesage","image":{"@type":"ImageObject","inLanguage":"fr-FR","@id":"https:\/\/blogs.thesocialmedia.com\/leblogmoto\/#\/schema\/person\/image\/","url":"https:\/\/secure.gravatar.com\/avatar\/?s=96&d=mm&r=g","contentUrl":"https:\/\/secure.gravatar.com\/avatar\/?s=96&d=mm&r=g","caption":"jacques lesage"},"url":"https:\/\/blogs.thesocialmedia.com\/leblogmoto\/author\/jacques-lesage\/"}]}},"_links":{"self":[{"href":"https:\/\/blogs.thesocialmedia.com\/leblogmoto\/wp-json\/wp\/v2\/posts\/846","targetHints":{"allow":["GET"]}}],"collection":[{"href":"https:\/\/blogs.thesocialmedia.com\/leblogmoto\/wp-json\/wp\/v2\/posts"}],"about":[{"href":"https:\/\/blogs.thesocialmedia.com\/leblogmoto\/wp-json\/wp\/v2\/types\/post"}],"author":[{"embeddable":true,"href":"https:\/\/blogs.thesocialmedia.com\/leblogmoto\/wp-json\/wp\/v2\/users\/325"}],"replies":[{"embeddable":true,"href":"https:\/\/blogs.thesocialmedia.com\/leblogmoto\/wp-json\/wp\/v2\/comments?post=846"}],"version-history":[{"count":1,"href":"https:\/\/blogs.thesocialmedia.com\/leblogmoto\/wp-json\/wp\/v2\/posts\/846\/revisions"}],"predecessor-version":[{"id":4375,"href":"https:\/\/blogs.thesocialmedia.com\/leblogmoto\/wp-json\/wp\/v2\/posts\/846\/revisions\/4375"}],"wp:attachment":[{"href":"https:\/\/blogs.thesocialmedia.com\/leblogmoto\/wp-json\/wp\/v2\/media?parent=846"}],"wp:term":[{"taxonomy":"category","embeddable":true,"href":"https:\/\/blogs.thesocialmedia.com\/leblogmoto\/wp-json\/wp\/v2\/categories?post=846"},{"taxonomy":"post_tag","embeddable":true,"href":"https:\/\/blogs.thesocialmedia.com\/leblogmoto\/wp-json\/wp\/v2\/tags?post=846"}],"curies":[{"name":"wp","href":"https:\/\/api.w.org\/{rel}","templated":true}]}}