{"id":847,"date":"2008-03-07T04:41:22","date_gmt":"2008-03-07T04:41:22","guid":{"rendered":"http:\/\/blogs.thesocialmedia.com\/leblogmoto\/2008\/03\/07\/album-du-vendre-13\/"},"modified":"2012-07-11T15:28:17","modified_gmt":"2012-07-11T15:28:17","slug":"album-du-vendre-13","status":"publish","type":"post","link":"https:\/\/blogs.thesocialmedia.com\/leblogmoto\/2008\/03\/07\/album-du-vendre-13\/","title":{"rendered":"Album du vendredi, Photog\u00e9niques"},"content":{"rendered":"<p><a href=\"http:\/\/blogs.thesocialmedia.com\/leblogmoto\/files\/2012\/07\/tete.jpg\"><img loading=\"lazy\" decoding=\"async\" width=\"470\" height=\"102\"  src=\"http:\/\/www.leblogmoto.com\/images\/2008\/03\/06\/tete.jpg\" alt=\"Tete\" \/><\/a> <\/p>\n<p>Il y a autant de styles photographiques qu&rsquo;il y a de photographes. C&rsquo;est comme la baguette, le plus basic des aliments, qui trouve le moyen de varier en go\u00fbts et textures d&rsquo;une boulangerie \u00e0 l&rsquo;autre.<br \/>Pour cet Album, 3 photographes mettant la main \u00e0 la p\u00e2te, ayant chacun sa recette aux r\u00e9sultats bien diff\u00e9rents.<\/p>\n<p>D&rsquo;abord, <a href=\"http:\/\/www.paulbarshon.com\/\">Paul Barshon<\/a>, un photographe de l&rsquo;illusion, jouant de l&rsquo;hyperr\u00e9alit\u00e9, donnant \u00e0 ses clients des images plus que parfaites mettant sur un pi\u00e9destal des objets de d\u00e9sir. Oui, oui, il est toujours question de motos ici.<\/p>\n<p><a href=\"http:\/\/clabedan.typepad.com\/.shared\/image.html?\/photos\/uncategorized\/2008\/03\/06\/barshon1.jpg\"><img loading=\"lazy\" decoding=\"async\" width=\"470\" height=\"352\"  src=\"http:\/\/www.leblogmoto.com\/images\/2008\/03\/06\/barshon1.jpg\" alt=\"Barshon1\" \/><\/a> <\/p>\n<p><a href=\"http:\/\/blogs.thesocialmedia.com\/leblogmoto\/files\/2012\/07\/barshon2.jpg\"><img loading=\"lazy\" decoding=\"async\" width=\"470\" height=\"352\"  src=\"http:\/\/www.leblogmoto.com\/images\/2008\/03\/06\/barshon2.jpg\" alt=\"Barshon2\" \/><\/a> <\/p>\n<p><a href=\"http:\/\/blogs.thesocialmedia.com\/leblogmoto\/files\/2012\/07\/barshon3.jpg\"><img loading=\"lazy\" decoding=\"async\" width=\"470\" height=\"351\"  src=\"http:\/\/www.leblogmoto.com\/images\/2008\/03\/06\/barshon3.jpg\" alt=\"Barshon3\" \/><\/a> <\/p>\n<p><a href=\"http:\/\/blogs.thesocialmedia.com\/leblogmoto\/files\/2012\/07\/barshon4.jpg\"><img loading=\"lazy\" decoding=\"async\" width=\"470\" height=\"351\"  src=\"http:\/\/www.leblogmoto.com\/images\/2008\/03\/06\/barshon4.jpg\" alt=\"Barshon4\" \/><\/a> <\/p>\n<p>\u00c0 l&rsquo;autre bout du spectre, <a href=\"http:\/\/www.churchofchoppers.blogspot.com\/\">Mochi<\/a> de Church of Choppers \u00e0 Tokyo, photographiant \u00e0 la vol\u00e9e ses vir\u00e9es entre amis, est beaucoup plus naturaliste dans son approche. Ce n&rsquo;est plus l&rsquo;objet photo qui retient l&rsquo;attention, mais le sujet, la moto et le motard, absolument magnifique dans la v\u00e9rit\u00e9 de leur style.<br \/>D&rsquo;accord, je suis un fan, on peut ne pas aimer, mais on doit reconna\u00eetre que les images racontent de sacr\u00e9es histoires, entre pass\u00e9 et futur dans un Tokyo de banlieue ordinaire.<\/p>\n<p><a href=\"http:\/\/clabedan.typepad.com\/.shared\/image.html?\/photos\/uncategorized\/2008\/03\/06\/mochi1.jpg\"><img loading=\"lazy\" decoding=\"async\" width=\"470\" height=\"312\"  src=\"http:\/\/www.leblogmoto.com\/images\/2008\/03\/06\/mochi1.jpg\" alt=\"Mochi1\" \/><\/a> <\/p>\n<p><a href=\"http:\/\/blogs.thesocialmedia.com\/leblogmoto\/files\/2012\/07\/mochi2.jpg\"><img loading=\"lazy\" decoding=\"async\" width=\"470\" height=\"312\"  src=\"http:\/\/www.leblogmoto.com\/images\/2008\/03\/06\/mochi2.jpg\" alt=\"Mochi2\" \/><\/a> <\/p>\n<p><a href=\"http:\/\/blogs.thesocialmedia.com\/leblogmoto\/files\/2012\/07\/mochi3.jpg\"><img loading=\"lazy\" decoding=\"async\" width=\"470\" height=\"312\"  src=\"http:\/\/www.leblogmoto.com\/images\/2008\/03\/06\/mochi3.jpg\" alt=\"Mochi3\" \/><\/a> <\/p>\n<p><a href=\"http:\/\/blogs.thesocialmedia.com\/leblogmoto\/files\/2012\/07\/mochi4.jpg\"><img loading=\"lazy\" decoding=\"async\" width=\"470\" height=\"312\"  src=\"http:\/\/www.leblogmoto.com\/images\/2008\/03\/06\/mochi4.jpg\" alt=\"Mochi4\" \/><\/a> <\/p>\n<p>Entre les deux, <a href=\"http:\/\/www.scottpommier.com\/\">Scott Pommier<\/a>. Ancien skateborder devenu photographe le jour o\u00f9 il trouva plus de satisfaction en \u00e9tant observateur qu&rsquo;acteur. Photographe \u00abcool\u00bb, c\u00e9dant \u00e0 la tentation de la pose, il photographie cependant avec l&rsquo;air de ne pas y toucher, mais il y a un vrai travail sur le style.<\/p>\n<p><a href=\"http:\/\/clabedan.typepad.com\/.shared\/image.html?\/photos\/uncategorized\/2008\/03\/06\/pommier1.jpg\"><img loading=\"lazy\" decoding=\"async\" width=\"470\" height=\"230\"  src=\"http:\/\/www.leblogmoto.com\/images\/2008\/03\/06\/pommier1.jpg\" alt=\"Pommier1\" \/><\/a> <\/p>\n<p><a href=\"http:\/\/blogs.thesocialmedia.com\/leblogmoto\/files\/2012\/07\/pommier2.jpg\"><img loading=\"lazy\" decoding=\"async\" width=\"470\" height=\"191\"  src=\"http:\/\/www.leblogmoto.com\/images\/2008\/03\/06\/pommier2.jpg\" alt=\"Pommier2\" \/><\/a> <\/p>\n<p><a href=\"http:\/\/blogs.thesocialmedia.com\/leblogmoto\/files\/2012\/07\/pommier3.jpg\"><img loading=\"lazy\" decoding=\"async\" width=\"470\" height=\"190\"  src=\"http:\/\/www.leblogmoto.com\/images\/2008\/03\/06\/pommier3.jpg\" alt=\"Pommier3\" \/><\/a> <\/p>\n<p><a href=\"http:\/\/blogs.thesocialmedia.com\/leblogmoto\/files\/2012\/07\/pommier4.jpg\"><img loading=\"lazy\" decoding=\"async\" width=\"470\" height=\"190\"  src=\"http:\/\/www.leblogmoto.com\/images\/2008\/03\/06\/pommier4.jpg\" alt=\"Pommier4\" \/><\/a> <\/p>\n<p>Et la moto l\u00e0-dedans? Elle a beau \u00eatre un produit de base comme la farine avec la baguette, elle semble un petit peu s&rsquo;effacer devant la force de l&rsquo;histoire que raconte l&rsquo;image. Mais puisque sans farine, pas de pains, pas de motos, pas d&rsquo;images, du moins pas celles-l\u00e0, donc pas de r\u00eaves.<\/p>\n","protected":false},"excerpt":{"rendered":"<p>Il y a autant de styles photographiques qu&rsquo;il y a de photographes. C&rsquo;est comme la baguette, le plus basic des aliments, qui trouve le moyen de varier en go\u00fbts et textures d&rsquo;une boulangerie \u00e0 l&rsquo;autre.Pour cet Album, 3 photographes mettant la main \u00e0 la p\u00e2te, ayant chacun sa recette aux r\u00e9sultats bien diff\u00e9rents. D&rsquo;abord, Paul [&hellip;]<\/p>\n","protected":false},"author":325,"featured_media":0,"comment_status":"open","ping_status":"open","sticky":false,"template":"","format":"standard","meta":{"footnotes":""},"categories":[8,17],"tags":[],"class_list":["post-847","post","type-post","status-publish","format-standard","hentry","category-chaines-et-cuirs","category-divers"],"yoast_head":"<!-- This site is optimized with the Yoast SEO plugin v26.0 - https:\/\/yoast.com\/wordpress\/plugins\/seo\/ -->\n<title>Album du vendredi, Photog\u00e9niques - leblogmoto.com<\/title>\n<meta name=\"robots\" content=\"index, follow, max-snippet:-1, max-image-preview:large, max-video-preview:-1\" \/>\n<link rel=\"canonical\" href=\"https:\/\/blogs.thesocialmedia.com\/leblogmoto\/2008\/03\/07\/album-du-vendre-13\/\" \/>\n<meta name=\"twitter:card\" content=\"summary_large_image\" \/>\n<meta name=\"twitter:title\" content=\"Album du vendredi, Photog\u00e9niques - leblogmoto.com\" \/>\n<meta name=\"twitter:description\" content=\"Il y a autant de styles photographiques qu&rsquo;il y a de photographes. C&rsquo;est comme la baguette, le plus basic des aliments, qui trouve le moyen de varier en go\u00fbts et textures d&rsquo;une boulangerie \u00e0 l&rsquo;autre.Pour cet Album, 3 photographes mettant la main \u00e0 la p\u00e2te, ayant chacun sa recette aux r\u00e9sultats bien diff\u00e9rents. D&rsquo;abord, Paul [&hellip;]\" \/>\n<meta name=\"twitter:image\" content=\"http:\/\/www.leblogmoto.com\/images\/2008\/03\/06\/tete.jpg\" \/>\n<meta name=\"twitter:label1\" content=\"\u00c9crit par\" \/>\n\t<meta name=\"twitter:data1\" content=\"jacques lesage\" \/>\n\t<meta name=\"twitter:label2\" content=\"Dur\u00e9e de lecture estim\u00e9e\" \/>\n\t<meta name=\"twitter:data2\" content=\"1 minute\" \/>\n<script type=\"application\/ld+json\" class=\"yoast-schema-graph\">{\"@context\":\"https:\/\/schema.org\",\"@graph\":[{\"@type\":\"WebPage\",\"@id\":\"https:\/\/blogs.thesocialmedia.com\/leblogmoto\/2008\/03\/07\/album-du-vendre-13\/\",\"url\":\"https:\/\/blogs.thesocialmedia.com\/leblogmoto\/2008\/03\/07\/album-du-vendre-13\/\",\"name\":\"Album du vendredi, Photog\u00e9niques - leblogmoto.com\",\"isPartOf\":{\"@id\":\"https:\/\/blogs.thesocialmedia.com\/leblogmoto\/#website\"},\"primaryImageOfPage\":{\"@id\":\"https:\/\/blogs.thesocialmedia.com\/leblogmoto\/2008\/03\/07\/album-du-vendre-13\/#primaryimage\"},\"image\":{\"@id\":\"https:\/\/blogs.thesocialmedia.com\/leblogmoto\/2008\/03\/07\/album-du-vendre-13\/#primaryimage\"},\"thumbnailUrl\":\"http:\/\/www.leblogmoto.com\/images\/2008\/03\/06\/tete.jpg\",\"datePublished\":\"2008-03-07T04:41:22+00:00\",\"dateModified\":\"2012-07-11T15:28:17+00:00\",\"author\":{\"@id\":\"https:\/\/blogs.thesocialmedia.com\/leblogmoto\/#\/schema\/person\/e82a0ca8a9a63d031586097a3ed58526\"},\"breadcrumb\":{\"@id\":\"https:\/\/blogs.thesocialmedia.com\/leblogmoto\/2008\/03\/07\/album-du-vendre-13\/#breadcrumb\"},\"inLanguage\":\"fr-FR\",\"potentialAction\":[{\"@type\":\"ReadAction\",\"target\":[\"https:\/\/blogs.thesocialmedia.com\/leblogmoto\/2008\/03\/07\/album-du-vendre-13\/\"]}]},{\"@type\":\"ImageObject\",\"inLanguage\":\"fr-FR\",\"@id\":\"https:\/\/blogs.thesocialmedia.com\/leblogmoto\/2008\/03\/07\/album-du-vendre-13\/#primaryimage\",\"url\":\"http:\/\/www.leblogmoto.com\/images\/2008\/03\/06\/tete.jpg\",\"contentUrl\":\"http:\/\/www.leblogmoto.com\/images\/2008\/03\/06\/tete.jpg\"},{\"@type\":\"BreadcrumbList\",\"@id\":\"https:\/\/blogs.thesocialmedia.com\/leblogmoto\/2008\/03\/07\/album-du-vendre-13\/#breadcrumb\",\"itemListElement\":[{\"@type\":\"ListItem\",\"position\":1,\"name\":\"Accueil\",\"item\":\"https:\/\/blogs.thesocialmedia.com\/leblogmoto\/\"},{\"@type\":\"ListItem\",\"position\":2,\"name\":\"Album du vendredi, Photog\u00e9niques\"}]},{\"@type\":\"WebSite\",\"@id\":\"https:\/\/blogs.thesocialmedia.com\/leblogmoto\/#website\",\"url\":\"https:\/\/blogs.thesocialmedia.com\/leblogmoto\/\",\"name\":\"leblogmoto\",\"description\":\"Toute l&#039;actualit\u00e9 des 2 roues\",\"potentialAction\":[{\"@type\":\"SearchAction\",\"target\":{\"@type\":\"EntryPoint\",\"urlTemplate\":\"https:\/\/blogs.thesocialmedia.com\/leblogmoto\/?s={search_term_string}\"},\"query-input\":{\"@type\":\"PropertyValueSpecification\",\"valueRequired\":true,\"valueName\":\"search_term_string\"}}],\"inLanguage\":\"fr-FR\"},{\"@type\":\"Person\",\"@id\":\"https:\/\/blogs.thesocialmedia.com\/leblogmoto\/#\/schema\/person\/e82a0ca8a9a63d031586097a3ed58526\",\"name\":\"jacques lesage\",\"image\":{\"@type\":\"ImageObject\",\"inLanguage\":\"fr-FR\",\"@id\":\"https:\/\/blogs.thesocialmedia.com\/leblogmoto\/#\/schema\/person\/image\/\",\"url\":\"https:\/\/secure.gravatar.com\/avatar\/?s=96&d=mm&r=g\",\"contentUrl\":\"https:\/\/secure.gravatar.com\/avatar\/?s=96&d=mm&r=g\",\"caption\":\"jacques lesage\"},\"url\":\"https:\/\/blogs.thesocialmedia.com\/leblogmoto\/author\/jacques-lesage\/\"}]}<\/script>\n<!-- \/ Yoast SEO plugin. -->","yoast_head_json":{"title":"Album du vendredi, Photog\u00e9niques - leblogmoto.com","robots":{"index":"index","follow":"follow","max-snippet":"max-snippet:-1","max-image-preview":"max-image-preview:large","max-video-preview":"max-video-preview:-1"},"canonical":"https:\/\/blogs.thesocialmedia.com\/leblogmoto\/2008\/03\/07\/album-du-vendre-13\/","twitter_card":"summary_large_image","twitter_title":"Album du vendredi, Photog\u00e9niques - leblogmoto.com","twitter_description":"Il y a autant de styles photographiques qu&rsquo;il y a de photographes. C&rsquo;est comme la baguette, le plus basic des aliments, qui trouve le moyen de varier en go\u00fbts et textures d&rsquo;une boulangerie \u00e0 l&rsquo;autre.Pour cet Album, 3 photographes mettant la main \u00e0 la p\u00e2te, ayant chacun sa recette aux r\u00e9sultats bien diff\u00e9rents. D&rsquo;abord, Paul [&hellip;]","twitter_image":"http:\/\/www.leblogmoto.com\/images\/2008\/03\/06\/tete.jpg","twitter_misc":{"\u00c9crit par":"jacques lesage","Dur\u00e9e de lecture estim\u00e9e":"1 minute"},"schema":{"@context":"https:\/\/schema.org","@graph":[{"@type":"WebPage","@id":"https:\/\/blogs.thesocialmedia.com\/leblogmoto\/2008\/03\/07\/album-du-vendre-13\/","url":"https:\/\/blogs.thesocialmedia.com\/leblogmoto\/2008\/03\/07\/album-du-vendre-13\/","name":"Album du vendredi, Photog\u00e9niques - leblogmoto.com","isPartOf":{"@id":"https:\/\/blogs.thesocialmedia.com\/leblogmoto\/#website"},"primaryImageOfPage":{"@id":"https:\/\/blogs.thesocialmedia.com\/leblogmoto\/2008\/03\/07\/album-du-vendre-13\/#primaryimage"},"image":{"@id":"https:\/\/blogs.thesocialmedia.com\/leblogmoto\/2008\/03\/07\/album-du-vendre-13\/#primaryimage"},"thumbnailUrl":"http:\/\/www.leblogmoto.com\/images\/2008\/03\/06\/tete.jpg","datePublished":"2008-03-07T04:41:22+00:00","dateModified":"2012-07-11T15:28:17+00:00","author":{"@id":"https:\/\/blogs.thesocialmedia.com\/leblogmoto\/#\/schema\/person\/e82a0ca8a9a63d031586097a3ed58526"},"breadcrumb":{"@id":"https:\/\/blogs.thesocialmedia.com\/leblogmoto\/2008\/03\/07\/album-du-vendre-13\/#breadcrumb"},"inLanguage":"fr-FR","potentialAction":[{"@type":"ReadAction","target":["https:\/\/blogs.thesocialmedia.com\/leblogmoto\/2008\/03\/07\/album-du-vendre-13\/"]}]},{"@type":"ImageObject","inLanguage":"fr-FR","@id":"https:\/\/blogs.thesocialmedia.com\/leblogmoto\/2008\/03\/07\/album-du-vendre-13\/#primaryimage","url":"http:\/\/www.leblogmoto.com\/images\/2008\/03\/06\/tete.jpg","contentUrl":"http:\/\/www.leblogmoto.com\/images\/2008\/03\/06\/tete.jpg"},{"@type":"BreadcrumbList","@id":"https:\/\/blogs.thesocialmedia.com\/leblogmoto\/2008\/03\/07\/album-du-vendre-13\/#breadcrumb","itemListElement":[{"@type":"ListItem","position":1,"name":"Accueil","item":"https:\/\/blogs.thesocialmedia.com\/leblogmoto\/"},{"@type":"ListItem","position":2,"name":"Album du vendredi, Photog\u00e9niques"}]},{"@type":"WebSite","@id":"https:\/\/blogs.thesocialmedia.com\/leblogmoto\/#website","url":"https:\/\/blogs.thesocialmedia.com\/leblogmoto\/","name":"leblogmoto","description":"Toute l&#039;actualit\u00e9 des 2 roues","potentialAction":[{"@type":"SearchAction","target":{"@type":"EntryPoint","urlTemplate":"https:\/\/blogs.thesocialmedia.com\/leblogmoto\/?s={search_term_string}"},"query-input":{"@type":"PropertyValueSpecification","valueRequired":true,"valueName":"search_term_string"}}],"inLanguage":"fr-FR"},{"@type":"Person","@id":"https:\/\/blogs.thesocialmedia.com\/leblogmoto\/#\/schema\/person\/e82a0ca8a9a63d031586097a3ed58526","name":"jacques lesage","image":{"@type":"ImageObject","inLanguage":"fr-FR","@id":"https:\/\/blogs.thesocialmedia.com\/leblogmoto\/#\/schema\/person\/image\/","url":"https:\/\/secure.gravatar.com\/avatar\/?s=96&d=mm&r=g","contentUrl":"https:\/\/secure.gravatar.com\/avatar\/?s=96&d=mm&r=g","caption":"jacques lesage"},"url":"https:\/\/blogs.thesocialmedia.com\/leblogmoto\/author\/jacques-lesage\/"}]}},"_links":{"self":[{"href":"https:\/\/blogs.thesocialmedia.com\/leblogmoto\/wp-json\/wp\/v2\/posts\/847","targetHints":{"allow":["GET"]}}],"collection":[{"href":"https:\/\/blogs.thesocialmedia.com\/leblogmoto\/wp-json\/wp\/v2\/posts"}],"about":[{"href":"https:\/\/blogs.thesocialmedia.com\/leblogmoto\/wp-json\/wp\/v2\/types\/post"}],"author":[{"embeddable":true,"href":"https:\/\/blogs.thesocialmedia.com\/leblogmoto\/wp-json\/wp\/v2\/users\/325"}],"replies":[{"embeddable":true,"href":"https:\/\/blogs.thesocialmedia.com\/leblogmoto\/wp-json\/wp\/v2\/comments?post=847"}],"version-history":[{"count":2,"href":"https:\/\/blogs.thesocialmedia.com\/leblogmoto\/wp-json\/wp\/v2\/posts\/847\/revisions"}],"predecessor-version":[{"id":10164,"href":"https:\/\/blogs.thesocialmedia.com\/leblogmoto\/wp-json\/wp\/v2\/posts\/847\/revisions\/10164"}],"wp:attachment":[{"href":"https:\/\/blogs.thesocialmedia.com\/leblogmoto\/wp-json\/wp\/v2\/media?parent=847"}],"wp:term":[{"taxonomy":"category","embeddable":true,"href":"https:\/\/blogs.thesocialmedia.com\/leblogmoto\/wp-json\/wp\/v2\/categories?post=847"},{"taxonomy":"post_tag","embeddable":true,"href":"https:\/\/blogs.thesocialmedia.com\/leblogmoto\/wp-json\/wp\/v2\/tags?post=847"}],"curies":[{"name":"wp","href":"https:\/\/api.w.org\/{rel}","templated":true}]}}