{"id":848,"date":"2008-03-06T04:31:26","date_gmt":"2008-03-06T04:31:26","guid":{"rendered":"http:\/\/blogs.thesocialmedia.com\/leblogmoto\/2008\/03\/06\/daytona-200-2\/"},"modified":"2012-07-11T15:27:57","modified_gmt":"2012-07-11T15:27:57","slug":"daytona-200-2","status":"publish","type":"post","link":"https:\/\/blogs.thesocialmedia.com\/leblogmoto\/2008\/03\/06\/daytona-200-2\/","title":{"rendered":"Daytona 200"},"content":{"rendered":"<p><a href=\"http:\/\/blogs.thesocialmedia.com\/leblogmoto\/files\/2012\/07\/carte.jpg\"><img loading=\"lazy\" decoding=\"async\" width=\"470\" height=\"335\"  src=\"http:\/\/www.leblogmoto.com\/images\/2008\/03\/05\/carte.jpg\" alt=\"Carte\" \/><\/a> <\/p>\n<p>C&rsquo;est le \u00ab<a href=\"http:\/\/www.daytonachamber.com\/bwhome.html\">Bike Week<\/a>\u00bb en ce moment \u00e0 Daytona en Floride. Et, \u00e0 l&rsquo;exception du perp\u00e9tuel \u00e9tat de pagailles dans les rues principales de la ville, l&rsquo;\u00e9v\u00e9nement qui retient l&rsquo;attention est le Daytona 200 en <a href=\"http:\/\/www.amasuperbike.com\/\">AMA Superbike<\/a>.<br \/>Premi\u00e8re course de la saison, de celle dont on dit qu&rsquo;on n&rsquo;y gagne pas le championnat, mais o\u00f9 on peut le perdre, tellement la comp\u00e9tition y est f\u00e9roce, tous voulant la gagner.<br \/>Suzuki domine Daytona depuis quelques ann\u00e9es, comme le reste du championnat d&rsquo;ailleurs. Ben Spies et Mat Mladin, co\u00e9quipiers chez <a href=\"http:\/\/teamsuzuki.com\/RoadRacing\/FactoryTeam.aspx\">Yoshimura Suzuki<\/a>, se partagent les victoires et les championnats avec une aisance qui ressemble \u00e0 de l&rsquo;insulte pour les autres \u00e9quipes, et pas seulement chez les autres constructeurs, mais \u00e9galement les autres Suzuki du plateau.<\/p>\n<p>L&rsquo;Australien Mladin d\u00e9tient le plus grand nombre de championnats en AMA Superbike avec 6, dont 63 victoires et 52 p\u00f4les. L&rsquo;ann\u00e9e derni\u00e8re, \u00e9chappant de peu le titre \u00e0 son \u00e9quipier Spies, il r\u00e9ussit n\u00e9anmoins un autre record , soit celui du plus grand nombre de victoires en une saison, soit 12.<br \/>Le Texan Ben Spies, jeune co\u00e9quipier de Mladin, et malgr\u00e9 3 courtes saisons en AMA Superbike, il totalise d\u00e9j\u00e0 un championnat (2007) avec 18 victoires et 16 p\u00f4les.<\/p>\n<p>Et si la comp\u00e9tition est f\u00e9roce, c&rsquo;est surtout pour la derni\u00e8re marche du podium. Les \u00e9quipes d&rsquo;usine de chez Honda, Yamaha et Kawasaki ont beau mettre les bouch\u00e9es doubles, cette derni\u00e8re marche semble la plus difficile \u00e0 atteindre. Les Eric Bostrom, Roger Hayden et Aaron Yates pour ne nommer que les pilotes vus le plus souvent aux trousses des intouchables Suzuki #1 et #6 cette ann\u00e9e, vont devoir trouver de nouvelle fa\u00e7on de gagner.<br \/>Un mot sur l&rsquo;\u00e9quipe <a href=\"http:\/\/www.hondaredriders.com\/roadracing\/teamdetail.asp?TeamID=090111c080125f07&amp;bhcp=1\">American Honda<\/a> avec le toujours vaillant Miguel Duhamel et son nouveau partenaire sur la CBR1000RR Neil Hodgson. D\u00e9tenteur des 9e et 10e temps ce mercredi en essais libre, Duhamel aura fort \u00e0 faire pour ajouter une sixi\u00e8me victoire au Daytona 200. Le Britannique Hodgson, ancien pilote Ducati dans la s\u00e9rie, pris un peu de recul en 2007 apr\u00e8s le retrait des Italiens, pour revenir en force, on l&rsquo;esp\u00e8re, au guidon de la nouvelle Fireblade cette ann\u00e9e.<\/p>\n<p>La course est pour ce samedi \u00e0 14 heures, bonne pour 69 tours de ce circuit atypique et mythique.<\/p>\n<p><a href=\"http:\/\/clabedan.typepad.com\/.shared\/image.html?\/photos\/uncategorized\/2008\/03\/05\/benspies.jpeg\"><img loading=\"lazy\" decoding=\"async\" width=\"470\" height=\"229\"  src=\"http:\/\/www.leblogmoto.com\/images\/2008\/03\/05\/benspies.jpeg\" alt=\"Benspies\" \/><\/a> <br \/>Ben Spies<\/p>\n<p><a href=\"http:\/\/blogs.thesocialmedia.com\/leblogmoto\/files\/2012\/07\/mat_mladin.jpg\"><img loading=\"lazy\" decoding=\"async\" width=\"470\" height=\"293\"  src=\"http:\/\/www.leblogmoto.com\/images\/2008\/03\/05\/mat_mladin.jpg\" alt=\"Mat_mladin\" \/><\/a> <br \/>Mat Mladin<\/p>\n<p><a href=\"http:\/\/blogs.thesocialmedia.com\/leblogmoto\/files\/2012\/07\/casques.jpg\"><img loading=\"lazy\" decoding=\"async\" width=\"470\" height=\"279\"  src=\"http:\/\/www.leblogmoto.com\/images\/2008\/03\/05\/casques.jpg\" alt=\"Casques\" \/><\/a> <\/p>\n","protected":false},"excerpt":{"rendered":"<p>C&rsquo;est le \u00abBike Week\u00bb en ce moment \u00e0 Daytona en Floride. Et, \u00e0 l&rsquo;exception du perp\u00e9tuel \u00e9tat de pagailles dans les rues principales de la ville, l&rsquo;\u00e9v\u00e9nement qui retient l&rsquo;attention est le Daytona 200 en AMA Superbike.Premi\u00e8re course de la saison, de celle dont on dit qu&rsquo;on n&rsquo;y gagne pas le championnat, mais o\u00f9 on [&hellip;]<\/p>\n","protected":false},"author":325,"featured_media":0,"comment_status":"open","ping_status":"open","sticky":false,"template":"","format":"standard","meta":{"footnotes":""},"categories":[3,46],"tags":[],"class_list":["post-848","post","type-post","status-publish","format-standard","hentry","category-actualite","category-superbike"],"yoast_head":"<!-- This site is optimized with the Yoast SEO plugin v26.0 - https:\/\/yoast.com\/wordpress\/plugins\/seo\/ -->\n<title>Daytona 200 - leblogmoto.com<\/title>\n<meta name=\"robots\" content=\"index, follow, max-snippet:-1, max-image-preview:large, max-video-preview:-1\" \/>\n<link rel=\"canonical\" href=\"https:\/\/blogs.thesocialmedia.com\/leblogmoto\/2008\/03\/06\/daytona-200-2\/\" \/>\n<meta name=\"twitter:card\" content=\"summary_large_image\" \/>\n<meta name=\"twitter:title\" content=\"Daytona 200 - leblogmoto.com\" \/>\n<meta name=\"twitter:description\" content=\"C&rsquo;est le \u00abBike Week\u00bb en ce moment \u00e0 Daytona en Floride. Et, \u00e0 l&rsquo;exception du perp\u00e9tuel \u00e9tat de pagailles dans les rues principales de la ville, l&rsquo;\u00e9v\u00e9nement qui retient l&rsquo;attention est le Daytona 200 en AMA Superbike.Premi\u00e8re course de la saison, de celle dont on dit qu&rsquo;on n&rsquo;y gagne pas le championnat, mais o\u00f9 on [&hellip;]\" \/>\n<meta name=\"twitter:image\" content=\"http:\/\/www.leblogmoto.com\/images\/2008\/03\/05\/carte.jpg\" \/>\n<meta name=\"twitter:label1\" content=\"\u00c9crit par\" \/>\n\t<meta name=\"twitter:data1\" content=\"jacques lesage\" \/>\n\t<meta name=\"twitter:label2\" content=\"Dur\u00e9e de lecture estim\u00e9e\" \/>\n\t<meta name=\"twitter:data2\" content=\"2 minutes\" \/>\n<script type=\"application\/ld+json\" class=\"yoast-schema-graph\">{\"@context\":\"https:\/\/schema.org\",\"@graph\":[{\"@type\":\"WebPage\",\"@id\":\"https:\/\/blogs.thesocialmedia.com\/leblogmoto\/2008\/03\/06\/daytona-200-2\/\",\"url\":\"https:\/\/blogs.thesocialmedia.com\/leblogmoto\/2008\/03\/06\/daytona-200-2\/\",\"name\":\"Daytona 200 - leblogmoto.com\",\"isPartOf\":{\"@id\":\"https:\/\/blogs.thesocialmedia.com\/leblogmoto\/#website\"},\"primaryImageOfPage\":{\"@id\":\"https:\/\/blogs.thesocialmedia.com\/leblogmoto\/2008\/03\/06\/daytona-200-2\/#primaryimage\"},\"image\":{\"@id\":\"https:\/\/blogs.thesocialmedia.com\/leblogmoto\/2008\/03\/06\/daytona-200-2\/#primaryimage\"},\"thumbnailUrl\":\"http:\/\/www.leblogmoto.com\/images\/2008\/03\/05\/carte.jpg\",\"datePublished\":\"2008-03-06T04:31:26+00:00\",\"dateModified\":\"2012-07-11T15:27:57+00:00\",\"author\":{\"@id\":\"https:\/\/blogs.thesocialmedia.com\/leblogmoto\/#\/schema\/person\/e82a0ca8a9a63d031586097a3ed58526\"},\"breadcrumb\":{\"@id\":\"https:\/\/blogs.thesocialmedia.com\/leblogmoto\/2008\/03\/06\/daytona-200-2\/#breadcrumb\"},\"inLanguage\":\"fr-FR\",\"potentialAction\":[{\"@type\":\"ReadAction\",\"target\":[\"https:\/\/blogs.thesocialmedia.com\/leblogmoto\/2008\/03\/06\/daytona-200-2\/\"]}]},{\"@type\":\"ImageObject\",\"inLanguage\":\"fr-FR\",\"@id\":\"https:\/\/blogs.thesocialmedia.com\/leblogmoto\/2008\/03\/06\/daytona-200-2\/#primaryimage\",\"url\":\"http:\/\/www.leblogmoto.com\/images\/2008\/03\/05\/carte.jpg\",\"contentUrl\":\"http:\/\/www.leblogmoto.com\/images\/2008\/03\/05\/carte.jpg\"},{\"@type\":\"BreadcrumbList\",\"@id\":\"https:\/\/blogs.thesocialmedia.com\/leblogmoto\/2008\/03\/06\/daytona-200-2\/#breadcrumb\",\"itemListElement\":[{\"@type\":\"ListItem\",\"position\":1,\"name\":\"Accueil\",\"item\":\"https:\/\/blogs.thesocialmedia.com\/leblogmoto\/\"},{\"@type\":\"ListItem\",\"position\":2,\"name\":\"Daytona 200\"}]},{\"@type\":\"WebSite\",\"@id\":\"https:\/\/blogs.thesocialmedia.com\/leblogmoto\/#website\",\"url\":\"https:\/\/blogs.thesocialmedia.com\/leblogmoto\/\",\"name\":\"leblogmoto\",\"description\":\"Toute l&#039;actualit\u00e9 des 2 roues\",\"potentialAction\":[{\"@type\":\"SearchAction\",\"target\":{\"@type\":\"EntryPoint\",\"urlTemplate\":\"https:\/\/blogs.thesocialmedia.com\/leblogmoto\/?s={search_term_string}\"},\"query-input\":{\"@type\":\"PropertyValueSpecification\",\"valueRequired\":true,\"valueName\":\"search_term_string\"}}],\"inLanguage\":\"fr-FR\"},{\"@type\":\"Person\",\"@id\":\"https:\/\/blogs.thesocialmedia.com\/leblogmoto\/#\/schema\/person\/e82a0ca8a9a63d031586097a3ed58526\",\"name\":\"jacques lesage\",\"image\":{\"@type\":\"ImageObject\",\"inLanguage\":\"fr-FR\",\"@id\":\"https:\/\/blogs.thesocialmedia.com\/leblogmoto\/#\/schema\/person\/image\/\",\"url\":\"https:\/\/secure.gravatar.com\/avatar\/?s=96&d=mm&r=g\",\"contentUrl\":\"https:\/\/secure.gravatar.com\/avatar\/?s=96&d=mm&r=g\",\"caption\":\"jacques lesage\"},\"url\":\"https:\/\/blogs.thesocialmedia.com\/leblogmoto\/author\/jacques-lesage\/\"}]}<\/script>\n<!-- \/ Yoast SEO plugin. -->","yoast_head_json":{"title":"Daytona 200 - leblogmoto.com","robots":{"index":"index","follow":"follow","max-snippet":"max-snippet:-1","max-image-preview":"max-image-preview:large","max-video-preview":"max-video-preview:-1"},"canonical":"https:\/\/blogs.thesocialmedia.com\/leblogmoto\/2008\/03\/06\/daytona-200-2\/","twitter_card":"summary_large_image","twitter_title":"Daytona 200 - leblogmoto.com","twitter_description":"C&rsquo;est le \u00abBike Week\u00bb en ce moment \u00e0 Daytona en Floride. Et, \u00e0 l&rsquo;exception du perp\u00e9tuel \u00e9tat de pagailles dans les rues principales de la ville, l&rsquo;\u00e9v\u00e9nement qui retient l&rsquo;attention est le Daytona 200 en AMA Superbike.Premi\u00e8re course de la saison, de celle dont on dit qu&rsquo;on n&rsquo;y gagne pas le championnat, mais o\u00f9 on [&hellip;]","twitter_image":"http:\/\/www.leblogmoto.com\/images\/2008\/03\/05\/carte.jpg","twitter_misc":{"\u00c9crit par":"jacques lesage","Dur\u00e9e de lecture estim\u00e9e":"2 minutes"},"schema":{"@context":"https:\/\/schema.org","@graph":[{"@type":"WebPage","@id":"https:\/\/blogs.thesocialmedia.com\/leblogmoto\/2008\/03\/06\/daytona-200-2\/","url":"https:\/\/blogs.thesocialmedia.com\/leblogmoto\/2008\/03\/06\/daytona-200-2\/","name":"Daytona 200 - leblogmoto.com","isPartOf":{"@id":"https:\/\/blogs.thesocialmedia.com\/leblogmoto\/#website"},"primaryImageOfPage":{"@id":"https:\/\/blogs.thesocialmedia.com\/leblogmoto\/2008\/03\/06\/daytona-200-2\/#primaryimage"},"image":{"@id":"https:\/\/blogs.thesocialmedia.com\/leblogmoto\/2008\/03\/06\/daytona-200-2\/#primaryimage"},"thumbnailUrl":"http:\/\/www.leblogmoto.com\/images\/2008\/03\/05\/carte.jpg","datePublished":"2008-03-06T04:31:26+00:00","dateModified":"2012-07-11T15:27:57+00:00","author":{"@id":"https:\/\/blogs.thesocialmedia.com\/leblogmoto\/#\/schema\/person\/e82a0ca8a9a63d031586097a3ed58526"},"breadcrumb":{"@id":"https:\/\/blogs.thesocialmedia.com\/leblogmoto\/2008\/03\/06\/daytona-200-2\/#breadcrumb"},"inLanguage":"fr-FR","potentialAction":[{"@type":"ReadAction","target":["https:\/\/blogs.thesocialmedia.com\/leblogmoto\/2008\/03\/06\/daytona-200-2\/"]}]},{"@type":"ImageObject","inLanguage":"fr-FR","@id":"https:\/\/blogs.thesocialmedia.com\/leblogmoto\/2008\/03\/06\/daytona-200-2\/#primaryimage","url":"http:\/\/www.leblogmoto.com\/images\/2008\/03\/05\/carte.jpg","contentUrl":"http:\/\/www.leblogmoto.com\/images\/2008\/03\/05\/carte.jpg"},{"@type":"BreadcrumbList","@id":"https:\/\/blogs.thesocialmedia.com\/leblogmoto\/2008\/03\/06\/daytona-200-2\/#breadcrumb","itemListElement":[{"@type":"ListItem","position":1,"name":"Accueil","item":"https:\/\/blogs.thesocialmedia.com\/leblogmoto\/"},{"@type":"ListItem","position":2,"name":"Daytona 200"}]},{"@type":"WebSite","@id":"https:\/\/blogs.thesocialmedia.com\/leblogmoto\/#website","url":"https:\/\/blogs.thesocialmedia.com\/leblogmoto\/","name":"leblogmoto","description":"Toute l&#039;actualit\u00e9 des 2 roues","potentialAction":[{"@type":"SearchAction","target":{"@type":"EntryPoint","urlTemplate":"https:\/\/blogs.thesocialmedia.com\/leblogmoto\/?s={search_term_string}"},"query-input":{"@type":"PropertyValueSpecification","valueRequired":true,"valueName":"search_term_string"}}],"inLanguage":"fr-FR"},{"@type":"Person","@id":"https:\/\/blogs.thesocialmedia.com\/leblogmoto\/#\/schema\/person\/e82a0ca8a9a63d031586097a3ed58526","name":"jacques lesage","image":{"@type":"ImageObject","inLanguage":"fr-FR","@id":"https:\/\/blogs.thesocialmedia.com\/leblogmoto\/#\/schema\/person\/image\/","url":"https:\/\/secure.gravatar.com\/avatar\/?s=96&d=mm&r=g","contentUrl":"https:\/\/secure.gravatar.com\/avatar\/?s=96&d=mm&r=g","caption":"jacques lesage"},"url":"https:\/\/blogs.thesocialmedia.com\/leblogmoto\/author\/jacques-lesage\/"}]}},"_links":{"self":[{"href":"https:\/\/blogs.thesocialmedia.com\/leblogmoto\/wp-json\/wp\/v2\/posts\/848","targetHints":{"allow":["GET"]}}],"collection":[{"href":"https:\/\/blogs.thesocialmedia.com\/leblogmoto\/wp-json\/wp\/v2\/posts"}],"about":[{"href":"https:\/\/blogs.thesocialmedia.com\/leblogmoto\/wp-json\/wp\/v2\/types\/post"}],"author":[{"embeddable":true,"href":"https:\/\/blogs.thesocialmedia.com\/leblogmoto\/wp-json\/wp\/v2\/users\/325"}],"replies":[{"embeddable":true,"href":"https:\/\/blogs.thesocialmedia.com\/leblogmoto\/wp-json\/wp\/v2\/comments?post=848"}],"version-history":[{"count":2,"href":"https:\/\/blogs.thesocialmedia.com\/leblogmoto\/wp-json\/wp\/v2\/posts\/848\/revisions"}],"predecessor-version":[{"id":10153,"href":"https:\/\/blogs.thesocialmedia.com\/leblogmoto\/wp-json\/wp\/v2\/posts\/848\/revisions\/10153"}],"wp:attachment":[{"href":"https:\/\/blogs.thesocialmedia.com\/leblogmoto\/wp-json\/wp\/v2\/media?parent=848"}],"wp:term":[{"taxonomy":"category","embeddable":true,"href":"https:\/\/blogs.thesocialmedia.com\/leblogmoto\/wp-json\/wp\/v2\/categories?post=848"},{"taxonomy":"post_tag","embeddable":true,"href":"https:\/\/blogs.thesocialmedia.com\/leblogmoto\/wp-json\/wp\/v2\/tags?post=848"}],"curies":[{"name":"wp","href":"https:\/\/api.w.org\/{rel}","templated":true}]}}