{"id":849,"date":"2008-03-05T23:58:44","date_gmt":"2008-03-05T23:58:44","guid":{"rendered":"http:\/\/blogs.thesocialmedia.com\/leblogmoto\/2008\/03\/05\/des-guidons-au\/"},"modified":"2012-07-11T15:27:49","modified_gmt":"2012-07-11T15:27:49","slug":"des-guidons-au","status":"publish","type":"post","link":"https:\/\/blogs.thesocialmedia.com\/leblogmoto\/2008\/03\/05\/des-guidons-au\/","title":{"rendered":"Des guidons au Salon de l&rsquo;Auto de Gen\u00e8ve."},"content":{"rendered":"<p><a href=\"http:\/\/blogs.thesocialmedia.com\/leblogmoto\/files\/2012\/07\/sbarro_pendolauto1_04_03_07_enima_2.jpg\"><img loading=\"lazy\" decoding=\"async\" width=\"470\" height=\"314\"  src=\"http:\/\/www.leblogmoto.com\/images\/2008\/03\/05\/sbarro_pendolauto1_04_03_07_enima_2.jpg\" alt=\"Sbarro_pendolauto1_04_03_07_enima_2\" \/><\/a><\/p>\n<p>Le c\u00e9l\u00e8bre et <a href=\"http:\/\/www.salon-auto.ch\/en\/\">78\u00e8me salon de l&rsquo;Auto de Gen\u00e8ve<\/a> ouvre ses portes demain et jusqu&rsquo;au 16 mars, mais il n&rsquo;accueillera pas seulement nos traditionnelles caisses, compagnes de bitume. En t\u00e9moigne ce Pendolauto de (Franco) <a href=\"http:\/\/www.leblogauto.com\/2005\/05\/un_gnie_suisse.html\">Sbarro<\/a>. Le carrossier et designer suisse (seconde photo) pr\u00e9sente cet \u00e9mule du <a href=\"http:\/\/www.leblogmoto.com\/2007\/10\/concept-bike-de.html\">Yamaha<\/a> <a href=\"http:\/\/www.leblogmoto.com\/2007\/10\/de-nouvelles-ph.html\">Tesserac<\/a> et du mp3 de Piaggio, ce quatre-roues se mettant sur l&rsquo;angle comme une moto. Dans les stands du salon, il sera accompagn\u00e9 du blanc Monotracer suisse, et du plus modeste Classic Plus, eux aussi conduits ou pilot\u00e9s au guidon.<\/p>\n<p><a href=\"http:\/\/clabedan.typepad.com\/.shared\/image.html?\/photos\/uncategorized\/2008\/03\/05\/sbarro_pendolauto3_04_03_07_enima_2.jpg\"><img loading=\"lazy\" decoding=\"async\" width=\"470\" height=\"314\"  alt=\"Sbarro_pendolauto3_04_03_07_enima_2\" src=\"http:\/\/www.leblogmoto.com\/images\/2008\/03\/05\/sbarro_pendolauto3_04_03_07_enima_2.jpg\" \/><\/a><\/p>\n<p><a href=\"http:\/\/blogs.thesocialmedia.com\/leblogmoto\/files\/2012\/07\/sbarro_pendolauto2_04_03_07_enima_2.jpg\"><img loading=\"lazy\" decoding=\"async\" width=\"470\" height=\"314\"  src=\"http:\/\/www.leblogmoto.com\/images\/2008\/03\/05\/sbarro_pendolauto2_04_03_07_enima_2.jpg\" alt=\"Sbarro_pendolauto2_04_03_07_enima_2\" \/><\/a> <\/p>\n<p><a href=\"http:\/\/blogs.thesocialmedia.com\/leblogmoto\/files\/2012\/07\/sbarro_pendolauto_enimages_big.jpg\"><img loading=\"lazy\" decoding=\"async\" width=\"470\" height=\"329\"  src=\"http:\/\/www.leblogmoto.com\/images\/2008\/03\/05\/sbarro_pendolauto_enimages_big.jpg\" alt=\"Sbarro_pendolauto_enimages_big\" \/><\/a><\/p>\n<p><a href=\"http:\/\/blogs.thesocialmedia.com\/leblogmoto\/files\/2012\/07\/92p7254272__enimages_big.jpg\"><img loading=\"lazy\" decoding=\"async\" width=\"470\" height=\"353\"  src=\"http:\/\/www.leblogmoto.com\/images\/2008\/03\/05\/92p7254272__enimages_big.jpg\" alt=\"92p7254272__enimages_big\" \/><\/a> <\/p>\n<p><a href=\"http:\/\/blogs.thesocialmedia.com\/leblogmoto\/files\/2012\/07\/92img_7749zugechnitten__enimages_bi.jpg\"><img loading=\"lazy\" decoding=\"async\" width=\"470\" height=\"260\"  src=\"http:\/\/www.leblogmoto.com\/images\/2008\/03\/05\/92img_7749zugechnitten__enimages_bi.jpg\" alt=\"92img_7749zugechnitten__enimages_bi\" \/><\/a> <\/p>\n<p><a href=\"http:\/\/blogs.thesocialmedia.com\/leblogmoto\/files\/2012\/07\/91plus_studio_enimages_big.jpg\"><img loading=\"lazy\" decoding=\"async\" width=\"470\" height=\"336\"  src=\"http:\/\/www.leblogmoto.com\/images\/2008\/03\/05\/91plus_studio_enimages_big.jpg\" alt=\"91plus_studio_enimages_big\" \/><\/a> <\/p>\n<p><a href=\"http:\/\/blogs.thesocialmedia.com\/leblogmoto\/files\/2012\/07\/91plus_waldrand_enimages_big.jpg\"><img loading=\"lazy\" decoding=\"async\" width=\"470\" height=\"352\"  src=\"http:\/\/www.leblogmoto.com\/images\/2008\/03\/05\/91plus_waldrand_enimages_big.jpg\" alt=\"91plus_waldrand_enimages_big\" \/><\/a> <\/p>\n<p><em>source et cr\u00e9dit photos: salon de l&rsquo;auto de Gen\u00e8ve. <\/em> <\/p>\n","protected":false},"excerpt":{"rendered":"<p>Le c\u00e9l\u00e8bre et 78\u00e8me salon de l&rsquo;Auto de Gen\u00e8ve ouvre ses portes demain et jusqu&rsquo;au 16 mars, mais il n&rsquo;accueillera pas seulement nos traditionnelles caisses, compagnes de bitume. En t\u00e9moigne ce Pendolauto de (Franco) Sbarro. Le carrossier et designer suisse (seconde photo) pr\u00e9sente cet \u00e9mule du Yamaha Tesserac et du mp3 de Piaggio, ce quatre-roues [&hellip;]<\/p>\n","protected":false},"author":324,"featured_media":0,"comment_status":"open","ping_status":"open","sticky":false,"template":"","format":"standard","meta":{"footnotes":""},"categories":[3,33,70,36],"tags":[],"class_list":["post-849","post","type-post","status-publish","format-standard","hentry","category-actualite","category-concept-bike","category-quad","category-salons"],"yoast_head":"<!-- This site is optimized with the Yoast SEO plugin v26.0 - https:\/\/yoast.com\/wordpress\/plugins\/seo\/ -->\n<title>Des guidons au Salon de l&#039;Auto de Gen\u00e8ve. - leblogmoto.com<\/title>\n<meta name=\"robots\" content=\"index, follow, max-snippet:-1, max-image-preview:large, max-video-preview:-1\" \/>\n<link rel=\"canonical\" href=\"https:\/\/blogs.thesocialmedia.com\/leblogmoto\/2008\/03\/05\/des-guidons-au\/\" \/>\n<meta name=\"twitter:card\" content=\"summary_large_image\" \/>\n<meta name=\"twitter:title\" content=\"Des guidons au Salon de l&#039;Auto de Gen\u00e8ve. - leblogmoto.com\" \/>\n<meta name=\"twitter:description\" content=\"Le c\u00e9l\u00e8bre et 78\u00e8me salon de l&rsquo;Auto de Gen\u00e8ve ouvre ses portes demain et jusqu&rsquo;au 16 mars, mais il n&rsquo;accueillera pas seulement nos traditionnelles caisses, compagnes de bitume. En t\u00e9moigne ce Pendolauto de (Franco) Sbarro. Le carrossier et designer suisse (seconde photo) pr\u00e9sente cet \u00e9mule du Yamaha Tesserac et du mp3 de Piaggio, ce quatre-roues [&hellip;]\" \/>\n<meta name=\"twitter:image\" content=\"http:\/\/www.leblogmoto.com\/images\/2008\/03\/05\/sbarro_pendolauto1_04_03_07_enima_2.jpg\" \/>\n<meta name=\"twitter:label1\" content=\"\u00c9crit par\" \/>\n\t<meta name=\"twitter:data1\" content=\"benoit rieu\" \/>\n\t<meta name=\"twitter:label2\" content=\"Dur\u00e9e de lecture estim\u00e9e\" \/>\n\t<meta name=\"twitter:data2\" content=\"1 minute\" \/>\n<script type=\"application\/ld+json\" class=\"yoast-schema-graph\">{\"@context\":\"https:\/\/schema.org\",\"@graph\":[{\"@type\":\"WebPage\",\"@id\":\"https:\/\/blogs.thesocialmedia.com\/leblogmoto\/2008\/03\/05\/des-guidons-au\/\",\"url\":\"https:\/\/blogs.thesocialmedia.com\/leblogmoto\/2008\/03\/05\/des-guidons-au\/\",\"name\":\"Des guidons au Salon de l'Auto de Gen\u00e8ve. - leblogmoto.com\",\"isPartOf\":{\"@id\":\"https:\/\/blogs.thesocialmedia.com\/leblogmoto\/#website\"},\"primaryImageOfPage\":{\"@id\":\"https:\/\/blogs.thesocialmedia.com\/leblogmoto\/2008\/03\/05\/des-guidons-au\/#primaryimage\"},\"image\":{\"@id\":\"https:\/\/blogs.thesocialmedia.com\/leblogmoto\/2008\/03\/05\/des-guidons-au\/#primaryimage\"},\"thumbnailUrl\":\"http:\/\/www.leblogmoto.com\/images\/2008\/03\/05\/sbarro_pendolauto1_04_03_07_enima_2.jpg\",\"datePublished\":\"2008-03-05T23:58:44+00:00\",\"dateModified\":\"2012-07-11T15:27:49+00:00\",\"author\":{\"@id\":\"https:\/\/blogs.thesocialmedia.com\/leblogmoto\/#\/schema\/person\/18bfe773e5725ed6d24f743da805362a\"},\"breadcrumb\":{\"@id\":\"https:\/\/blogs.thesocialmedia.com\/leblogmoto\/2008\/03\/05\/des-guidons-au\/#breadcrumb\"},\"inLanguage\":\"fr-FR\",\"potentialAction\":[{\"@type\":\"ReadAction\",\"target\":[\"https:\/\/blogs.thesocialmedia.com\/leblogmoto\/2008\/03\/05\/des-guidons-au\/\"]}]},{\"@type\":\"ImageObject\",\"inLanguage\":\"fr-FR\",\"@id\":\"https:\/\/blogs.thesocialmedia.com\/leblogmoto\/2008\/03\/05\/des-guidons-au\/#primaryimage\",\"url\":\"http:\/\/www.leblogmoto.com\/images\/2008\/03\/05\/sbarro_pendolauto1_04_03_07_enima_2.jpg\",\"contentUrl\":\"http:\/\/www.leblogmoto.com\/images\/2008\/03\/05\/sbarro_pendolauto1_04_03_07_enima_2.jpg\"},{\"@type\":\"BreadcrumbList\",\"@id\":\"https:\/\/blogs.thesocialmedia.com\/leblogmoto\/2008\/03\/05\/des-guidons-au\/#breadcrumb\",\"itemListElement\":[{\"@type\":\"ListItem\",\"position\":1,\"name\":\"Accueil\",\"item\":\"https:\/\/blogs.thesocialmedia.com\/leblogmoto\/\"},{\"@type\":\"ListItem\",\"position\":2,\"name\":\"Des guidons au Salon de l&rsquo;Auto de Gen\u00e8ve.\"}]},{\"@type\":\"WebSite\",\"@id\":\"https:\/\/blogs.thesocialmedia.com\/leblogmoto\/#website\",\"url\":\"https:\/\/blogs.thesocialmedia.com\/leblogmoto\/\",\"name\":\"leblogmoto\",\"description\":\"Toute l&#039;actualit\u00e9 des 2 roues\",\"potentialAction\":[{\"@type\":\"SearchAction\",\"target\":{\"@type\":\"EntryPoint\",\"urlTemplate\":\"https:\/\/blogs.thesocialmedia.com\/leblogmoto\/?s={search_term_string}\"},\"query-input\":{\"@type\":\"PropertyValueSpecification\",\"valueRequired\":true,\"valueName\":\"search_term_string\"}}],\"inLanguage\":\"fr-FR\"},{\"@type\":\"Person\",\"@id\":\"https:\/\/blogs.thesocialmedia.com\/leblogmoto\/#\/schema\/person\/18bfe773e5725ed6d24f743da805362a\",\"name\":\"benoit rieu\",\"image\":{\"@type\":\"ImageObject\",\"inLanguage\":\"fr-FR\",\"@id\":\"https:\/\/blogs.thesocialmedia.com\/leblogmoto\/#\/schema\/person\/image\/\",\"url\":\"https:\/\/secure.gravatar.com\/avatar\/?s=96&d=mm&r=g\",\"contentUrl\":\"https:\/\/secure.gravatar.com\/avatar\/?s=96&d=mm&r=g\",\"caption\":\"benoit rieu\"},\"url\":\"https:\/\/blogs.thesocialmedia.com\/leblogmoto\/author\/benoit-rieu\/\"}]}<\/script>\n<!-- \/ Yoast SEO plugin. -->","yoast_head_json":{"title":"Des guidons au Salon de l'Auto de Gen\u00e8ve. - leblogmoto.com","robots":{"index":"index","follow":"follow","max-snippet":"max-snippet:-1","max-image-preview":"max-image-preview:large","max-video-preview":"max-video-preview:-1"},"canonical":"https:\/\/blogs.thesocialmedia.com\/leblogmoto\/2008\/03\/05\/des-guidons-au\/","twitter_card":"summary_large_image","twitter_title":"Des guidons au Salon de l'Auto de Gen\u00e8ve. - leblogmoto.com","twitter_description":"Le c\u00e9l\u00e8bre et 78\u00e8me salon de l&rsquo;Auto de Gen\u00e8ve ouvre ses portes demain et jusqu&rsquo;au 16 mars, mais il n&rsquo;accueillera pas seulement nos traditionnelles caisses, compagnes de bitume. En t\u00e9moigne ce Pendolauto de (Franco) Sbarro. Le carrossier et designer suisse (seconde photo) pr\u00e9sente cet \u00e9mule du Yamaha Tesserac et du mp3 de Piaggio, ce quatre-roues [&hellip;]","twitter_image":"http:\/\/www.leblogmoto.com\/images\/2008\/03\/05\/sbarro_pendolauto1_04_03_07_enima_2.jpg","twitter_misc":{"\u00c9crit par":"benoit rieu","Dur\u00e9e de lecture estim\u00e9e":"1 minute"},"schema":{"@context":"https:\/\/schema.org","@graph":[{"@type":"WebPage","@id":"https:\/\/blogs.thesocialmedia.com\/leblogmoto\/2008\/03\/05\/des-guidons-au\/","url":"https:\/\/blogs.thesocialmedia.com\/leblogmoto\/2008\/03\/05\/des-guidons-au\/","name":"Des guidons au Salon de l'Auto de Gen\u00e8ve. - leblogmoto.com","isPartOf":{"@id":"https:\/\/blogs.thesocialmedia.com\/leblogmoto\/#website"},"primaryImageOfPage":{"@id":"https:\/\/blogs.thesocialmedia.com\/leblogmoto\/2008\/03\/05\/des-guidons-au\/#primaryimage"},"image":{"@id":"https:\/\/blogs.thesocialmedia.com\/leblogmoto\/2008\/03\/05\/des-guidons-au\/#primaryimage"},"thumbnailUrl":"http:\/\/www.leblogmoto.com\/images\/2008\/03\/05\/sbarro_pendolauto1_04_03_07_enima_2.jpg","datePublished":"2008-03-05T23:58:44+00:00","dateModified":"2012-07-11T15:27:49+00:00","author":{"@id":"https:\/\/blogs.thesocialmedia.com\/leblogmoto\/#\/schema\/person\/18bfe773e5725ed6d24f743da805362a"},"breadcrumb":{"@id":"https:\/\/blogs.thesocialmedia.com\/leblogmoto\/2008\/03\/05\/des-guidons-au\/#breadcrumb"},"inLanguage":"fr-FR","potentialAction":[{"@type":"ReadAction","target":["https:\/\/blogs.thesocialmedia.com\/leblogmoto\/2008\/03\/05\/des-guidons-au\/"]}]},{"@type":"ImageObject","inLanguage":"fr-FR","@id":"https:\/\/blogs.thesocialmedia.com\/leblogmoto\/2008\/03\/05\/des-guidons-au\/#primaryimage","url":"http:\/\/www.leblogmoto.com\/images\/2008\/03\/05\/sbarro_pendolauto1_04_03_07_enima_2.jpg","contentUrl":"http:\/\/www.leblogmoto.com\/images\/2008\/03\/05\/sbarro_pendolauto1_04_03_07_enima_2.jpg"},{"@type":"BreadcrumbList","@id":"https:\/\/blogs.thesocialmedia.com\/leblogmoto\/2008\/03\/05\/des-guidons-au\/#breadcrumb","itemListElement":[{"@type":"ListItem","position":1,"name":"Accueil","item":"https:\/\/blogs.thesocialmedia.com\/leblogmoto\/"},{"@type":"ListItem","position":2,"name":"Des guidons au Salon de l&rsquo;Auto de Gen\u00e8ve."}]},{"@type":"WebSite","@id":"https:\/\/blogs.thesocialmedia.com\/leblogmoto\/#website","url":"https:\/\/blogs.thesocialmedia.com\/leblogmoto\/","name":"leblogmoto","description":"Toute l&#039;actualit\u00e9 des 2 roues","potentialAction":[{"@type":"SearchAction","target":{"@type":"EntryPoint","urlTemplate":"https:\/\/blogs.thesocialmedia.com\/leblogmoto\/?s={search_term_string}"},"query-input":{"@type":"PropertyValueSpecification","valueRequired":true,"valueName":"search_term_string"}}],"inLanguage":"fr-FR"},{"@type":"Person","@id":"https:\/\/blogs.thesocialmedia.com\/leblogmoto\/#\/schema\/person\/18bfe773e5725ed6d24f743da805362a","name":"benoit rieu","image":{"@type":"ImageObject","inLanguage":"fr-FR","@id":"https:\/\/blogs.thesocialmedia.com\/leblogmoto\/#\/schema\/person\/image\/","url":"https:\/\/secure.gravatar.com\/avatar\/?s=96&d=mm&r=g","contentUrl":"https:\/\/secure.gravatar.com\/avatar\/?s=96&d=mm&r=g","caption":"benoit rieu"},"url":"https:\/\/blogs.thesocialmedia.com\/leblogmoto\/author\/benoit-rieu\/"}]}},"_links":{"self":[{"href":"https:\/\/blogs.thesocialmedia.com\/leblogmoto\/wp-json\/wp\/v2\/posts\/849","targetHints":{"allow":["GET"]}}],"collection":[{"href":"https:\/\/blogs.thesocialmedia.com\/leblogmoto\/wp-json\/wp\/v2\/posts"}],"about":[{"href":"https:\/\/blogs.thesocialmedia.com\/leblogmoto\/wp-json\/wp\/v2\/types\/post"}],"author":[{"embeddable":true,"href":"https:\/\/blogs.thesocialmedia.com\/leblogmoto\/wp-json\/wp\/v2\/users\/324"}],"replies":[{"embeddable":true,"href":"https:\/\/blogs.thesocialmedia.com\/leblogmoto\/wp-json\/wp\/v2\/comments?post=849"}],"version-history":[{"count":2,"href":"https:\/\/blogs.thesocialmedia.com\/leblogmoto\/wp-json\/wp\/v2\/posts\/849\/revisions"}],"predecessor-version":[{"id":10149,"href":"https:\/\/blogs.thesocialmedia.com\/leblogmoto\/wp-json\/wp\/v2\/posts\/849\/revisions\/10149"}],"wp:attachment":[{"href":"https:\/\/blogs.thesocialmedia.com\/leblogmoto\/wp-json\/wp\/v2\/media?parent=849"}],"wp:term":[{"taxonomy":"category","embeddable":true,"href":"https:\/\/blogs.thesocialmedia.com\/leblogmoto\/wp-json\/wp\/v2\/categories?post=849"},{"taxonomy":"post_tag","embeddable":true,"href":"https:\/\/blogs.thesocialmedia.com\/leblogmoto\/wp-json\/wp\/v2\/tags?post=849"}],"curies":[{"name":"wp","href":"https:\/\/api.w.org\/{rel}","templated":true}]}}