{"id":857,"date":"2008-03-02T04:20:33","date_gmt":"2008-03-02T04:20:33","guid":{"rendered":"http:\/\/blogs.thesocialmedia.com\/leblogmoto\/2008\/03\/02\/policiers-belge\/"},"modified":"2012-07-11T15:27:07","modified_gmt":"2012-07-11T15:27:07","slug":"policiers-belge","status":"publish","type":"post","link":"https:\/\/blogs.thesocialmedia.com\/leblogmoto\/2008\/03\/02\/policiers-belge\/","title":{"rendered":"Policiers belges soup\u00e7onn\u00e9s de traficoter les contr\u00f4les."},"content":{"rendered":"<p><a href=\"http:\/\/blogs.thesocialmedia.com\/leblogmoto\/files\/2012\/07\/moto_police_belge_les_policiers_bel.jpg\"><img loading=\"lazy\" decoding=\"async\" width=\"470\" height=\"318\"  alt=\"Moto_police_belge_les_policiers_bel\" src=\"http:\/\/www.leblogmoto.com\/images\/2008\/03\/01\/moto_police_belge_les_policiers_bel.jpg\" \/><\/a><\/p>\n<p>Selon une d\u00e9p\u00eache de l&rsquo;Agence Reuters, les policiers du plat pays souffleraient eux-m\u00eames dans le ballon pour gonfler (au sens propre comme au figur\u00e9) les chiffres, afin de pouvoir atteindre les objectifs de contr\u00f4le d&rsquo;alcool\u00e9mie qui leurs sont assign\u00e9s. Le commissaire g\u00e9n\u00e9ral de la police f\u00e9d\u00e9rale a d\u00e9clar\u00e9 au quotidien Le Soir que &quot;s&rsquo;il faut taper sur les doigts on le fera&quot;. Fernand Koekelbergt entend aussi savoir si les policiers accus\u00e9s ont agi seul ou sur ordre de leurs sup\u00e9rieurs. <\/p>\n<p>Comme le fait remarquer ironiquement l&rsquo;auteur de la news, on ne sait pas si les agents poussaient la conscience professionnelle jusqu&rsquo;\u00e0 forcer sur la dive bouteille pour obtenir des test positifs. En ce cas, cela m\u00e9riterait le tag &quot;Bio-carburant&quot; dans notre classification sur le Blog Moto.<\/p>\n","protected":false},"excerpt":{"rendered":"<p>Selon une d\u00e9p\u00eache de l&rsquo;Agence Reuters, les policiers du plat pays souffleraient eux-m\u00eames dans le ballon pour gonfler (au sens propre comme au figur\u00e9) les chiffres, afin de pouvoir atteindre les objectifs de contr\u00f4le d&rsquo;alcool\u00e9mie qui leurs sont assign\u00e9s. Le commissaire g\u00e9n\u00e9ral de la police f\u00e9d\u00e9rale a d\u00e9clar\u00e9 au quotidien Le Soir que &quot;s&rsquo;il faut [&hellip;]<\/p>\n","protected":false},"author":324,"featured_media":0,"comment_status":"open","ping_status":"open","sticky":false,"template":"","format":"standard","meta":{"footnotes":""},"categories":[3,58,27],"tags":[],"class_list":["post-857","post","type-post","status-publish","format-standard","hentry","category-actualite","category-insolite","category-securite"],"yoast_head":"<!-- This site is optimized with the Yoast SEO plugin v26.0 - https:\/\/yoast.com\/wordpress\/plugins\/seo\/ -->\n<title>Policiers belges soup\u00e7onn\u00e9s de traficoter les contr\u00f4les. - leblogmoto.com<\/title>\n<meta name=\"robots\" content=\"index, follow, max-snippet:-1, max-image-preview:large, max-video-preview:-1\" \/>\n<link rel=\"canonical\" href=\"https:\/\/blogs.thesocialmedia.com\/leblogmoto\/2008\/03\/02\/policiers-belge\/\" \/>\n<meta name=\"twitter:card\" content=\"summary_large_image\" \/>\n<meta name=\"twitter:title\" content=\"Policiers belges soup\u00e7onn\u00e9s de traficoter les contr\u00f4les. - leblogmoto.com\" \/>\n<meta name=\"twitter:description\" content=\"Selon une d\u00e9p\u00eache de l&rsquo;Agence Reuters, les policiers du plat pays souffleraient eux-m\u00eames dans le ballon pour gonfler (au sens propre comme au figur\u00e9) les chiffres, afin de pouvoir atteindre les objectifs de contr\u00f4le d&rsquo;alcool\u00e9mie qui leurs sont assign\u00e9s. Le commissaire g\u00e9n\u00e9ral de la police f\u00e9d\u00e9rale a d\u00e9clar\u00e9 au quotidien Le Soir que &quot;s&rsquo;il faut [&hellip;]\" \/>\n<meta name=\"twitter:image\" content=\"http:\/\/www.leblogmoto.com\/images\/2008\/03\/01\/moto_police_belge_les_policiers_bel.jpg\" \/>\n<meta name=\"twitter:label1\" content=\"\u00c9crit par\" \/>\n\t<meta name=\"twitter:data1\" content=\"benoit rieu\" \/>\n\t<meta name=\"twitter:label2\" content=\"Dur\u00e9e de lecture estim\u00e9e\" \/>\n\t<meta name=\"twitter:data2\" content=\"1 minute\" \/>\n<script type=\"application\/ld+json\" class=\"yoast-schema-graph\">{\"@context\":\"https:\/\/schema.org\",\"@graph\":[{\"@type\":\"WebPage\",\"@id\":\"https:\/\/blogs.thesocialmedia.com\/leblogmoto\/2008\/03\/02\/policiers-belge\/\",\"url\":\"https:\/\/blogs.thesocialmedia.com\/leblogmoto\/2008\/03\/02\/policiers-belge\/\",\"name\":\"Policiers belges soup\u00e7onn\u00e9s de traficoter les contr\u00f4les. - leblogmoto.com\",\"isPartOf\":{\"@id\":\"https:\/\/blogs.thesocialmedia.com\/leblogmoto\/#website\"},\"primaryImageOfPage\":{\"@id\":\"https:\/\/blogs.thesocialmedia.com\/leblogmoto\/2008\/03\/02\/policiers-belge\/#primaryimage\"},\"image\":{\"@id\":\"https:\/\/blogs.thesocialmedia.com\/leblogmoto\/2008\/03\/02\/policiers-belge\/#primaryimage\"},\"thumbnailUrl\":\"http:\/\/www.leblogmoto.com\/images\/2008\/03\/01\/moto_police_belge_les_policiers_bel.jpg\",\"datePublished\":\"2008-03-02T04:20:33+00:00\",\"dateModified\":\"2012-07-11T15:27:07+00:00\",\"author\":{\"@id\":\"https:\/\/blogs.thesocialmedia.com\/leblogmoto\/#\/schema\/person\/18bfe773e5725ed6d24f743da805362a\"},\"breadcrumb\":{\"@id\":\"https:\/\/blogs.thesocialmedia.com\/leblogmoto\/2008\/03\/02\/policiers-belge\/#breadcrumb\"},\"inLanguage\":\"fr-FR\",\"potentialAction\":[{\"@type\":\"ReadAction\",\"target\":[\"https:\/\/blogs.thesocialmedia.com\/leblogmoto\/2008\/03\/02\/policiers-belge\/\"]}]},{\"@type\":\"ImageObject\",\"inLanguage\":\"fr-FR\",\"@id\":\"https:\/\/blogs.thesocialmedia.com\/leblogmoto\/2008\/03\/02\/policiers-belge\/#primaryimage\",\"url\":\"http:\/\/www.leblogmoto.com\/images\/2008\/03\/01\/moto_police_belge_les_policiers_bel.jpg\",\"contentUrl\":\"http:\/\/www.leblogmoto.com\/images\/2008\/03\/01\/moto_police_belge_les_policiers_bel.jpg\"},{\"@type\":\"BreadcrumbList\",\"@id\":\"https:\/\/blogs.thesocialmedia.com\/leblogmoto\/2008\/03\/02\/policiers-belge\/#breadcrumb\",\"itemListElement\":[{\"@type\":\"ListItem\",\"position\":1,\"name\":\"Accueil\",\"item\":\"https:\/\/blogs.thesocialmedia.com\/leblogmoto\/\"},{\"@type\":\"ListItem\",\"position\":2,\"name\":\"Policiers belges soup\u00e7onn\u00e9s de traficoter les contr\u00f4les.\"}]},{\"@type\":\"WebSite\",\"@id\":\"https:\/\/blogs.thesocialmedia.com\/leblogmoto\/#website\",\"url\":\"https:\/\/blogs.thesocialmedia.com\/leblogmoto\/\",\"name\":\"leblogmoto\",\"description\":\"Toute l&#039;actualit\u00e9 des 2 roues\",\"potentialAction\":[{\"@type\":\"SearchAction\",\"target\":{\"@type\":\"EntryPoint\",\"urlTemplate\":\"https:\/\/blogs.thesocialmedia.com\/leblogmoto\/?s={search_term_string}\"},\"query-input\":{\"@type\":\"PropertyValueSpecification\",\"valueRequired\":true,\"valueName\":\"search_term_string\"}}],\"inLanguage\":\"fr-FR\"},{\"@type\":\"Person\",\"@id\":\"https:\/\/blogs.thesocialmedia.com\/leblogmoto\/#\/schema\/person\/18bfe773e5725ed6d24f743da805362a\",\"name\":\"benoit rieu\",\"image\":{\"@type\":\"ImageObject\",\"inLanguage\":\"fr-FR\",\"@id\":\"https:\/\/blogs.thesocialmedia.com\/leblogmoto\/#\/schema\/person\/image\/\",\"url\":\"https:\/\/secure.gravatar.com\/avatar\/?s=96&d=mm&r=g\",\"contentUrl\":\"https:\/\/secure.gravatar.com\/avatar\/?s=96&d=mm&r=g\",\"caption\":\"benoit rieu\"},\"url\":\"https:\/\/blogs.thesocialmedia.com\/leblogmoto\/author\/benoit-rieu\/\"}]}<\/script>\n<!-- \/ Yoast SEO plugin. -->","yoast_head_json":{"title":"Policiers belges soup\u00e7onn\u00e9s de traficoter les contr\u00f4les. - leblogmoto.com","robots":{"index":"index","follow":"follow","max-snippet":"max-snippet:-1","max-image-preview":"max-image-preview:large","max-video-preview":"max-video-preview:-1"},"canonical":"https:\/\/blogs.thesocialmedia.com\/leblogmoto\/2008\/03\/02\/policiers-belge\/","twitter_card":"summary_large_image","twitter_title":"Policiers belges soup\u00e7onn\u00e9s de traficoter les contr\u00f4les. - leblogmoto.com","twitter_description":"Selon une d\u00e9p\u00eache de l&rsquo;Agence Reuters, les policiers du plat pays souffleraient eux-m\u00eames dans le ballon pour gonfler (au sens propre comme au figur\u00e9) les chiffres, afin de pouvoir atteindre les objectifs de contr\u00f4le d&rsquo;alcool\u00e9mie qui leurs sont assign\u00e9s. Le commissaire g\u00e9n\u00e9ral de la police f\u00e9d\u00e9rale a d\u00e9clar\u00e9 au quotidien Le Soir que &quot;s&rsquo;il faut [&hellip;]","twitter_image":"http:\/\/www.leblogmoto.com\/images\/2008\/03\/01\/moto_police_belge_les_policiers_bel.jpg","twitter_misc":{"\u00c9crit par":"benoit rieu","Dur\u00e9e de lecture estim\u00e9e":"1 minute"},"schema":{"@context":"https:\/\/schema.org","@graph":[{"@type":"WebPage","@id":"https:\/\/blogs.thesocialmedia.com\/leblogmoto\/2008\/03\/02\/policiers-belge\/","url":"https:\/\/blogs.thesocialmedia.com\/leblogmoto\/2008\/03\/02\/policiers-belge\/","name":"Policiers belges soup\u00e7onn\u00e9s de traficoter les contr\u00f4les. - leblogmoto.com","isPartOf":{"@id":"https:\/\/blogs.thesocialmedia.com\/leblogmoto\/#website"},"primaryImageOfPage":{"@id":"https:\/\/blogs.thesocialmedia.com\/leblogmoto\/2008\/03\/02\/policiers-belge\/#primaryimage"},"image":{"@id":"https:\/\/blogs.thesocialmedia.com\/leblogmoto\/2008\/03\/02\/policiers-belge\/#primaryimage"},"thumbnailUrl":"http:\/\/www.leblogmoto.com\/images\/2008\/03\/01\/moto_police_belge_les_policiers_bel.jpg","datePublished":"2008-03-02T04:20:33+00:00","dateModified":"2012-07-11T15:27:07+00:00","author":{"@id":"https:\/\/blogs.thesocialmedia.com\/leblogmoto\/#\/schema\/person\/18bfe773e5725ed6d24f743da805362a"},"breadcrumb":{"@id":"https:\/\/blogs.thesocialmedia.com\/leblogmoto\/2008\/03\/02\/policiers-belge\/#breadcrumb"},"inLanguage":"fr-FR","potentialAction":[{"@type":"ReadAction","target":["https:\/\/blogs.thesocialmedia.com\/leblogmoto\/2008\/03\/02\/policiers-belge\/"]}]},{"@type":"ImageObject","inLanguage":"fr-FR","@id":"https:\/\/blogs.thesocialmedia.com\/leblogmoto\/2008\/03\/02\/policiers-belge\/#primaryimage","url":"http:\/\/www.leblogmoto.com\/images\/2008\/03\/01\/moto_police_belge_les_policiers_bel.jpg","contentUrl":"http:\/\/www.leblogmoto.com\/images\/2008\/03\/01\/moto_police_belge_les_policiers_bel.jpg"},{"@type":"BreadcrumbList","@id":"https:\/\/blogs.thesocialmedia.com\/leblogmoto\/2008\/03\/02\/policiers-belge\/#breadcrumb","itemListElement":[{"@type":"ListItem","position":1,"name":"Accueil","item":"https:\/\/blogs.thesocialmedia.com\/leblogmoto\/"},{"@type":"ListItem","position":2,"name":"Policiers belges soup\u00e7onn\u00e9s de traficoter les contr\u00f4les."}]},{"@type":"WebSite","@id":"https:\/\/blogs.thesocialmedia.com\/leblogmoto\/#website","url":"https:\/\/blogs.thesocialmedia.com\/leblogmoto\/","name":"leblogmoto","description":"Toute l&#039;actualit\u00e9 des 2 roues","potentialAction":[{"@type":"SearchAction","target":{"@type":"EntryPoint","urlTemplate":"https:\/\/blogs.thesocialmedia.com\/leblogmoto\/?s={search_term_string}"},"query-input":{"@type":"PropertyValueSpecification","valueRequired":true,"valueName":"search_term_string"}}],"inLanguage":"fr-FR"},{"@type":"Person","@id":"https:\/\/blogs.thesocialmedia.com\/leblogmoto\/#\/schema\/person\/18bfe773e5725ed6d24f743da805362a","name":"benoit rieu","image":{"@type":"ImageObject","inLanguage":"fr-FR","@id":"https:\/\/blogs.thesocialmedia.com\/leblogmoto\/#\/schema\/person\/image\/","url":"https:\/\/secure.gravatar.com\/avatar\/?s=96&d=mm&r=g","contentUrl":"https:\/\/secure.gravatar.com\/avatar\/?s=96&d=mm&r=g","caption":"benoit rieu"},"url":"https:\/\/blogs.thesocialmedia.com\/leblogmoto\/author\/benoit-rieu\/"}]}},"_links":{"self":[{"href":"https:\/\/blogs.thesocialmedia.com\/leblogmoto\/wp-json\/wp\/v2\/posts\/857","targetHints":{"allow":["GET"]}}],"collection":[{"href":"https:\/\/blogs.thesocialmedia.com\/leblogmoto\/wp-json\/wp\/v2\/posts"}],"about":[{"href":"https:\/\/blogs.thesocialmedia.com\/leblogmoto\/wp-json\/wp\/v2\/types\/post"}],"author":[{"embeddable":true,"href":"https:\/\/blogs.thesocialmedia.com\/leblogmoto\/wp-json\/wp\/v2\/users\/324"}],"replies":[{"embeddable":true,"href":"https:\/\/blogs.thesocialmedia.com\/leblogmoto\/wp-json\/wp\/v2\/comments?post=857"}],"version-history":[{"count":2,"href":"https:\/\/blogs.thesocialmedia.com\/leblogmoto\/wp-json\/wp\/v2\/posts\/857\/revisions"}],"predecessor-version":[{"id":10123,"href":"https:\/\/blogs.thesocialmedia.com\/leblogmoto\/wp-json\/wp\/v2\/posts\/857\/revisions\/10123"}],"wp:attachment":[{"href":"https:\/\/blogs.thesocialmedia.com\/leblogmoto\/wp-json\/wp\/v2\/media?parent=857"}],"wp:term":[{"taxonomy":"category","embeddable":true,"href":"https:\/\/blogs.thesocialmedia.com\/leblogmoto\/wp-json\/wp\/v2\/categories?post=857"},{"taxonomy":"post_tag","embeddable":true,"href":"https:\/\/blogs.thesocialmedia.com\/leblogmoto\/wp-json\/wp\/v2\/tags?post=857"}],"curies":[{"name":"wp","href":"https:\/\/api.w.org\/{rel}","templated":true}]}}