{"id":86,"date":"2009-07-03T23:43:56","date_gmt":"2009-07-03T23:43:56","guid":{"rendered":"http:\/\/blogs.thesocialmedia.com\/leblogmoto\/2009\/07\/03\/rossi-vainqueur-a-laguna-seca-en-superkart\/"},"modified":"2012-07-11T17:34:23","modified_gmt":"2012-07-11T17:34:23","slug":"rossi-vainqueur-a-laguna-seca-en-superkart","status":"publish","type":"post","link":"https:\/\/blogs.thesocialmedia.com\/leblogmoto\/2009\/07\/03\/rossi-vainqueur-a-laguna-seca-en-superkart\/","title":{"rendered":"Rossi l&#8217;emporte en superkart face \u00e0 trois l\u00e9gendes de la course."},"content":{"rendered":"<p><a href=\"http:\/\/blogs.thesocialmedia.com\/leblogmoto\/files\/2012\/07\/6a00d83451b18369e2011570ba7d49970c-popup.png\"><img decoding=\"async\" alt=\"MotoGP Rossi Kart 1\" class=\"at-xid-6a00d83451b18369e2011570ba7d49970c \" src=\"http:\/\/blogs.thesocialmedia.com\/leblogmoto\/files\/2012\/07\/6a00d83451b18369e2011570ba7d49970c-500wi.jpg\" style=\"width: 470px\" \/><\/a><\/p>\n<p>Ces fringants jeunes hommes accompagn\u00e9s de ce s\u00e9millant adolescent totalisent dix-huit titres de champion du monde \u00e0 eux quatre. C&#039;est dire si r\u00e9unir \u00e0 Laguna Seca, Eddie Lawson, Wayne Rainey, Kenny Roberts Sr., et Valentino Rossi en pr\u00e9lude du Grand Prix est un joli tour de force. Et &quot;The Doctor&quot; a remport\u00e9 cette course de Superkarts TZ250 en format one-lap-sprint avec une jolie marge. En devan\u00e7ant Rainey qui s&#039;est fait une sp\u00e9cialit\u00e9 des courses de kart depuis son accident qui l&#039;a laiss\u00e9 parapl\u00e9gique*. Ce qui n&#039;emp\u00eache pas le champion italien d&#039;\u00eatre modeste: &quot;Honn\u00eatement j&#039;\u00e9tais un peu nerveux au sujet des Superkarts, car je sais que ces choses peuvent aller vite. J&#039;en conduis un quelque fois en Italie avec des amis, juste pour le plaisir.&quot;<\/p>\n<p>&quot;Mais je sais combien Kenny, Eddie et Wayne aiment la course, et qu&#039;ils sont tout \u00e0 fait s\u00e9rieux \u00e0 ce sujet. D&#039;autant que ce n&#039;est pas la piste la plus facile. Quoiqu&#039;il en soit, c&#039;\u00e9tait tr\u00e8s sympa et je me suis beaucoup amus\u00e9. Le kart est incroyable: la bo\u00eete de vitesse est tr\u00e8s bonne, et dans les zones o\u00f9 il faut freiner dur, c&#039;est vraiment impressionnant.&quot; <\/p>\n<p>Je ne r\u00e9siste pas \u00e0 vous rappeler qu&#039;en d\u00e9but d&#039;ann\u00e9e dans le m\u00eame type d&#039;exercice, Casey <a href=\"http:\/\/blogs.thesocialmedia.com\/leblogmoto\/files\/2012\/07\/casey-stoner-ba.html_.png\">Stoner avait battu<\/a> les pilotes Ferrari \u00e0 leur propre jeu, sur la glace. C&#039;\u00e9tait \u00e0 Madonna Di Campiglio.<\/p>\n<p><em>Traduction interview Rossi d&#039;Autosport.com, Cr\u00e9dit photos site MotoGP.<\/em><\/p>\n<p><em>*chute \u00e0 Misano, championnat 500cc 1993, qui assura le titre \u00e0 K.Schwantz. Mais \u00e7a c&#039;est une autre histoire.<\/em><\/p>\n<p><a href=\"http:\/\/clabedan.typepad.com\/.a\/6a00d83451b18369e2011570ba7db0970c-popup\"><img decoding=\"async\" alt=\"MotoGP Rossi Kart 2\" class=\"at-xid-6a00d83451b18369e2011570ba7db0970c \" src=\"http:\/\/blogs.thesocialmedia.com\/leblogmoto\/files\/2012\/07\/6a00d83451b18369e2011570ba7db0970c-500wi.jpg\" style=\"width: 470px\" \/><\/a><\/p>\n<p><a href=\"http:\/\/blogs.thesocialmedia.com\/leblogmoto\/files\/2012\/07\/6a00d83451b18369e2011570ba7e0d970c-popup.png\"><img decoding=\"async\" alt=\"MotoGP Rossi Kart 3\" class=\"at-xid-6a00d83451b18369e2011570ba7e0d970c \" src=\"http:\/\/blogs.thesocialmedia.com\/leblogmoto\/files\/2012\/07\/6a00d83451b18369e2011570ba7e0d970c-500wi.jpg\" style=\"width: 470px\" \/><\/a><\/p>\n<p><a href=\"http:\/\/blogs.thesocialmedia.com\/leblogmoto\/files\/2012\/07\/6a00d83451b18369e2011570ba8024970c-popup.png\"><img decoding=\"async\" alt=\"MotoGP Rossi Kart 4\" class=\"at-xid-6a00d83451b18369e2011570ba8024970c \" src=\"http:\/\/blogs.thesocialmedia.com\/leblogmoto\/files\/2012\/07\/6a00d83451b18369e2011570ba8024970c-500wi.jpg\" style=\"width: 470px\" \/><\/a><\/p>\n<p><a href=\"http:\/\/blogs.thesocialmedia.com\/leblogmoto\/files\/2012\/07\/6a00d83451b18369e2011571af9527970b-popup.png\"><img decoding=\"async\" alt=\"MotoGP Rossi Kart 5\" class=\"at-xid-6a00d83451b18369e2011571af9527970b \" src=\"http:\/\/blogs.thesocialmedia.com\/leblogmoto\/files\/2012\/07\/6a00d83451b18369e2011571af9527970b-500wi.jpg\" style=\"width: 470px\" \/><\/a><\/p>\n<p><a href=\"http:\/\/blogs.thesocialmedia.com\/leblogmoto\/files\/2012\/07\/6a00d83451b18369e2011571b02ff9970b-popup.png\"><img decoding=\"async\" alt=\"MotoGP Rainey Kart\" class=\"at-xid-6a00d83451b18369e2011571b02ff9970b \" src=\"http:\/\/blogs.thesocialmedia.com\/leblogmoto\/files\/2012\/07\/6a00d83451b18369e2011571b02ff9970b-500wi.jpg\" style=\"width: 470px\" \/><\/a> <\/p>\n<p><a href=\"http:\/\/blogs.thesocialmedia.com\/leblogmoto\/files\/2012\/07\/6a00d83451b18369e2011570bb1c01970c-popup.png\"><img decoding=\"async\" alt=\"MotoGP Roberts Kart\" class=\"at-xid-6a00d83451b18369e2011570bb1c01970c \" src=\"http:\/\/blogs.thesocialmedia.com\/leblogmoto\/files\/2012\/07\/6a00d83451b18369e2011570bb1c01970c-500wi.jpg\" style=\"width: 470px\" \/><\/a> <\/p>\n","protected":false},"excerpt":{"rendered":"<p>Ces fringants jeunes hommes accompagn\u00e9s de ce s\u00e9millant adolescent totalisent dix-huit titres de champion du monde \u00e0 eux quatre. C&#039;est dire si r\u00e9unir \u00e0 Laguna Seca, Eddie Lawson, Wayne Rainey, Kenny Roberts Sr., et Valentino Rossi en pr\u00e9lude du Grand Prix est un joli tour de force. Et &quot;The Doctor&quot; a remport\u00e9 cette course de [&hellip;]<\/p>\n","protected":false},"author":324,"featured_media":13936,"comment_status":"open","ping_status":"open","sticky":false,"template":"","format":"standard","meta":{"footnotes":""},"categories":[3,22,32,55,44],"tags":[],"class_list":["post-86","post","type-post","status-publish","format-standard","has-post-thumbnail","hentry","category-actualite","category-motogp","category-sport-moto","category-sports","category-yamaha"],"yoast_head":"<!-- This site is optimized with the Yoast SEO plugin v26.0 - https:\/\/yoast.com\/wordpress\/plugins\/seo\/ -->\n<title>Rossi l&#039;emporte en superkart face \u00e0 trois l\u00e9gendes de la course. - leblogmoto.com<\/title>\n<meta name=\"robots\" content=\"index, follow, max-snippet:-1, max-image-preview:large, max-video-preview:-1\" \/>\n<link rel=\"canonical\" href=\"https:\/\/blogs.thesocialmedia.com\/leblogmoto\/2009\/07\/03\/rossi-vainqueur-a-laguna-seca-en-superkart\/\" \/>\n<meta name=\"twitter:card\" content=\"summary_large_image\" \/>\n<meta name=\"twitter:title\" content=\"Rossi l&#039;emporte en superkart face \u00e0 trois l\u00e9gendes de la course. - leblogmoto.com\" \/>\n<meta name=\"twitter:description\" content=\"Ces fringants jeunes hommes accompagn\u00e9s de ce s\u00e9millant adolescent totalisent dix-huit titres de champion du monde \u00e0 eux quatre. C&#039;est dire si r\u00e9unir \u00e0 Laguna Seca, Eddie Lawson, Wayne Rainey, Kenny Roberts Sr., et Valentino Rossi en pr\u00e9lude du Grand Prix est un joli tour de force. Et &quot;The Doctor&quot; a remport\u00e9 cette course de [&hellip;]\" \/>\n<meta name=\"twitter:image\" content=\"https:\/\/blogs.thesocialmedia.com\/leblogmoto\/files\/2012\/07\/6a00d83451b18369e2011570ba7d49970c-500wi.jpg\" \/>\n<meta name=\"twitter:label1\" content=\"\u00c9crit par\" \/>\n\t<meta name=\"twitter:data1\" content=\"benoit rieu\" \/>\n\t<meta name=\"twitter:label2\" content=\"Dur\u00e9e de lecture estim\u00e9e\" \/>\n\t<meta name=\"twitter:data2\" content=\"1 minute\" \/>\n<script type=\"application\/ld+json\" class=\"yoast-schema-graph\">{\"@context\":\"https:\/\/schema.org\",\"@graph\":[{\"@type\":\"WebPage\",\"@id\":\"https:\/\/blogs.thesocialmedia.com\/leblogmoto\/2009\/07\/03\/rossi-vainqueur-a-laguna-seca-en-superkart\/\",\"url\":\"https:\/\/blogs.thesocialmedia.com\/leblogmoto\/2009\/07\/03\/rossi-vainqueur-a-laguna-seca-en-superkart\/\",\"name\":\"Rossi l'emporte en superkart face \u00e0 trois l\u00e9gendes de la course. - leblogmoto.com\",\"isPartOf\":{\"@id\":\"https:\/\/blogs.thesocialmedia.com\/leblogmoto\/#website\"},\"primaryImageOfPage\":{\"@id\":\"https:\/\/blogs.thesocialmedia.com\/leblogmoto\/2009\/07\/03\/rossi-vainqueur-a-laguna-seca-en-superkart\/#primaryimage\"},\"image\":{\"@id\":\"https:\/\/blogs.thesocialmedia.com\/leblogmoto\/2009\/07\/03\/rossi-vainqueur-a-laguna-seca-en-superkart\/#primaryimage\"},\"thumbnailUrl\":\"https:\/\/blogs.thesocialmedia.com\/leblogmoto\/files\/2012\/07\/6a00d83451b18369e2011570ba7d49970c-500wi.jpg\",\"datePublished\":\"2009-07-03T23:43:56+00:00\",\"dateModified\":\"2012-07-11T17:34:23+00:00\",\"author\":{\"@id\":\"https:\/\/blogs.thesocialmedia.com\/leblogmoto\/#\/schema\/person\/18bfe773e5725ed6d24f743da805362a\"},\"breadcrumb\":{\"@id\":\"https:\/\/blogs.thesocialmedia.com\/leblogmoto\/2009\/07\/03\/rossi-vainqueur-a-laguna-seca-en-superkart\/#breadcrumb\"},\"inLanguage\":\"fr-FR\",\"potentialAction\":[{\"@type\":\"ReadAction\",\"target\":[\"https:\/\/blogs.thesocialmedia.com\/leblogmoto\/2009\/07\/03\/rossi-vainqueur-a-laguna-seca-en-superkart\/\"]}]},{\"@type\":\"ImageObject\",\"inLanguage\":\"fr-FR\",\"@id\":\"https:\/\/blogs.thesocialmedia.com\/leblogmoto\/2009\/07\/03\/rossi-vainqueur-a-laguna-seca-en-superkart\/#primaryimage\",\"url\":\"https:\/\/blogs.thesocialmedia.com\/leblogmoto\/files\/2012\/07\/6a00d83451b18369e2011570ba7d49970c-500wi.jpg\",\"contentUrl\":\"https:\/\/blogs.thesocialmedia.com\/leblogmoto\/files\/2012\/07\/6a00d83451b18369e2011570ba7d49970c-500wi.jpg\",\"width\":\"500\",\"height\":\"375\"},{\"@type\":\"BreadcrumbList\",\"@id\":\"https:\/\/blogs.thesocialmedia.com\/leblogmoto\/2009\/07\/03\/rossi-vainqueur-a-laguna-seca-en-superkart\/#breadcrumb\",\"itemListElement\":[{\"@type\":\"ListItem\",\"position\":1,\"name\":\"Accueil\",\"item\":\"https:\/\/blogs.thesocialmedia.com\/leblogmoto\/\"},{\"@type\":\"ListItem\",\"position\":2,\"name\":\"Rossi l&#8217;emporte en superkart face \u00e0 trois l\u00e9gendes de la course.\"}]},{\"@type\":\"WebSite\",\"@id\":\"https:\/\/blogs.thesocialmedia.com\/leblogmoto\/#website\",\"url\":\"https:\/\/blogs.thesocialmedia.com\/leblogmoto\/\",\"name\":\"leblogmoto\",\"description\":\"Toute l&#039;actualit\u00e9 des 2 roues\",\"potentialAction\":[{\"@type\":\"SearchAction\",\"target\":{\"@type\":\"EntryPoint\",\"urlTemplate\":\"https:\/\/blogs.thesocialmedia.com\/leblogmoto\/?s={search_term_string}\"},\"query-input\":{\"@type\":\"PropertyValueSpecification\",\"valueRequired\":true,\"valueName\":\"search_term_string\"}}],\"inLanguage\":\"fr-FR\"},{\"@type\":\"Person\",\"@id\":\"https:\/\/blogs.thesocialmedia.com\/leblogmoto\/#\/schema\/person\/18bfe773e5725ed6d24f743da805362a\",\"name\":\"benoit rieu\",\"image\":{\"@type\":\"ImageObject\",\"inLanguage\":\"fr-FR\",\"@id\":\"https:\/\/blogs.thesocialmedia.com\/leblogmoto\/#\/schema\/person\/image\/\",\"url\":\"https:\/\/secure.gravatar.com\/avatar\/?s=96&d=mm&r=g\",\"contentUrl\":\"https:\/\/secure.gravatar.com\/avatar\/?s=96&d=mm&r=g\",\"caption\":\"benoit rieu\"},\"url\":\"https:\/\/blogs.thesocialmedia.com\/leblogmoto\/author\/benoit-rieu\/\"}]}<\/script>\n<!-- \/ Yoast SEO plugin. -->","yoast_head_json":{"title":"Rossi l'emporte en superkart face \u00e0 trois l\u00e9gendes de la course. - leblogmoto.com","robots":{"index":"index","follow":"follow","max-snippet":"max-snippet:-1","max-image-preview":"max-image-preview:large","max-video-preview":"max-video-preview:-1"},"canonical":"https:\/\/blogs.thesocialmedia.com\/leblogmoto\/2009\/07\/03\/rossi-vainqueur-a-laguna-seca-en-superkart\/","twitter_card":"summary_large_image","twitter_title":"Rossi l'emporte en superkart face \u00e0 trois l\u00e9gendes de la course. - leblogmoto.com","twitter_description":"Ces fringants jeunes hommes accompagn\u00e9s de ce s\u00e9millant adolescent totalisent dix-huit titres de champion du monde \u00e0 eux quatre. C&#039;est dire si r\u00e9unir \u00e0 Laguna Seca, Eddie Lawson, Wayne Rainey, Kenny Roberts Sr., et Valentino Rossi en pr\u00e9lude du Grand Prix est un joli tour de force. Et &quot;The Doctor&quot; a remport\u00e9 cette course de [&hellip;]","twitter_image":"https:\/\/blogs.thesocialmedia.com\/leblogmoto\/files\/2012\/07\/6a00d83451b18369e2011570ba7d49970c-500wi.jpg","twitter_misc":{"\u00c9crit par":"benoit rieu","Dur\u00e9e de lecture estim\u00e9e":"1 minute"},"schema":{"@context":"https:\/\/schema.org","@graph":[{"@type":"WebPage","@id":"https:\/\/blogs.thesocialmedia.com\/leblogmoto\/2009\/07\/03\/rossi-vainqueur-a-laguna-seca-en-superkart\/","url":"https:\/\/blogs.thesocialmedia.com\/leblogmoto\/2009\/07\/03\/rossi-vainqueur-a-laguna-seca-en-superkart\/","name":"Rossi l'emporte en superkart face \u00e0 trois l\u00e9gendes de la course. - leblogmoto.com","isPartOf":{"@id":"https:\/\/blogs.thesocialmedia.com\/leblogmoto\/#website"},"primaryImageOfPage":{"@id":"https:\/\/blogs.thesocialmedia.com\/leblogmoto\/2009\/07\/03\/rossi-vainqueur-a-laguna-seca-en-superkart\/#primaryimage"},"image":{"@id":"https:\/\/blogs.thesocialmedia.com\/leblogmoto\/2009\/07\/03\/rossi-vainqueur-a-laguna-seca-en-superkart\/#primaryimage"},"thumbnailUrl":"https:\/\/blogs.thesocialmedia.com\/leblogmoto\/files\/2012\/07\/6a00d83451b18369e2011570ba7d49970c-500wi.jpg","datePublished":"2009-07-03T23:43:56+00:00","dateModified":"2012-07-11T17:34:23+00:00","author":{"@id":"https:\/\/blogs.thesocialmedia.com\/leblogmoto\/#\/schema\/person\/18bfe773e5725ed6d24f743da805362a"},"breadcrumb":{"@id":"https:\/\/blogs.thesocialmedia.com\/leblogmoto\/2009\/07\/03\/rossi-vainqueur-a-laguna-seca-en-superkart\/#breadcrumb"},"inLanguage":"fr-FR","potentialAction":[{"@type":"ReadAction","target":["https:\/\/blogs.thesocialmedia.com\/leblogmoto\/2009\/07\/03\/rossi-vainqueur-a-laguna-seca-en-superkart\/"]}]},{"@type":"ImageObject","inLanguage":"fr-FR","@id":"https:\/\/blogs.thesocialmedia.com\/leblogmoto\/2009\/07\/03\/rossi-vainqueur-a-laguna-seca-en-superkart\/#primaryimage","url":"https:\/\/blogs.thesocialmedia.com\/leblogmoto\/files\/2012\/07\/6a00d83451b18369e2011570ba7d49970c-500wi.jpg","contentUrl":"https:\/\/blogs.thesocialmedia.com\/leblogmoto\/files\/2012\/07\/6a00d83451b18369e2011570ba7d49970c-500wi.jpg","width":"500","height":"375"},{"@type":"BreadcrumbList","@id":"https:\/\/blogs.thesocialmedia.com\/leblogmoto\/2009\/07\/03\/rossi-vainqueur-a-laguna-seca-en-superkart\/#breadcrumb","itemListElement":[{"@type":"ListItem","position":1,"name":"Accueil","item":"https:\/\/blogs.thesocialmedia.com\/leblogmoto\/"},{"@type":"ListItem","position":2,"name":"Rossi l&#8217;emporte en superkart face \u00e0 trois l\u00e9gendes de la course."}]},{"@type":"WebSite","@id":"https:\/\/blogs.thesocialmedia.com\/leblogmoto\/#website","url":"https:\/\/blogs.thesocialmedia.com\/leblogmoto\/","name":"leblogmoto","description":"Toute l&#039;actualit\u00e9 des 2 roues","potentialAction":[{"@type":"SearchAction","target":{"@type":"EntryPoint","urlTemplate":"https:\/\/blogs.thesocialmedia.com\/leblogmoto\/?s={search_term_string}"},"query-input":{"@type":"PropertyValueSpecification","valueRequired":true,"valueName":"search_term_string"}}],"inLanguage":"fr-FR"},{"@type":"Person","@id":"https:\/\/blogs.thesocialmedia.com\/leblogmoto\/#\/schema\/person\/18bfe773e5725ed6d24f743da805362a","name":"benoit rieu","image":{"@type":"ImageObject","inLanguage":"fr-FR","@id":"https:\/\/blogs.thesocialmedia.com\/leblogmoto\/#\/schema\/person\/image\/","url":"https:\/\/secure.gravatar.com\/avatar\/?s=96&d=mm&r=g","contentUrl":"https:\/\/secure.gravatar.com\/avatar\/?s=96&d=mm&r=g","caption":"benoit rieu"},"url":"https:\/\/blogs.thesocialmedia.com\/leblogmoto\/author\/benoit-rieu\/"}]}},"_links":{"self":[{"href":"https:\/\/blogs.thesocialmedia.com\/leblogmoto\/wp-json\/wp\/v2\/posts\/86","targetHints":{"allow":["GET"]}}],"collection":[{"href":"https:\/\/blogs.thesocialmedia.com\/leblogmoto\/wp-json\/wp\/v2\/posts"}],"about":[{"href":"https:\/\/blogs.thesocialmedia.com\/leblogmoto\/wp-json\/wp\/v2\/types\/post"}],"author":[{"embeddable":true,"href":"https:\/\/blogs.thesocialmedia.com\/leblogmoto\/wp-json\/wp\/v2\/users\/324"}],"replies":[{"embeddable":true,"href":"https:\/\/blogs.thesocialmedia.com\/leblogmoto\/wp-json\/wp\/v2\/comments?post=86"}],"version-history":[{"count":2,"href":"https:\/\/blogs.thesocialmedia.com\/leblogmoto\/wp-json\/wp\/v2\/posts\/86\/revisions"}],"predecessor-version":[{"id":13949,"href":"https:\/\/blogs.thesocialmedia.com\/leblogmoto\/wp-json\/wp\/v2\/posts\/86\/revisions\/13949"}],"wp:featuredmedia":[{"embeddable":true,"href":"https:\/\/blogs.thesocialmedia.com\/leblogmoto\/wp-json\/wp\/v2\/media\/13936"}],"wp:attachment":[{"href":"https:\/\/blogs.thesocialmedia.com\/leblogmoto\/wp-json\/wp\/v2\/media?parent=86"}],"wp:term":[{"taxonomy":"category","embeddable":true,"href":"https:\/\/blogs.thesocialmedia.com\/leblogmoto\/wp-json\/wp\/v2\/categories?post=86"},{"taxonomy":"post_tag","embeddable":true,"href":"https:\/\/blogs.thesocialmedia.com\/leblogmoto\/wp-json\/wp\/v2\/tags?post=86"}],"curies":[{"name":"wp","href":"https:\/\/api.w.org\/{rel}","templated":true}]}}