{"id":860,"date":"2008-02-29T01:34:13","date_gmt":"2008-02-29T01:34:13","guid":{"rendered":"http:\/\/blogs.thesocialmedia.com\/leblogmoto\/2008\/02\/29\/album-du-vend-4-4\/"},"modified":"2012-07-11T15:26:59","modified_gmt":"2012-07-11T15:26:59","slug":"album-du-vend-4-4","status":"publish","type":"post","link":"https:\/\/blogs.thesocialmedia.com\/leblogmoto\/2008\/02\/29\/album-du-vend-4-4\/","title":{"rendered":"Album du vendredi, Vu du guidon"},"content":{"rendered":"<p><a href=\"http:\/\/blogs.thesocialmedia.com\/leblogmoto\/files\/2012\/07\/victory1.jpg\"><img loading=\"lazy\" decoding=\"async\" width=\"470\" height=\"483\"  src=\"http:\/\/www.leblogmoto.com\/images\/2008\/02\/28\/victory1.jpg\" alt=\"Victory1\" \/><\/a> <\/p>\n<p>Je le fais en v\u00e9lo, prendre des photos tout en roulant, mais je ne me suis pas encore risqu\u00e9 en moto. Du moins, pas en tant que pilote, mais comme passager, celle-ci prise l&rsquo;ann\u00e9e derni\u00e8re lors d&rsquo;une journ\u00e9e d&rsquo;essai Victory, comme les plus perspicaces ont d\u00e9j\u00e0 devin\u00e9s, me pla\u00eet bien.<\/p>\n<p>Alors, pour cet Album, j&rsquo;ai essay\u00e9 de recr\u00e9er l&rsquo;effet dans le confort du Salon de Montr\u00e9al. Avec la plupart des motos bien ancr\u00e9es au sol, le niveau de stress n&rsquo;\u00e9tait donc pas tr\u00e8s \u00e9lev\u00e9. Mais le point de vue est int\u00e9ressant, parce que peu r\u00e9pandu, et permet de se concentrer sur les instruments des diff\u00e9rentes machines.<\/p>\n<p>Oubliez l&rsquo;arri\u00e8re-plan, et pour une fois qu&rsquo;il est conseill\u00e9 de ne pas regarder loin devant, profitez-en, et au diable les angles morts.<\/p>\n<p><a href=\"http:\/\/blogs.thesocialmedia.com\/leblogmoto\/files\/2012\/07\/victory.jpg\"><img loading=\"lazy\" decoding=\"async\" width=\"470\" height=\"282\"  src=\"http:\/\/www.leblogmoto.com\/images\/2008\/02\/28\/victory.jpg\" alt=\"Victory\" \/><\/a> <br \/><a href=\"http:\/\/www.polarisindustries.com\/en-us\/Victory\/2008Navigation\/Vision\/VisionStreetPremium\/Pages\/Overview.aspx\">Victory Vision<\/a><\/p>\n<p><a href=\"http:\/\/clabedan.typepad.com\/.shared\/image.html?\/photos\/uncategorized\/2008\/02\/28\/bmw_k1200lt.jpg\"><img loading=\"lazy\" decoding=\"async\" width=\"470\" height=\"282\"  src=\"http:\/\/www.leblogmoto.com\/images\/2008\/02\/28\/bmw_k1200lt.jpg\" alt=\"Bmw_k1200lt\" \/><\/a> <br \/><a href=\"http:\/\/www.bmw-motorrad.ca\/Fr\/flash_content\/index.html\">BMW K1200LT<\/a><\/p>\n<p><a href=\"http:\/\/clabedan.typepad.com\/.shared\/image.html?\/photos\/uncategorized\/2008\/02\/28\/harley_electra.jpg\"><img loading=\"lazy\" decoding=\"async\" width=\"470\" height=\"410\"  src=\"http:\/\/www.leblogmoto.com\/images\/2008\/02\/28\/harley_electra.jpg\" alt=\"Harley_electra\" \/><\/a> <br \/><a href=\"http:\/\/www.harley-davidson.com\/wcm\/Content\/Pages\/2008_Motorcycles\/2008_Motorcycles.jsp?locale=fr_FR&amp;swfsection=family&amp;swffamily=to\">Harley Davidson Electra Glide<\/a><\/p>\n<p><a href=\"http:\/\/clabedan.typepad.com\/.shared\/image.html?\/photos\/uncategorized\/2008\/02\/28\/harley_rock.jpg\"><img loading=\"lazy\" decoding=\"async\" width=\"470\" height=\"262\"  src=\"http:\/\/www.leblogmoto.com\/images\/2008\/02\/28\/harley_rock.jpg\" alt=\"Harley_rock\" \/><\/a> <br \/><a href=\"http:\/\/www.harley-davidson.com\/wcm\/Content\/Pages\/2008_Motorcycles\/2008_Motorcycles.jsp?locale=fr_FR&amp;swfsection=family&amp;swffamily=so\">Harley Davidson Rocker<\/a><\/p>\n<p><a href=\"http:\/\/clabedan.typepad.com\/.shared\/image.html?\/photos\/uncategorized\/2008\/02\/28\/harleycb.jpg\"><img loading=\"lazy\" decoding=\"async\" width=\"470\" height=\"248\"  src=\"http:\/\/www.leblogmoto.com\/images\/2008\/02\/28\/harleycb.jpg\" alt=\"Harleycb\" \/><\/a> <br \/><a href=\"http:\/\/www.harley-davidson.com\/wcm\/Content\/Pages\/2008_Motorcycles\/2008_Motorcycles.jsp?locale=fr_FR&amp;swfsection=family&amp;swffamily=so\">Harley Davidson Cross Bones<\/a><\/p>\n<p><a href=\"http:\/\/clabedan.typepad.com\/.shared\/image.html?\/photos\/uncategorized\/2008\/02\/28\/hayabusa.jpg\"><img loading=\"lazy\" decoding=\"async\" width=\"470\" height=\"352\"  src=\"http:\/\/www.leblogmoto.com\/images\/2008\/02\/28\/hayabusa.jpg\" alt=\"Hayabusa\" \/><\/a> <br \/><a href=\"http:\/\/www.suzuki-moto.com\/pages\/gamme\/modele.php?idmodele=160&amp;id=9\">Suzuki Hayabusa<\/a><\/p>\n<p><a href=\"http:\/\/clabedan.typepad.com\/.shared\/image.html?\/photos\/uncategorized\/2008\/02\/28\/kawa_vulcain.jpg\"><img loading=\"lazy\" decoding=\"async\" width=\"470\" height=\"307\"  src=\"http:\/\/www.leblogmoto.com\/images\/2008\/02\/28\/kawa_vulcain.jpg\" alt=\"Kawa_vulcain\" \/><\/a> <br \/><a href=\"http:\/\/www.kawasaki.ca\/model\/vulcan-900-classic-lt\/1094:fr\">Kawasaki Vulcain Classic LT<\/a><\/p>\n<p><a href=\"http:\/\/clabedan.typepad.com\/.shared\/image.html?\/photos\/uncategorized\/2008\/02\/28\/ktm.jpg\"><img loading=\"lazy\" decoding=\"async\" width=\"470\" height=\"312\"  src=\"http:\/\/www.leblogmoto.com\/images\/2008\/02\/28\/ktm.jpg\" alt=\"Ktm\" \/><\/a> <br \/><a href=\"http:\/\/www.ktm.fr\/990-Adventure.36.7.html\">KTM Adventure 990<\/a><\/p>\n<p><a href=\"http:\/\/clabedan.typepad.com\/.shared\/image.html?\/photos\/uncategorized\/2008\/02\/28\/spyder.jpg\"><img loading=\"lazy\" decoding=\"async\" width=\"470\" height=\"287\"  src=\"http:\/\/www.leblogmoto.com\/images\/2008\/02\/28\/spyder.jpg\" alt=\"Spyder\" \/><\/a> <br \/><a href=\"http:\/\/spyder.brp.com\/\">Can Am Spyder<\/a><\/p>\n<p><a href=\"http:\/\/clabedan.typepad.com\/.shared\/image.html?\/photos\/uncategorized\/2008\/02\/28\/suzuki_vzr.jpg\"><img loading=\"lazy\" decoding=\"async\" width=\"470\" height=\"304\"  src=\"http:\/\/www.leblogmoto.com\/images\/2008\/02\/28\/suzuki_vzr.jpg\" alt=\"Suzuki_vzr\" \/><\/a> <br \/><a href=\"http:\/\/moto.suzuki.ca\/Home.aspx?province=QC&amp;culture=fr-CA\">Suzuki Boulevard M109R<\/a><\/p>\n<p><a href=\"http:\/\/clabedan.typepad.com\/.shared\/image.html?\/photos\/uncategorized\/2008\/02\/28\/yamaha.jpg\"><img loading=\"lazy\" decoding=\"async\" width=\"470\" height=\"291\"  src=\"http:\/\/www.leblogmoto.com\/images\/2008\/02\/28\/yamaha.jpg\" alt=\"Yamaha\" \/><\/a> <br \/><a href=\"http:\/\/www.yamaha-motor.ca\/products\/products.php?model=2439&amp;class=1&amp;group=M|&amp;LANG=fr\">Yamaha Royal Star Venture<\/a><\/p>\n","protected":false},"excerpt":{"rendered":"<p>Je le fais en v\u00e9lo, prendre des photos tout en roulant, mais je ne me suis pas encore risqu\u00e9 en moto. Du moins, pas en tant que pilote, mais comme passager, celle-ci prise l&rsquo;ann\u00e9e derni\u00e8re lors d&rsquo;une journ\u00e9e d&rsquo;essai Victory, comme les plus perspicaces ont d\u00e9j\u00e0 devin\u00e9s, me pla\u00eet bien. Alors, pour cet Album, j&rsquo;ai [&hellip;]<\/p>\n","protected":false},"author":325,"featured_media":0,"comment_status":"open","ping_status":"open","sticky":false,"template":"","format":"standard","meta":{"footnotes":""},"categories":[17,58,36],"tags":[],"class_list":["post-860","post","type-post","status-publish","format-standard","hentry","category-divers","category-insolite","category-salons"],"yoast_head":"<!-- This site is optimized with the Yoast SEO plugin v26.0 - https:\/\/yoast.com\/wordpress\/plugins\/seo\/ -->\n<title>Album du vendredi, Vu du guidon - leblogmoto.com<\/title>\n<meta name=\"robots\" content=\"index, follow, max-snippet:-1, max-image-preview:large, max-video-preview:-1\" \/>\n<link rel=\"canonical\" href=\"https:\/\/blogs.thesocialmedia.com\/leblogmoto\/2008\/02\/29\/album-du-vend-4-4\/\" \/>\n<meta name=\"twitter:card\" content=\"summary_large_image\" \/>\n<meta name=\"twitter:title\" content=\"Album du vendredi, Vu du guidon - leblogmoto.com\" \/>\n<meta name=\"twitter:description\" content=\"Je le fais en v\u00e9lo, prendre des photos tout en roulant, mais je ne me suis pas encore risqu\u00e9 en moto. Du moins, pas en tant que pilote, mais comme passager, celle-ci prise l&rsquo;ann\u00e9e derni\u00e8re lors d&rsquo;une journ\u00e9e d&rsquo;essai Victory, comme les plus perspicaces ont d\u00e9j\u00e0 devin\u00e9s, me pla\u00eet bien. Alors, pour cet Album, j&rsquo;ai [&hellip;]\" \/>\n<meta name=\"twitter:image\" content=\"http:\/\/www.leblogmoto.com\/images\/2008\/02\/28\/victory1.jpg\" \/>\n<meta name=\"twitter:label1\" content=\"\u00c9crit par\" \/>\n\t<meta name=\"twitter:data1\" content=\"jacques lesage\" \/>\n\t<meta name=\"twitter:label2\" content=\"Dur\u00e9e de lecture estim\u00e9e\" \/>\n\t<meta name=\"twitter:data2\" content=\"1 minute\" \/>\n<script type=\"application\/ld+json\" class=\"yoast-schema-graph\">{\"@context\":\"https:\/\/schema.org\",\"@graph\":[{\"@type\":\"WebPage\",\"@id\":\"https:\/\/blogs.thesocialmedia.com\/leblogmoto\/2008\/02\/29\/album-du-vend-4-4\/\",\"url\":\"https:\/\/blogs.thesocialmedia.com\/leblogmoto\/2008\/02\/29\/album-du-vend-4-4\/\",\"name\":\"Album du vendredi, Vu du guidon - leblogmoto.com\",\"isPartOf\":{\"@id\":\"https:\/\/blogs.thesocialmedia.com\/leblogmoto\/#website\"},\"primaryImageOfPage\":{\"@id\":\"https:\/\/blogs.thesocialmedia.com\/leblogmoto\/2008\/02\/29\/album-du-vend-4-4\/#primaryimage\"},\"image\":{\"@id\":\"https:\/\/blogs.thesocialmedia.com\/leblogmoto\/2008\/02\/29\/album-du-vend-4-4\/#primaryimage\"},\"thumbnailUrl\":\"http:\/\/www.leblogmoto.com\/images\/2008\/02\/28\/victory1.jpg\",\"datePublished\":\"2008-02-29T01:34:13+00:00\",\"dateModified\":\"2012-07-11T15:26:59+00:00\",\"author\":{\"@id\":\"https:\/\/blogs.thesocialmedia.com\/leblogmoto\/#\/schema\/person\/e82a0ca8a9a63d031586097a3ed58526\"},\"breadcrumb\":{\"@id\":\"https:\/\/blogs.thesocialmedia.com\/leblogmoto\/2008\/02\/29\/album-du-vend-4-4\/#breadcrumb\"},\"inLanguage\":\"fr-FR\",\"potentialAction\":[{\"@type\":\"ReadAction\",\"target\":[\"https:\/\/blogs.thesocialmedia.com\/leblogmoto\/2008\/02\/29\/album-du-vend-4-4\/\"]}]},{\"@type\":\"ImageObject\",\"inLanguage\":\"fr-FR\",\"@id\":\"https:\/\/blogs.thesocialmedia.com\/leblogmoto\/2008\/02\/29\/album-du-vend-4-4\/#primaryimage\",\"url\":\"http:\/\/www.leblogmoto.com\/images\/2008\/02\/28\/victory1.jpg\",\"contentUrl\":\"http:\/\/www.leblogmoto.com\/images\/2008\/02\/28\/victory1.jpg\"},{\"@type\":\"BreadcrumbList\",\"@id\":\"https:\/\/blogs.thesocialmedia.com\/leblogmoto\/2008\/02\/29\/album-du-vend-4-4\/#breadcrumb\",\"itemListElement\":[{\"@type\":\"ListItem\",\"position\":1,\"name\":\"Accueil\",\"item\":\"https:\/\/blogs.thesocialmedia.com\/leblogmoto\/\"},{\"@type\":\"ListItem\",\"position\":2,\"name\":\"Album du vendredi, Vu du guidon\"}]},{\"@type\":\"WebSite\",\"@id\":\"https:\/\/blogs.thesocialmedia.com\/leblogmoto\/#website\",\"url\":\"https:\/\/blogs.thesocialmedia.com\/leblogmoto\/\",\"name\":\"leblogmoto\",\"description\":\"Toute l&#039;actualit\u00e9 des 2 roues\",\"potentialAction\":[{\"@type\":\"SearchAction\",\"target\":{\"@type\":\"EntryPoint\",\"urlTemplate\":\"https:\/\/blogs.thesocialmedia.com\/leblogmoto\/?s={search_term_string}\"},\"query-input\":{\"@type\":\"PropertyValueSpecification\",\"valueRequired\":true,\"valueName\":\"search_term_string\"}}],\"inLanguage\":\"fr-FR\"},{\"@type\":\"Person\",\"@id\":\"https:\/\/blogs.thesocialmedia.com\/leblogmoto\/#\/schema\/person\/e82a0ca8a9a63d031586097a3ed58526\",\"name\":\"jacques lesage\",\"image\":{\"@type\":\"ImageObject\",\"inLanguage\":\"fr-FR\",\"@id\":\"https:\/\/blogs.thesocialmedia.com\/leblogmoto\/#\/schema\/person\/image\/\",\"url\":\"https:\/\/secure.gravatar.com\/avatar\/?s=96&d=mm&r=g\",\"contentUrl\":\"https:\/\/secure.gravatar.com\/avatar\/?s=96&d=mm&r=g\",\"caption\":\"jacques lesage\"},\"url\":\"https:\/\/blogs.thesocialmedia.com\/leblogmoto\/author\/jacques-lesage\/\"}]}<\/script>\n<!-- \/ Yoast SEO plugin. -->","yoast_head_json":{"title":"Album du vendredi, Vu du guidon - leblogmoto.com","robots":{"index":"index","follow":"follow","max-snippet":"max-snippet:-1","max-image-preview":"max-image-preview:large","max-video-preview":"max-video-preview:-1"},"canonical":"https:\/\/blogs.thesocialmedia.com\/leblogmoto\/2008\/02\/29\/album-du-vend-4-4\/","twitter_card":"summary_large_image","twitter_title":"Album du vendredi, Vu du guidon - leblogmoto.com","twitter_description":"Je le fais en v\u00e9lo, prendre des photos tout en roulant, mais je ne me suis pas encore risqu\u00e9 en moto. Du moins, pas en tant que pilote, mais comme passager, celle-ci prise l&rsquo;ann\u00e9e derni\u00e8re lors d&rsquo;une journ\u00e9e d&rsquo;essai Victory, comme les plus perspicaces ont d\u00e9j\u00e0 devin\u00e9s, me pla\u00eet bien. Alors, pour cet Album, j&rsquo;ai [&hellip;]","twitter_image":"http:\/\/www.leblogmoto.com\/images\/2008\/02\/28\/victory1.jpg","twitter_misc":{"\u00c9crit par":"jacques lesage","Dur\u00e9e de lecture estim\u00e9e":"1 minute"},"schema":{"@context":"https:\/\/schema.org","@graph":[{"@type":"WebPage","@id":"https:\/\/blogs.thesocialmedia.com\/leblogmoto\/2008\/02\/29\/album-du-vend-4-4\/","url":"https:\/\/blogs.thesocialmedia.com\/leblogmoto\/2008\/02\/29\/album-du-vend-4-4\/","name":"Album du vendredi, Vu du guidon - leblogmoto.com","isPartOf":{"@id":"https:\/\/blogs.thesocialmedia.com\/leblogmoto\/#website"},"primaryImageOfPage":{"@id":"https:\/\/blogs.thesocialmedia.com\/leblogmoto\/2008\/02\/29\/album-du-vend-4-4\/#primaryimage"},"image":{"@id":"https:\/\/blogs.thesocialmedia.com\/leblogmoto\/2008\/02\/29\/album-du-vend-4-4\/#primaryimage"},"thumbnailUrl":"http:\/\/www.leblogmoto.com\/images\/2008\/02\/28\/victory1.jpg","datePublished":"2008-02-29T01:34:13+00:00","dateModified":"2012-07-11T15:26:59+00:00","author":{"@id":"https:\/\/blogs.thesocialmedia.com\/leblogmoto\/#\/schema\/person\/e82a0ca8a9a63d031586097a3ed58526"},"breadcrumb":{"@id":"https:\/\/blogs.thesocialmedia.com\/leblogmoto\/2008\/02\/29\/album-du-vend-4-4\/#breadcrumb"},"inLanguage":"fr-FR","potentialAction":[{"@type":"ReadAction","target":["https:\/\/blogs.thesocialmedia.com\/leblogmoto\/2008\/02\/29\/album-du-vend-4-4\/"]}]},{"@type":"ImageObject","inLanguage":"fr-FR","@id":"https:\/\/blogs.thesocialmedia.com\/leblogmoto\/2008\/02\/29\/album-du-vend-4-4\/#primaryimage","url":"http:\/\/www.leblogmoto.com\/images\/2008\/02\/28\/victory1.jpg","contentUrl":"http:\/\/www.leblogmoto.com\/images\/2008\/02\/28\/victory1.jpg"},{"@type":"BreadcrumbList","@id":"https:\/\/blogs.thesocialmedia.com\/leblogmoto\/2008\/02\/29\/album-du-vend-4-4\/#breadcrumb","itemListElement":[{"@type":"ListItem","position":1,"name":"Accueil","item":"https:\/\/blogs.thesocialmedia.com\/leblogmoto\/"},{"@type":"ListItem","position":2,"name":"Album du vendredi, Vu du guidon"}]},{"@type":"WebSite","@id":"https:\/\/blogs.thesocialmedia.com\/leblogmoto\/#website","url":"https:\/\/blogs.thesocialmedia.com\/leblogmoto\/","name":"leblogmoto","description":"Toute l&#039;actualit\u00e9 des 2 roues","potentialAction":[{"@type":"SearchAction","target":{"@type":"EntryPoint","urlTemplate":"https:\/\/blogs.thesocialmedia.com\/leblogmoto\/?s={search_term_string}"},"query-input":{"@type":"PropertyValueSpecification","valueRequired":true,"valueName":"search_term_string"}}],"inLanguage":"fr-FR"},{"@type":"Person","@id":"https:\/\/blogs.thesocialmedia.com\/leblogmoto\/#\/schema\/person\/e82a0ca8a9a63d031586097a3ed58526","name":"jacques lesage","image":{"@type":"ImageObject","inLanguage":"fr-FR","@id":"https:\/\/blogs.thesocialmedia.com\/leblogmoto\/#\/schema\/person\/image\/","url":"https:\/\/secure.gravatar.com\/avatar\/?s=96&d=mm&r=g","contentUrl":"https:\/\/secure.gravatar.com\/avatar\/?s=96&d=mm&r=g","caption":"jacques lesage"},"url":"https:\/\/blogs.thesocialmedia.com\/leblogmoto\/author\/jacques-lesage\/"}]}},"_links":{"self":[{"href":"https:\/\/blogs.thesocialmedia.com\/leblogmoto\/wp-json\/wp\/v2\/posts\/860","targetHints":{"allow":["GET"]}}],"collection":[{"href":"https:\/\/blogs.thesocialmedia.com\/leblogmoto\/wp-json\/wp\/v2\/posts"}],"about":[{"href":"https:\/\/blogs.thesocialmedia.com\/leblogmoto\/wp-json\/wp\/v2\/types\/post"}],"author":[{"embeddable":true,"href":"https:\/\/blogs.thesocialmedia.com\/leblogmoto\/wp-json\/wp\/v2\/users\/325"}],"replies":[{"embeddable":true,"href":"https:\/\/blogs.thesocialmedia.com\/leblogmoto\/wp-json\/wp\/v2\/comments?post=860"}],"version-history":[{"count":2,"href":"https:\/\/blogs.thesocialmedia.com\/leblogmoto\/wp-json\/wp\/v2\/posts\/860\/revisions"}],"predecessor-version":[{"id":10116,"href":"https:\/\/blogs.thesocialmedia.com\/leblogmoto\/wp-json\/wp\/v2\/posts\/860\/revisions\/10116"}],"wp:attachment":[{"href":"https:\/\/blogs.thesocialmedia.com\/leblogmoto\/wp-json\/wp\/v2\/media?parent=860"}],"wp:term":[{"taxonomy":"category","embeddable":true,"href":"https:\/\/blogs.thesocialmedia.com\/leblogmoto\/wp-json\/wp\/v2\/categories?post=860"},{"taxonomy":"post_tag","embeddable":true,"href":"https:\/\/blogs.thesocialmedia.com\/leblogmoto\/wp-json\/wp\/v2\/tags?post=860"}],"curies":[{"name":"wp","href":"https:\/\/api.w.org\/{rel}","templated":true}]}}