{"id":863,"date":"2008-02-28T18:49:45","date_gmt":"2008-02-28T18:49:45","guid":{"rendered":"http:\/\/blogs.thesocialmedia.com\/leblogmoto\/2008\/02\/28\/schumi-tord-le\/"},"modified":"2012-07-11T15:26:47","modified_gmt":"2012-07-11T15:26:47","slug":"schumi-tord-le","status":"publish","type":"post","link":"https:\/\/blogs.thesocialmedia.com\/leblogmoto\/2008\/02\/28\/schumi-tord-le\/","title":{"rendered":"Schumi tord le cou aux rumeurs le voyant en MotoGP."},"content":{"rendered":"<p><a href=\"http:\/\/blogs.thesocialmedia.com\/leblogmoto\/files\/2012\/07\/casey_stoner_et_michael_schumacher_.jpg\"><img loading=\"lazy\" decoding=\"async\" width=\"470\" height=\"312\"  src=\"http:\/\/www.leblogmoto.com\/images\/2008\/02\/28\/casey_stoner_et_michael_schumacher_.jpg\" alt=\"Casey_stoner_et_michael_schumacher_\" \/><\/a> <\/p>\n<p>Il semble que l&rsquo;on ait malheureusement pas tir\u00e9 de le\u00e7on de l&rsquo;\u00e9pisode Rossi chez Ferrari, pour lequel on avait un peu trop vite imagin\u00e9 un autre septuple champion du monde \u00e0 bord d&rsquo;un bolide*, faisant le chemin inverse. Il faut dire que malgr\u00e9 les d\u00e9mentis cat\u00e9goriques de Ducati et du MotoGP, cette grande gueule de Willi Weber (manager de Schumi), avec ses r\u00e9centes d\u00e9clarations \u00e0 l&#8217;emporte pi\u00e8ce (&quot;Anything is possible&quot;) n&rsquo;avaient rien fait pour calmer <a href=\"http:\/\/blogs.thesocialmedia.com\/leblogmoto\/files\/2012\/07\/schumacher-chez.html_.png\">les rumeurs<\/a>.<\/p>\n<p>Dans cette ambiance, la mise au point du Meister hier, tombe comme un couperet: &quot;C&rsquo;est un mensonge total.&quot; lance t&rsquo;il. &quot;Au mieux je peux courir sur un scooter&quot; ajoute<em>&nbsp;<\/em>t&rsquo;il non sans humour, Schumi ayant d\u00e9j\u00e0 vraiment concouru en compet de scoot<em>.<\/em><\/p>\n<p>Pour vous consoler de ne pas voir Michael (\u00e0 droite sur le clich\u00e9) sur une Desmosedici tout au long d&rsquo;une saison, voici la photo de sa belle-soeur, la tr\u00e8s classieuse (joke) Cora Schumacher. C&rsquo;est notre cellule de soutien psychologique \u00e0 nous.<em><\/p>\n<p>*d&rsquo;autant que selon Jean Todt, il \u00e9tait question de r\u00e9pondre \u00e0 une demande de Vale, jamais de l&rsquo;engager en Formule 1. La magie du marketing et le buzz naturel autour d&rsquo;un tel champion dans une telle \u00e9curie ont fait le reste. Mais Valentino Rossi, m\u00eame s&rsquo;il est le plus grand champion de moto (vitesse) de l&rsquo;\u00e8re moderne, n&rsquo;est pas <a href=\"http:\/\/fr.wikipedia.org\/wiki\/John_Surtees\">John Surtees<\/a> pour autant.<br \/><\/em><\/p>\n<p><a href=\"http:\/\/clabedan.typepad.com\/.shared\/image.html?\/photos\/uncategorized\/2008\/02\/28\/cora_schumacher.jpg\"><img loading=\"lazy\" decoding=\"async\" width=\"512\" height=\"787\"  src=\"http:\/\/www.leblogmoto.com\/images\/2008\/02\/28\/cora_schumacher.jpg\" alt=\"Cora_schumacher\" \/><\/a> <\/p>\n<p><em>source de la news: F1-live.<br \/><\/em><\/p>\n<p><em>credit photos: sydney morning herald.<\/em><\/p>\n","protected":false},"excerpt":{"rendered":"<p>Il semble que l&rsquo;on ait malheureusement pas tir\u00e9 de le\u00e7on de l&rsquo;\u00e9pisode Rossi chez Ferrari, pour lequel on avait un peu trop vite imagin\u00e9 un autre septuple champion du monde \u00e0 bord d&rsquo;un bolide*, faisant le chemin inverse. Il faut dire que malgr\u00e9 les d\u00e9mentis cat\u00e9goriques de Ducati et du MotoGP, cette grande gueule de [&hellip;]<\/p>\n","protected":false},"author":324,"featured_media":0,"comment_status":"open","ping_status":"open","sticky":false,"template":"","format":"standard","meta":{"footnotes":""},"categories":[3,41,22,32],"tags":[],"class_list":["post-863","post","type-post","status-publish","format-standard","hentry","category-actualite","category-ducati","category-motogp","category-sport-moto"],"yoast_head":"<!-- This site is optimized with the Yoast SEO plugin v26.0 - https:\/\/yoast.com\/wordpress\/plugins\/seo\/ -->\n<title>Schumi tord le cou aux rumeurs le voyant en MotoGP. - leblogmoto.com<\/title>\n<meta name=\"robots\" content=\"index, follow, max-snippet:-1, max-image-preview:large, max-video-preview:-1\" \/>\n<link rel=\"canonical\" href=\"https:\/\/blogs.thesocialmedia.com\/leblogmoto\/2008\/02\/28\/schumi-tord-le\/\" \/>\n<meta name=\"twitter:card\" content=\"summary_large_image\" \/>\n<meta name=\"twitter:title\" content=\"Schumi tord le cou aux rumeurs le voyant en MotoGP. - leblogmoto.com\" \/>\n<meta name=\"twitter:description\" content=\"Il semble que l&rsquo;on ait malheureusement pas tir\u00e9 de le\u00e7on de l&rsquo;\u00e9pisode Rossi chez Ferrari, pour lequel on avait un peu trop vite imagin\u00e9 un autre septuple champion du monde \u00e0 bord d&rsquo;un bolide*, faisant le chemin inverse. Il faut dire que malgr\u00e9 les d\u00e9mentis cat\u00e9goriques de Ducati et du MotoGP, cette grande gueule de [&hellip;]\" \/>\n<meta name=\"twitter:image\" content=\"http:\/\/www.leblogmoto.com\/images\/2008\/02\/28\/casey_stoner_et_michael_schumacher_.jpg\" \/>\n<meta name=\"twitter:label1\" content=\"\u00c9crit par\" \/>\n\t<meta name=\"twitter:data1\" content=\"benoit rieu\" \/>\n\t<meta name=\"twitter:label2\" content=\"Dur\u00e9e de lecture estim\u00e9e\" \/>\n\t<meta name=\"twitter:data2\" content=\"1 minute\" \/>\n<script type=\"application\/ld+json\" class=\"yoast-schema-graph\">{\"@context\":\"https:\/\/schema.org\",\"@graph\":[{\"@type\":\"WebPage\",\"@id\":\"https:\/\/blogs.thesocialmedia.com\/leblogmoto\/2008\/02\/28\/schumi-tord-le\/\",\"url\":\"https:\/\/blogs.thesocialmedia.com\/leblogmoto\/2008\/02\/28\/schumi-tord-le\/\",\"name\":\"Schumi tord le cou aux rumeurs le voyant en MotoGP. - leblogmoto.com\",\"isPartOf\":{\"@id\":\"https:\/\/blogs.thesocialmedia.com\/leblogmoto\/#website\"},\"primaryImageOfPage\":{\"@id\":\"https:\/\/blogs.thesocialmedia.com\/leblogmoto\/2008\/02\/28\/schumi-tord-le\/#primaryimage\"},\"image\":{\"@id\":\"https:\/\/blogs.thesocialmedia.com\/leblogmoto\/2008\/02\/28\/schumi-tord-le\/#primaryimage\"},\"thumbnailUrl\":\"http:\/\/www.leblogmoto.com\/images\/2008\/02\/28\/casey_stoner_et_michael_schumacher_.jpg\",\"datePublished\":\"2008-02-28T18:49:45+00:00\",\"dateModified\":\"2012-07-11T15:26:47+00:00\",\"author\":{\"@id\":\"https:\/\/blogs.thesocialmedia.com\/leblogmoto\/#\/schema\/person\/18bfe773e5725ed6d24f743da805362a\"},\"breadcrumb\":{\"@id\":\"https:\/\/blogs.thesocialmedia.com\/leblogmoto\/2008\/02\/28\/schumi-tord-le\/#breadcrumb\"},\"inLanguage\":\"fr-FR\",\"potentialAction\":[{\"@type\":\"ReadAction\",\"target\":[\"https:\/\/blogs.thesocialmedia.com\/leblogmoto\/2008\/02\/28\/schumi-tord-le\/\"]}]},{\"@type\":\"ImageObject\",\"inLanguage\":\"fr-FR\",\"@id\":\"https:\/\/blogs.thesocialmedia.com\/leblogmoto\/2008\/02\/28\/schumi-tord-le\/#primaryimage\",\"url\":\"http:\/\/www.leblogmoto.com\/images\/2008\/02\/28\/casey_stoner_et_michael_schumacher_.jpg\",\"contentUrl\":\"http:\/\/www.leblogmoto.com\/images\/2008\/02\/28\/casey_stoner_et_michael_schumacher_.jpg\"},{\"@type\":\"BreadcrumbList\",\"@id\":\"https:\/\/blogs.thesocialmedia.com\/leblogmoto\/2008\/02\/28\/schumi-tord-le\/#breadcrumb\",\"itemListElement\":[{\"@type\":\"ListItem\",\"position\":1,\"name\":\"Accueil\",\"item\":\"https:\/\/blogs.thesocialmedia.com\/leblogmoto\/\"},{\"@type\":\"ListItem\",\"position\":2,\"name\":\"Schumi tord le cou aux rumeurs le voyant en MotoGP.\"}]},{\"@type\":\"WebSite\",\"@id\":\"https:\/\/blogs.thesocialmedia.com\/leblogmoto\/#website\",\"url\":\"https:\/\/blogs.thesocialmedia.com\/leblogmoto\/\",\"name\":\"leblogmoto\",\"description\":\"Toute l&#039;actualit\u00e9 des 2 roues\",\"potentialAction\":[{\"@type\":\"SearchAction\",\"target\":{\"@type\":\"EntryPoint\",\"urlTemplate\":\"https:\/\/blogs.thesocialmedia.com\/leblogmoto\/?s={search_term_string}\"},\"query-input\":{\"@type\":\"PropertyValueSpecification\",\"valueRequired\":true,\"valueName\":\"search_term_string\"}}],\"inLanguage\":\"fr-FR\"},{\"@type\":\"Person\",\"@id\":\"https:\/\/blogs.thesocialmedia.com\/leblogmoto\/#\/schema\/person\/18bfe773e5725ed6d24f743da805362a\",\"name\":\"benoit rieu\",\"image\":{\"@type\":\"ImageObject\",\"inLanguage\":\"fr-FR\",\"@id\":\"https:\/\/blogs.thesocialmedia.com\/leblogmoto\/#\/schema\/person\/image\/\",\"url\":\"https:\/\/secure.gravatar.com\/avatar\/?s=96&d=mm&r=g\",\"contentUrl\":\"https:\/\/secure.gravatar.com\/avatar\/?s=96&d=mm&r=g\",\"caption\":\"benoit rieu\"},\"url\":\"https:\/\/blogs.thesocialmedia.com\/leblogmoto\/author\/benoit-rieu\/\"}]}<\/script>\n<!-- \/ Yoast SEO plugin. -->","yoast_head_json":{"title":"Schumi tord le cou aux rumeurs le voyant en MotoGP. - leblogmoto.com","robots":{"index":"index","follow":"follow","max-snippet":"max-snippet:-1","max-image-preview":"max-image-preview:large","max-video-preview":"max-video-preview:-1"},"canonical":"https:\/\/blogs.thesocialmedia.com\/leblogmoto\/2008\/02\/28\/schumi-tord-le\/","twitter_card":"summary_large_image","twitter_title":"Schumi tord le cou aux rumeurs le voyant en MotoGP. - leblogmoto.com","twitter_description":"Il semble que l&rsquo;on ait malheureusement pas tir\u00e9 de le\u00e7on de l&rsquo;\u00e9pisode Rossi chez Ferrari, pour lequel on avait un peu trop vite imagin\u00e9 un autre septuple champion du monde \u00e0 bord d&rsquo;un bolide*, faisant le chemin inverse. Il faut dire que malgr\u00e9 les d\u00e9mentis cat\u00e9goriques de Ducati et du MotoGP, cette grande gueule de [&hellip;]","twitter_image":"http:\/\/www.leblogmoto.com\/images\/2008\/02\/28\/casey_stoner_et_michael_schumacher_.jpg","twitter_misc":{"\u00c9crit par":"benoit rieu","Dur\u00e9e de lecture estim\u00e9e":"1 minute"},"schema":{"@context":"https:\/\/schema.org","@graph":[{"@type":"WebPage","@id":"https:\/\/blogs.thesocialmedia.com\/leblogmoto\/2008\/02\/28\/schumi-tord-le\/","url":"https:\/\/blogs.thesocialmedia.com\/leblogmoto\/2008\/02\/28\/schumi-tord-le\/","name":"Schumi tord le cou aux rumeurs le voyant en MotoGP. - leblogmoto.com","isPartOf":{"@id":"https:\/\/blogs.thesocialmedia.com\/leblogmoto\/#website"},"primaryImageOfPage":{"@id":"https:\/\/blogs.thesocialmedia.com\/leblogmoto\/2008\/02\/28\/schumi-tord-le\/#primaryimage"},"image":{"@id":"https:\/\/blogs.thesocialmedia.com\/leblogmoto\/2008\/02\/28\/schumi-tord-le\/#primaryimage"},"thumbnailUrl":"http:\/\/www.leblogmoto.com\/images\/2008\/02\/28\/casey_stoner_et_michael_schumacher_.jpg","datePublished":"2008-02-28T18:49:45+00:00","dateModified":"2012-07-11T15:26:47+00:00","author":{"@id":"https:\/\/blogs.thesocialmedia.com\/leblogmoto\/#\/schema\/person\/18bfe773e5725ed6d24f743da805362a"},"breadcrumb":{"@id":"https:\/\/blogs.thesocialmedia.com\/leblogmoto\/2008\/02\/28\/schumi-tord-le\/#breadcrumb"},"inLanguage":"fr-FR","potentialAction":[{"@type":"ReadAction","target":["https:\/\/blogs.thesocialmedia.com\/leblogmoto\/2008\/02\/28\/schumi-tord-le\/"]}]},{"@type":"ImageObject","inLanguage":"fr-FR","@id":"https:\/\/blogs.thesocialmedia.com\/leblogmoto\/2008\/02\/28\/schumi-tord-le\/#primaryimage","url":"http:\/\/www.leblogmoto.com\/images\/2008\/02\/28\/casey_stoner_et_michael_schumacher_.jpg","contentUrl":"http:\/\/www.leblogmoto.com\/images\/2008\/02\/28\/casey_stoner_et_michael_schumacher_.jpg"},{"@type":"BreadcrumbList","@id":"https:\/\/blogs.thesocialmedia.com\/leblogmoto\/2008\/02\/28\/schumi-tord-le\/#breadcrumb","itemListElement":[{"@type":"ListItem","position":1,"name":"Accueil","item":"https:\/\/blogs.thesocialmedia.com\/leblogmoto\/"},{"@type":"ListItem","position":2,"name":"Schumi tord le cou aux rumeurs le voyant en MotoGP."}]},{"@type":"WebSite","@id":"https:\/\/blogs.thesocialmedia.com\/leblogmoto\/#website","url":"https:\/\/blogs.thesocialmedia.com\/leblogmoto\/","name":"leblogmoto","description":"Toute l&#039;actualit\u00e9 des 2 roues","potentialAction":[{"@type":"SearchAction","target":{"@type":"EntryPoint","urlTemplate":"https:\/\/blogs.thesocialmedia.com\/leblogmoto\/?s={search_term_string}"},"query-input":{"@type":"PropertyValueSpecification","valueRequired":true,"valueName":"search_term_string"}}],"inLanguage":"fr-FR"},{"@type":"Person","@id":"https:\/\/blogs.thesocialmedia.com\/leblogmoto\/#\/schema\/person\/18bfe773e5725ed6d24f743da805362a","name":"benoit rieu","image":{"@type":"ImageObject","inLanguage":"fr-FR","@id":"https:\/\/blogs.thesocialmedia.com\/leblogmoto\/#\/schema\/person\/image\/","url":"https:\/\/secure.gravatar.com\/avatar\/?s=96&d=mm&r=g","contentUrl":"https:\/\/secure.gravatar.com\/avatar\/?s=96&d=mm&r=g","caption":"benoit rieu"},"url":"https:\/\/blogs.thesocialmedia.com\/leblogmoto\/author\/benoit-rieu\/"}]}},"_links":{"self":[{"href":"https:\/\/blogs.thesocialmedia.com\/leblogmoto\/wp-json\/wp\/v2\/posts\/863","targetHints":{"allow":["GET"]}}],"collection":[{"href":"https:\/\/blogs.thesocialmedia.com\/leblogmoto\/wp-json\/wp\/v2\/posts"}],"about":[{"href":"https:\/\/blogs.thesocialmedia.com\/leblogmoto\/wp-json\/wp\/v2\/types\/post"}],"author":[{"embeddable":true,"href":"https:\/\/blogs.thesocialmedia.com\/leblogmoto\/wp-json\/wp\/v2\/users\/324"}],"replies":[{"embeddable":true,"href":"https:\/\/blogs.thesocialmedia.com\/leblogmoto\/wp-json\/wp\/v2\/comments?post=863"}],"version-history":[{"count":2,"href":"https:\/\/blogs.thesocialmedia.com\/leblogmoto\/wp-json\/wp\/v2\/posts\/863\/revisions"}],"predecessor-version":[{"id":10108,"href":"https:\/\/blogs.thesocialmedia.com\/leblogmoto\/wp-json\/wp\/v2\/posts\/863\/revisions\/10108"}],"wp:attachment":[{"href":"https:\/\/blogs.thesocialmedia.com\/leblogmoto\/wp-json\/wp\/v2\/media?parent=863"}],"wp:term":[{"taxonomy":"category","embeddable":true,"href":"https:\/\/blogs.thesocialmedia.com\/leblogmoto\/wp-json\/wp\/v2\/categories?post=863"},{"taxonomy":"post_tag","embeddable":true,"href":"https:\/\/blogs.thesocialmedia.com\/leblogmoto\/wp-json\/wp\/v2\/tags?post=863"}],"curies":[{"name":"wp","href":"https:\/\/api.w.org\/{rel}","templated":true}]}}