{"id":864,"date":"2008-02-28T18:21:04","date_gmt":"2008-02-28T18:21:04","guid":{"rendered":"http:\/\/blogs.thesocialmedia.com\/leblogmoto\/2008\/02\/28\/honda-rorganise\/"},"modified":"2012-07-11T15:26:45","modified_gmt":"2012-07-11T15:26:45","slug":"honda-rorganise","status":"publish","type":"post","link":"https:\/\/blogs.thesocialmedia.com\/leblogmoto\/2008\/02\/28\/honda-rorganise\/","title":{"rendered":"Honda r\u00e9organise sa production de motos."},"content":{"rendered":"<p><a href=\"http:\/\/blogs.thesocialmedia.com\/leblogmoto\/files\/2012\/07\/moto_sportive_honda_cbr_1000_firebl.jpg\"><img loading=\"lazy\" decoding=\"async\" width=\"470\" height=\"352\"  src=\"http:\/\/www.leblogmoto.com\/images\/2008\/02\/28\/moto_sportive_honda_cbr_1000_firebl.jpg\" alt=\"Moto_sportive_honda_cbr_1000_firebl\" \/><\/a><\/p>\n<p>En vue de concentrer ses activit\u00e9s \u00e0 Kumamoto (\u00e7a ne s&rsquo;invente pas), le Japonais et premier constructeur mondial de deux-roues cesse ses activit\u00e9s d&rsquo;assemblage de motos aux USA, apr\u00e8s une pr\u00e9sence de 25 ans sur le territoire am\u00e9ricain, ceci sans licenciement selon ses d\u00e9clarations. La d\u00e9p\u00eache AFP en question et dat\u00e9e d&rsquo;hier nous apprend aussi que, plus surprenant encore, elle abandonne la production dans son fief historique de Hamamatsu.<\/p>\n<p>Selon Akio Hamada, boss de Honda Of America ces d\u00e9cisions &quot;permettront d&rsquo;augmenter la comp\u00e9titivit\u00e9 et l&rsquo;attractivit\u00e9 de nos produits en mettant en \u0153uvre les derni\u00e8res technologies et les derniers modes de production sur un site efficace&quot;.<\/p>\n<p>Comme pr\u00e9cis\u00e9 plus haut il est \u00e0 noter que Honda d\u00e9clare proc\u00e9der \u00e0 certaines de ces fermetures sans licenciement sec. Les 420 employ\u00e9s de l&rsquo;usine de Marysville dans l&rsquo;Ohio* pourront ainsi b\u00e9n\u00e9ficier d&rsquo;un reclassement dans les autres usines du groupe, ceci dans le m\u00eame Etat. <\/p>\n<p>Ces usines pr\u00e9cise la d\u00e9p\u00eache de l&rsquo;agence de presse, sont des unit\u00e9s de fabrication et d&rsquo;assemblage de voitures, v\u00e9hicuels l\u00e9gers, de moteurs et pi\u00e8ces d\u00e9tach\u00e9es.<\/p>\n<p><em>cr\u00e9dit photo: blason r\u00e9servoir de la Honda CBR 1000 Fireblade 2008, photo constructeur.<\/em><\/p>\n<p><em>*l\u00e0-m\u00eame o\u00f9 se d\u00e9roule une primaire d\u00e9mocrate entre Barack Obama et Hillary Clinton dans quelques jours sur fond de contexte \u00e9conomique difficile dans cet Etat.<br \/><\/em><\/p>\n","protected":false},"excerpt":{"rendered":"<p>En vue de concentrer ses activit\u00e9s \u00e0 Kumamoto (\u00e7a ne s&rsquo;invente pas), le Japonais et premier constructeur mondial de deux-roues cesse ses activit\u00e9s d&rsquo;assemblage de motos aux USA, apr\u00e8s une pr\u00e9sence de 25 ans sur le territoire am\u00e9ricain, ceci sans licenciement selon ses d\u00e9clarations. La d\u00e9p\u00eache AFP en question et dat\u00e9e d&rsquo;hier nous apprend aussi [&hellip;]<\/p>\n","protected":false},"author":324,"featured_media":0,"comment_status":"open","ping_status":"open","sticky":false,"template":"","format":"standard","meta":{"footnotes":""},"categories":[49,14],"tags":[],"class_list":["post-864","post","type-post","status-publish","format-standard","hentry","category-actualites-entreprise","category-honda"],"yoast_head":"<!-- This site is optimized with the Yoast SEO plugin v26.0 - https:\/\/yoast.com\/wordpress\/plugins\/seo\/ -->\n<title>Honda r\u00e9organise sa production de motos. - leblogmoto.com<\/title>\n<meta name=\"robots\" content=\"index, follow, max-snippet:-1, max-image-preview:large, max-video-preview:-1\" \/>\n<link rel=\"canonical\" href=\"https:\/\/blogs.thesocialmedia.com\/leblogmoto\/2008\/02\/28\/honda-rorganise\/\" \/>\n<meta name=\"twitter:card\" content=\"summary_large_image\" \/>\n<meta name=\"twitter:title\" content=\"Honda r\u00e9organise sa production de motos. - leblogmoto.com\" \/>\n<meta name=\"twitter:description\" content=\"En vue de concentrer ses activit\u00e9s \u00e0 Kumamoto (\u00e7a ne s&rsquo;invente pas), le Japonais et premier constructeur mondial de deux-roues cesse ses activit\u00e9s d&rsquo;assemblage de motos aux USA, apr\u00e8s une pr\u00e9sence de 25 ans sur le territoire am\u00e9ricain, ceci sans licenciement selon ses d\u00e9clarations. La d\u00e9p\u00eache AFP en question et dat\u00e9e d&rsquo;hier nous apprend aussi [&hellip;]\" \/>\n<meta name=\"twitter:image\" content=\"http:\/\/www.leblogmoto.com\/images\/2008\/02\/28\/moto_sportive_honda_cbr_1000_firebl.jpg\" \/>\n<meta name=\"twitter:label1\" content=\"\u00c9crit par\" \/>\n\t<meta name=\"twitter:data1\" content=\"benoit rieu\" \/>\n\t<meta name=\"twitter:label2\" content=\"Dur\u00e9e de lecture estim\u00e9e\" \/>\n\t<meta name=\"twitter:data2\" content=\"1 minute\" \/>\n<script type=\"application\/ld+json\" class=\"yoast-schema-graph\">{\"@context\":\"https:\/\/schema.org\",\"@graph\":[{\"@type\":\"WebPage\",\"@id\":\"https:\/\/blogs.thesocialmedia.com\/leblogmoto\/2008\/02\/28\/honda-rorganise\/\",\"url\":\"https:\/\/blogs.thesocialmedia.com\/leblogmoto\/2008\/02\/28\/honda-rorganise\/\",\"name\":\"Honda r\u00e9organise sa production de motos. - leblogmoto.com\",\"isPartOf\":{\"@id\":\"https:\/\/blogs.thesocialmedia.com\/leblogmoto\/#website\"},\"primaryImageOfPage\":{\"@id\":\"https:\/\/blogs.thesocialmedia.com\/leblogmoto\/2008\/02\/28\/honda-rorganise\/#primaryimage\"},\"image\":{\"@id\":\"https:\/\/blogs.thesocialmedia.com\/leblogmoto\/2008\/02\/28\/honda-rorganise\/#primaryimage\"},\"thumbnailUrl\":\"http:\/\/www.leblogmoto.com\/images\/2008\/02\/28\/moto_sportive_honda_cbr_1000_firebl.jpg\",\"datePublished\":\"2008-02-28T18:21:04+00:00\",\"dateModified\":\"2012-07-11T15:26:45+00:00\",\"author\":{\"@id\":\"https:\/\/blogs.thesocialmedia.com\/leblogmoto\/#\/schema\/person\/18bfe773e5725ed6d24f743da805362a\"},\"breadcrumb\":{\"@id\":\"https:\/\/blogs.thesocialmedia.com\/leblogmoto\/2008\/02\/28\/honda-rorganise\/#breadcrumb\"},\"inLanguage\":\"fr-FR\",\"potentialAction\":[{\"@type\":\"ReadAction\",\"target\":[\"https:\/\/blogs.thesocialmedia.com\/leblogmoto\/2008\/02\/28\/honda-rorganise\/\"]}]},{\"@type\":\"ImageObject\",\"inLanguage\":\"fr-FR\",\"@id\":\"https:\/\/blogs.thesocialmedia.com\/leblogmoto\/2008\/02\/28\/honda-rorganise\/#primaryimage\",\"url\":\"http:\/\/www.leblogmoto.com\/images\/2008\/02\/28\/moto_sportive_honda_cbr_1000_firebl.jpg\",\"contentUrl\":\"http:\/\/www.leblogmoto.com\/images\/2008\/02\/28\/moto_sportive_honda_cbr_1000_firebl.jpg\"},{\"@type\":\"BreadcrumbList\",\"@id\":\"https:\/\/blogs.thesocialmedia.com\/leblogmoto\/2008\/02\/28\/honda-rorganise\/#breadcrumb\",\"itemListElement\":[{\"@type\":\"ListItem\",\"position\":1,\"name\":\"Accueil\",\"item\":\"https:\/\/blogs.thesocialmedia.com\/leblogmoto\/\"},{\"@type\":\"ListItem\",\"position\":2,\"name\":\"Honda r\u00e9organise sa production de motos.\"}]},{\"@type\":\"WebSite\",\"@id\":\"https:\/\/blogs.thesocialmedia.com\/leblogmoto\/#website\",\"url\":\"https:\/\/blogs.thesocialmedia.com\/leblogmoto\/\",\"name\":\"leblogmoto\",\"description\":\"Toute l&#039;actualit\u00e9 des 2 roues\",\"potentialAction\":[{\"@type\":\"SearchAction\",\"target\":{\"@type\":\"EntryPoint\",\"urlTemplate\":\"https:\/\/blogs.thesocialmedia.com\/leblogmoto\/?s={search_term_string}\"},\"query-input\":{\"@type\":\"PropertyValueSpecification\",\"valueRequired\":true,\"valueName\":\"search_term_string\"}}],\"inLanguage\":\"fr-FR\"},{\"@type\":\"Person\",\"@id\":\"https:\/\/blogs.thesocialmedia.com\/leblogmoto\/#\/schema\/person\/18bfe773e5725ed6d24f743da805362a\",\"name\":\"benoit rieu\",\"image\":{\"@type\":\"ImageObject\",\"inLanguage\":\"fr-FR\",\"@id\":\"https:\/\/blogs.thesocialmedia.com\/leblogmoto\/#\/schema\/person\/image\/\",\"url\":\"https:\/\/secure.gravatar.com\/avatar\/?s=96&d=mm&r=g\",\"contentUrl\":\"https:\/\/secure.gravatar.com\/avatar\/?s=96&d=mm&r=g\",\"caption\":\"benoit rieu\"},\"url\":\"https:\/\/blogs.thesocialmedia.com\/leblogmoto\/author\/benoit-rieu\/\"}]}<\/script>\n<!-- \/ Yoast SEO plugin. -->","yoast_head_json":{"title":"Honda r\u00e9organise sa production de motos. - leblogmoto.com","robots":{"index":"index","follow":"follow","max-snippet":"max-snippet:-1","max-image-preview":"max-image-preview:large","max-video-preview":"max-video-preview:-1"},"canonical":"https:\/\/blogs.thesocialmedia.com\/leblogmoto\/2008\/02\/28\/honda-rorganise\/","twitter_card":"summary_large_image","twitter_title":"Honda r\u00e9organise sa production de motos. - leblogmoto.com","twitter_description":"En vue de concentrer ses activit\u00e9s \u00e0 Kumamoto (\u00e7a ne s&rsquo;invente pas), le Japonais et premier constructeur mondial de deux-roues cesse ses activit\u00e9s d&rsquo;assemblage de motos aux USA, apr\u00e8s une pr\u00e9sence de 25 ans sur le territoire am\u00e9ricain, ceci sans licenciement selon ses d\u00e9clarations. La d\u00e9p\u00eache AFP en question et dat\u00e9e d&rsquo;hier nous apprend aussi [&hellip;]","twitter_image":"http:\/\/www.leblogmoto.com\/images\/2008\/02\/28\/moto_sportive_honda_cbr_1000_firebl.jpg","twitter_misc":{"\u00c9crit par":"benoit rieu","Dur\u00e9e de lecture estim\u00e9e":"1 minute"},"schema":{"@context":"https:\/\/schema.org","@graph":[{"@type":"WebPage","@id":"https:\/\/blogs.thesocialmedia.com\/leblogmoto\/2008\/02\/28\/honda-rorganise\/","url":"https:\/\/blogs.thesocialmedia.com\/leblogmoto\/2008\/02\/28\/honda-rorganise\/","name":"Honda r\u00e9organise sa production de motos. - leblogmoto.com","isPartOf":{"@id":"https:\/\/blogs.thesocialmedia.com\/leblogmoto\/#website"},"primaryImageOfPage":{"@id":"https:\/\/blogs.thesocialmedia.com\/leblogmoto\/2008\/02\/28\/honda-rorganise\/#primaryimage"},"image":{"@id":"https:\/\/blogs.thesocialmedia.com\/leblogmoto\/2008\/02\/28\/honda-rorganise\/#primaryimage"},"thumbnailUrl":"http:\/\/www.leblogmoto.com\/images\/2008\/02\/28\/moto_sportive_honda_cbr_1000_firebl.jpg","datePublished":"2008-02-28T18:21:04+00:00","dateModified":"2012-07-11T15:26:45+00:00","author":{"@id":"https:\/\/blogs.thesocialmedia.com\/leblogmoto\/#\/schema\/person\/18bfe773e5725ed6d24f743da805362a"},"breadcrumb":{"@id":"https:\/\/blogs.thesocialmedia.com\/leblogmoto\/2008\/02\/28\/honda-rorganise\/#breadcrumb"},"inLanguage":"fr-FR","potentialAction":[{"@type":"ReadAction","target":["https:\/\/blogs.thesocialmedia.com\/leblogmoto\/2008\/02\/28\/honda-rorganise\/"]}]},{"@type":"ImageObject","inLanguage":"fr-FR","@id":"https:\/\/blogs.thesocialmedia.com\/leblogmoto\/2008\/02\/28\/honda-rorganise\/#primaryimage","url":"http:\/\/www.leblogmoto.com\/images\/2008\/02\/28\/moto_sportive_honda_cbr_1000_firebl.jpg","contentUrl":"http:\/\/www.leblogmoto.com\/images\/2008\/02\/28\/moto_sportive_honda_cbr_1000_firebl.jpg"},{"@type":"BreadcrumbList","@id":"https:\/\/blogs.thesocialmedia.com\/leblogmoto\/2008\/02\/28\/honda-rorganise\/#breadcrumb","itemListElement":[{"@type":"ListItem","position":1,"name":"Accueil","item":"https:\/\/blogs.thesocialmedia.com\/leblogmoto\/"},{"@type":"ListItem","position":2,"name":"Honda r\u00e9organise sa production de motos."}]},{"@type":"WebSite","@id":"https:\/\/blogs.thesocialmedia.com\/leblogmoto\/#website","url":"https:\/\/blogs.thesocialmedia.com\/leblogmoto\/","name":"leblogmoto","description":"Toute l&#039;actualit\u00e9 des 2 roues","potentialAction":[{"@type":"SearchAction","target":{"@type":"EntryPoint","urlTemplate":"https:\/\/blogs.thesocialmedia.com\/leblogmoto\/?s={search_term_string}"},"query-input":{"@type":"PropertyValueSpecification","valueRequired":true,"valueName":"search_term_string"}}],"inLanguage":"fr-FR"},{"@type":"Person","@id":"https:\/\/blogs.thesocialmedia.com\/leblogmoto\/#\/schema\/person\/18bfe773e5725ed6d24f743da805362a","name":"benoit rieu","image":{"@type":"ImageObject","inLanguage":"fr-FR","@id":"https:\/\/blogs.thesocialmedia.com\/leblogmoto\/#\/schema\/person\/image\/","url":"https:\/\/secure.gravatar.com\/avatar\/?s=96&d=mm&r=g","contentUrl":"https:\/\/secure.gravatar.com\/avatar\/?s=96&d=mm&r=g","caption":"benoit rieu"},"url":"https:\/\/blogs.thesocialmedia.com\/leblogmoto\/author\/benoit-rieu\/"}]}},"_links":{"self":[{"href":"https:\/\/blogs.thesocialmedia.com\/leblogmoto\/wp-json\/wp\/v2\/posts\/864","targetHints":{"allow":["GET"]}}],"collection":[{"href":"https:\/\/blogs.thesocialmedia.com\/leblogmoto\/wp-json\/wp\/v2\/posts"}],"about":[{"href":"https:\/\/blogs.thesocialmedia.com\/leblogmoto\/wp-json\/wp\/v2\/types\/post"}],"author":[{"embeddable":true,"href":"https:\/\/blogs.thesocialmedia.com\/leblogmoto\/wp-json\/wp\/v2\/users\/324"}],"replies":[{"embeddable":true,"href":"https:\/\/blogs.thesocialmedia.com\/leblogmoto\/wp-json\/wp\/v2\/comments?post=864"}],"version-history":[{"count":2,"href":"https:\/\/blogs.thesocialmedia.com\/leblogmoto\/wp-json\/wp\/v2\/posts\/864\/revisions"}],"predecessor-version":[{"id":10106,"href":"https:\/\/blogs.thesocialmedia.com\/leblogmoto\/wp-json\/wp\/v2\/posts\/864\/revisions\/10106"}],"wp:attachment":[{"href":"https:\/\/blogs.thesocialmedia.com\/leblogmoto\/wp-json\/wp\/v2\/media?parent=864"}],"wp:term":[{"taxonomy":"category","embeddable":true,"href":"https:\/\/blogs.thesocialmedia.com\/leblogmoto\/wp-json\/wp\/v2\/categories?post=864"},{"taxonomy":"post_tag","embeddable":true,"href":"https:\/\/blogs.thesocialmedia.com\/leblogmoto\/wp-json\/wp\/v2\/tags?post=864"}],"curies":[{"name":"wp","href":"https:\/\/api.w.org\/{rel}","templated":true}]}}