{"id":866,"date":"2008-02-28T14:59:45","date_gmt":"2008-02-28T14:59:45","guid":{"rendered":"http:\/\/blogs.thesocialmedia.com\/leblogmoto\/2008\/02\/28\/kit-xnon-par-te\/"},"modified":"2012-07-11T15:26:41","modified_gmt":"2012-07-11T15:26:41","slug":"kit-xnon-par-te","status":"publish","type":"post","link":"https:\/\/blogs.thesocialmedia.com\/leblogmoto\/2008\/02\/28\/kit-xnon-par-te\/","title":{"rendered":"Kit X\u00e9non par Tecnoglobe"},"content":{"rendered":"<p><a href=\"http:\/\/blogs.thesocialmedia.com\/leblogmoto\/files\/2012\/07\/kit_xenon.jpg\"><img loading=\"lazy\" decoding=\"async\" width=\"249\" height=\"187\"  alt=\"Kit_xenon\" src=\"http:\/\/www.leblogmoto.com\/images\/2008\/02\/28\/kit_xenon.jpg\" style=\"margin: 0px 5px 5px 0px;float: left\" \/><\/a>Vous voulez am\u00e9liorer l&rsquo;\u00e9clairage de votre Quad ou simplement pouvoir y voir la nuit mais vous ne savez pas comment faire. Sachez que <a href=\"http:\/\/www.tecnoglobe.com\/\">Tecnoglobe<\/a> a commercialis\u00e9 un kit Xenon adaptable et amovible. Le premier mod\u00e8le est \u00e9quip\u00e9 d&rsquo;une batterie et se fixe sur un support&nbsp; universel, le tout \u00e9tant de plus \u00e9tanche. Le second est lui destin\u00e9 \u00e0 certaines motos, quad ou VTT qui ne disposent pas d&rsquo;\u00e9clairage d&rsquo;origine.  <\/p>\n<p><a href=\"http:\/\/clabedan.typepad.com\/.shared\/image.html?\/photos\/uncategorized\/2008\/02\/28\/xenon1_2.jpg\"><img loading=\"lazy\" decoding=\"async\" width=\"250\" height=\"312\"  alt=\"Xenon1_2\" src=\"http:\/\/www.leblogmoto.com\/images\/2008\/02\/28\/xenon1_2.jpg\" style=\"margin: 0px 5px 5px 0px;float: left\" \/><\/a> Equip\u00e9e d&rsquo;une batterie au lithium-ion, il se fixe aussi \u00e0 l&rsquo;aide d&rsquo;un support universel. La batterie d&rsquo;une autonomie de 160 minutes peut \u00eatre recharg\u00e9e sur une prise allume-cigare ou sur secteur, les c\u00e2bles \u00e9tant fournis.<br \/>Fourni avec son sac de transport, le premier <a href=\"http:\/\/www.tecnoglobe.com\/esppub\/nouveautes.htm#phare\">mod\u00e8le<\/a> est vendu au tarif de 249\u20ac et le second 199\u20ac.<br \/>De quoi pouvoir rallonger vos randonn\u00e9es la nuit&#8230;<\/p>\n","protected":false},"excerpt":{"rendered":"<p>Vous voulez am\u00e9liorer l&rsquo;\u00e9clairage de votre Quad ou simplement pouvoir y voir la nuit mais vous ne savez pas comment faire. Sachez que Tecnoglobe a commercialis\u00e9 un kit Xenon adaptable et amovible. Le premier mod\u00e8le est \u00e9quip\u00e9 d&rsquo;une batterie et se fixe sur un support&nbsp; universel, le tout \u00e9tant de plus \u00e9tanche. Le second est [&hellip;]<\/p>\n","protected":false},"author":329,"featured_media":0,"comment_status":"open","ping_status":"open","sticky":false,"template":"","format":"standard","meta":{"footnotes":""},"categories":[3,27],"tags":[],"class_list":["post-866","post","type-post","status-publish","format-standard","hentry","category-actualite","category-securite"],"yoast_head":"<!-- This site is optimized with the Yoast SEO plugin v26.0 - https:\/\/yoast.com\/wordpress\/plugins\/seo\/ -->\n<title>Kit X\u00e9non par Tecnoglobe - leblogmoto.com<\/title>\n<meta name=\"robots\" content=\"index, follow, max-snippet:-1, max-image-preview:large, max-video-preview:-1\" \/>\n<link rel=\"canonical\" href=\"https:\/\/blogs.thesocialmedia.com\/leblogmoto\/2008\/02\/28\/kit-xnon-par-te\/\" \/>\n<meta name=\"twitter:card\" content=\"summary_large_image\" \/>\n<meta name=\"twitter:title\" content=\"Kit X\u00e9non par Tecnoglobe - leblogmoto.com\" \/>\n<meta name=\"twitter:description\" content=\"Vous voulez am\u00e9liorer l&rsquo;\u00e9clairage de votre Quad ou simplement pouvoir y voir la nuit mais vous ne savez pas comment faire. Sachez que Tecnoglobe a commercialis\u00e9 un kit Xenon adaptable et amovible. Le premier mod\u00e8le est \u00e9quip\u00e9 d&rsquo;une batterie et se fixe sur un support&nbsp; universel, le tout \u00e9tant de plus \u00e9tanche. Le second est [&hellip;]\" \/>\n<meta name=\"twitter:image\" content=\"http:\/\/www.leblogmoto.com\/images\/2008\/02\/28\/kit_xenon.jpg\" \/>\n<meta name=\"twitter:label1\" content=\"\u00c9crit par\" \/>\n\t<meta name=\"twitter:data1\" content=\"gregory boucaud\" \/>\n\t<meta name=\"twitter:label2\" content=\"Dur\u00e9e de lecture estim\u00e9e\" \/>\n\t<meta name=\"twitter:data2\" content=\"1 minute\" \/>\n<script type=\"application\/ld+json\" class=\"yoast-schema-graph\">{\"@context\":\"https:\/\/schema.org\",\"@graph\":[{\"@type\":\"WebPage\",\"@id\":\"https:\/\/blogs.thesocialmedia.com\/leblogmoto\/2008\/02\/28\/kit-xnon-par-te\/\",\"url\":\"https:\/\/blogs.thesocialmedia.com\/leblogmoto\/2008\/02\/28\/kit-xnon-par-te\/\",\"name\":\"Kit X\u00e9non par Tecnoglobe - leblogmoto.com\",\"isPartOf\":{\"@id\":\"https:\/\/blogs.thesocialmedia.com\/leblogmoto\/#website\"},\"primaryImageOfPage\":{\"@id\":\"https:\/\/blogs.thesocialmedia.com\/leblogmoto\/2008\/02\/28\/kit-xnon-par-te\/#primaryimage\"},\"image\":{\"@id\":\"https:\/\/blogs.thesocialmedia.com\/leblogmoto\/2008\/02\/28\/kit-xnon-par-te\/#primaryimage\"},\"thumbnailUrl\":\"http:\/\/www.leblogmoto.com\/images\/2008\/02\/28\/kit_xenon.jpg\",\"datePublished\":\"2008-02-28T14:59:45+00:00\",\"dateModified\":\"2012-07-11T15:26:41+00:00\",\"author\":{\"@id\":\"https:\/\/blogs.thesocialmedia.com\/leblogmoto\/#\/schema\/person\/769623f89741cc3381675029a37764f8\"},\"breadcrumb\":{\"@id\":\"https:\/\/blogs.thesocialmedia.com\/leblogmoto\/2008\/02\/28\/kit-xnon-par-te\/#breadcrumb\"},\"inLanguage\":\"fr-FR\",\"potentialAction\":[{\"@type\":\"ReadAction\",\"target\":[\"https:\/\/blogs.thesocialmedia.com\/leblogmoto\/2008\/02\/28\/kit-xnon-par-te\/\"]}]},{\"@type\":\"ImageObject\",\"inLanguage\":\"fr-FR\",\"@id\":\"https:\/\/blogs.thesocialmedia.com\/leblogmoto\/2008\/02\/28\/kit-xnon-par-te\/#primaryimage\",\"url\":\"http:\/\/www.leblogmoto.com\/images\/2008\/02\/28\/kit_xenon.jpg\",\"contentUrl\":\"http:\/\/www.leblogmoto.com\/images\/2008\/02\/28\/kit_xenon.jpg\"},{\"@type\":\"BreadcrumbList\",\"@id\":\"https:\/\/blogs.thesocialmedia.com\/leblogmoto\/2008\/02\/28\/kit-xnon-par-te\/#breadcrumb\",\"itemListElement\":[{\"@type\":\"ListItem\",\"position\":1,\"name\":\"Accueil\",\"item\":\"https:\/\/blogs.thesocialmedia.com\/leblogmoto\/\"},{\"@type\":\"ListItem\",\"position\":2,\"name\":\"Kit X\u00e9non par Tecnoglobe\"}]},{\"@type\":\"WebSite\",\"@id\":\"https:\/\/blogs.thesocialmedia.com\/leblogmoto\/#website\",\"url\":\"https:\/\/blogs.thesocialmedia.com\/leblogmoto\/\",\"name\":\"leblogmoto\",\"description\":\"Toute l&#039;actualit\u00e9 des 2 roues\",\"potentialAction\":[{\"@type\":\"SearchAction\",\"target\":{\"@type\":\"EntryPoint\",\"urlTemplate\":\"https:\/\/blogs.thesocialmedia.com\/leblogmoto\/?s={search_term_string}\"},\"query-input\":{\"@type\":\"PropertyValueSpecification\",\"valueRequired\":true,\"valueName\":\"search_term_string\"}}],\"inLanguage\":\"fr-FR\"},{\"@type\":\"Person\",\"@id\":\"https:\/\/blogs.thesocialmedia.com\/leblogmoto\/#\/schema\/person\/769623f89741cc3381675029a37764f8\",\"name\":\"gregory boucaud\",\"image\":{\"@type\":\"ImageObject\",\"inLanguage\":\"fr-FR\",\"@id\":\"https:\/\/blogs.thesocialmedia.com\/leblogmoto\/#\/schema\/person\/image\/\",\"url\":\"https:\/\/secure.gravatar.com\/avatar\/?s=96&d=mm&r=g\",\"contentUrl\":\"https:\/\/secure.gravatar.com\/avatar\/?s=96&d=mm&r=g\",\"caption\":\"gregory boucaud\"},\"url\":\"https:\/\/blogs.thesocialmedia.com\/leblogmoto\/author\/gregory-boucaud\/\"}]}<\/script>\n<!-- \/ Yoast SEO plugin. -->","yoast_head_json":{"title":"Kit X\u00e9non par Tecnoglobe - leblogmoto.com","robots":{"index":"index","follow":"follow","max-snippet":"max-snippet:-1","max-image-preview":"max-image-preview:large","max-video-preview":"max-video-preview:-1"},"canonical":"https:\/\/blogs.thesocialmedia.com\/leblogmoto\/2008\/02\/28\/kit-xnon-par-te\/","twitter_card":"summary_large_image","twitter_title":"Kit X\u00e9non par Tecnoglobe - leblogmoto.com","twitter_description":"Vous voulez am\u00e9liorer l&rsquo;\u00e9clairage de votre Quad ou simplement pouvoir y voir la nuit mais vous ne savez pas comment faire. Sachez que Tecnoglobe a commercialis\u00e9 un kit Xenon adaptable et amovible. Le premier mod\u00e8le est \u00e9quip\u00e9 d&rsquo;une batterie et se fixe sur un support&nbsp; universel, le tout \u00e9tant de plus \u00e9tanche. Le second est [&hellip;]","twitter_image":"http:\/\/www.leblogmoto.com\/images\/2008\/02\/28\/kit_xenon.jpg","twitter_misc":{"\u00c9crit par":"gregory boucaud","Dur\u00e9e de lecture estim\u00e9e":"1 minute"},"schema":{"@context":"https:\/\/schema.org","@graph":[{"@type":"WebPage","@id":"https:\/\/blogs.thesocialmedia.com\/leblogmoto\/2008\/02\/28\/kit-xnon-par-te\/","url":"https:\/\/blogs.thesocialmedia.com\/leblogmoto\/2008\/02\/28\/kit-xnon-par-te\/","name":"Kit X\u00e9non par Tecnoglobe - leblogmoto.com","isPartOf":{"@id":"https:\/\/blogs.thesocialmedia.com\/leblogmoto\/#website"},"primaryImageOfPage":{"@id":"https:\/\/blogs.thesocialmedia.com\/leblogmoto\/2008\/02\/28\/kit-xnon-par-te\/#primaryimage"},"image":{"@id":"https:\/\/blogs.thesocialmedia.com\/leblogmoto\/2008\/02\/28\/kit-xnon-par-te\/#primaryimage"},"thumbnailUrl":"http:\/\/www.leblogmoto.com\/images\/2008\/02\/28\/kit_xenon.jpg","datePublished":"2008-02-28T14:59:45+00:00","dateModified":"2012-07-11T15:26:41+00:00","author":{"@id":"https:\/\/blogs.thesocialmedia.com\/leblogmoto\/#\/schema\/person\/769623f89741cc3381675029a37764f8"},"breadcrumb":{"@id":"https:\/\/blogs.thesocialmedia.com\/leblogmoto\/2008\/02\/28\/kit-xnon-par-te\/#breadcrumb"},"inLanguage":"fr-FR","potentialAction":[{"@type":"ReadAction","target":["https:\/\/blogs.thesocialmedia.com\/leblogmoto\/2008\/02\/28\/kit-xnon-par-te\/"]}]},{"@type":"ImageObject","inLanguage":"fr-FR","@id":"https:\/\/blogs.thesocialmedia.com\/leblogmoto\/2008\/02\/28\/kit-xnon-par-te\/#primaryimage","url":"http:\/\/www.leblogmoto.com\/images\/2008\/02\/28\/kit_xenon.jpg","contentUrl":"http:\/\/www.leblogmoto.com\/images\/2008\/02\/28\/kit_xenon.jpg"},{"@type":"BreadcrumbList","@id":"https:\/\/blogs.thesocialmedia.com\/leblogmoto\/2008\/02\/28\/kit-xnon-par-te\/#breadcrumb","itemListElement":[{"@type":"ListItem","position":1,"name":"Accueil","item":"https:\/\/blogs.thesocialmedia.com\/leblogmoto\/"},{"@type":"ListItem","position":2,"name":"Kit X\u00e9non par Tecnoglobe"}]},{"@type":"WebSite","@id":"https:\/\/blogs.thesocialmedia.com\/leblogmoto\/#website","url":"https:\/\/blogs.thesocialmedia.com\/leblogmoto\/","name":"leblogmoto","description":"Toute l&#039;actualit\u00e9 des 2 roues","potentialAction":[{"@type":"SearchAction","target":{"@type":"EntryPoint","urlTemplate":"https:\/\/blogs.thesocialmedia.com\/leblogmoto\/?s={search_term_string}"},"query-input":{"@type":"PropertyValueSpecification","valueRequired":true,"valueName":"search_term_string"}}],"inLanguage":"fr-FR"},{"@type":"Person","@id":"https:\/\/blogs.thesocialmedia.com\/leblogmoto\/#\/schema\/person\/769623f89741cc3381675029a37764f8","name":"gregory boucaud","image":{"@type":"ImageObject","inLanguage":"fr-FR","@id":"https:\/\/blogs.thesocialmedia.com\/leblogmoto\/#\/schema\/person\/image\/","url":"https:\/\/secure.gravatar.com\/avatar\/?s=96&d=mm&r=g","contentUrl":"https:\/\/secure.gravatar.com\/avatar\/?s=96&d=mm&r=g","caption":"gregory boucaud"},"url":"https:\/\/blogs.thesocialmedia.com\/leblogmoto\/author\/gregory-boucaud\/"}]}},"_links":{"self":[{"href":"https:\/\/blogs.thesocialmedia.com\/leblogmoto\/wp-json\/wp\/v2\/posts\/866","targetHints":{"allow":["GET"]}}],"collection":[{"href":"https:\/\/blogs.thesocialmedia.com\/leblogmoto\/wp-json\/wp\/v2\/posts"}],"about":[{"href":"https:\/\/blogs.thesocialmedia.com\/leblogmoto\/wp-json\/wp\/v2\/types\/post"}],"author":[{"embeddable":true,"href":"https:\/\/blogs.thesocialmedia.com\/leblogmoto\/wp-json\/wp\/v2\/users\/329"}],"replies":[{"embeddable":true,"href":"https:\/\/blogs.thesocialmedia.com\/leblogmoto\/wp-json\/wp\/v2\/comments?post=866"}],"version-history":[{"count":2,"href":"https:\/\/blogs.thesocialmedia.com\/leblogmoto\/wp-json\/wp\/v2\/posts\/866\/revisions"}],"predecessor-version":[{"id":10102,"href":"https:\/\/blogs.thesocialmedia.com\/leblogmoto\/wp-json\/wp\/v2\/posts\/866\/revisions\/10102"}],"wp:attachment":[{"href":"https:\/\/blogs.thesocialmedia.com\/leblogmoto\/wp-json\/wp\/v2\/media?parent=866"}],"wp:term":[{"taxonomy":"category","embeddable":true,"href":"https:\/\/blogs.thesocialmedia.com\/leblogmoto\/wp-json\/wp\/v2\/categories?post=866"},{"taxonomy":"post_tag","embeddable":true,"href":"https:\/\/blogs.thesocialmedia.com\/leblogmoto\/wp-json\/wp\/v2\/tags?post=866"}],"curies":[{"name":"wp","href":"https:\/\/api.w.org\/{rel}","templated":true}]}}