{"id":867,"date":"2008-02-28T14:30:28","date_gmt":"2008-02-28T14:30:28","guid":{"rendered":"http:\/\/blogs.thesocialmedia.com\/leblogmoto\/2008\/02\/28\/journes-k-2008\/"},"modified":"2012-07-11T15:26:39","modified_gmt":"2012-07-11T15:26:40","slug":"journes-k-2008","status":"publish","type":"post","link":"https:\/\/blogs.thesocialmedia.com\/leblogmoto\/2008\/02\/28\/journes-k-2008\/","title":{"rendered":"Journ\u00e9es K 2008"},"content":{"rendered":"<p><a href=\"http:\/\/blogs.thesocialmedia.com\/leblogmoto\/files\/2012\/07\/journeek2008.jpg\"><img loading=\"lazy\" decoding=\"async\" width=\"470\" height=\"313\"  src=\"http:\/\/www.leblogmoto.com\/images\/2008\/02\/28\/journeek2008.jpg\" alt=\"Journeek2008\" style=\"margin: 0px 5px 5px 0px;float: left\" \/><\/a>Propri\u00e9taires de <a href=\"http:\/\/www.kawasaki.fr\/\">Kawasaki<\/a>, cette ann\u00e9es encore vous aurez droit aux journ\u00e9es K. C&rsquo;est-\u00e0-dire des journ\u00e9es sur circuit exclusivement r\u00e9serv\u00e9es pour les verts.<\/p>\n<p>Vous aurez donc droit \u00e0 trois sessions de trois jours sur les circuits du <a href=\"http:\/\/www.circuit-valdevienne.com\/\">Val de Vienne<\/a>, de <a href=\"http:\/\/www.circuit-dijon-prenois.com\/\">Dijon-Prenois<\/a>, ainsi que celui de <a href=\"http:\/\/www.magnyf1.com\/\">Magny-Cours<\/a>.<br \/>Ces sessions sont destin\u00e9es aux propri\u00e9taires de sportives Ninja ZX-R, ainsi qu&rsquo;aux roadsters des s\u00e9ries Z ou ER. Sachez n\u00e9anmoins qu&rsquo;il faudra vous y prendre t\u00f4t car le nombre de places est limit\u00e9.<\/p>\n<p> Les frais d&rsquo;inscription sont fix\u00e9s cette ann\u00e9e \u00e0 510 \u20ac par stage. L&rsquo;organisation pratique des Journ\u00e9es K 2008 a \u00e9t\u00e9 confi\u00e9e \u00e0 nouveau \u00e0 la structure exp\u00e9riment\u00e9e de la soci\u00e9t\u00e9 MACCIO RACING ORGANISATION aupr\u00e8s de laquelle devront \u00eatre directement formul\u00e9es les demandes de renseignements et de dossiers d&rsquo;inscription.<\/p>\n<p> Patrick MACCIO \/ MACCIO RACING ORGANISATION<br \/> Le petit Ribas, Route du Thoronnet<br \/> 83340 LE CANNET DES MAURES<br \/> T\u00e9l. 06 14 659 660 \/ Fax. 04 94 60 94 28<br \/>E-mail : <a href=\"mailto:coupe-kawasaki@orange.fr\">coupe-kawasaki@orange.fr<\/a><\/p>\n<p>Les dates pr\u00e9vues sont les suivantes : <\/p>\n<ul>\n<li> 8, 9 et 10 juillet : Circuit du <a href=\"http:\/\/www.circuit-valdevienne.com\/\">Val de Vienne<\/a> (86 &#8211; Le Vigeant)<\/li>\n<\/ul>\n<ul>\n<li> 29, 30 et 31 juillet : Circuit de <a href=\"http:\/\/www.circuit-dijon-prenois.com\/\">Dijon-Prenois<\/a> (21 &#8211; Prenois)<\/li>\n<\/ul>\n<ul>\n<li> 4, 5 et 6 ao\u00fbt : Circuit de <a href=\"http:\/\/www.magnyf1.com\/\">Magny-Cours<\/a> (58 &#8211; Magny-Cours)<\/li>\n<\/ul>\n","protected":false},"excerpt":{"rendered":"<p>Propri\u00e9taires de Kawasaki, cette ann\u00e9es encore vous aurez droit aux journ\u00e9es K. C&rsquo;est-\u00e0-dire des journ\u00e9es sur circuit exclusivement r\u00e9serv\u00e9es pour les verts. Vous aurez donc droit \u00e0 trois sessions de trois jours sur les circuits du Val de Vienne, de Dijon-Prenois, ainsi que celui de Magny-Cours.Ces sessions sont destin\u00e9es aux propri\u00e9taires de sportives Ninja ZX-R, [&hellip;]<\/p>\n","protected":false},"author":329,"featured_media":0,"comment_status":"open","ping_status":"open","sticky":false,"template":"","format":"standard","meta":{"footnotes":""},"categories":[3,45],"tags":[],"class_list":["post-867","post","type-post","status-publish","format-standard","hentry","category-actualite","category-kawasaki"],"yoast_head":"<!-- This site is optimized with the Yoast SEO plugin v26.0 - https:\/\/yoast.com\/wordpress\/plugins\/seo\/ -->\n<title>Journ\u00e9es K 2008 - leblogmoto.com<\/title>\n<meta name=\"robots\" content=\"index, follow, max-snippet:-1, max-image-preview:large, max-video-preview:-1\" \/>\n<link rel=\"canonical\" href=\"https:\/\/blogs.thesocialmedia.com\/leblogmoto\/2008\/02\/28\/journes-k-2008\/\" \/>\n<meta name=\"twitter:card\" content=\"summary_large_image\" \/>\n<meta name=\"twitter:title\" content=\"Journ\u00e9es K 2008 - leblogmoto.com\" \/>\n<meta name=\"twitter:description\" content=\"Propri\u00e9taires de Kawasaki, cette ann\u00e9es encore vous aurez droit aux journ\u00e9es K. C&rsquo;est-\u00e0-dire des journ\u00e9es sur circuit exclusivement r\u00e9serv\u00e9es pour les verts. Vous aurez donc droit \u00e0 trois sessions de trois jours sur les circuits du Val de Vienne, de Dijon-Prenois, ainsi que celui de Magny-Cours.Ces sessions sont destin\u00e9es aux propri\u00e9taires de sportives Ninja ZX-R, [&hellip;]\" \/>\n<meta name=\"twitter:image\" content=\"http:\/\/www.leblogmoto.com\/images\/2008\/02\/28\/journeek2008.jpg\" \/>\n<meta name=\"twitter:label1\" content=\"\u00c9crit par\" \/>\n\t<meta name=\"twitter:data1\" content=\"gregory boucaud\" \/>\n\t<meta name=\"twitter:label2\" content=\"Dur\u00e9e de lecture estim\u00e9e\" \/>\n\t<meta name=\"twitter:data2\" content=\"1 minute\" \/>\n<script type=\"application\/ld+json\" class=\"yoast-schema-graph\">{\"@context\":\"https:\/\/schema.org\",\"@graph\":[{\"@type\":\"WebPage\",\"@id\":\"https:\/\/blogs.thesocialmedia.com\/leblogmoto\/2008\/02\/28\/journes-k-2008\/\",\"url\":\"https:\/\/blogs.thesocialmedia.com\/leblogmoto\/2008\/02\/28\/journes-k-2008\/\",\"name\":\"Journ\u00e9es K 2008 - leblogmoto.com\",\"isPartOf\":{\"@id\":\"https:\/\/blogs.thesocialmedia.com\/leblogmoto\/#website\"},\"primaryImageOfPage\":{\"@id\":\"https:\/\/blogs.thesocialmedia.com\/leblogmoto\/2008\/02\/28\/journes-k-2008\/#primaryimage\"},\"image\":{\"@id\":\"https:\/\/blogs.thesocialmedia.com\/leblogmoto\/2008\/02\/28\/journes-k-2008\/#primaryimage\"},\"thumbnailUrl\":\"http:\/\/www.leblogmoto.com\/images\/2008\/02\/28\/journeek2008.jpg\",\"datePublished\":\"2008-02-28T14:30:28+00:00\",\"dateModified\":\"2012-07-11T15:26:40+00:00\",\"author\":{\"@id\":\"https:\/\/blogs.thesocialmedia.com\/leblogmoto\/#\/schema\/person\/769623f89741cc3381675029a37764f8\"},\"breadcrumb\":{\"@id\":\"https:\/\/blogs.thesocialmedia.com\/leblogmoto\/2008\/02\/28\/journes-k-2008\/#breadcrumb\"},\"inLanguage\":\"fr-FR\",\"potentialAction\":[{\"@type\":\"ReadAction\",\"target\":[\"https:\/\/blogs.thesocialmedia.com\/leblogmoto\/2008\/02\/28\/journes-k-2008\/\"]}]},{\"@type\":\"ImageObject\",\"inLanguage\":\"fr-FR\",\"@id\":\"https:\/\/blogs.thesocialmedia.com\/leblogmoto\/2008\/02\/28\/journes-k-2008\/#primaryimage\",\"url\":\"http:\/\/www.leblogmoto.com\/images\/2008\/02\/28\/journeek2008.jpg\",\"contentUrl\":\"http:\/\/www.leblogmoto.com\/images\/2008\/02\/28\/journeek2008.jpg\"},{\"@type\":\"BreadcrumbList\",\"@id\":\"https:\/\/blogs.thesocialmedia.com\/leblogmoto\/2008\/02\/28\/journes-k-2008\/#breadcrumb\",\"itemListElement\":[{\"@type\":\"ListItem\",\"position\":1,\"name\":\"Accueil\",\"item\":\"https:\/\/blogs.thesocialmedia.com\/leblogmoto\/\"},{\"@type\":\"ListItem\",\"position\":2,\"name\":\"Journ\u00e9es K 2008\"}]},{\"@type\":\"WebSite\",\"@id\":\"https:\/\/blogs.thesocialmedia.com\/leblogmoto\/#website\",\"url\":\"https:\/\/blogs.thesocialmedia.com\/leblogmoto\/\",\"name\":\"leblogmoto\",\"description\":\"Toute l&#039;actualit\u00e9 des 2 roues\",\"potentialAction\":[{\"@type\":\"SearchAction\",\"target\":{\"@type\":\"EntryPoint\",\"urlTemplate\":\"https:\/\/blogs.thesocialmedia.com\/leblogmoto\/?s={search_term_string}\"},\"query-input\":{\"@type\":\"PropertyValueSpecification\",\"valueRequired\":true,\"valueName\":\"search_term_string\"}}],\"inLanguage\":\"fr-FR\"},{\"@type\":\"Person\",\"@id\":\"https:\/\/blogs.thesocialmedia.com\/leblogmoto\/#\/schema\/person\/769623f89741cc3381675029a37764f8\",\"name\":\"gregory boucaud\",\"image\":{\"@type\":\"ImageObject\",\"inLanguage\":\"fr-FR\",\"@id\":\"https:\/\/blogs.thesocialmedia.com\/leblogmoto\/#\/schema\/person\/image\/\",\"url\":\"https:\/\/secure.gravatar.com\/avatar\/?s=96&d=mm&r=g\",\"contentUrl\":\"https:\/\/secure.gravatar.com\/avatar\/?s=96&d=mm&r=g\",\"caption\":\"gregory boucaud\"},\"url\":\"https:\/\/blogs.thesocialmedia.com\/leblogmoto\/author\/gregory-boucaud\/\"}]}<\/script>\n<!-- \/ Yoast SEO plugin. -->","yoast_head_json":{"title":"Journ\u00e9es K 2008 - leblogmoto.com","robots":{"index":"index","follow":"follow","max-snippet":"max-snippet:-1","max-image-preview":"max-image-preview:large","max-video-preview":"max-video-preview:-1"},"canonical":"https:\/\/blogs.thesocialmedia.com\/leblogmoto\/2008\/02\/28\/journes-k-2008\/","twitter_card":"summary_large_image","twitter_title":"Journ\u00e9es K 2008 - leblogmoto.com","twitter_description":"Propri\u00e9taires de Kawasaki, cette ann\u00e9es encore vous aurez droit aux journ\u00e9es K. C&rsquo;est-\u00e0-dire des journ\u00e9es sur circuit exclusivement r\u00e9serv\u00e9es pour les verts. Vous aurez donc droit \u00e0 trois sessions de trois jours sur les circuits du Val de Vienne, de Dijon-Prenois, ainsi que celui de Magny-Cours.Ces sessions sont destin\u00e9es aux propri\u00e9taires de sportives Ninja ZX-R, [&hellip;]","twitter_image":"http:\/\/www.leblogmoto.com\/images\/2008\/02\/28\/journeek2008.jpg","twitter_misc":{"\u00c9crit par":"gregory boucaud","Dur\u00e9e de lecture estim\u00e9e":"1 minute"},"schema":{"@context":"https:\/\/schema.org","@graph":[{"@type":"WebPage","@id":"https:\/\/blogs.thesocialmedia.com\/leblogmoto\/2008\/02\/28\/journes-k-2008\/","url":"https:\/\/blogs.thesocialmedia.com\/leblogmoto\/2008\/02\/28\/journes-k-2008\/","name":"Journ\u00e9es K 2008 - leblogmoto.com","isPartOf":{"@id":"https:\/\/blogs.thesocialmedia.com\/leblogmoto\/#website"},"primaryImageOfPage":{"@id":"https:\/\/blogs.thesocialmedia.com\/leblogmoto\/2008\/02\/28\/journes-k-2008\/#primaryimage"},"image":{"@id":"https:\/\/blogs.thesocialmedia.com\/leblogmoto\/2008\/02\/28\/journes-k-2008\/#primaryimage"},"thumbnailUrl":"http:\/\/www.leblogmoto.com\/images\/2008\/02\/28\/journeek2008.jpg","datePublished":"2008-02-28T14:30:28+00:00","dateModified":"2012-07-11T15:26:40+00:00","author":{"@id":"https:\/\/blogs.thesocialmedia.com\/leblogmoto\/#\/schema\/person\/769623f89741cc3381675029a37764f8"},"breadcrumb":{"@id":"https:\/\/blogs.thesocialmedia.com\/leblogmoto\/2008\/02\/28\/journes-k-2008\/#breadcrumb"},"inLanguage":"fr-FR","potentialAction":[{"@type":"ReadAction","target":["https:\/\/blogs.thesocialmedia.com\/leblogmoto\/2008\/02\/28\/journes-k-2008\/"]}]},{"@type":"ImageObject","inLanguage":"fr-FR","@id":"https:\/\/blogs.thesocialmedia.com\/leblogmoto\/2008\/02\/28\/journes-k-2008\/#primaryimage","url":"http:\/\/www.leblogmoto.com\/images\/2008\/02\/28\/journeek2008.jpg","contentUrl":"http:\/\/www.leblogmoto.com\/images\/2008\/02\/28\/journeek2008.jpg"},{"@type":"BreadcrumbList","@id":"https:\/\/blogs.thesocialmedia.com\/leblogmoto\/2008\/02\/28\/journes-k-2008\/#breadcrumb","itemListElement":[{"@type":"ListItem","position":1,"name":"Accueil","item":"https:\/\/blogs.thesocialmedia.com\/leblogmoto\/"},{"@type":"ListItem","position":2,"name":"Journ\u00e9es K 2008"}]},{"@type":"WebSite","@id":"https:\/\/blogs.thesocialmedia.com\/leblogmoto\/#website","url":"https:\/\/blogs.thesocialmedia.com\/leblogmoto\/","name":"leblogmoto","description":"Toute l&#039;actualit\u00e9 des 2 roues","potentialAction":[{"@type":"SearchAction","target":{"@type":"EntryPoint","urlTemplate":"https:\/\/blogs.thesocialmedia.com\/leblogmoto\/?s={search_term_string}"},"query-input":{"@type":"PropertyValueSpecification","valueRequired":true,"valueName":"search_term_string"}}],"inLanguage":"fr-FR"},{"@type":"Person","@id":"https:\/\/blogs.thesocialmedia.com\/leblogmoto\/#\/schema\/person\/769623f89741cc3381675029a37764f8","name":"gregory boucaud","image":{"@type":"ImageObject","inLanguage":"fr-FR","@id":"https:\/\/blogs.thesocialmedia.com\/leblogmoto\/#\/schema\/person\/image\/","url":"https:\/\/secure.gravatar.com\/avatar\/?s=96&d=mm&r=g","contentUrl":"https:\/\/secure.gravatar.com\/avatar\/?s=96&d=mm&r=g","caption":"gregory boucaud"},"url":"https:\/\/blogs.thesocialmedia.com\/leblogmoto\/author\/gregory-boucaud\/"}]}},"_links":{"self":[{"href":"https:\/\/blogs.thesocialmedia.com\/leblogmoto\/wp-json\/wp\/v2\/posts\/867","targetHints":{"allow":["GET"]}}],"collection":[{"href":"https:\/\/blogs.thesocialmedia.com\/leblogmoto\/wp-json\/wp\/v2\/posts"}],"about":[{"href":"https:\/\/blogs.thesocialmedia.com\/leblogmoto\/wp-json\/wp\/v2\/types\/post"}],"author":[{"embeddable":true,"href":"https:\/\/blogs.thesocialmedia.com\/leblogmoto\/wp-json\/wp\/v2\/users\/329"}],"replies":[{"embeddable":true,"href":"https:\/\/blogs.thesocialmedia.com\/leblogmoto\/wp-json\/wp\/v2\/comments?post=867"}],"version-history":[{"count":2,"href":"https:\/\/blogs.thesocialmedia.com\/leblogmoto\/wp-json\/wp\/v2\/posts\/867\/revisions"}],"predecessor-version":[{"id":10100,"href":"https:\/\/blogs.thesocialmedia.com\/leblogmoto\/wp-json\/wp\/v2\/posts\/867\/revisions\/10100"}],"wp:attachment":[{"href":"https:\/\/blogs.thesocialmedia.com\/leblogmoto\/wp-json\/wp\/v2\/media?parent=867"}],"wp:term":[{"taxonomy":"category","embeddable":true,"href":"https:\/\/blogs.thesocialmedia.com\/leblogmoto\/wp-json\/wp\/v2\/categories?post=867"},{"taxonomy":"post_tag","embeddable":true,"href":"https:\/\/blogs.thesocialmedia.com\/leblogmoto\/wp-json\/wp\/v2\/tags?post=867"}],"curies":[{"name":"wp","href":"https:\/\/api.w.org\/{rel}","templated":true}]}}