{"id":869,"date":"2008-02-28T13:44:27","date_gmt":"2008-02-28T13:44:27","guid":{"rendered":"http:\/\/blogs.thesocialmedia.com\/leblogmoto\/2008\/02\/28\/deux-journes-de\/"},"modified":"2012-07-11T15:26:36","modified_gmt":"2012-07-11T15:26:36","slug":"deux-journes-de","status":"publish","type":"post","link":"https:\/\/blogs.thesocialmedia.com\/leblogmoto\/2008\/02\/28\/deux-journes-de\/","title":{"rendered":"Deux journ\u00e9es de roulage organis\u00e9es par les Foray Brother&rsquo;s"},"content":{"rendered":"<p><a href=\"http:\/\/blogs.thesocialmedia.com\/leblogmoto\/files\/2012\/07\/freddyroulage.jpg\"><img loading=\"lazy\" decoding=\"async\" width=\"250\" height=\"355\"  alt=\"Freddyroulage\" src=\"http:\/\/www.leblogmoto.com\/images\/2008\/02\/28\/freddyroulage.jpg\" style=\"margin: 0px 5px 5px 0px;float: left\" \/><\/a>Le printemps pointant le bout de son nez et il est bient\u00f4t l&rsquo;heure de repartir sur circuit. <br \/>Pour cela les fr\u00e8res Foray organisent deux journ\u00e9es de roulages, l&rsquo;une le 6 mai sur le circuit de <a href=\"http:\/\/www.circuit-lurcy-levis.com\">Lurcy-L\u00e9vis<\/a> dans l&rsquo;Allier (Auvergne) et l&rsquo;autre le 30 mai sur le circuit de <a href=\"http:\/\/www.circuitdecroix.com\/\">Croix en Ternois<\/a> dans le Pas-de-Calais. <br \/>Vous y retrouverez bien s\u00fbr les fr\u00e8res Foray (Kenny et Freddy) qui sont brevet\u00e9s d&rsquo;\u00e9tats ainsi que Jean Foray et St\u00e9phane Coutelle qui seront les moniteurs.<br \/>Le circuit sera ouvert de 8h30 \u00e0 18h30 et 5 sessions de 25 minutes sont pr\u00e9vues, tout cela pour un prix de 115\u20ac (repas non inclus).<br \/>Bref si vous habitez \u00e0 proximit\u00e9, c&rsquo;est peut-\u00eatre le moment de se frotter \u00e0 la piste&#8230;<\/p>\n<p>Pour plus d&rsquo;informations: <a href=\"http:\/\/www.circuit-lurcy-levis.com\">www.freddy-foray.com\/forum<\/a> ou par e-mail : <a href=\"mailto:freedy@freddy-foray.com\">freedy@freddy-foray.com<\/a><\/p>\n<p>Source : <a href=\"www.freddy-foray.com\">www.freddy-foray.com<\/a> <\/p>\n","protected":false},"excerpt":{"rendered":"<p>Le printemps pointant le bout de son nez et il est bient\u00f4t l&rsquo;heure de repartir sur circuit. Pour cela les fr\u00e8res Foray organisent deux journ\u00e9es de roulages, l&rsquo;une le 6 mai sur le circuit de Lurcy-L\u00e9vis dans l&rsquo;Allier (Auvergne) et l&rsquo;autre le 30 mai sur le circuit de Croix en Ternois dans le Pas-de-Calais. Vous [&hellip;]<\/p>\n","protected":false},"author":329,"featured_media":0,"comment_status":"open","ping_status":"open","sticky":false,"template":"","format":"standard","meta":{"footnotes":""},"categories":[3],"tags":[],"class_list":["post-869","post","type-post","status-publish","format-standard","hentry","category-actualite"],"yoast_head":"<!-- This site is optimized with the Yoast SEO plugin v26.0 - https:\/\/yoast.com\/wordpress\/plugins\/seo\/ -->\n<title>Deux journ\u00e9es de roulage organis\u00e9es par les Foray Brother&#039;s - leblogmoto.com<\/title>\n<meta name=\"robots\" content=\"index, follow, max-snippet:-1, max-image-preview:large, max-video-preview:-1\" \/>\n<link rel=\"canonical\" href=\"https:\/\/blogs.thesocialmedia.com\/leblogmoto\/2008\/02\/28\/deux-journes-de\/\" \/>\n<meta name=\"twitter:card\" content=\"summary_large_image\" \/>\n<meta name=\"twitter:title\" content=\"Deux journ\u00e9es de roulage organis\u00e9es par les Foray Brother&#039;s - leblogmoto.com\" \/>\n<meta name=\"twitter:description\" content=\"Le printemps pointant le bout de son nez et il est bient\u00f4t l&rsquo;heure de repartir sur circuit. Pour cela les fr\u00e8res Foray organisent deux journ\u00e9es de roulages, l&rsquo;une le 6 mai sur le circuit de Lurcy-L\u00e9vis dans l&rsquo;Allier (Auvergne) et l&rsquo;autre le 30 mai sur le circuit de Croix en Ternois dans le Pas-de-Calais. Vous [&hellip;]\" \/>\n<meta name=\"twitter:image\" content=\"http:\/\/www.leblogmoto.com\/images\/2008\/02\/28\/freddyroulage.jpg\" \/>\n<meta name=\"twitter:label1\" content=\"\u00c9crit par\" \/>\n\t<meta name=\"twitter:data1\" content=\"gregory boucaud\" \/>\n\t<meta name=\"twitter:label2\" content=\"Dur\u00e9e de lecture estim\u00e9e\" \/>\n\t<meta name=\"twitter:data2\" content=\"1 minute\" \/>\n<script type=\"application\/ld+json\" class=\"yoast-schema-graph\">{\"@context\":\"https:\/\/schema.org\",\"@graph\":[{\"@type\":\"WebPage\",\"@id\":\"https:\/\/blogs.thesocialmedia.com\/leblogmoto\/2008\/02\/28\/deux-journes-de\/\",\"url\":\"https:\/\/blogs.thesocialmedia.com\/leblogmoto\/2008\/02\/28\/deux-journes-de\/\",\"name\":\"Deux journ\u00e9es de roulage organis\u00e9es par les Foray Brother's - leblogmoto.com\",\"isPartOf\":{\"@id\":\"https:\/\/blogs.thesocialmedia.com\/leblogmoto\/#website\"},\"primaryImageOfPage\":{\"@id\":\"https:\/\/blogs.thesocialmedia.com\/leblogmoto\/2008\/02\/28\/deux-journes-de\/#primaryimage\"},\"image\":{\"@id\":\"https:\/\/blogs.thesocialmedia.com\/leblogmoto\/2008\/02\/28\/deux-journes-de\/#primaryimage\"},\"thumbnailUrl\":\"http:\/\/www.leblogmoto.com\/images\/2008\/02\/28\/freddyroulage.jpg\",\"datePublished\":\"2008-02-28T13:44:27+00:00\",\"dateModified\":\"2012-07-11T15:26:36+00:00\",\"author\":{\"@id\":\"https:\/\/blogs.thesocialmedia.com\/leblogmoto\/#\/schema\/person\/769623f89741cc3381675029a37764f8\"},\"breadcrumb\":{\"@id\":\"https:\/\/blogs.thesocialmedia.com\/leblogmoto\/2008\/02\/28\/deux-journes-de\/#breadcrumb\"},\"inLanguage\":\"fr-FR\",\"potentialAction\":[{\"@type\":\"ReadAction\",\"target\":[\"https:\/\/blogs.thesocialmedia.com\/leblogmoto\/2008\/02\/28\/deux-journes-de\/\"]}]},{\"@type\":\"ImageObject\",\"inLanguage\":\"fr-FR\",\"@id\":\"https:\/\/blogs.thesocialmedia.com\/leblogmoto\/2008\/02\/28\/deux-journes-de\/#primaryimage\",\"url\":\"http:\/\/www.leblogmoto.com\/images\/2008\/02\/28\/freddyroulage.jpg\",\"contentUrl\":\"http:\/\/www.leblogmoto.com\/images\/2008\/02\/28\/freddyroulage.jpg\"},{\"@type\":\"BreadcrumbList\",\"@id\":\"https:\/\/blogs.thesocialmedia.com\/leblogmoto\/2008\/02\/28\/deux-journes-de\/#breadcrumb\",\"itemListElement\":[{\"@type\":\"ListItem\",\"position\":1,\"name\":\"Accueil\",\"item\":\"https:\/\/blogs.thesocialmedia.com\/leblogmoto\/\"},{\"@type\":\"ListItem\",\"position\":2,\"name\":\"Deux journ\u00e9es de roulage organis\u00e9es par les Foray Brother&rsquo;s\"}]},{\"@type\":\"WebSite\",\"@id\":\"https:\/\/blogs.thesocialmedia.com\/leblogmoto\/#website\",\"url\":\"https:\/\/blogs.thesocialmedia.com\/leblogmoto\/\",\"name\":\"leblogmoto\",\"description\":\"Toute l&#039;actualit\u00e9 des 2 roues\",\"potentialAction\":[{\"@type\":\"SearchAction\",\"target\":{\"@type\":\"EntryPoint\",\"urlTemplate\":\"https:\/\/blogs.thesocialmedia.com\/leblogmoto\/?s={search_term_string}\"},\"query-input\":{\"@type\":\"PropertyValueSpecification\",\"valueRequired\":true,\"valueName\":\"search_term_string\"}}],\"inLanguage\":\"fr-FR\"},{\"@type\":\"Person\",\"@id\":\"https:\/\/blogs.thesocialmedia.com\/leblogmoto\/#\/schema\/person\/769623f89741cc3381675029a37764f8\",\"name\":\"gregory boucaud\",\"image\":{\"@type\":\"ImageObject\",\"inLanguage\":\"fr-FR\",\"@id\":\"https:\/\/blogs.thesocialmedia.com\/leblogmoto\/#\/schema\/person\/image\/\",\"url\":\"https:\/\/secure.gravatar.com\/avatar\/?s=96&d=mm&r=g\",\"contentUrl\":\"https:\/\/secure.gravatar.com\/avatar\/?s=96&d=mm&r=g\",\"caption\":\"gregory boucaud\"},\"url\":\"https:\/\/blogs.thesocialmedia.com\/leblogmoto\/author\/gregory-boucaud\/\"}]}<\/script>\n<!-- \/ Yoast SEO plugin. -->","yoast_head_json":{"title":"Deux journ\u00e9es de roulage organis\u00e9es par les Foray Brother's - leblogmoto.com","robots":{"index":"index","follow":"follow","max-snippet":"max-snippet:-1","max-image-preview":"max-image-preview:large","max-video-preview":"max-video-preview:-1"},"canonical":"https:\/\/blogs.thesocialmedia.com\/leblogmoto\/2008\/02\/28\/deux-journes-de\/","twitter_card":"summary_large_image","twitter_title":"Deux journ\u00e9es de roulage organis\u00e9es par les Foray Brother's - leblogmoto.com","twitter_description":"Le printemps pointant le bout de son nez et il est bient\u00f4t l&rsquo;heure de repartir sur circuit. Pour cela les fr\u00e8res Foray organisent deux journ\u00e9es de roulages, l&rsquo;une le 6 mai sur le circuit de Lurcy-L\u00e9vis dans l&rsquo;Allier (Auvergne) et l&rsquo;autre le 30 mai sur le circuit de Croix en Ternois dans le Pas-de-Calais. Vous [&hellip;]","twitter_image":"http:\/\/www.leblogmoto.com\/images\/2008\/02\/28\/freddyroulage.jpg","twitter_misc":{"\u00c9crit par":"gregory boucaud","Dur\u00e9e de lecture estim\u00e9e":"1 minute"},"schema":{"@context":"https:\/\/schema.org","@graph":[{"@type":"WebPage","@id":"https:\/\/blogs.thesocialmedia.com\/leblogmoto\/2008\/02\/28\/deux-journes-de\/","url":"https:\/\/blogs.thesocialmedia.com\/leblogmoto\/2008\/02\/28\/deux-journes-de\/","name":"Deux journ\u00e9es de roulage organis\u00e9es par les Foray Brother's - leblogmoto.com","isPartOf":{"@id":"https:\/\/blogs.thesocialmedia.com\/leblogmoto\/#website"},"primaryImageOfPage":{"@id":"https:\/\/blogs.thesocialmedia.com\/leblogmoto\/2008\/02\/28\/deux-journes-de\/#primaryimage"},"image":{"@id":"https:\/\/blogs.thesocialmedia.com\/leblogmoto\/2008\/02\/28\/deux-journes-de\/#primaryimage"},"thumbnailUrl":"http:\/\/www.leblogmoto.com\/images\/2008\/02\/28\/freddyroulage.jpg","datePublished":"2008-02-28T13:44:27+00:00","dateModified":"2012-07-11T15:26:36+00:00","author":{"@id":"https:\/\/blogs.thesocialmedia.com\/leblogmoto\/#\/schema\/person\/769623f89741cc3381675029a37764f8"},"breadcrumb":{"@id":"https:\/\/blogs.thesocialmedia.com\/leblogmoto\/2008\/02\/28\/deux-journes-de\/#breadcrumb"},"inLanguage":"fr-FR","potentialAction":[{"@type":"ReadAction","target":["https:\/\/blogs.thesocialmedia.com\/leblogmoto\/2008\/02\/28\/deux-journes-de\/"]}]},{"@type":"ImageObject","inLanguage":"fr-FR","@id":"https:\/\/blogs.thesocialmedia.com\/leblogmoto\/2008\/02\/28\/deux-journes-de\/#primaryimage","url":"http:\/\/www.leblogmoto.com\/images\/2008\/02\/28\/freddyroulage.jpg","contentUrl":"http:\/\/www.leblogmoto.com\/images\/2008\/02\/28\/freddyroulage.jpg"},{"@type":"BreadcrumbList","@id":"https:\/\/blogs.thesocialmedia.com\/leblogmoto\/2008\/02\/28\/deux-journes-de\/#breadcrumb","itemListElement":[{"@type":"ListItem","position":1,"name":"Accueil","item":"https:\/\/blogs.thesocialmedia.com\/leblogmoto\/"},{"@type":"ListItem","position":2,"name":"Deux journ\u00e9es de roulage organis\u00e9es par les Foray Brother&rsquo;s"}]},{"@type":"WebSite","@id":"https:\/\/blogs.thesocialmedia.com\/leblogmoto\/#website","url":"https:\/\/blogs.thesocialmedia.com\/leblogmoto\/","name":"leblogmoto","description":"Toute l&#039;actualit\u00e9 des 2 roues","potentialAction":[{"@type":"SearchAction","target":{"@type":"EntryPoint","urlTemplate":"https:\/\/blogs.thesocialmedia.com\/leblogmoto\/?s={search_term_string}"},"query-input":{"@type":"PropertyValueSpecification","valueRequired":true,"valueName":"search_term_string"}}],"inLanguage":"fr-FR"},{"@type":"Person","@id":"https:\/\/blogs.thesocialmedia.com\/leblogmoto\/#\/schema\/person\/769623f89741cc3381675029a37764f8","name":"gregory boucaud","image":{"@type":"ImageObject","inLanguage":"fr-FR","@id":"https:\/\/blogs.thesocialmedia.com\/leblogmoto\/#\/schema\/person\/image\/","url":"https:\/\/secure.gravatar.com\/avatar\/?s=96&d=mm&r=g","contentUrl":"https:\/\/secure.gravatar.com\/avatar\/?s=96&d=mm&r=g","caption":"gregory boucaud"},"url":"https:\/\/blogs.thesocialmedia.com\/leblogmoto\/author\/gregory-boucaud\/"}]}},"_links":{"self":[{"href":"https:\/\/blogs.thesocialmedia.com\/leblogmoto\/wp-json\/wp\/v2\/posts\/869","targetHints":{"allow":["GET"]}}],"collection":[{"href":"https:\/\/blogs.thesocialmedia.com\/leblogmoto\/wp-json\/wp\/v2\/posts"}],"about":[{"href":"https:\/\/blogs.thesocialmedia.com\/leblogmoto\/wp-json\/wp\/v2\/types\/post"}],"author":[{"embeddable":true,"href":"https:\/\/blogs.thesocialmedia.com\/leblogmoto\/wp-json\/wp\/v2\/users\/329"}],"replies":[{"embeddable":true,"href":"https:\/\/blogs.thesocialmedia.com\/leblogmoto\/wp-json\/wp\/v2\/comments?post=869"}],"version-history":[{"count":2,"href":"https:\/\/blogs.thesocialmedia.com\/leblogmoto\/wp-json\/wp\/v2\/posts\/869\/revisions"}],"predecessor-version":[{"id":10096,"href":"https:\/\/blogs.thesocialmedia.com\/leblogmoto\/wp-json\/wp\/v2\/posts\/869\/revisions\/10096"}],"wp:attachment":[{"href":"https:\/\/blogs.thesocialmedia.com\/leblogmoto\/wp-json\/wp\/v2\/media?parent=869"}],"wp:term":[{"taxonomy":"category","embeddable":true,"href":"https:\/\/blogs.thesocialmedia.com\/leblogmoto\/wp-json\/wp\/v2\/categories?post=869"},{"taxonomy":"post_tag","embeddable":true,"href":"https:\/\/blogs.thesocialmedia.com\/leblogmoto\/wp-json\/wp\/v2\/tags?post=869"}],"curies":[{"name":"wp","href":"https:\/\/api.w.org\/{rel}","templated":true}]}}