{"id":870,"date":"2008-02-28T13:15:23","date_gmt":"2008-02-28T13:15:23","guid":{"rendered":"http:\/\/blogs.thesocialmedia.com\/leblogmoto\/2008\/02\/28\/bmw-motorrad-et\/"},"modified":"2012-07-11T15:26:34","modified_gmt":"2012-07-11T15:26:34","slug":"bmw-motorrad-et","status":"publish","type":"post","link":"https:\/\/blogs.thesocialmedia.com\/leblogmoto\/2008\/02\/28\/bmw-motorrad-et\/","title":{"rendered":"BMW Motorrad et la Biker&rsquo;s School, c&rsquo;est reparti pour un tour"},"content":{"rendered":"<p><a href=\"http:\/\/blogs.thesocialmedia.com\/leblogmoto\/files\/2012\/07\/f800.jpg\"><img loading=\"lazy\" decoding=\"async\" width=\"250\" height=\"194\"  alt=\"F800\" src=\"http:\/\/www.leblogmoto.com\/images\/2008\/02\/28\/f800.jpg\" style=\"margin: 0px 5px 5px 0px;float: left\" \/><\/a>Satisfaite de sa saison 2007 avec la firme bavaroise, la <a href=\"www.bikersdays.com\">Biker&rsquo;s School<\/a> a d\u00e9cid\u00e9 de remettre \u00e7a pour 2008. Les instructeurs, enchant\u00e9s du comportement de leurs machines en 2007 ne vont pas tarder \u00e0 recevoir le mat\u00e9riel qui leur permettra de guider un grand nombre de stagiaires dans l\u2019apprentissage des astuces de pilotage que requiert le circuit de <a href=\"http:\/\/www.spa-francorchamps.be\/\">Francorchamps<\/a>.<\/p>\n<p>Au niveau du parc de moto disponibles ce ne sera pas moins de quatre R 1200 S et quatre K 1200 R qui sont confi\u00e9s aux moniteurs ainsi que huit F800S qui sont disponibles \u00e0 la location pour seulement 50\u20ac la journ\u00e9e.<br \/>Bref, tous les ingr\u00e9dients sont r\u00e9unis pour apprendre &quot;paisiblement&quot; \u00e0 piloter sur circuit.<br \/>Pour plus d&rsquo;informations, vous pouvez vous rendre sur le suite <a href=\"www.bikersdays.com\">www.bikersdays.com<\/a> ou appeler le&nbsp; +32\/87.53.90.04<\/p>\n<p>Les dates 2008 : <\/p>\n<ul>\n<li>19 avril (uniquement Ducati)<\/li>\n<\/ul>\n<ul>\n<li>30 avril<\/li>\n<\/ul>\n<ul>\n<li>7 mai<\/li>\n<\/ul>\n<ul>\n<li>19 mai (uniquement Aprilia)<\/li>\n<\/ul>\n<ul>\n<li> 12 juin<\/li>\n<\/ul>\n<ul>\n<li> 3 juillet<\/li>\n<\/ul>\n<ul>\n<li> 14 ao\u00fbt<\/li>\n<\/ul>\n<ul>\n<li> 22 septembre<\/li>\n<\/ul>\n<p> Source : <a href=\"www.bikersdays.com\">www.bikersdays.com<\/a><\/p>\n","protected":false},"excerpt":{"rendered":"<p>Satisfaite de sa saison 2007 avec la firme bavaroise, la Biker&rsquo;s School a d\u00e9cid\u00e9 de remettre \u00e7a pour 2008. Les instructeurs, enchant\u00e9s du comportement de leurs machines en 2007 ne vont pas tarder \u00e0 recevoir le mat\u00e9riel qui leur permettra de guider un grand nombre de stagiaires dans l\u2019apprentissage des astuces de pilotage que requiert [&hellip;]<\/p>\n","protected":false},"author":329,"featured_media":0,"comment_status":"open","ping_status":"open","sticky":false,"template":"","format":"standard","meta":{"footnotes":""},"categories":[3,7],"tags":[],"class_list":["post-870","post","type-post","status-publish","format-standard","hentry","category-actualite","category-bmw"],"yoast_head":"<!-- This site is optimized with the Yoast SEO plugin v26.0 - https:\/\/yoast.com\/wordpress\/plugins\/seo\/ -->\n<title>BMW Motorrad et la Biker&#039;s School, c&#039;est reparti pour un tour - leblogmoto.com<\/title>\n<meta name=\"robots\" content=\"index, follow, max-snippet:-1, max-image-preview:large, max-video-preview:-1\" \/>\n<link rel=\"canonical\" href=\"https:\/\/blogs.thesocialmedia.com\/leblogmoto\/2008\/02\/28\/bmw-motorrad-et\/\" \/>\n<meta name=\"twitter:card\" content=\"summary_large_image\" \/>\n<meta name=\"twitter:title\" content=\"BMW Motorrad et la Biker&#039;s School, c&#039;est reparti pour un tour - leblogmoto.com\" \/>\n<meta name=\"twitter:description\" content=\"Satisfaite de sa saison 2007 avec la firme bavaroise, la Biker&rsquo;s School a d\u00e9cid\u00e9 de remettre \u00e7a pour 2008. Les instructeurs, enchant\u00e9s du comportement de leurs machines en 2007 ne vont pas tarder \u00e0 recevoir le mat\u00e9riel qui leur permettra de guider un grand nombre de stagiaires dans l\u2019apprentissage des astuces de pilotage que requiert [&hellip;]\" \/>\n<meta name=\"twitter:image\" content=\"http:\/\/www.leblogmoto.com\/images\/2008\/02\/28\/f800.jpg\" \/>\n<meta name=\"twitter:label1\" content=\"\u00c9crit par\" \/>\n\t<meta name=\"twitter:data1\" content=\"gregory boucaud\" \/>\n\t<meta name=\"twitter:label2\" content=\"Dur\u00e9e de lecture estim\u00e9e\" \/>\n\t<meta name=\"twitter:data2\" content=\"1 minute\" \/>\n<script type=\"application\/ld+json\" class=\"yoast-schema-graph\">{\"@context\":\"https:\/\/schema.org\",\"@graph\":[{\"@type\":\"WebPage\",\"@id\":\"https:\/\/blogs.thesocialmedia.com\/leblogmoto\/2008\/02\/28\/bmw-motorrad-et\/\",\"url\":\"https:\/\/blogs.thesocialmedia.com\/leblogmoto\/2008\/02\/28\/bmw-motorrad-et\/\",\"name\":\"BMW Motorrad et la Biker's School, c'est reparti pour un tour - leblogmoto.com\",\"isPartOf\":{\"@id\":\"https:\/\/blogs.thesocialmedia.com\/leblogmoto\/#website\"},\"primaryImageOfPage\":{\"@id\":\"https:\/\/blogs.thesocialmedia.com\/leblogmoto\/2008\/02\/28\/bmw-motorrad-et\/#primaryimage\"},\"image\":{\"@id\":\"https:\/\/blogs.thesocialmedia.com\/leblogmoto\/2008\/02\/28\/bmw-motorrad-et\/#primaryimage\"},\"thumbnailUrl\":\"http:\/\/www.leblogmoto.com\/images\/2008\/02\/28\/f800.jpg\",\"datePublished\":\"2008-02-28T13:15:23+00:00\",\"dateModified\":\"2012-07-11T15:26:34+00:00\",\"author\":{\"@id\":\"https:\/\/blogs.thesocialmedia.com\/leblogmoto\/#\/schema\/person\/769623f89741cc3381675029a37764f8\"},\"breadcrumb\":{\"@id\":\"https:\/\/blogs.thesocialmedia.com\/leblogmoto\/2008\/02\/28\/bmw-motorrad-et\/#breadcrumb\"},\"inLanguage\":\"fr-FR\",\"potentialAction\":[{\"@type\":\"ReadAction\",\"target\":[\"https:\/\/blogs.thesocialmedia.com\/leblogmoto\/2008\/02\/28\/bmw-motorrad-et\/\"]}]},{\"@type\":\"ImageObject\",\"inLanguage\":\"fr-FR\",\"@id\":\"https:\/\/blogs.thesocialmedia.com\/leblogmoto\/2008\/02\/28\/bmw-motorrad-et\/#primaryimage\",\"url\":\"http:\/\/www.leblogmoto.com\/images\/2008\/02\/28\/f800.jpg\",\"contentUrl\":\"http:\/\/www.leblogmoto.com\/images\/2008\/02\/28\/f800.jpg\"},{\"@type\":\"BreadcrumbList\",\"@id\":\"https:\/\/blogs.thesocialmedia.com\/leblogmoto\/2008\/02\/28\/bmw-motorrad-et\/#breadcrumb\",\"itemListElement\":[{\"@type\":\"ListItem\",\"position\":1,\"name\":\"Accueil\",\"item\":\"https:\/\/blogs.thesocialmedia.com\/leblogmoto\/\"},{\"@type\":\"ListItem\",\"position\":2,\"name\":\"BMW Motorrad et la Biker&rsquo;s School, c&rsquo;est reparti pour un tour\"}]},{\"@type\":\"WebSite\",\"@id\":\"https:\/\/blogs.thesocialmedia.com\/leblogmoto\/#website\",\"url\":\"https:\/\/blogs.thesocialmedia.com\/leblogmoto\/\",\"name\":\"leblogmoto\",\"description\":\"Toute l&#039;actualit\u00e9 des 2 roues\",\"potentialAction\":[{\"@type\":\"SearchAction\",\"target\":{\"@type\":\"EntryPoint\",\"urlTemplate\":\"https:\/\/blogs.thesocialmedia.com\/leblogmoto\/?s={search_term_string}\"},\"query-input\":{\"@type\":\"PropertyValueSpecification\",\"valueRequired\":true,\"valueName\":\"search_term_string\"}}],\"inLanguage\":\"fr-FR\"},{\"@type\":\"Person\",\"@id\":\"https:\/\/blogs.thesocialmedia.com\/leblogmoto\/#\/schema\/person\/769623f89741cc3381675029a37764f8\",\"name\":\"gregory boucaud\",\"image\":{\"@type\":\"ImageObject\",\"inLanguage\":\"fr-FR\",\"@id\":\"https:\/\/blogs.thesocialmedia.com\/leblogmoto\/#\/schema\/person\/image\/\",\"url\":\"https:\/\/secure.gravatar.com\/avatar\/?s=96&d=mm&r=g\",\"contentUrl\":\"https:\/\/secure.gravatar.com\/avatar\/?s=96&d=mm&r=g\",\"caption\":\"gregory boucaud\"},\"url\":\"https:\/\/blogs.thesocialmedia.com\/leblogmoto\/author\/gregory-boucaud\/\"}]}<\/script>\n<!-- \/ Yoast SEO plugin. -->","yoast_head_json":{"title":"BMW Motorrad et la Biker's School, c'est reparti pour un tour - leblogmoto.com","robots":{"index":"index","follow":"follow","max-snippet":"max-snippet:-1","max-image-preview":"max-image-preview:large","max-video-preview":"max-video-preview:-1"},"canonical":"https:\/\/blogs.thesocialmedia.com\/leblogmoto\/2008\/02\/28\/bmw-motorrad-et\/","twitter_card":"summary_large_image","twitter_title":"BMW Motorrad et la Biker's School, c'est reparti pour un tour - leblogmoto.com","twitter_description":"Satisfaite de sa saison 2007 avec la firme bavaroise, la Biker&rsquo;s School a d\u00e9cid\u00e9 de remettre \u00e7a pour 2008. Les instructeurs, enchant\u00e9s du comportement de leurs machines en 2007 ne vont pas tarder \u00e0 recevoir le mat\u00e9riel qui leur permettra de guider un grand nombre de stagiaires dans l\u2019apprentissage des astuces de pilotage que requiert [&hellip;]","twitter_image":"http:\/\/www.leblogmoto.com\/images\/2008\/02\/28\/f800.jpg","twitter_misc":{"\u00c9crit par":"gregory boucaud","Dur\u00e9e de lecture estim\u00e9e":"1 minute"},"schema":{"@context":"https:\/\/schema.org","@graph":[{"@type":"WebPage","@id":"https:\/\/blogs.thesocialmedia.com\/leblogmoto\/2008\/02\/28\/bmw-motorrad-et\/","url":"https:\/\/blogs.thesocialmedia.com\/leblogmoto\/2008\/02\/28\/bmw-motorrad-et\/","name":"BMW Motorrad et la Biker's School, c'est reparti pour un tour - leblogmoto.com","isPartOf":{"@id":"https:\/\/blogs.thesocialmedia.com\/leblogmoto\/#website"},"primaryImageOfPage":{"@id":"https:\/\/blogs.thesocialmedia.com\/leblogmoto\/2008\/02\/28\/bmw-motorrad-et\/#primaryimage"},"image":{"@id":"https:\/\/blogs.thesocialmedia.com\/leblogmoto\/2008\/02\/28\/bmw-motorrad-et\/#primaryimage"},"thumbnailUrl":"http:\/\/www.leblogmoto.com\/images\/2008\/02\/28\/f800.jpg","datePublished":"2008-02-28T13:15:23+00:00","dateModified":"2012-07-11T15:26:34+00:00","author":{"@id":"https:\/\/blogs.thesocialmedia.com\/leblogmoto\/#\/schema\/person\/769623f89741cc3381675029a37764f8"},"breadcrumb":{"@id":"https:\/\/blogs.thesocialmedia.com\/leblogmoto\/2008\/02\/28\/bmw-motorrad-et\/#breadcrumb"},"inLanguage":"fr-FR","potentialAction":[{"@type":"ReadAction","target":["https:\/\/blogs.thesocialmedia.com\/leblogmoto\/2008\/02\/28\/bmw-motorrad-et\/"]}]},{"@type":"ImageObject","inLanguage":"fr-FR","@id":"https:\/\/blogs.thesocialmedia.com\/leblogmoto\/2008\/02\/28\/bmw-motorrad-et\/#primaryimage","url":"http:\/\/www.leblogmoto.com\/images\/2008\/02\/28\/f800.jpg","contentUrl":"http:\/\/www.leblogmoto.com\/images\/2008\/02\/28\/f800.jpg"},{"@type":"BreadcrumbList","@id":"https:\/\/blogs.thesocialmedia.com\/leblogmoto\/2008\/02\/28\/bmw-motorrad-et\/#breadcrumb","itemListElement":[{"@type":"ListItem","position":1,"name":"Accueil","item":"https:\/\/blogs.thesocialmedia.com\/leblogmoto\/"},{"@type":"ListItem","position":2,"name":"BMW Motorrad et la Biker&rsquo;s School, c&rsquo;est reparti pour un tour"}]},{"@type":"WebSite","@id":"https:\/\/blogs.thesocialmedia.com\/leblogmoto\/#website","url":"https:\/\/blogs.thesocialmedia.com\/leblogmoto\/","name":"leblogmoto","description":"Toute l&#039;actualit\u00e9 des 2 roues","potentialAction":[{"@type":"SearchAction","target":{"@type":"EntryPoint","urlTemplate":"https:\/\/blogs.thesocialmedia.com\/leblogmoto\/?s={search_term_string}"},"query-input":{"@type":"PropertyValueSpecification","valueRequired":true,"valueName":"search_term_string"}}],"inLanguage":"fr-FR"},{"@type":"Person","@id":"https:\/\/blogs.thesocialmedia.com\/leblogmoto\/#\/schema\/person\/769623f89741cc3381675029a37764f8","name":"gregory boucaud","image":{"@type":"ImageObject","inLanguage":"fr-FR","@id":"https:\/\/blogs.thesocialmedia.com\/leblogmoto\/#\/schema\/person\/image\/","url":"https:\/\/secure.gravatar.com\/avatar\/?s=96&d=mm&r=g","contentUrl":"https:\/\/secure.gravatar.com\/avatar\/?s=96&d=mm&r=g","caption":"gregory boucaud"},"url":"https:\/\/blogs.thesocialmedia.com\/leblogmoto\/author\/gregory-boucaud\/"}]}},"_links":{"self":[{"href":"https:\/\/blogs.thesocialmedia.com\/leblogmoto\/wp-json\/wp\/v2\/posts\/870","targetHints":{"allow":["GET"]}}],"collection":[{"href":"https:\/\/blogs.thesocialmedia.com\/leblogmoto\/wp-json\/wp\/v2\/posts"}],"about":[{"href":"https:\/\/blogs.thesocialmedia.com\/leblogmoto\/wp-json\/wp\/v2\/types\/post"}],"author":[{"embeddable":true,"href":"https:\/\/blogs.thesocialmedia.com\/leblogmoto\/wp-json\/wp\/v2\/users\/329"}],"replies":[{"embeddable":true,"href":"https:\/\/blogs.thesocialmedia.com\/leblogmoto\/wp-json\/wp\/v2\/comments?post=870"}],"version-history":[{"count":2,"href":"https:\/\/blogs.thesocialmedia.com\/leblogmoto\/wp-json\/wp\/v2\/posts\/870\/revisions"}],"predecessor-version":[{"id":10094,"href":"https:\/\/blogs.thesocialmedia.com\/leblogmoto\/wp-json\/wp\/v2\/posts\/870\/revisions\/10094"}],"wp:attachment":[{"href":"https:\/\/blogs.thesocialmedia.com\/leblogmoto\/wp-json\/wp\/v2\/media?parent=870"}],"wp:term":[{"taxonomy":"category","embeddable":true,"href":"https:\/\/blogs.thesocialmedia.com\/leblogmoto\/wp-json\/wp\/v2\/categories?post=870"},{"taxonomy":"post_tag","embeddable":true,"href":"https:\/\/blogs.thesocialmedia.com\/leblogmoto\/wp-json\/wp\/v2\/tags?post=870"}],"curies":[{"name":"wp","href":"https:\/\/api.w.org\/{rel}","templated":true}]}}