{"id":876,"date":"2008-02-26T04:56:18","date_gmt":"2008-02-26T04:56:18","guid":{"rendered":"http:\/\/blogs.thesocialmedia.com\/leblogmoto\/2008\/02\/26\/salon-de-montra-2\/"},"modified":"2012-07-11T15:26:07","modified_gmt":"2012-07-11T15:26:07","slug":"salon-de-montra-2","status":"publish","type":"post","link":"https:\/\/blogs.thesocialmedia.com\/leblogmoto\/2008\/02\/26\/salon-de-montra-2\/","title":{"rendered":"Salon de Montr\u00e9al, prise 1"},"content":{"rendered":"<p><a href=\"http:\/\/blogs.thesocialmedia.com\/leblogmoto\/files\/2012\/07\/ticket.jpg\"><img loading=\"lazy\" decoding=\"async\" width=\"230\" height=\"256\"  alt=\"Ticket\" src=\"http:\/\/www.leblogmoto.com\/images\/2008\/02\/25\/ticket.jpg\" style=\"margin: 0px 5px 5px 0px;float: left\" \/><\/a> Le <a href=\"http:\/\/www.salonmotomontreal.com\/\">Salon de la moto de Montr\u00e9al<\/a> est une grosse affaire pour notre petit march\u00e9, mais il demeure n\u00e9anmoins un Salon r\u00e9gional o\u00f9 les in\u00e9dits se font rares et d\u00e9sir\u00e9s.<\/p>\n<p>De Salon, il retient l&rsquo;id\u00e9e de rencontre, et \u00e0 ce niveau l\u00e0, il remplit parfaitement sa fonction en faisant c\u00f4toyer vendeurs et acheteurs dans une atmosph\u00e8re festive. L&rsquo;exercice est sans doute un peu plus frustrant pour le concessionnaire, qui voit d\u00e9filer devant lui la foule zyeutant, reniflant et palpant ses produits pour un retour \u00e9minemment fragile, parce qu&rsquo;apr\u00e8s tout, nous sommes toujours sous la neige.<\/p>\n<p>Mais pour le badaud, c&rsquo;est le bonheur, tout est l\u00e0, les machines, les accessoires, les infos, les commentaires des passants qui aiment ou pas, et m\u00eame la sainte paix pour qui souhaite demeurer dans sa bulle<\/p>\n<p>Le kiosque Harley en particulier et les Customs en g\u00e9n\u00e9ral sont ce qui suscite le plus d&rsquo;int\u00e9r\u00eats, le Qu\u00e9bec \u00e9tant en Am\u00e9rique, les modes sont les m\u00eames. Ce qui n&#8217;emp\u00eache pas BMW par exemple et m\u00eame Ducati de par l&rsquo;implication de ses promoteurs de tirer leur \u00e9pingle du jeu. On aimerait bien par contre que ceux qui s&rsquo;occupent de Moto Guzzi et Aprilla en fassent un peu plus.<\/p>\n<p>Premier bref survol en images donc, avec un regard scrutateur chez HD et son <a href=\"http:\/\/www.harley-davidson.com\/wcm\/Content\/Pages\/2008_Motorcycles\/2008_Motorcycles.jsp?locale=fr_CA&amp;swfsection=family&amp;swffamily=dy\">Cross Bones<\/a>, <a href=\"http:\/\/www.harley-davidson.com\/wcm\/Content\/Pages\/2008_Motorcycles\/2008_Motorcycles.jsp?locale=fr_CA\">Rocker<\/a> et <a href=\"http:\/\/www.harley-davidson.com\/wcm\/Content\/Pages\/2008_Motorcycles\/2008_Motorcycles.jsp?locale=fr_CA&amp;swfsection=family&amp;swffamily=to\">Electra Glide<\/a>. Et puis pour se rendre dans cette mythique cabane au Canada, le <a href=\"http:\/\/www.polarisindustries.com\/fr-fr\/Quadricycles\/2007Models\/FullSizeRecreationUtility\/Sportsman800EFIE\/\">Quad<\/a> (on dit (VTT) V\u00e9hicule Tout Terrain au Qu\u00e9bec) id\u00e9al par Polaris.<\/p>\n<p><a href=\"http:\/\/clabedan.typepad.com\/.shared\/image.html?\/photos\/uncategorized\/2008\/02\/25\/harleycb_fourche.jpg\"><img loading=\"lazy\" decoding=\"async\" width=\"470\" height=\"352\"  alt=\"Harleycb_fourche\" src=\"http:\/\/www.leblogmoto.com\/images\/2008\/02\/25\/harleycb_fourche.jpg\" \/><\/a> <\/p>\n<p><a href=\"http:\/\/blogs.thesocialmedia.com\/leblogmoto\/files\/2012\/07\/harleycb_cuir.jpg\"><img loading=\"lazy\" decoding=\"async\" width=\"470\" height=\"626\"  alt=\"Harleycb_cuir\" src=\"http:\/\/www.leblogmoto.com\/images\/2008\/02\/25\/harleycb_cuir.jpg\" \/><\/a> <\/p>\n<p><a href=\"http:\/\/blogs.thesocialmedia.com\/leblogmoto\/files\/2012\/07\/harleycb_cote.jpg\"><img loading=\"lazy\" decoding=\"async\" width=\"470\" height=\"351\"  alt=\"Harleycb_cote\" src=\"http:\/\/www.leblogmoto.com\/images\/2008\/02\/25\/harleycb_cote.jpg\" \/><\/a> <\/p>\n<p><a href=\"http:\/\/blogs.thesocialmedia.com\/leblogmoto\/files\/2012\/07\/harleycb_siege.jpg\"><img loading=\"lazy\" decoding=\"async\" width=\"470\" height=\"351\"  alt=\"Harleycb_siege\" src=\"http:\/\/www.leblogmoto.com\/images\/2008\/02\/25\/harleycb_siege.jpg\" \/><\/a> <\/p>\n<p><a href=\"http:\/\/blogs.thesocialmedia.com\/leblogmoto\/files\/2012\/07\/harley_rocker.jpg\"><img loading=\"lazy\" decoding=\"async\" width=\"470\" height=\"312\"  alt=\"Harley_rocker\" src=\"http:\/\/www.leblogmoto.com\/images\/2008\/02\/25\/harley_rocker.jpg\" \/><\/a> <\/p>\n<p><a href=\"http:\/\/blogs.thesocialmedia.com\/leblogmoto\/files\/2012\/07\/harley_glide.jpg\"><img loading=\"lazy\" decoding=\"async\" width=\"470\" height=\"352\"  alt=\"Harley_glide\" src=\"http:\/\/www.leblogmoto.com\/images\/2008\/02\/25\/harley_glide.jpg\" \/><\/a> <\/p>\n<p><a href=\"http:\/\/blogs.thesocialmedia.com\/leblogmoto\/files\/2012\/07\/polaris1.jpg\"><img loading=\"lazy\" decoding=\"async\" width=\"470\" height=\"352\"  alt=\"Polaris1\" src=\"http:\/\/www.leblogmoto.com\/images\/2008\/02\/25\/polaris1.jpg\" \/><\/a> <\/p>\n<p><a href=\"http:\/\/blogs.thesocialmedia.com\/leblogmoto\/files\/2012\/07\/polaris2.jpg\"><img loading=\"lazy\" decoding=\"async\" width=\"470\" height=\"351\"  alt=\"Polaris2\" src=\"http:\/\/www.leblogmoto.com\/images\/2008\/02\/25\/polaris2.jpg\" \/><\/a> <\/p>\n<p><a href=\"http:\/\/blogs.thesocialmedia.com\/leblogmoto\/files\/2012\/07\/polaris3.jpg\"><img loading=\"lazy\" decoding=\"async\" width=\"470\" height=\"351\"  alt=\"Polaris3\" src=\"http:\/\/www.leblogmoto.com\/images\/2008\/02\/25\/polaris3.jpg\" \/><\/a> <\/p>\n","protected":false},"excerpt":{"rendered":"<p>Le Salon de la moto de Montr\u00e9al est une grosse affaire pour notre petit march\u00e9, mais il demeure n\u00e9anmoins un Salon r\u00e9gional o\u00f9 les in\u00e9dits se font rares et d\u00e9sir\u00e9s. De Salon, il retient l&rsquo;id\u00e9e de rencontre, et \u00e0 ce niveau l\u00e0, il remplit parfaitement sa fonction en faisant c\u00f4toyer vendeurs et acheteurs dans une [&hellip;]<\/p>\n","protected":false},"author":325,"featured_media":0,"comment_status":"open","ping_status":"open","sticky":false,"template":"","format":"standard","meta":{"footnotes":""},"categories":[29,70,36],"tags":[],"class_list":["post-876","post","type-post","status-publish","format-standard","hentry","category-harley-davidson","category-quad","category-salons"],"yoast_head":"<!-- This site is optimized with the Yoast SEO plugin v26.0 - https:\/\/yoast.com\/wordpress\/plugins\/seo\/ -->\n<title>Salon de Montr\u00e9al, prise 1 - leblogmoto.com<\/title>\n<meta name=\"robots\" content=\"index, follow, max-snippet:-1, max-image-preview:large, max-video-preview:-1\" \/>\n<link rel=\"canonical\" href=\"https:\/\/blogs.thesocialmedia.com\/leblogmoto\/2008\/02\/26\/salon-de-montra-2\/\" \/>\n<meta name=\"twitter:card\" content=\"summary_large_image\" \/>\n<meta name=\"twitter:title\" content=\"Salon de Montr\u00e9al, prise 1 - leblogmoto.com\" \/>\n<meta name=\"twitter:description\" content=\"Le Salon de la moto de Montr\u00e9al est une grosse affaire pour notre petit march\u00e9, mais il demeure n\u00e9anmoins un Salon r\u00e9gional o\u00f9 les in\u00e9dits se font rares et d\u00e9sir\u00e9s. De Salon, il retient l&rsquo;id\u00e9e de rencontre, et \u00e0 ce niveau l\u00e0, il remplit parfaitement sa fonction en faisant c\u00f4toyer vendeurs et acheteurs dans une [&hellip;]\" \/>\n<meta name=\"twitter:image\" content=\"http:\/\/www.leblogmoto.com\/images\/2008\/02\/25\/ticket.jpg\" \/>\n<meta name=\"twitter:label1\" content=\"\u00c9crit par\" \/>\n\t<meta name=\"twitter:data1\" content=\"jacques lesage\" \/>\n\t<meta name=\"twitter:label2\" content=\"Dur\u00e9e de lecture estim\u00e9e\" \/>\n\t<meta name=\"twitter:data2\" content=\"1 minute\" \/>\n<script type=\"application\/ld+json\" class=\"yoast-schema-graph\">{\"@context\":\"https:\/\/schema.org\",\"@graph\":[{\"@type\":\"WebPage\",\"@id\":\"https:\/\/blogs.thesocialmedia.com\/leblogmoto\/2008\/02\/26\/salon-de-montra-2\/\",\"url\":\"https:\/\/blogs.thesocialmedia.com\/leblogmoto\/2008\/02\/26\/salon-de-montra-2\/\",\"name\":\"Salon de Montr\u00e9al, prise 1 - leblogmoto.com\",\"isPartOf\":{\"@id\":\"https:\/\/blogs.thesocialmedia.com\/leblogmoto\/#website\"},\"primaryImageOfPage\":{\"@id\":\"https:\/\/blogs.thesocialmedia.com\/leblogmoto\/2008\/02\/26\/salon-de-montra-2\/#primaryimage\"},\"image\":{\"@id\":\"https:\/\/blogs.thesocialmedia.com\/leblogmoto\/2008\/02\/26\/salon-de-montra-2\/#primaryimage\"},\"thumbnailUrl\":\"http:\/\/www.leblogmoto.com\/images\/2008\/02\/25\/ticket.jpg\",\"datePublished\":\"2008-02-26T04:56:18+00:00\",\"dateModified\":\"2012-07-11T15:26:07+00:00\",\"author\":{\"@id\":\"https:\/\/blogs.thesocialmedia.com\/leblogmoto\/#\/schema\/person\/e82a0ca8a9a63d031586097a3ed58526\"},\"breadcrumb\":{\"@id\":\"https:\/\/blogs.thesocialmedia.com\/leblogmoto\/2008\/02\/26\/salon-de-montra-2\/#breadcrumb\"},\"inLanguage\":\"fr-FR\",\"potentialAction\":[{\"@type\":\"ReadAction\",\"target\":[\"https:\/\/blogs.thesocialmedia.com\/leblogmoto\/2008\/02\/26\/salon-de-montra-2\/\"]}]},{\"@type\":\"ImageObject\",\"inLanguage\":\"fr-FR\",\"@id\":\"https:\/\/blogs.thesocialmedia.com\/leblogmoto\/2008\/02\/26\/salon-de-montra-2\/#primaryimage\",\"url\":\"http:\/\/www.leblogmoto.com\/images\/2008\/02\/25\/ticket.jpg\",\"contentUrl\":\"http:\/\/www.leblogmoto.com\/images\/2008\/02\/25\/ticket.jpg\"},{\"@type\":\"BreadcrumbList\",\"@id\":\"https:\/\/blogs.thesocialmedia.com\/leblogmoto\/2008\/02\/26\/salon-de-montra-2\/#breadcrumb\",\"itemListElement\":[{\"@type\":\"ListItem\",\"position\":1,\"name\":\"Accueil\",\"item\":\"https:\/\/blogs.thesocialmedia.com\/leblogmoto\/\"},{\"@type\":\"ListItem\",\"position\":2,\"name\":\"Salon de Montr\u00e9al, prise 1\"}]},{\"@type\":\"WebSite\",\"@id\":\"https:\/\/blogs.thesocialmedia.com\/leblogmoto\/#website\",\"url\":\"https:\/\/blogs.thesocialmedia.com\/leblogmoto\/\",\"name\":\"leblogmoto\",\"description\":\"Toute l&#039;actualit\u00e9 des 2 roues\",\"potentialAction\":[{\"@type\":\"SearchAction\",\"target\":{\"@type\":\"EntryPoint\",\"urlTemplate\":\"https:\/\/blogs.thesocialmedia.com\/leblogmoto\/?s={search_term_string}\"},\"query-input\":{\"@type\":\"PropertyValueSpecification\",\"valueRequired\":true,\"valueName\":\"search_term_string\"}}],\"inLanguage\":\"fr-FR\"},{\"@type\":\"Person\",\"@id\":\"https:\/\/blogs.thesocialmedia.com\/leblogmoto\/#\/schema\/person\/e82a0ca8a9a63d031586097a3ed58526\",\"name\":\"jacques lesage\",\"image\":{\"@type\":\"ImageObject\",\"inLanguage\":\"fr-FR\",\"@id\":\"https:\/\/blogs.thesocialmedia.com\/leblogmoto\/#\/schema\/person\/image\/\",\"url\":\"https:\/\/secure.gravatar.com\/avatar\/?s=96&d=mm&r=g\",\"contentUrl\":\"https:\/\/secure.gravatar.com\/avatar\/?s=96&d=mm&r=g\",\"caption\":\"jacques lesage\"},\"url\":\"https:\/\/blogs.thesocialmedia.com\/leblogmoto\/author\/jacques-lesage\/\"}]}<\/script>\n<!-- \/ Yoast SEO plugin. -->","yoast_head_json":{"title":"Salon de Montr\u00e9al, prise 1 - leblogmoto.com","robots":{"index":"index","follow":"follow","max-snippet":"max-snippet:-1","max-image-preview":"max-image-preview:large","max-video-preview":"max-video-preview:-1"},"canonical":"https:\/\/blogs.thesocialmedia.com\/leblogmoto\/2008\/02\/26\/salon-de-montra-2\/","twitter_card":"summary_large_image","twitter_title":"Salon de Montr\u00e9al, prise 1 - leblogmoto.com","twitter_description":"Le Salon de la moto de Montr\u00e9al est une grosse affaire pour notre petit march\u00e9, mais il demeure n\u00e9anmoins un Salon r\u00e9gional o\u00f9 les in\u00e9dits se font rares et d\u00e9sir\u00e9s. De Salon, il retient l&rsquo;id\u00e9e de rencontre, et \u00e0 ce niveau l\u00e0, il remplit parfaitement sa fonction en faisant c\u00f4toyer vendeurs et acheteurs dans une [&hellip;]","twitter_image":"http:\/\/www.leblogmoto.com\/images\/2008\/02\/25\/ticket.jpg","twitter_misc":{"\u00c9crit par":"jacques lesage","Dur\u00e9e de lecture estim\u00e9e":"1 minute"},"schema":{"@context":"https:\/\/schema.org","@graph":[{"@type":"WebPage","@id":"https:\/\/blogs.thesocialmedia.com\/leblogmoto\/2008\/02\/26\/salon-de-montra-2\/","url":"https:\/\/blogs.thesocialmedia.com\/leblogmoto\/2008\/02\/26\/salon-de-montra-2\/","name":"Salon de Montr\u00e9al, prise 1 - leblogmoto.com","isPartOf":{"@id":"https:\/\/blogs.thesocialmedia.com\/leblogmoto\/#website"},"primaryImageOfPage":{"@id":"https:\/\/blogs.thesocialmedia.com\/leblogmoto\/2008\/02\/26\/salon-de-montra-2\/#primaryimage"},"image":{"@id":"https:\/\/blogs.thesocialmedia.com\/leblogmoto\/2008\/02\/26\/salon-de-montra-2\/#primaryimage"},"thumbnailUrl":"http:\/\/www.leblogmoto.com\/images\/2008\/02\/25\/ticket.jpg","datePublished":"2008-02-26T04:56:18+00:00","dateModified":"2012-07-11T15:26:07+00:00","author":{"@id":"https:\/\/blogs.thesocialmedia.com\/leblogmoto\/#\/schema\/person\/e82a0ca8a9a63d031586097a3ed58526"},"breadcrumb":{"@id":"https:\/\/blogs.thesocialmedia.com\/leblogmoto\/2008\/02\/26\/salon-de-montra-2\/#breadcrumb"},"inLanguage":"fr-FR","potentialAction":[{"@type":"ReadAction","target":["https:\/\/blogs.thesocialmedia.com\/leblogmoto\/2008\/02\/26\/salon-de-montra-2\/"]}]},{"@type":"ImageObject","inLanguage":"fr-FR","@id":"https:\/\/blogs.thesocialmedia.com\/leblogmoto\/2008\/02\/26\/salon-de-montra-2\/#primaryimage","url":"http:\/\/www.leblogmoto.com\/images\/2008\/02\/25\/ticket.jpg","contentUrl":"http:\/\/www.leblogmoto.com\/images\/2008\/02\/25\/ticket.jpg"},{"@type":"BreadcrumbList","@id":"https:\/\/blogs.thesocialmedia.com\/leblogmoto\/2008\/02\/26\/salon-de-montra-2\/#breadcrumb","itemListElement":[{"@type":"ListItem","position":1,"name":"Accueil","item":"https:\/\/blogs.thesocialmedia.com\/leblogmoto\/"},{"@type":"ListItem","position":2,"name":"Salon de Montr\u00e9al, prise 1"}]},{"@type":"WebSite","@id":"https:\/\/blogs.thesocialmedia.com\/leblogmoto\/#website","url":"https:\/\/blogs.thesocialmedia.com\/leblogmoto\/","name":"leblogmoto","description":"Toute l&#039;actualit\u00e9 des 2 roues","potentialAction":[{"@type":"SearchAction","target":{"@type":"EntryPoint","urlTemplate":"https:\/\/blogs.thesocialmedia.com\/leblogmoto\/?s={search_term_string}"},"query-input":{"@type":"PropertyValueSpecification","valueRequired":true,"valueName":"search_term_string"}}],"inLanguage":"fr-FR"},{"@type":"Person","@id":"https:\/\/blogs.thesocialmedia.com\/leblogmoto\/#\/schema\/person\/e82a0ca8a9a63d031586097a3ed58526","name":"jacques lesage","image":{"@type":"ImageObject","inLanguage":"fr-FR","@id":"https:\/\/blogs.thesocialmedia.com\/leblogmoto\/#\/schema\/person\/image\/","url":"https:\/\/secure.gravatar.com\/avatar\/?s=96&d=mm&r=g","contentUrl":"https:\/\/secure.gravatar.com\/avatar\/?s=96&d=mm&r=g","caption":"jacques lesage"},"url":"https:\/\/blogs.thesocialmedia.com\/leblogmoto\/author\/jacques-lesage\/"}]}},"_links":{"self":[{"href":"https:\/\/blogs.thesocialmedia.com\/leblogmoto\/wp-json\/wp\/v2\/posts\/876","targetHints":{"allow":["GET"]}}],"collection":[{"href":"https:\/\/blogs.thesocialmedia.com\/leblogmoto\/wp-json\/wp\/v2\/posts"}],"about":[{"href":"https:\/\/blogs.thesocialmedia.com\/leblogmoto\/wp-json\/wp\/v2\/types\/post"}],"author":[{"embeddable":true,"href":"https:\/\/blogs.thesocialmedia.com\/leblogmoto\/wp-json\/wp\/v2\/users\/325"}],"replies":[{"embeddable":true,"href":"https:\/\/blogs.thesocialmedia.com\/leblogmoto\/wp-json\/wp\/v2\/comments?post=876"}],"version-history":[{"count":2,"href":"https:\/\/blogs.thesocialmedia.com\/leblogmoto\/wp-json\/wp\/v2\/posts\/876\/revisions"}],"predecessor-version":[{"id":10078,"href":"https:\/\/blogs.thesocialmedia.com\/leblogmoto\/wp-json\/wp\/v2\/posts\/876\/revisions\/10078"}],"wp:attachment":[{"href":"https:\/\/blogs.thesocialmedia.com\/leblogmoto\/wp-json\/wp\/v2\/media?parent=876"}],"wp:term":[{"taxonomy":"category","embeddable":true,"href":"https:\/\/blogs.thesocialmedia.com\/leblogmoto\/wp-json\/wp\/v2\/categories?post=876"},{"taxonomy":"post_tag","embeddable":true,"href":"https:\/\/blogs.thesocialmedia.com\/leblogmoto\/wp-json\/wp\/v2\/tags?post=876"}],"curies":[{"name":"wp","href":"https:\/\/api.w.org\/{rel}","templated":true}]}}