{"id":878,"date":"2008-02-25T15:51:28","date_gmt":"2008-02-25T15:51:28","guid":{"rendered":"http:\/\/blogs.thesocialmedia.com\/leblogmoto\/2008\/02\/25\/270000-km-8-ans\/"},"modified":"2012-07-11T15:25:36","modified_gmt":"2012-07-11T15:25:36","slug":"270000-km-8-ans","status":"publish","type":"post","link":"https:\/\/blogs.thesocialmedia.com\/leblogmoto\/2008\/02\/25\/270000-km-8-ans\/","title":{"rendered":"250000 km, 8 ans et 46 pays au guidon d&rsquo;une T\u00e9n\u00e9r\u00e9"},"content":{"rendered":"<p><a href=\"http:\/\/blogs.thesocialmedia.com\/leblogmoto\/files\/2012\/07\/roueslibres19.jpg\"><img loading=\"lazy\" decoding=\"async\" width=\"470\" height=\"313\"  src=\"http:\/\/www.leblogmoto.com\/images\/2008\/02\/25\/roueslibres19.jpg\" alt=\"Roueslibres19\" style=\"margin: 0px 5px 5px 0px;float: left\" \/><\/a> Laur\u00e9at en 1997 \u00e0 27 ans d&rsquo;une bourse de l&rsquo;aventure offerte par Yamaha Fabrice Tulane part au guidon de sa 660 XTZ T\u00e9n\u00e9r\u00e9 pour un voyage autour du monde qui devait durer deux ans \u00e0 l&rsquo;origine&#8230;<\/p>\n<p><a href=\"http:\/\/blogs.thesocialmedia.com\/leblogmoto\/files\/2012\/07\/roueslibres14.jpg\"><img loading=\"lazy\" decoding=\"async\" width=\"470\" height=\"313\"  src=\"http:\/\/www.leblogmoto.com\/images\/2008\/02\/25\/roueslibres14.jpg\" alt=\"Roueslibres14\" style=\"margin: 0px 5px 5px 0px;float: left\" \/><\/a> Amateur de grands espaces et de raids en tous genres Fabrice Tulane est journaliste pour diff\u00e9rents magazines de moto. Il&nbsp; alimentait r\u00e9guli\u00e8rement pendant son p\u00e9riple des rubriques pour Moto Crampons et Moto Journal. <\/p>\n<p>Sa soif d&rsquo;aventure ne sera pas \u00e9tanch\u00e9e au bout des deux ans pr\u00e9vus au d\u00e9part et il prolongera de 6 ann\u00e9es suppl\u00e9mentaires ses vacances autour du monde. <\/p>\n<p>Bien que victime de vols, arrestations arbitraires ou autres petites agressions la rencontre des diff\u00e9rentes populations visit\u00e9es et paysages magnifiques rencontr\u00e9s laisseront autant de souvenirs inoubliables \u00e0 Fabrice Tulane qui parle d\u00e9sormais anglais, espagnol, portugais et le russe. <\/p>\n<p><object width=\"455\" height=\"365\"><param name=\"movie\" value=\"http:\/\/www.youtube.com\/v\/ALQP8JuRdX8&amp;rel=1\" \/><param name=\"wmode\" value=\"transparent\" \/><embed width=\"455\" height=\"365\" src=\"http:\/\/www.youtube.com\/v\/ALQP8JuRdX8&amp;rel=1\" type=\"application\/x-shockwave-flash\"><\/embed><\/object> <\/p>\n<p>Un livre a \u00e9t\u00e9 \u00e9crit pour raconter ce voyage et exposer de nombreuses photos insolites prises sur les 5 continents. <\/p>\n<p>Vous pouvez vous procurer ce carnet de route insolite, <em>Roues Libres<\/em>, en cliquant <a href=\"http:\/\/www.priceminister.com\/offer\/buy\/59713851\/Tulane-Fabrice-Roues-Libres-Huit-Ans-Autour-Du-Monde-Livre.html\">ici<\/a><\/p>\n","protected":false},"excerpt":{"rendered":"<p>Laur\u00e9at en 1997 \u00e0 27 ans d&rsquo;une bourse de l&rsquo;aventure offerte par Yamaha Fabrice Tulane part au guidon de sa 660 XTZ T\u00e9n\u00e9r\u00e9 pour un voyage autour du monde qui devait durer deux ans \u00e0 l&rsquo;origine&#8230; Amateur de grands espaces et de raids en tous genres Fabrice Tulane est journaliste pour diff\u00e9rents magazines de moto. [&hellip;]<\/p>\n","protected":false},"author":323,"featured_media":0,"comment_status":"open","ping_status":"open","sticky":false,"template":"","format":"standard","meta":{"footnotes":""},"categories":[16,58,15,12,44],"tags":[],"class_list":["post-878","post","type-post","status-publish","format-standard","hentry","category-art-moto","category-insolite","category-livres","category-videos","category-yamaha"],"yoast_head":"<!-- This site is optimized with the Yoast SEO plugin v26.0 - https:\/\/yoast.com\/wordpress\/plugins\/seo\/ -->\n<title>250000 km, 8 ans et 46 pays au guidon d&#039;une T\u00e9n\u00e9r\u00e9 - leblogmoto.com<\/title>\n<meta name=\"robots\" content=\"index, follow, max-snippet:-1, max-image-preview:large, max-video-preview:-1\" \/>\n<link rel=\"canonical\" href=\"https:\/\/blogs.thesocialmedia.com\/leblogmoto\/2008\/02\/25\/270000-km-8-ans\/\" \/>\n<meta name=\"twitter:card\" content=\"summary_large_image\" \/>\n<meta name=\"twitter:title\" content=\"250000 km, 8 ans et 46 pays au guidon d&#039;une T\u00e9n\u00e9r\u00e9 - leblogmoto.com\" \/>\n<meta name=\"twitter:description\" content=\"Laur\u00e9at en 1997 \u00e0 27 ans d&rsquo;une bourse de l&rsquo;aventure offerte par Yamaha Fabrice Tulane part au guidon de sa 660 XTZ T\u00e9n\u00e9r\u00e9 pour un voyage autour du monde qui devait durer deux ans \u00e0 l&rsquo;origine&#8230; Amateur de grands espaces et de raids en tous genres Fabrice Tulane est journaliste pour diff\u00e9rents magazines de moto. [&hellip;]\" \/>\n<meta name=\"twitter:image\" content=\"http:\/\/www.leblogmoto.com\/images\/2008\/02\/25\/roueslibres19.jpg\" \/>\n<meta name=\"twitter:label1\" content=\"\u00c9crit par\" \/>\n\t<meta name=\"twitter:data1\" content=\"albin le guyader\" \/>\n\t<meta name=\"twitter:label2\" content=\"Dur\u00e9e de lecture estim\u00e9e\" \/>\n\t<meta name=\"twitter:data2\" content=\"1 minute\" \/>\n<script type=\"application\/ld+json\" class=\"yoast-schema-graph\">{\"@context\":\"https:\/\/schema.org\",\"@graph\":[{\"@type\":\"WebPage\",\"@id\":\"https:\/\/blogs.thesocialmedia.com\/leblogmoto\/2008\/02\/25\/270000-km-8-ans\/\",\"url\":\"https:\/\/blogs.thesocialmedia.com\/leblogmoto\/2008\/02\/25\/270000-km-8-ans\/\",\"name\":\"250000 km, 8 ans et 46 pays au guidon d'une T\u00e9n\u00e9r\u00e9 - leblogmoto.com\",\"isPartOf\":{\"@id\":\"https:\/\/blogs.thesocialmedia.com\/leblogmoto\/#website\"},\"primaryImageOfPage\":{\"@id\":\"https:\/\/blogs.thesocialmedia.com\/leblogmoto\/2008\/02\/25\/270000-km-8-ans\/#primaryimage\"},\"image\":{\"@id\":\"https:\/\/blogs.thesocialmedia.com\/leblogmoto\/2008\/02\/25\/270000-km-8-ans\/#primaryimage\"},\"thumbnailUrl\":\"http:\/\/www.leblogmoto.com\/images\/2008\/02\/25\/roueslibres19.jpg\",\"datePublished\":\"2008-02-25T15:51:28+00:00\",\"dateModified\":\"2012-07-11T15:25:36+00:00\",\"author\":{\"@id\":\"https:\/\/blogs.thesocialmedia.com\/leblogmoto\/#\/schema\/person\/b496d27c898c29a39678e2425cafb9ae\"},\"breadcrumb\":{\"@id\":\"https:\/\/blogs.thesocialmedia.com\/leblogmoto\/2008\/02\/25\/270000-km-8-ans\/#breadcrumb\"},\"inLanguage\":\"fr-FR\",\"potentialAction\":[{\"@type\":\"ReadAction\",\"target\":[\"https:\/\/blogs.thesocialmedia.com\/leblogmoto\/2008\/02\/25\/270000-km-8-ans\/\"]}]},{\"@type\":\"ImageObject\",\"inLanguage\":\"fr-FR\",\"@id\":\"https:\/\/blogs.thesocialmedia.com\/leblogmoto\/2008\/02\/25\/270000-km-8-ans\/#primaryimage\",\"url\":\"http:\/\/www.leblogmoto.com\/images\/2008\/02\/25\/roueslibres19.jpg\",\"contentUrl\":\"http:\/\/www.leblogmoto.com\/images\/2008\/02\/25\/roueslibres19.jpg\"},{\"@type\":\"BreadcrumbList\",\"@id\":\"https:\/\/blogs.thesocialmedia.com\/leblogmoto\/2008\/02\/25\/270000-km-8-ans\/#breadcrumb\",\"itemListElement\":[{\"@type\":\"ListItem\",\"position\":1,\"name\":\"Accueil\",\"item\":\"https:\/\/blogs.thesocialmedia.com\/leblogmoto\/\"},{\"@type\":\"ListItem\",\"position\":2,\"name\":\"250000 km, 8 ans et 46 pays au guidon d&rsquo;une T\u00e9n\u00e9r\u00e9\"}]},{\"@type\":\"WebSite\",\"@id\":\"https:\/\/blogs.thesocialmedia.com\/leblogmoto\/#website\",\"url\":\"https:\/\/blogs.thesocialmedia.com\/leblogmoto\/\",\"name\":\"leblogmoto\",\"description\":\"Toute l&#039;actualit\u00e9 des 2 roues\",\"potentialAction\":[{\"@type\":\"SearchAction\",\"target\":{\"@type\":\"EntryPoint\",\"urlTemplate\":\"https:\/\/blogs.thesocialmedia.com\/leblogmoto\/?s={search_term_string}\"},\"query-input\":{\"@type\":\"PropertyValueSpecification\",\"valueRequired\":true,\"valueName\":\"search_term_string\"}}],\"inLanguage\":\"fr-FR\"},{\"@type\":\"Person\",\"@id\":\"https:\/\/blogs.thesocialmedia.com\/leblogmoto\/#\/schema\/person\/b496d27c898c29a39678e2425cafb9ae\",\"name\":\"albin le guyader\",\"image\":{\"@type\":\"ImageObject\",\"inLanguage\":\"fr-FR\",\"@id\":\"https:\/\/blogs.thesocialmedia.com\/leblogmoto\/#\/schema\/person\/image\/\",\"url\":\"https:\/\/secure.gravatar.com\/avatar\/?s=96&d=mm&r=g\",\"contentUrl\":\"https:\/\/secure.gravatar.com\/avatar\/?s=96&d=mm&r=g\",\"caption\":\"albin le guyader\"},\"url\":\"https:\/\/blogs.thesocialmedia.com\/leblogmoto\/author\/albin-le-guyader\/\"}]}<\/script>\n<!-- \/ Yoast SEO plugin. -->","yoast_head_json":{"title":"250000 km, 8 ans et 46 pays au guidon d'une T\u00e9n\u00e9r\u00e9 - leblogmoto.com","robots":{"index":"index","follow":"follow","max-snippet":"max-snippet:-1","max-image-preview":"max-image-preview:large","max-video-preview":"max-video-preview:-1"},"canonical":"https:\/\/blogs.thesocialmedia.com\/leblogmoto\/2008\/02\/25\/270000-km-8-ans\/","twitter_card":"summary_large_image","twitter_title":"250000 km, 8 ans et 46 pays au guidon d'une T\u00e9n\u00e9r\u00e9 - leblogmoto.com","twitter_description":"Laur\u00e9at en 1997 \u00e0 27 ans d&rsquo;une bourse de l&rsquo;aventure offerte par Yamaha Fabrice Tulane part au guidon de sa 660 XTZ T\u00e9n\u00e9r\u00e9 pour un voyage autour du monde qui devait durer deux ans \u00e0 l&rsquo;origine&#8230; Amateur de grands espaces et de raids en tous genres Fabrice Tulane est journaliste pour diff\u00e9rents magazines de moto. [&hellip;]","twitter_image":"http:\/\/www.leblogmoto.com\/images\/2008\/02\/25\/roueslibres19.jpg","twitter_misc":{"\u00c9crit par":"albin le guyader","Dur\u00e9e de lecture estim\u00e9e":"1 minute"},"schema":{"@context":"https:\/\/schema.org","@graph":[{"@type":"WebPage","@id":"https:\/\/blogs.thesocialmedia.com\/leblogmoto\/2008\/02\/25\/270000-km-8-ans\/","url":"https:\/\/blogs.thesocialmedia.com\/leblogmoto\/2008\/02\/25\/270000-km-8-ans\/","name":"250000 km, 8 ans et 46 pays au guidon d'une T\u00e9n\u00e9r\u00e9 - leblogmoto.com","isPartOf":{"@id":"https:\/\/blogs.thesocialmedia.com\/leblogmoto\/#website"},"primaryImageOfPage":{"@id":"https:\/\/blogs.thesocialmedia.com\/leblogmoto\/2008\/02\/25\/270000-km-8-ans\/#primaryimage"},"image":{"@id":"https:\/\/blogs.thesocialmedia.com\/leblogmoto\/2008\/02\/25\/270000-km-8-ans\/#primaryimage"},"thumbnailUrl":"http:\/\/www.leblogmoto.com\/images\/2008\/02\/25\/roueslibres19.jpg","datePublished":"2008-02-25T15:51:28+00:00","dateModified":"2012-07-11T15:25:36+00:00","author":{"@id":"https:\/\/blogs.thesocialmedia.com\/leblogmoto\/#\/schema\/person\/b496d27c898c29a39678e2425cafb9ae"},"breadcrumb":{"@id":"https:\/\/blogs.thesocialmedia.com\/leblogmoto\/2008\/02\/25\/270000-km-8-ans\/#breadcrumb"},"inLanguage":"fr-FR","potentialAction":[{"@type":"ReadAction","target":["https:\/\/blogs.thesocialmedia.com\/leblogmoto\/2008\/02\/25\/270000-km-8-ans\/"]}]},{"@type":"ImageObject","inLanguage":"fr-FR","@id":"https:\/\/blogs.thesocialmedia.com\/leblogmoto\/2008\/02\/25\/270000-km-8-ans\/#primaryimage","url":"http:\/\/www.leblogmoto.com\/images\/2008\/02\/25\/roueslibres19.jpg","contentUrl":"http:\/\/www.leblogmoto.com\/images\/2008\/02\/25\/roueslibres19.jpg"},{"@type":"BreadcrumbList","@id":"https:\/\/blogs.thesocialmedia.com\/leblogmoto\/2008\/02\/25\/270000-km-8-ans\/#breadcrumb","itemListElement":[{"@type":"ListItem","position":1,"name":"Accueil","item":"https:\/\/blogs.thesocialmedia.com\/leblogmoto\/"},{"@type":"ListItem","position":2,"name":"250000 km, 8 ans et 46 pays au guidon d&rsquo;une T\u00e9n\u00e9r\u00e9"}]},{"@type":"WebSite","@id":"https:\/\/blogs.thesocialmedia.com\/leblogmoto\/#website","url":"https:\/\/blogs.thesocialmedia.com\/leblogmoto\/","name":"leblogmoto","description":"Toute l&#039;actualit\u00e9 des 2 roues","potentialAction":[{"@type":"SearchAction","target":{"@type":"EntryPoint","urlTemplate":"https:\/\/blogs.thesocialmedia.com\/leblogmoto\/?s={search_term_string}"},"query-input":{"@type":"PropertyValueSpecification","valueRequired":true,"valueName":"search_term_string"}}],"inLanguage":"fr-FR"},{"@type":"Person","@id":"https:\/\/blogs.thesocialmedia.com\/leblogmoto\/#\/schema\/person\/b496d27c898c29a39678e2425cafb9ae","name":"albin le guyader","image":{"@type":"ImageObject","inLanguage":"fr-FR","@id":"https:\/\/blogs.thesocialmedia.com\/leblogmoto\/#\/schema\/person\/image\/","url":"https:\/\/secure.gravatar.com\/avatar\/?s=96&d=mm&r=g","contentUrl":"https:\/\/secure.gravatar.com\/avatar\/?s=96&d=mm&r=g","caption":"albin le guyader"},"url":"https:\/\/blogs.thesocialmedia.com\/leblogmoto\/author\/albin-le-guyader\/"}]}},"_links":{"self":[{"href":"https:\/\/blogs.thesocialmedia.com\/leblogmoto\/wp-json\/wp\/v2\/posts\/878","targetHints":{"allow":["GET"]}}],"collection":[{"href":"https:\/\/blogs.thesocialmedia.com\/leblogmoto\/wp-json\/wp\/v2\/posts"}],"about":[{"href":"https:\/\/blogs.thesocialmedia.com\/leblogmoto\/wp-json\/wp\/v2\/types\/post"}],"author":[{"embeddable":true,"href":"https:\/\/blogs.thesocialmedia.com\/leblogmoto\/wp-json\/wp\/v2\/users\/323"}],"replies":[{"embeddable":true,"href":"https:\/\/blogs.thesocialmedia.com\/leblogmoto\/wp-json\/wp\/v2\/comments?post=878"}],"version-history":[{"count":2,"href":"https:\/\/blogs.thesocialmedia.com\/leblogmoto\/wp-json\/wp\/v2\/posts\/878\/revisions"}],"predecessor-version":[{"id":10065,"href":"https:\/\/blogs.thesocialmedia.com\/leblogmoto\/wp-json\/wp\/v2\/posts\/878\/revisions\/10065"}],"wp:attachment":[{"href":"https:\/\/blogs.thesocialmedia.com\/leblogmoto\/wp-json\/wp\/v2\/media?parent=878"}],"wp:term":[{"taxonomy":"category","embeddable":true,"href":"https:\/\/blogs.thesocialmedia.com\/leblogmoto\/wp-json\/wp\/v2\/categories?post=878"},{"taxonomy":"post_tag","embeddable":true,"href":"https:\/\/blogs.thesocialmedia.com\/leblogmoto\/wp-json\/wp\/v2\/tags?post=878"}],"curies":[{"name":"wp","href":"https:\/\/api.w.org\/{rel}","templated":true}]}}